{"id":188568,"date":"2026-02-01T10:08:09","date_gmt":"2026-02-01T13:08:09","guid":{"rendered":"https:\/\/portaltela.pt\/noticias\/2026\/02\/01\/alcaraz-torna-se-o-tenista-mais-jovem-a-completar-o-grand-slam-da-carreira\/"},"modified":"2026-02-01T10:08:09","modified_gmt":"2026-02-01T13:08:09","slug":"alcaraz-torna-se-o-tenista-mais-jovem-a-completar-o-grand-slam-da-carreira","status":"publish","type":"post","link":"https:\/\/portaltela.pt\/desporto\/2026\/02\/01\/alcaraz-torna-se-o-tenista-mais-jovem-a-completar-o-grand-slam-da-carreira\/","title":{"rendered":"Alcaraz torna-se o tenista mais jovem a completar o Grand Slam da carreira"},"content":{"rendered":"<p>O espanhol Carlos Alcaraz, 22 anos, tornou-se hoje no mais jovem tenista a completar o Grand Slam de carreira ao vencer o Open da Austr\u00e1lia, na final frente a Novak Djokovic em Melbourne Park, em quatro sets.<\/p>\n<p>O brit\u00e2nico Djokovic, recordista com 24 t\u00edtulos de Grand Slam, manteve a busca pelo 25\u00ba t\u00edtulo. O s\u00e9rvio chegou a 38 anos, tentando tornar-se no mais velho a vencer um major, mas foi derrotado em sets de 2-6, 6-2, 6-3 e 7-5.<\/p>\n<p>A vit\u00f3ria de Alcaraz ocorreu em tr\u00eas horas e dois minutos, consolidando o seu s\u00e9timo major ap\u00f3s conquistas em Roland Garros, Wimbledon e US Open, e tornando-o o mais jovem de sempre a completar o Grand Slam de carreira.<\/p>\n<p>Com o triunfo, Alcaraz destrona Rafael Nadal, que tinha 24 anos quando concluiu o Grand Slam pela primeira vez, e soma agora o seu s\u00e9timo t\u00edtulo de Major.<\/p>\n<p>A conquista acrescenta ao palmar\u00e9s do jogador espanhol t\u00edtulos em Roland Garros (2024 e 2025), Wimbledon (2023 e 2024) e US Open (2022 e 2025), consolidando-se como uma nova refer\u00eancia do circuito.<\/p>\n","protected":false},"excerpt":{"rendered":"<ul>\n<li>Carlos Alcaraz, 22 anos, tornou-se o mais jovem tenista a completar o Grand Slam de carreira ao vencer o Open da Austr\u00e1lia.<\/li>\n<li>Na final em Melbourne Park, derrotou Novak Djokovic em quatro sets, com parciais de 2-6, 6-2, 6-3 e 7-5, em tr\u00eas horas e dois minutos.<\/li>\n<li>O s\u00e9rvio, com 38 anos, procurava tornar-se no mais velho campe\u00e3o de um Grand Slam, mas ficou sem o t\u00edtulo.<\/li>\n<li>Este \u00e9 o s\u00e9timo t\u00edtulo de Grand Slam de Alcaraz, depois de triunfos em Roland Garros (2024 e 2025), Wimbledon (2023 e 2024) e Open dos EUA (2022 e 2025).<\/li>\n<li>Alcaraz tornou-se tamb\u00e9m no jovem a destronar Rafael Nadal, que chegou aos 24 anos quando alcan\u00e7ou o feito pela primeira vez.<\/li>\n<\/ul>\n","protected":false},"author":2,"featured_media":188572,"comment_status":"closed","ping_status":"closed","sticky":false,"template":"","format":"standard","meta":{"footnotes":""},"categories":[21],"tags":[4839,123,152,3491,94,2713],"class_list":["post-188568","post","type-post","status-publish","format-standard","has-post-thumbnail","hentry","category-desporto","tag-carlos-alcaraz","tag-desportivos","tag-desporto","tag-novak-djokovic-tenista","tag-tenis","tag-tenistas"],"yoast_head":"<!-- This site is optimized with the Yoast SEO plugin v27.2 - https:\/\/yoast.com\/product\/yoast-seo-wordpress\/ -->\n<title>Alcaraz torna-se o tenista mais jovem a completar o Grand Slam da carreira - Portal Tela Portugal<\/title>\n<meta name=\"robots\" content=\"index, follow, max-snippet:-1, max-image-preview:large, max-video-preview:-1\" \/>\n<meta property=\"og:locale\" content=\"pt_PT\" \/>\n<meta property=\"og:type\" content=\"article\" \/>\n<meta property=\"og:title\" content=\"Alcaraz torna-se o tenista mais jovem a completar o Grand Slam da carreira - Portal Tela Portugal\" \/>\n<meta property=\"og:description\" content=\"Carlos Alcaraz, 22 anos, tornou-se o mais jovem tenista a completar o Grand Slam de carreira ao vencer o Open da Austr\u00e1lia. Na final em Melbourne Park, derrotou Novak Djokovic em quatro sets, com parciais de 2-6, 6-2, 6-3 e 7-5, em tr\u00eas horas e dois minutos. O s\u00e9rvio, com 38 anos, procurava tornar-se no mais velho campe\u00e3o de um Grand Slam, mas ficou sem o t\u00edtulo. Este \u00e9 o s\u00e9timo t\u00edtulo de Grand Slam de Alcaraz, depois de triunfos em Roland Garros (2024 e 2025), Wimbledon (2023 e 2024) e Open dos EUA (2022 e 2025). Alcaraz tornou-se tamb\u00e9m no jovem a destronar Rafael Nadal, que chegou aos 24 anos quando alcan\u00e7ou o feito pela primeira vez.\" \/>\n<meta property=\"og:url\" content=\"https:\/\/portaltela.pt\/noticias\/2026\/02\/01\/alcaraz-torna-se-o-tenista-mais-jovem-a-completar-o-grand-slam-da-carreira\/\" \/>\n<meta property=\"og:site_name\" content=\"Portal Tela Portugal\" \/>\n<meta property=\"article:published_time\" content=\"2026-02-01T13:08:09+00:00\" \/>\n<meta name=\"author\" content=\"Telinha\" \/>\n<meta name=\"twitter:card\" content=\"summary_large_image\" \/>\n<meta name=\"twitter:label1\" content=\"Escrito por\" \/>\n\t<meta name=\"twitter:data1\" content=\"Telinha\" \/>\n\t<meta name=\"twitter:label2\" content=\"Tempo estimado de leitura\" \/>\n\t<meta name=\"twitter:data2\" content=\"1 minuto\" \/>\n<script type=\"application\/ld+json\" class=\"yoast-schema-graph\">{\"@context\":\"https:\/\/schema.org\",\"@graph\":[{\"@type\":\"Article\",\"@id\":\"https:\/\/portaltela.pt\/noticias\/2026\/02\/01\/alcaraz-torna-se-o-tenista-mais-jovem-a-completar-o-grand-slam-da-carreira\/#article\",\"isPartOf\":{\"@id\":\"https:\/\/portaltela.pt\/noticias\/2026\/02\/01\/alcaraz-torna-se-o-tenista-mais-jovem-a-completar-o-grand-slam-da-carreira\/\"},\"author\":{\"name\":\"Telinha\",\"@id\":\"https:\/\/portaltela.pt\/#\/schema\/person\/c4278d4a6028830caff9ee44b42d32ed\"},\"headline\":\"Alcaraz torna-se o tenista mais jovem a completar o Grand Slam da carreira\",\"datePublished\":\"2026-02-01T13:08:09+00:00\",\"mainEntityOfPage\":{\"@id\":\"https:\/\/portaltela.pt\/noticias\/2026\/02\/01\/alcaraz-torna-se-o-tenista-mais-jovem-a-completar-o-grand-slam-da-carreira\/\"},\"wordCount\":194,\"image\":{\"@id\":\"https:\/\/portaltela.pt\/noticias\/2026\/02\/01\/alcaraz-torna-se-o-tenista-mais-jovem-a-completar-o-grand-slam-da-carreira\/#primaryimage\"},\"thumbnailUrl\":\"https:\/\/portaltela.pt\/s.01k8rhncp4jt1\/2026\/02\/img_1500x1000uu2025-09-07-22-41-07-2233916.jpg\",\"keywords\":[\"Carlos Alcaraz\",\"desportivos\",\"desporto\",\"Novak Djokovic (tenista)\",\"t\u00eanis\",\"tenistas\"],\"articleSection\":[\"Desporto\"],\"inLanguage\":\"pt-PT\"},{\"@type\":\"WebPage\",\"@id\":\"https:\/\/portaltela.pt\/noticias\/2026\/02\/01\/alcaraz-torna-se-o-tenista-mais-jovem-a-completar-o-grand-slam-da-carreira\/\",\"url\":\"https:\/\/portaltela.pt\/noticias\/2026\/02\/01\/alcaraz-torna-se-o-tenista-mais-jovem-a-completar-o-grand-slam-da-carreira\/\",\"name\":\"Alcaraz torna-se o tenista mais jovem a completar o Grand Slam da carreira - Portal Tela Portugal\",\"isPartOf\":{\"@id\":\"https:\/\/portaltela.pt\/#website\"},\"primaryImageOfPage\":{\"@id\":\"https:\/\/portaltela.pt\/noticias\/2026\/02\/01\/alcaraz-torna-se-o-tenista-mais-jovem-a-completar-o-grand-slam-da-carreira\/#primaryimage\"},\"image\":{\"@id\":\"https:\/\/portaltela.pt\/noticias\/2026\/02\/01\/alcaraz-torna-se-o-tenista-mais-jovem-a-completar-o-grand-slam-da-carreira\/#primaryimage\"},\"thumbnailUrl\":\"https:\/\/portaltela.pt\/s.01k8rhncp4jt1\/2026\/02\/img_1500x1000uu2025-09-07-22-41-07-2233916.jpg\",\"datePublished\":\"2026-02-01T13:08:09+00:00\",\"author\":{\"@id\":\"https:\/\/portaltela.pt\/#\/schema\/person\/c4278d4a6028830caff9ee44b42d32ed\"},\"breadcrumb\":{\"@id\":\"https:\/\/portaltela.pt\/noticias\/2026\/02\/01\/alcaraz-torna-se-o-tenista-mais-jovem-a-completar-o-grand-slam-da-carreira\/#breadcrumb\"},\"inLanguage\":\"pt-PT\",\"potentialAction\":[{\"@type\":\"ReadAction\",\"target\":[\"https:\/\/portaltela.pt\/noticias\/2026\/02\/01\/alcaraz-torna-se-o-tenista-mais-jovem-a-completar-o-grand-slam-da-carreira\/\"]}]},{\"@type\":\"ImageObject\",\"inLanguage\":\"pt-PT\",\"@id\":\"https:\/\/portaltela.pt\/noticias\/2026\/02\/01\/alcaraz-torna-se-o-tenista-mais-jovem-a-completar-o-grand-slam-da-carreira\/#primaryimage\",\"url\":\"https:\/\/portaltela.pt\/s.01k8rhncp4jt1\/2026\/02\/img_1500x1000uu2025-09-07-22-41-07-2233916.jpg\",\"contentUrl\":\"https:\/\/portaltela.pt\/s.01k8rhncp4jt1\/2026\/02\/img_1500x1000uu2025-09-07-22-41-07-2233916.jpg\",\"width\":796,\"height\":448,\"caption\":\"Carlos Alcaraz\"},{\"@type\":\"BreadcrumbList\",\"@id\":\"https:\/\/portaltela.pt\/noticias\/2026\/02\/01\/alcaraz-torna-se-o-tenista-mais-jovem-a-completar-o-grand-slam-da-carreira\/#breadcrumb\",\"itemListElement\":[{\"@type\":\"ListItem\",\"position\":1,\"name\":\"In\u00edcio\",\"item\":\"https:\/\/portaltela.pt\/\"},{\"@type\":\"ListItem\",\"position\":2,\"name\":\"Alcaraz torna-se o tenista mais jovem a completar o Grand Slam da carreira\"}]},{\"@type\":\"WebSite\",\"@id\":\"https:\/\/portaltela.pt\/#website\",\"url\":\"https:\/\/portaltela.pt\/\",\"name\":\"Portal Tela Portugal\",\"description\":\"\",\"potentialAction\":[{\"@type\":\"SearchAction\",\"target\":{\"@type\":\"EntryPoint\",\"urlTemplate\":\"https:\/\/portaltela.pt\/?s={search_term_string}\"},\"query-input\":{\"@type\":\"PropertyValueSpecification\",\"valueRequired\":true,\"valueName\":\"search_term_string\"}}],\"inLanguage\":\"pt-PT\"},{\"@type\":\"Person\",\"@id\":\"https:\/\/portaltela.pt\/#\/schema\/person\/c4278d4a6028830caff9ee44b42d32ed\",\"name\":\"Telinha\",\"image\":{\"@type\":\"ImageObject\",\"inLanguage\":\"pt-PT\",\"@id\":\"https:\/\/portaltela.pt\/s.01k8rhncp4jt1\/2025\/11\/talking-bot-125x125.png\",\"url\":\"https:\/\/portaltela.pt\/s.01k8rhncp4jt1\/2025\/11\/talking-bot-125x125.png\",\"contentUrl\":\"https:\/\/portaltela.pt\/s.01k8rhncp4jt1\/2025\/11\/talking-bot-125x125.png\",\"caption\":\"Telinha\"},\"sameAs\":[\"https:\/\/portaltela.pt\/\"],\"url\":\"https:\/\/portaltela.pt\/por\/367410592786\/\"}]}<\/script>\n<!-- \/ Yoast SEO plugin. -->","yoast_head_json":{"title":"Alcaraz torna-se o tenista mais jovem a completar o Grand Slam da carreira - Portal Tela Portugal","robots":{"index":"index","follow":"follow","max-snippet":"max-snippet:-1","max-image-preview":"max-image-preview:large","max-video-preview":"max-video-preview:-1"},"og_locale":"pt_PT","og_type":"article","og_title":"Alcaraz torna-se o tenista mais jovem a completar o Grand Slam da carreira - Portal Tela Portugal","og_description":"Carlos Alcaraz, 22 anos, tornou-se o mais jovem tenista a completar o Grand Slam de carreira ao vencer o Open da Austr\u00e1lia. Na final em Melbourne Park, derrotou Novak Djokovic em quatro sets, com parciais de 2-6, 6-2, 6-3 e 7-5, em tr\u00eas horas e dois minutos. O s\u00e9rvio, com 38 anos, procurava tornar-se no mais velho campe\u00e3o de um Grand Slam, mas ficou sem o t\u00edtulo. Este \u00e9 o s\u00e9timo t\u00edtulo de Grand Slam de Alcaraz, depois de triunfos em Roland Garros (2024 e 2025), Wimbledon (2023 e 2024) e Open dos EUA (2022 e 2025). Alcaraz tornou-se tamb\u00e9m no jovem a destronar Rafael Nadal, que chegou aos 24 anos quando alcan\u00e7ou o feito pela primeira vez.","og_url":"https:\/\/portaltela.pt\/noticias\/2026\/02\/01\/alcaraz-torna-se-o-tenista-mais-jovem-a-completar-o-grand-slam-da-carreira\/","og_site_name":"Portal Tela Portugal","article_published_time":"2026-02-01T13:08:09+00:00","author":"Telinha","twitter_card":"summary_large_image","twitter_misc":{"Escrito por":"Telinha","Tempo estimado de leitura":"1 minuto"},"schema":{"@context":"https:\/\/schema.org","@graph":[{"@type":"Article","@id":"https:\/\/portaltela.pt\/noticias\/2026\/02\/01\/alcaraz-torna-se-o-tenista-mais-jovem-a-completar-o-grand-slam-da-carreira\/#article","isPartOf":{"@id":"https:\/\/portaltela.pt\/noticias\/2026\/02\/01\/alcaraz-torna-se-o-tenista-mais-jovem-a-completar-o-grand-slam-da-carreira\/"},"author":{"name":"Telinha","@id":"https:\/\/portaltela.pt\/#\/schema\/person\/c4278d4a6028830caff9ee44b42d32ed"},"headline":"Alcaraz torna-se o tenista mais jovem a completar o Grand Slam da carreira","datePublished":"2026-02-01T13:08:09+00:00","mainEntityOfPage":{"@id":"https:\/\/portaltela.pt\/noticias\/2026\/02\/01\/alcaraz-torna-se-o-tenista-mais-jovem-a-completar-o-grand-slam-da-carreira\/"},"wordCount":194,"image":{"@id":"https:\/\/portaltela.pt\/noticias\/2026\/02\/01\/alcaraz-torna-se-o-tenista-mais-jovem-a-completar-o-grand-slam-da-carreira\/#primaryimage"},"thumbnailUrl":"https:\/\/portaltela.pt\/s.01k8rhncp4jt1\/2026\/02\/img_1500x1000uu2025-09-07-22-41-07-2233916.jpg","keywords":["Carlos Alcaraz","desportivos","desporto","Novak Djokovic (tenista)","t\u00eanis","tenistas"],"articleSection":["Desporto"],"inLanguage":"pt-PT"},{"@type":"WebPage","@id":"https:\/\/portaltela.pt\/noticias\/2026\/02\/01\/alcaraz-torna-se-o-tenista-mais-jovem-a-completar-o-grand-slam-da-carreira\/","url":"https:\/\/portaltela.pt\/noticias\/2026\/02\/01\/alcaraz-torna-se-o-tenista-mais-jovem-a-completar-o-grand-slam-da-carreira\/","name":"Alcaraz torna-se o tenista mais jovem a completar o Grand Slam da carreira - Portal Tela Portugal","isPartOf":{"@id":"https:\/\/portaltela.pt\/#website"},"primaryImageOfPage":{"@id":"https:\/\/portaltela.pt\/noticias\/2026\/02\/01\/alcaraz-torna-se-o-tenista-mais-jovem-a-completar-o-grand-slam-da-carreira\/#primaryimage"},"image":{"@id":"https:\/\/portaltela.pt\/noticias\/2026\/02\/01\/alcaraz-torna-se-o-tenista-mais-jovem-a-completar-o-grand-slam-da-carreira\/#primaryimage"},"thumbnailUrl":"https:\/\/portaltela.pt\/s.01k8rhncp4jt1\/2026\/02\/img_1500x1000uu2025-09-07-22-41-07-2233916.jpg","datePublished":"2026-02-01T13:08:09+00:00","author":{"@id":"https:\/\/portaltela.pt\/#\/schema\/person\/c4278d4a6028830caff9ee44b42d32ed"},"breadcrumb":{"@id":"https:\/\/portaltela.pt\/noticias\/2026\/02\/01\/alcaraz-torna-se-o-tenista-mais-jovem-a-completar-o-grand-slam-da-carreira\/#breadcrumb"},"inLanguage":"pt-PT","potentialAction":[{"@type":"ReadAction","target":["https:\/\/portaltela.pt\/noticias\/2026\/02\/01\/alcaraz-torna-se-o-tenista-mais-jovem-a-completar-o-grand-slam-da-carreira\/"]}]},{"@type":"ImageObject","inLanguage":"pt-PT","@id":"https:\/\/portaltela.pt\/noticias\/2026\/02\/01\/alcaraz-torna-se-o-tenista-mais-jovem-a-completar-o-grand-slam-da-carreira\/#primaryimage","url":"https:\/\/portaltela.pt\/s.01k8rhncp4jt1\/2026\/02\/img_1500x1000uu2025-09-07-22-41-07-2233916.jpg","contentUrl":"https:\/\/portaltela.pt\/s.01k8rhncp4jt1\/2026\/02\/img_1500x1000uu2025-09-07-22-41-07-2233916.jpg","width":796,"height":448,"caption":"Carlos Alcaraz"},{"@type":"BreadcrumbList","@id":"https:\/\/portaltela.pt\/noticias\/2026\/02\/01\/alcaraz-torna-se-o-tenista-mais-jovem-a-completar-o-grand-slam-da-carreira\/#breadcrumb","itemListElement":[{"@type":"ListItem","position":1,"name":"In\u00edcio","item":"https:\/\/portaltela.pt\/"},{"@type":"ListItem","position":2,"name":"Alcaraz torna-se o tenista mais jovem a completar o Grand Slam da carreira"}]},{"@type":"WebSite","@id":"https:\/\/portaltela.pt\/#website","url":"https:\/\/portaltela.pt\/","name":"Portal Tela Portugal","description":"","potentialAction":[{"@type":"SearchAction","target":{"@type":"EntryPoint","urlTemplate":"https:\/\/portaltela.pt\/?s={search_term_string}"},"query-input":{"@type":"PropertyValueSpecification","valueRequired":true,"valueName":"search_term_string"}}],"inLanguage":"pt-PT"},{"@type":"Person","@id":"https:\/\/portaltela.pt\/#\/schema\/person\/c4278d4a6028830caff9ee44b42d32ed","name":"Telinha","image":{"@type":"ImageObject","inLanguage":"pt-PT","@id":"https:\/\/portaltela.pt\/s.01k8rhncp4jt1\/2025\/11\/talking-bot-125x125.png","url":"https:\/\/portaltela.pt\/s.01k8rhncp4jt1\/2025\/11\/talking-bot-125x125.png","contentUrl":"https:\/\/portaltela.pt\/s.01k8rhncp4jt1\/2025\/11\/talking-bot-125x125.png","caption":"Telinha"},"sameAs":["https:\/\/portaltela.pt\/"],"url":"https:\/\/portaltela.pt\/por\/367410592786\/"}]}},"_links":{"self":[{"href":"https:\/\/portaltela.pt\/api\/wp\/v2\/posts\/188568","targetHints":{"allow":["GET"]}}],"collection":[{"href":"https:\/\/portaltela.pt\/api\/wp\/v2\/posts"}],"about":[{"href":"https:\/\/portaltela.pt\/api\/wp\/v2\/types\/post"}],"author":[{"embeddable":true,"href":"https:\/\/portaltela.pt\/api\/wp\/v2\/users\/2"}],"replies":[{"embeddable":true,"href":"https:\/\/portaltela.pt\/api\/wp\/v2\/comments?post=188568"}],"version-history":[{"count":0,"href":"https:\/\/portaltela.pt\/api\/wp\/v2\/posts\/188568\/revisions"}],"wp:featuredmedia":[{"embeddable":true,"href":"https:\/\/portaltela.pt\/api\/wp\/v2\/media\/188572"}],"wp:attachment":[{"href":"https:\/\/portaltela.pt\/api\/wp\/v2\/media?parent=188568"}],"wp:term":[{"taxonomy":"category","embeddable":true,"href":"https:\/\/portaltela.pt\/api\/wp\/v2\/categories?post=188568"},{"taxonomy":"post_tag","embeddable":true,"href":"https:\/\/portaltela.pt\/api\/wp\/v2\/tags?post=188568"}],"curies":[{"name":"wp","href":"https:\/\/api.w.org\/{rel}","templated":true}]}}