{"id":188514,"date":"2026-02-01T09:00:00","date_gmt":"2026-02-01T12:00:00","guid":{"rendered":"https:\/\/portaltela.pt\/noticias\/2026\/02\/01\/bicicletas-levam-lei-das-beatas-ao-centro-do-debate-em-alges\/"},"modified":"2026-02-01T09:00:00","modified_gmt":"2026-02-01T12:00:00","slug":"bicicletas-levam-lei-das-beatas-ao-centro-do-debate-em-alges","status":"publish","type":"post","link":"https:\/\/portaltela.pt\/noticias\/2026\/02\/01\/bicicletas-levam-lei-das-beatas-ao-centro-do-debate-em-alges\/","title":{"rendered":"Bicicletas levam Lei das Beatas ao centro do debate em Alg\u00e9s"},"content":{"rendered":"<p>A Ecomood Portugal vai realizar no pr\u00f3ximo dia 7 de fevereiro, em Alg\u00e9s, a iniciativa Limpar de Bicla, dedicada \u00e0 recolha de beatas de cigarros. A a\u00e7\u00e3o combina mobilidade ativa, sensibiliza\u00e7\u00e3o ambiental e interven\u00e7\u00e3o c\u00edvica, com apoio da Parques Tejo e em parceria com v\u00e1rias entidades. O percurso come\u00e7a na frente ribeirinha do Tejo e termina no centro de Alg\u00e9s, onde ser\u00e1 recolhido lixo junto a caf\u00e9s e estabelecimentos comerciais.<\/p>\n<p>Participantes podem optar por percorrer o trajeto de bicicleta ou a p\u00e9, com empr\u00e9stimo dispon\u00edvel de bicicletas do sistema Oeiras Move. No local, ser\u00e1 distribu\u00eddo um folheto informativo sobre a Lei n.\u00ba 88\/2019, as coimas previstas e os impactos ambientais e de sa\u00fade p\u00fablica associados ao descarte de beatas. As inscri\u00e7\u00f5es est\u00e3o abertas via formul\u00e1rio online.<\/p>\n<p>Ao final, na Praia de Alg\u00e9s, os res\u00edduos recolhidos servir\u00e3o de base a uma interven\u00e7\u00e3o art\u00edstica fotografada para os Trash Art Awards, refor\u00e7ando o cariz pedag\u00f3gico da iniciativa.<\/p>\n<h3>Lei das Beatas e Coimas<\/h3>\n<p>A legisla\u00e7\u00e3o pro\u00edbe o descarte de pontas de cigarro no espa\u00e7o p\u00fablico, equivalando a res\u00edduos s\u00f3lidos urbanos. Prev\u00ea coimas de 25\u20ac a 250\u20ac para particulares e de 250\u20ac a 1.500\u20ac para estabelecimentos que n\u00e3o disponibilizem cinzeiros ou n\u00e3o assegurem a limpeza das \u00e1reas sob sua responsabilidade. A campanha inclui a\u00e7\u00f5es de sensibiliza\u00e7\u00e3o e fiscaliza\u00e7\u00e3o por entidades competentes.<\/p>\n<p>O materiais recolhidos destacam que o filtro de cigarro, feito de acetato de celulose, pode demorar 10 a 12 anos a fragmentar-se em micropl\u00e1sticos, libertando subst\u00e2ncias t\u00f3xicas no solo e na \u00e1gua. Estas part\u00edculas s\u00e3o uma das principais fontes de micropl\u00e1sticos nos oceanos, com impactos para ecossistemas e potencial risco \u00e0 sa\u00fade.<\/p>\n<h3>Apelo \u00e0 ANMP<\/h3>\n<p>A Ecomood Portugal enviou uma carta ao presidente da ANMP, Pedro Pimp\u00e3o, solicitando interven\u00e7\u00e3o junto dos munic\u00edpios para exigir o cumprimento efetivo da Lei das Beatas. Assinada por Ant\u00f3nio Gon\u00e7alves Pereira, embaixador do Pacto Clim\u00e1tico Europeu, a missiva aponta a necessidade de campanhas de sensibiliza\u00e7\u00e3o, fiscaliza\u00e7\u00e3o fortalecida e investimento em cinzeiros.<\/p>\n<p>O documento real\u00e7a ainda a responsabilidade dos munic\u00edpios na gest\u00e3o de res\u00edduos e na promo\u00e7\u00e3o de iniciativas de reciclagem. A carta sublinha que, embora a lei esteja em vigor desde 2019, muitas disposi\u00e7\u00f5es continuam por aplicar. A lista de apoiantes deve ser tornada p\u00fablica posteriormente.<\/p>\n<h3>Organiza\u00e7\u00e3o e perspetivas<\/h3>\n<p>A a\u00e7\u00e3o de Alg\u00e9s integra um conjunto de iniciativas de cidadania promovidas pela Ecomood Portugal em 2026, com foco na mobilidade sustent\u00e1vel, redu\u00e7\u00e3o de res\u00edduos e revitaliza\u00e7\u00e3o do espa\u00e7o p\u00fablico. A organiza\u00e7\u00e3o pretende incentivar a ades\u00e3o p\u00fablica a pr\u00e1ticas mais respons\u00e1veis, num momento averbado pela necessidade de efetivar a legisla\u00e7\u00e3o ambiental para cidades mais limpas.<\/p>\n","protected":false},"excerpt":{"rendered":"<ul>\n<li>A Ecomood Portugal organiza, no dia sete de fevereiro, em Alg\u00e9s, a a\u00e7\u00e3o Limpar de Bicla, dedicada \u00e0 recolha de beatas de cigarros, com percurso ao longo da frente ribeirinha do Tejo e depois at\u00e9 ao centro de Alg\u00e9s; participa\u00e7\u00e3o gratuita e op\u00e7\u00e3o a caminhar, com bicicletas do sistema Oeiras Move dispon\u00edveis.<\/li>\n<li>Vai ser distribu\u00eddo um folheto sobre a Lei n.\u00ba oitenta e oito de 2019 (Lei das Beatas), as coimas previstas e os impactos ambientais e de sa\u00fade p\u00fablica do descarte de beatas no espa\u00e7o p\u00fablico; as inscri\u00e7\u00f5es podem ser feitas num formul\u00e1rio online.<\/li>\n<li>No final da a\u00e7\u00e3o, os res\u00edduos recolhidos ser\u00e3o usados numa interven\u00e7\u00e3o art\u00edstica na Praia de Alg\u00e9s, fotografada e candidata aos Trash Art Awards.<\/li>\n<li>Paralelamente, a Ecomood Portugal enviou uma carta ao presidente da Associa\u00e7\u00e3o Nacional de Munic\u00edpios Portugueses (ANMP) a apelar \u00e0 interven\u00e7\u00e3o junto dos munic\u00edpios para cumprir de forma efetiva a Lei das Beatas, destacando que grande parte das suas disposi\u00e7\u00f5es ainda n\u00e3o \u00e9 aplicada.<\/li>\n<li>A legisla\u00e7\u00e3o prev\u00ea coimas entre 25\u20ac e 250\u20ac para particulares e entre 250\u20ac e 1.500\u20ac para estabelecimentos que n\u00e3o tenham cinzeiros ou n\u00e3o assegurem a limpeza; a carta alerta para o impacto ambiental das beatas e pede campanhas de sensibiliza\u00e7\u00e3o, cinzeiros e fiscaliza\u00e7\u00e3o, integrando um conjunto alargado de iniciativas de cidadania ativa em 2026.<\/li>\n<\/ul>\n","protected":false},"author":2,"featured_media":188515,"comment_status":"closed","ping_status":"closed","sticky":false,"template":"","format":"standard","meta":{"footnotes":""},"categories":[1],"tags":[1523,3100,1958,1831,4171,645],"class_list":["post-188514","post","type-post","status-publish","format-standard","has-post-thumbnail","hentry","category-noticias","tag-alges","tag-ambiental","tag-educacao-ambiental","tag-limpeza-urbana","tag-mobilidade-sustentavel","tag-residuos"],"yoast_head":"<!-- This site is optimized with the Yoast SEO plugin v27.2 - https:\/\/yoast.com\/product\/yoast-seo-wordpress\/ -->\n<title>Bicicletas levam Lei das Beatas ao centro do debate em Alg\u00e9s - Portal Tela Portugal<\/title>\n<meta name=\"robots\" content=\"index, follow, max-snippet:-1, max-image-preview:large, max-video-preview:-1\" \/>\n<meta property=\"og:locale\" content=\"pt_PT\" \/>\n<meta property=\"og:type\" content=\"article\" \/>\n<meta property=\"og:title\" content=\"Bicicletas levam Lei das Beatas ao centro do debate em Alg\u00e9s - Portal Tela Portugal\" \/>\n<meta property=\"og:description\" content=\"A Ecomood Portugal organiza, no dia sete de fevereiro, em Alg\u00e9s, a a\u00e7\u00e3o Limpar de Bicla, dedicada \u00e0 recolha de beatas de cigarros, com percurso ao longo da frente ribeirinha do Tejo e depois at\u00e9 ao centro de Alg\u00e9s; participa\u00e7\u00e3o gratuita e op\u00e7\u00e3o a caminhar, com bicicletas do sistema Oeiras Move dispon\u00edveis. Vai ser distribu\u00eddo um folheto sobre a Lei n.\u00ba oitenta e oito de 2019 (Lei das Beatas), as coimas previstas e os impactos ambientais e de sa\u00fade p\u00fablica do descarte de beatas no espa\u00e7o p\u00fablico; as inscri\u00e7\u00f5es podem ser feitas num formul\u00e1rio online. No final da a\u00e7\u00e3o, os res\u00edduos recolhidos ser\u00e3o usados numa interven\u00e7\u00e3o art\u00edstica na Praia de Alg\u00e9s, fotografada e candidata aos Trash Art Awards. Paralelamente, a Ecomood Portugal enviou uma carta ao presidente da Associa\u00e7\u00e3o Nacional de Munic\u00edpios Portugueses (ANMP) a apelar \u00e0 interven\u00e7\u00e3o junto dos munic\u00edpios para cumprir de forma efetiva a Lei das Beatas, destacando que grande parte das suas disposi\u00e7\u00f5es ainda n\u00e3o \u00e9 aplicada. A legisla\u00e7\u00e3o prev\u00ea coimas entre 25\u20ac e 250\u20ac para particulares e entre 250\u20ac e 1.500\u20ac para estabelecimentos que n\u00e3o tenham cinzeiros ou n\u00e3o assegurem a limpeza; a carta alerta para o impacto ambiental das beatas e pede campanhas de sensibiliza\u00e7\u00e3o, cinzeiros e fiscaliza\u00e7\u00e3o, integrando um conjunto alargado de iniciativas de cidadania ativa em 2026.\" \/>\n<meta property=\"og:url\" content=\"https:\/\/portaltela.pt\/noticias\/2026\/02\/01\/bicicletas-levam-lei-das-beatas-ao-centro-do-debate-em-alges\/\" \/>\n<meta property=\"og:site_name\" content=\"Portal Tela Portugal\" \/>\n<meta property=\"article:published_time\" content=\"2026-02-01T12:00:00+00:00\" \/>\n<meta name=\"author\" content=\"Telinha\" \/>\n<meta name=\"twitter:card\" content=\"summary_large_image\" \/>\n<meta name=\"twitter:label1\" content=\"Escrito por\" \/>\n\t<meta name=\"twitter:data1\" content=\"Telinha\" \/>\n\t<meta name=\"twitter:label2\" content=\"Tempo estimado de leitura\" \/>\n\t<meta name=\"twitter:data2\" content=\"2 minutos\" \/>\n<script type=\"application\/ld+json\" class=\"yoast-schema-graph\">{\"@context\":\"https:\/\/schema.org\",\"@graph\":[{\"@type\":\"Article\",\"@id\":\"https:\/\/portaltela.pt\/noticias\/2026\/02\/01\/bicicletas-levam-lei-das-beatas-ao-centro-do-debate-em-alges\/#article\",\"isPartOf\":{\"@id\":\"https:\/\/portaltela.pt\/noticias\/2026\/02\/01\/bicicletas-levam-lei-das-beatas-ao-centro-do-debate-em-alges\/\"},\"author\":{\"name\":\"Telinha\",\"@id\":\"https:\/\/portaltela.pt\/#\/schema\/person\/c4278d4a6028830caff9ee44b42d32ed\"},\"headline\":\"Bicicletas levam Lei das Beatas ao centro do debate em Alg\u00e9s\",\"datePublished\":\"2026-02-01T12:00:00+00:00\",\"mainEntityOfPage\":{\"@id\":\"https:\/\/portaltela.pt\/noticias\/2026\/02\/01\/bicicletas-levam-lei-das-beatas-ao-centro-do-debate-em-alges\/\"},\"wordCount\":497,\"image\":{\"@id\":\"https:\/\/portaltela.pt\/noticias\/2026\/02\/01\/bicicletas-levam-lei-das-beatas-ao-centro-do-debate-em-alges\/#primaryimage\"},\"thumbnailUrl\":\"https:\/\/portaltela.pt\/s.01k8rhncp4jt1\/2026\/02\/unnamed-file-92.jpg\",\"keywords\":[\"Alg\u00e9s\",\"ambiental\",\"educa\u00e7\u00e3o ambiental\",\"limpeza urbana\",\"Mobilidade Sustent\u00e1vel\",\"res\u00edduos\"],\"articleSection\":[\"Not\u00edcias\"],\"inLanguage\":\"pt-PT\"},{\"@type\":\"WebPage\",\"@id\":\"https:\/\/portaltela.pt\/noticias\/2026\/02\/01\/bicicletas-levam-lei-das-beatas-ao-centro-do-debate-em-alges\/\",\"url\":\"https:\/\/portaltela.pt\/noticias\/2026\/02\/01\/bicicletas-levam-lei-das-beatas-ao-centro-do-debate-em-alges\/\",\"name\":\"Bicicletas levam Lei das Beatas ao centro do debate em Alg\u00e9s - Portal Tela Portugal\",\"isPartOf\":{\"@id\":\"https:\/\/portaltela.pt\/#website\"},\"primaryImageOfPage\":{\"@id\":\"https:\/\/portaltela.pt\/noticias\/2026\/02\/01\/bicicletas-levam-lei-das-beatas-ao-centro-do-debate-em-alges\/#primaryimage\"},\"image\":{\"@id\":\"https:\/\/portaltela.pt\/noticias\/2026\/02\/01\/bicicletas-levam-lei-das-beatas-ao-centro-do-debate-em-alges\/#primaryimage\"},\"thumbnailUrl\":\"https:\/\/portaltela.pt\/s.01k8rhncp4jt1\/2026\/02\/unnamed-file-92.jpg\",\"datePublished\":\"2026-02-01T12:00:00+00:00\",\"author\":{\"@id\":\"https:\/\/portaltela.pt\/#\/schema\/person\/c4278d4a6028830caff9ee44b42d32ed\"},\"breadcrumb\":{\"@id\":\"https:\/\/portaltela.pt\/noticias\/2026\/02\/01\/bicicletas-levam-lei-das-beatas-ao-centro-do-debate-em-alges\/#breadcrumb\"},\"inLanguage\":\"pt-PT\",\"potentialAction\":[{\"@type\":\"ReadAction\",\"target\":[\"https:\/\/portaltela.pt\/noticias\/2026\/02\/01\/bicicletas-levam-lei-das-beatas-ao-centro-do-debate-em-alges\/\"]}]},{\"@type\":\"ImageObject\",\"inLanguage\":\"pt-PT\",\"@id\":\"https:\/\/portaltela.pt\/noticias\/2026\/02\/01\/bicicletas-levam-lei-das-beatas-ao-centro-do-debate-em-alges\/#primaryimage\",\"url\":\"https:\/\/portaltela.pt\/s.01k8rhncp4jt1\/2026\/02\/unnamed-file-92.jpg\",\"contentUrl\":\"https:\/\/portaltela.pt\/s.01k8rhncp4jt1\/2026\/02\/unnamed-file-92.jpg\",\"width\":796,\"height\":448,\"caption\":\"Bicicletas levam Lei das Beatas ao centro do debate numa a\u00e7\u00e3o de cidadania em Alg\u00e9s\"},{\"@type\":\"BreadcrumbList\",\"@id\":\"https:\/\/portaltela.pt\/noticias\/2026\/02\/01\/bicicletas-levam-lei-das-beatas-ao-centro-do-debate-em-alges\/#breadcrumb\",\"itemListElement\":[{\"@type\":\"ListItem\",\"position\":1,\"name\":\"In\u00edcio\",\"item\":\"https:\/\/portaltela.pt\/\"},{\"@type\":\"ListItem\",\"position\":2,\"name\":\"Bicicletas levam Lei das Beatas ao centro do debate em Alg\u00e9s\"}]},{\"@type\":\"WebSite\",\"@id\":\"https:\/\/portaltela.pt\/#website\",\"url\":\"https:\/\/portaltela.pt\/\",\"name\":\"Portal Tela Portugal\",\"description\":\"\",\"potentialAction\":[{\"@type\":\"SearchAction\",\"target\":{\"@type\":\"EntryPoint\",\"urlTemplate\":\"https:\/\/portaltela.pt\/?s={search_term_string}\"},\"query-input\":{\"@type\":\"PropertyValueSpecification\",\"valueRequired\":true,\"valueName\":\"search_term_string\"}}],\"inLanguage\":\"pt-PT\"},{\"@type\":\"Person\",\"@id\":\"https:\/\/portaltela.pt\/#\/schema\/person\/c4278d4a6028830caff9ee44b42d32ed\",\"name\":\"Telinha\",\"image\":{\"@type\":\"ImageObject\",\"inLanguage\":\"pt-PT\",\"@id\":\"https:\/\/portaltela.pt\/s.01k8rhncp4jt1\/2025\/11\/talking-bot-125x125.png\",\"url\":\"https:\/\/portaltela.pt\/s.01k8rhncp4jt1\/2025\/11\/talking-bot-125x125.png\",\"contentUrl\":\"https:\/\/portaltela.pt\/s.01k8rhncp4jt1\/2025\/11\/talking-bot-125x125.png\",\"caption\":\"Telinha\"},\"sameAs\":[\"https:\/\/portaltela.pt\/\"],\"url\":\"https:\/\/portaltela.pt\/por\/367410592786\/\"}]}<\/script>\n<!-- \/ Yoast SEO plugin. -->","yoast_head_json":{"title":"Bicicletas levam Lei das Beatas ao centro do debate em Alg\u00e9s - Portal Tela Portugal","robots":{"index":"index","follow":"follow","max-snippet":"max-snippet:-1","max-image-preview":"max-image-preview:large","max-video-preview":"max-video-preview:-1"},"og_locale":"pt_PT","og_type":"article","og_title":"Bicicletas levam Lei das Beatas ao centro do debate em Alg\u00e9s - Portal Tela Portugal","og_description":"A Ecomood Portugal organiza, no dia sete de fevereiro, em Alg\u00e9s, a a\u00e7\u00e3o Limpar de Bicla, dedicada \u00e0 recolha de beatas de cigarros, com percurso ao longo da frente ribeirinha do Tejo e depois at\u00e9 ao centro de Alg\u00e9s; participa\u00e7\u00e3o gratuita e op\u00e7\u00e3o a caminhar, com bicicletas do sistema Oeiras Move dispon\u00edveis. Vai ser distribu\u00eddo um folheto sobre a Lei n.\u00ba oitenta e oito de 2019 (Lei das Beatas), as coimas previstas e os impactos ambientais e de sa\u00fade p\u00fablica do descarte de beatas no espa\u00e7o p\u00fablico; as inscri\u00e7\u00f5es podem ser feitas num formul\u00e1rio online. No final da a\u00e7\u00e3o, os res\u00edduos recolhidos ser\u00e3o usados numa interven\u00e7\u00e3o art\u00edstica na Praia de Alg\u00e9s, fotografada e candidata aos Trash Art Awards. Paralelamente, a Ecomood Portugal enviou uma carta ao presidente da Associa\u00e7\u00e3o Nacional de Munic\u00edpios Portugueses (ANMP) a apelar \u00e0 interven\u00e7\u00e3o junto dos munic\u00edpios para cumprir de forma efetiva a Lei das Beatas, destacando que grande parte das suas disposi\u00e7\u00f5es ainda n\u00e3o \u00e9 aplicada. A legisla\u00e7\u00e3o prev\u00ea coimas entre 25\u20ac e 250\u20ac para particulares e entre 250\u20ac e 1.500\u20ac para estabelecimentos que n\u00e3o tenham cinzeiros ou n\u00e3o assegurem a limpeza; a carta alerta para o impacto ambiental das beatas e pede campanhas de sensibiliza\u00e7\u00e3o, cinzeiros e fiscaliza\u00e7\u00e3o, integrando um conjunto alargado de iniciativas de cidadania ativa em 2026.","og_url":"https:\/\/portaltela.pt\/noticias\/2026\/02\/01\/bicicletas-levam-lei-das-beatas-ao-centro-do-debate-em-alges\/","og_site_name":"Portal Tela Portugal","article_published_time":"2026-02-01T12:00:00+00:00","author":"Telinha","twitter_card":"summary_large_image","twitter_misc":{"Escrito por":"Telinha","Tempo estimado de leitura":"2 minutos"},"schema":{"@context":"https:\/\/schema.org","@graph":[{"@type":"Article","@id":"https:\/\/portaltela.pt\/noticias\/2026\/02\/01\/bicicletas-levam-lei-das-beatas-ao-centro-do-debate-em-alges\/#article","isPartOf":{"@id":"https:\/\/portaltela.pt\/noticias\/2026\/02\/01\/bicicletas-levam-lei-das-beatas-ao-centro-do-debate-em-alges\/"},"author":{"name":"Telinha","@id":"https:\/\/portaltela.pt\/#\/schema\/person\/c4278d4a6028830caff9ee44b42d32ed"},"headline":"Bicicletas levam Lei das Beatas ao centro do debate em Alg\u00e9s","datePublished":"2026-02-01T12:00:00+00:00","mainEntityOfPage":{"@id":"https:\/\/portaltela.pt\/noticias\/2026\/02\/01\/bicicletas-levam-lei-das-beatas-ao-centro-do-debate-em-alges\/"},"wordCount":497,"image":{"@id":"https:\/\/portaltela.pt\/noticias\/2026\/02\/01\/bicicletas-levam-lei-das-beatas-ao-centro-do-debate-em-alges\/#primaryimage"},"thumbnailUrl":"https:\/\/portaltela.pt\/s.01k8rhncp4jt1\/2026\/02\/unnamed-file-92.jpg","keywords":["Alg\u00e9s","ambiental","educa\u00e7\u00e3o ambiental","limpeza urbana","Mobilidade Sustent\u00e1vel","res\u00edduos"],"articleSection":["Not\u00edcias"],"inLanguage":"pt-PT"},{"@type":"WebPage","@id":"https:\/\/portaltela.pt\/noticias\/2026\/02\/01\/bicicletas-levam-lei-das-beatas-ao-centro-do-debate-em-alges\/","url":"https:\/\/portaltela.pt\/noticias\/2026\/02\/01\/bicicletas-levam-lei-das-beatas-ao-centro-do-debate-em-alges\/","name":"Bicicletas levam Lei das Beatas ao centro do debate em Alg\u00e9s - Portal Tela Portugal","isPartOf":{"@id":"https:\/\/portaltela.pt\/#website"},"primaryImageOfPage":{"@id":"https:\/\/portaltela.pt\/noticias\/2026\/02\/01\/bicicletas-levam-lei-das-beatas-ao-centro-do-debate-em-alges\/#primaryimage"},"image":{"@id":"https:\/\/portaltela.pt\/noticias\/2026\/02\/01\/bicicletas-levam-lei-das-beatas-ao-centro-do-debate-em-alges\/#primaryimage"},"thumbnailUrl":"https:\/\/portaltela.pt\/s.01k8rhncp4jt1\/2026\/02\/unnamed-file-92.jpg","datePublished":"2026-02-01T12:00:00+00:00","author":{"@id":"https:\/\/portaltela.pt\/#\/schema\/person\/c4278d4a6028830caff9ee44b42d32ed"},"breadcrumb":{"@id":"https:\/\/portaltela.pt\/noticias\/2026\/02\/01\/bicicletas-levam-lei-das-beatas-ao-centro-do-debate-em-alges\/#breadcrumb"},"inLanguage":"pt-PT","potentialAction":[{"@type":"ReadAction","target":["https:\/\/portaltela.pt\/noticias\/2026\/02\/01\/bicicletas-levam-lei-das-beatas-ao-centro-do-debate-em-alges\/"]}]},{"@type":"ImageObject","inLanguage":"pt-PT","@id":"https:\/\/portaltela.pt\/noticias\/2026\/02\/01\/bicicletas-levam-lei-das-beatas-ao-centro-do-debate-em-alges\/#primaryimage","url":"https:\/\/portaltela.pt\/s.01k8rhncp4jt1\/2026\/02\/unnamed-file-92.jpg","contentUrl":"https:\/\/portaltela.pt\/s.01k8rhncp4jt1\/2026\/02\/unnamed-file-92.jpg","width":796,"height":448,"caption":"Bicicletas levam Lei das Beatas ao centro do debate numa a\u00e7\u00e3o de cidadania em Alg\u00e9s"},{"@type":"BreadcrumbList","@id":"https:\/\/portaltela.pt\/noticias\/2026\/02\/01\/bicicletas-levam-lei-das-beatas-ao-centro-do-debate-em-alges\/#breadcrumb","itemListElement":[{"@type":"ListItem","position":1,"name":"In\u00edcio","item":"https:\/\/portaltela.pt\/"},{"@type":"ListItem","position":2,"name":"Bicicletas levam Lei das Beatas ao centro do debate em Alg\u00e9s"}]},{"@type":"WebSite","@id":"https:\/\/portaltela.pt\/#website","url":"https:\/\/portaltela.pt\/","name":"Portal Tela Portugal","description":"","potentialAction":[{"@type":"SearchAction","target":{"@type":"EntryPoint","urlTemplate":"https:\/\/portaltela.pt\/?s={search_term_string}"},"query-input":{"@type":"PropertyValueSpecification","valueRequired":true,"valueName":"search_term_string"}}],"inLanguage":"pt-PT"},{"@type":"Person","@id":"https:\/\/portaltela.pt\/#\/schema\/person\/c4278d4a6028830caff9ee44b42d32ed","name":"Telinha","image":{"@type":"ImageObject","inLanguage":"pt-PT","@id":"https:\/\/portaltela.pt\/s.01k8rhncp4jt1\/2025\/11\/talking-bot-125x125.png","url":"https:\/\/portaltela.pt\/s.01k8rhncp4jt1\/2025\/11\/talking-bot-125x125.png","contentUrl":"https:\/\/portaltela.pt\/s.01k8rhncp4jt1\/2025\/11\/talking-bot-125x125.png","caption":"Telinha"},"sameAs":["https:\/\/portaltela.pt\/"],"url":"https:\/\/portaltela.pt\/por\/367410592786\/"}]}},"_links":{"self":[{"href":"https:\/\/portaltela.pt\/api\/wp\/v2\/posts\/188514","targetHints":{"allow":["GET"]}}],"collection":[{"href":"https:\/\/portaltela.pt\/api\/wp\/v2\/posts"}],"about":[{"href":"https:\/\/portaltela.pt\/api\/wp\/v2\/types\/post"}],"author":[{"embeddable":true,"href":"https:\/\/portaltela.pt\/api\/wp\/v2\/users\/2"}],"replies":[{"embeddable":true,"href":"https:\/\/portaltela.pt\/api\/wp\/v2\/comments?post=188514"}],"version-history":[{"count":0,"href":"https:\/\/portaltela.pt\/api\/wp\/v2\/posts\/188514\/revisions"}],"wp:featuredmedia":[{"embeddable":true,"href":"https:\/\/portaltela.pt\/api\/wp\/v2\/media\/188515"}],"wp:attachment":[{"href":"https:\/\/portaltela.pt\/api\/wp\/v2\/media?parent=188514"}],"wp:term":[{"taxonomy":"category","embeddable":true,"href":"https:\/\/portaltela.pt\/api\/wp\/v2\/categories?post=188514"},{"taxonomy":"post_tag","embeddable":true,"href":"https:\/\/portaltela.pt\/api\/wp\/v2\/tags?post=188514"}],"curies":[{"name":"wp","href":"https:\/\/api.w.org\/{rel}","templated":true}]}}