{"id":188479,"date":"2026-02-01T08:59:00","date_gmt":"2026-02-01T11:59:00","guid":{"rendered":"https:\/\/portaltela.pt\/noticias\/2026\/02\/01\/cdu-denuncia-paragem-das-obras-da-bolsa-de-estacionamento-no-alto-do-curral-velho\/"},"modified":"2026-02-01T08:59:00","modified_gmt":"2026-02-01T11:59:00","slug":"cdu-denuncia-paragem-das-obras-da-bolsa-de-estacionamento-no-alto-do-curral-velho","status":"publish","type":"post","link":"https:\/\/portaltela.pt\/noticias\/2026\/02\/01\/cdu-denuncia-paragem-das-obras-da-bolsa-de-estacionamento-no-alto-do-curral-velho\/","title":{"rendered":"CDU denuncia paragem das obras da bolsa de estacionamento no Alto do Curral Velho"},"content":{"rendered":"<p>A CDU denunciou hoje o impasse nas obras da bolsa de estacionamento no Alto do Curral Velho, na freguesia de Santo Ant\u00f3nio. A comitiva, chefiada por Duarte Martins, visitou o local neste domingo para avaliar a situa\u00e7\u00e3o.<\/p>\n<p>A obra est\u00e1 suspensa desde meados de dezembro, apesar de um compromisso oficial de retoma no in\u00edcio de janeiro de 2026. Duarte Martins classificou a pausa como inaceit\u00e1vel e pediu esclarecimentos sobre o atraso.<\/p>\n<p>A CDU sustenta que a interven\u00e7\u00e3o n\u00e3o surgiu por iniciativa do executivo, mas pela press\u00e3o dos residentes, destacando a import\u00e2ncia da bolsa para a mobilidade e a seguran\u00e7a na zona, onde o estacionamento \u00e9 limitado e necess\u00e1rio.<\/p>\n<p>A institui\u00e7\u00e3o afirma manter a vigil\u00e2ncia e a press\u00e3o para que os trabalhos sejam retomados e conclu\u00eddos, garantindo a entrega da infraestrutura \u00e0 popula\u00e7\u00e3o sem novas demoras.<\/p>\n","protected":false},"excerpt":{"rendered":"<ul>\n<li>A CDU denunciou a paragem das obras da bolsa de estacionamento no Alto do Curral Velho, freguesia de Santo Ant\u00f3nio, com Duarte Martins, porta-voz da comitiva, a visitar o local neste domingo.<\/li>\n<li>A obra est\u00e1 suspensa desde meados de dezembro, apesar de uma promessa oficial de retomar no in\u00edcio de janeiro de 2026.<\/li>\n<li>A CDU diz que houve promessas aos moradores de que o ano iria arrancar com a retoma das obras, o que n\u00e3o se verificou, qualificando a situa\u00e7\u00e3o de inaceit\u00e1vel.<\/li>\n<li>A forma\u00e7\u00e3o pol\u00edtica sublinha que a bolsa de estacionamento \u00e9 essencial para a mobilidade e seguran\u00e7a das fam\u00edlias das zonas altas, onde o espa\u00e7o \u00e9 escasso.<\/li>\n<li>A CDU assegura que vai manter a vigil\u00e2ncia e continuar a lutar para que a obra passe de inacabada a realidade, responsabilizando-se pela defesa dos moradores do Curral Velho.<\/li>\n<\/ul>\n","protected":false},"author":2,"featured_media":188481,"comment_status":"closed","ping_status":"closed","sticky":false,"template":"","format":"standard","meta":{"footnotes":""},"categories":[1],"tags":[2706,2143,373,718,3263],"class_list":["post-188479","post","type-post","status-publish","format-standard","has-post-thumbnail","hentry","category-noticias","tag-autarquias","tag-cdu","tag-concelhos","tag-construcao","tag-mobilidade-urbana"],"yoast_head":"<!-- This site is optimized with the Yoast SEO plugin v27.2 - https:\/\/yoast.com\/product\/yoast-seo-wordpress\/ -->\n<title>CDU denuncia paragem das obras da bolsa de estacionamento no Alto do Curral Velho - Portal Tela Portugal<\/title>\n<meta name=\"robots\" content=\"index, follow, max-snippet:-1, max-image-preview:large, max-video-preview:-1\" \/>\n<meta property=\"og:locale\" content=\"pt_PT\" \/>\n<meta property=\"og:type\" content=\"article\" \/>\n<meta property=\"og:title\" content=\"CDU denuncia paragem das obras da bolsa de estacionamento no Alto do Curral Velho - Portal Tela Portugal\" \/>\n<meta property=\"og:description\" content=\"A CDU denunciou a paragem das obras da bolsa de estacionamento no Alto do Curral Velho, freguesia de Santo Ant\u00f3nio, com Duarte Martins, porta-voz da comitiva, a visitar o local neste domingo. A obra est\u00e1 suspensa desde meados de dezembro, apesar de uma promessa oficial de retomar no in\u00edcio de janeiro de 2026. A CDU diz que houve promessas aos moradores de que o ano iria arrancar com a retoma das obras, o que n\u00e3o se verificou, qualificando a situa\u00e7\u00e3o de inaceit\u00e1vel. A forma\u00e7\u00e3o pol\u00edtica sublinha que a bolsa de estacionamento \u00e9 essencial para a mobilidade e seguran\u00e7a das fam\u00edlias das zonas altas, onde o espa\u00e7o \u00e9 escasso. A CDU assegura que vai manter a vigil\u00e2ncia e continuar a lutar para que a obra passe de inacabada a realidade, responsabilizando-se pela defesa dos moradores do Curral Velho.\" \/>\n<meta property=\"og:url\" content=\"https:\/\/portaltela.pt\/noticias\/2026\/02\/01\/cdu-denuncia-paragem-das-obras-da-bolsa-de-estacionamento-no-alto-do-curral-velho\/\" \/>\n<meta property=\"og:site_name\" content=\"Portal Tela Portugal\" \/>\n<meta property=\"article:published_time\" content=\"2026-02-01T11:59:00+00:00\" \/>\n<meta name=\"author\" content=\"Telinha\" \/>\n<meta name=\"twitter:card\" content=\"summary_large_image\" \/>\n<meta name=\"twitter:label1\" content=\"Escrito por\" \/>\n\t<meta name=\"twitter:data1\" content=\"Telinha\" \/>\n\t<meta name=\"twitter:label2\" content=\"Tempo estimado de leitura\" \/>\n\t<meta name=\"twitter:data2\" content=\"1 minuto\" \/>\n<script type=\"application\/ld+json\" class=\"yoast-schema-graph\">{\"@context\":\"https:\/\/schema.org\",\"@graph\":[{\"@type\":\"Article\",\"@id\":\"https:\/\/portaltela.pt\/noticias\/2026\/02\/01\/cdu-denuncia-paragem-das-obras-da-bolsa-de-estacionamento-no-alto-do-curral-velho\/#article\",\"isPartOf\":{\"@id\":\"https:\/\/portaltela.pt\/noticias\/2026\/02\/01\/cdu-denuncia-paragem-das-obras-da-bolsa-de-estacionamento-no-alto-do-curral-velho\/\"},\"author\":{\"name\":\"Telinha\",\"@id\":\"https:\/\/portaltela.pt\/#\/schema\/person\/c4278d4a6028830caff9ee44b42d32ed\"},\"headline\":\"CDU denuncia paragem das obras da bolsa de estacionamento no Alto do Curral Velho\",\"datePublished\":\"2026-02-01T11:59:00+00:00\",\"mainEntityOfPage\":{\"@id\":\"https:\/\/portaltela.pt\/noticias\/2026\/02\/01\/cdu-denuncia-paragem-das-obras-da-bolsa-de-estacionamento-no-alto-do-curral-velho\/\"},\"wordCount\":161,\"image\":{\"@id\":\"https:\/\/portaltela.pt\/noticias\/2026\/02\/01\/cdu-denuncia-paragem-das-obras-da-bolsa-de-estacionamento-no-alto-do-curral-velho\/#primaryimage\"},\"thumbnailUrl\":\"https:\/\/portaltela.pt\/s.01k8rhncp4jt1\/2026\/02\/unnamed-file-82.jpg\",\"keywords\":[\"autarquias\",\"CDU\",\"concelhos\",\"Constru\u00e7\u00e3o\",\"mobilidade urbana\"],\"articleSection\":[\"Not\u00edcias\"],\"inLanguage\":\"pt-PT\"},{\"@type\":\"WebPage\",\"@id\":\"https:\/\/portaltela.pt\/noticias\/2026\/02\/01\/cdu-denuncia-paragem-das-obras-da-bolsa-de-estacionamento-no-alto-do-curral-velho\/\",\"url\":\"https:\/\/portaltela.pt\/noticias\/2026\/02\/01\/cdu-denuncia-paragem-das-obras-da-bolsa-de-estacionamento-no-alto-do-curral-velho\/\",\"name\":\"CDU denuncia paragem das obras da bolsa de estacionamento no Alto do Curral Velho - Portal Tela Portugal\",\"isPartOf\":{\"@id\":\"https:\/\/portaltela.pt\/#website\"},\"primaryImageOfPage\":{\"@id\":\"https:\/\/portaltela.pt\/noticias\/2026\/02\/01\/cdu-denuncia-paragem-das-obras-da-bolsa-de-estacionamento-no-alto-do-curral-velho\/#primaryimage\"},\"image\":{\"@id\":\"https:\/\/portaltela.pt\/noticias\/2026\/02\/01\/cdu-denuncia-paragem-das-obras-da-bolsa-de-estacionamento-no-alto-do-curral-velho\/#primaryimage\"},\"thumbnailUrl\":\"https:\/\/portaltela.pt\/s.01k8rhncp4jt1\/2026\/02\/unnamed-file-82.jpg\",\"datePublished\":\"2026-02-01T11:59:00+00:00\",\"author\":{\"@id\":\"https:\/\/portaltela.pt\/#\/schema\/person\/c4278d4a6028830caff9ee44b42d32ed\"},\"breadcrumb\":{\"@id\":\"https:\/\/portaltela.pt\/noticias\/2026\/02\/01\/cdu-denuncia-paragem-das-obras-da-bolsa-de-estacionamento-no-alto-do-curral-velho\/#breadcrumb\"},\"inLanguage\":\"pt-PT\",\"potentialAction\":[{\"@type\":\"ReadAction\",\"target\":[\"https:\/\/portaltela.pt\/noticias\/2026\/02\/01\/cdu-denuncia-paragem-das-obras-da-bolsa-de-estacionamento-no-alto-do-curral-velho\/\"]}]},{\"@type\":\"ImageObject\",\"inLanguage\":\"pt-PT\",\"@id\":\"https:\/\/portaltela.pt\/noticias\/2026\/02\/01\/cdu-denuncia-paragem-das-obras-da-bolsa-de-estacionamento-no-alto-do-curral-velho\/#primaryimage\",\"url\":\"https:\/\/portaltela.pt\/s.01k8rhncp4jt1\/2026\/02\/unnamed-file-82.jpg\",\"contentUrl\":\"https:\/\/portaltela.pt\/s.01k8rhncp4jt1\/2026\/02\/unnamed-file-82.jpg\",\"width\":796,\"height\":448,\"caption\":\"CDU denuncia paragem nas obras da bolsa de estacionamento no Alto do Curral Velho\"},{\"@type\":\"BreadcrumbList\",\"@id\":\"https:\/\/portaltela.pt\/noticias\/2026\/02\/01\/cdu-denuncia-paragem-das-obras-da-bolsa-de-estacionamento-no-alto-do-curral-velho\/#breadcrumb\",\"itemListElement\":[{\"@type\":\"ListItem\",\"position\":1,\"name\":\"In\u00edcio\",\"item\":\"https:\/\/portaltela.pt\/\"},{\"@type\":\"ListItem\",\"position\":2,\"name\":\"CDU denuncia paragem das obras da bolsa de estacionamento no Alto do Curral Velho\"}]},{\"@type\":\"WebSite\",\"@id\":\"https:\/\/portaltela.pt\/#website\",\"url\":\"https:\/\/portaltela.pt\/\",\"name\":\"Portal Tela Portugal\",\"description\":\"\",\"potentialAction\":[{\"@type\":\"SearchAction\",\"target\":{\"@type\":\"EntryPoint\",\"urlTemplate\":\"https:\/\/portaltela.pt\/?s={search_term_string}\"},\"query-input\":{\"@type\":\"PropertyValueSpecification\",\"valueRequired\":true,\"valueName\":\"search_term_string\"}}],\"inLanguage\":\"pt-PT\"},{\"@type\":\"Person\",\"@id\":\"https:\/\/portaltela.pt\/#\/schema\/person\/c4278d4a6028830caff9ee44b42d32ed\",\"name\":\"Telinha\",\"image\":{\"@type\":\"ImageObject\",\"inLanguage\":\"pt-PT\",\"@id\":\"https:\/\/portaltela.pt\/s.01k8rhncp4jt1\/2025\/11\/talking-bot-125x125.png\",\"url\":\"https:\/\/portaltela.pt\/s.01k8rhncp4jt1\/2025\/11\/talking-bot-125x125.png\",\"contentUrl\":\"https:\/\/portaltela.pt\/s.01k8rhncp4jt1\/2025\/11\/talking-bot-125x125.png\",\"caption\":\"Telinha\"},\"sameAs\":[\"https:\/\/portaltela.pt\/\"],\"url\":\"https:\/\/portaltela.pt\/por\/367410592786\/\"}]}<\/script>\n<!-- \/ Yoast SEO plugin. -->","yoast_head_json":{"title":"CDU denuncia paragem das obras da bolsa de estacionamento no Alto do Curral Velho - Portal Tela Portugal","robots":{"index":"index","follow":"follow","max-snippet":"max-snippet:-1","max-image-preview":"max-image-preview:large","max-video-preview":"max-video-preview:-1"},"og_locale":"pt_PT","og_type":"article","og_title":"CDU denuncia paragem das obras da bolsa de estacionamento no Alto do Curral Velho - Portal Tela Portugal","og_description":"A CDU denunciou a paragem das obras da bolsa de estacionamento no Alto do Curral Velho, freguesia de Santo Ant\u00f3nio, com Duarte Martins, porta-voz da comitiva, a visitar o local neste domingo. A obra est\u00e1 suspensa desde meados de dezembro, apesar de uma promessa oficial de retomar no in\u00edcio de janeiro de 2026. A CDU diz que houve promessas aos moradores de que o ano iria arrancar com a retoma das obras, o que n\u00e3o se verificou, qualificando a situa\u00e7\u00e3o de inaceit\u00e1vel. A forma\u00e7\u00e3o pol\u00edtica sublinha que a bolsa de estacionamento \u00e9 essencial para a mobilidade e seguran\u00e7a das fam\u00edlias das zonas altas, onde o espa\u00e7o \u00e9 escasso. A CDU assegura que vai manter a vigil\u00e2ncia e continuar a lutar para que a obra passe de inacabada a realidade, responsabilizando-se pela defesa dos moradores do Curral Velho.","og_url":"https:\/\/portaltela.pt\/noticias\/2026\/02\/01\/cdu-denuncia-paragem-das-obras-da-bolsa-de-estacionamento-no-alto-do-curral-velho\/","og_site_name":"Portal Tela Portugal","article_published_time":"2026-02-01T11:59:00+00:00","author":"Telinha","twitter_card":"summary_large_image","twitter_misc":{"Escrito por":"Telinha","Tempo estimado de leitura":"1 minuto"},"schema":{"@context":"https:\/\/schema.org","@graph":[{"@type":"Article","@id":"https:\/\/portaltela.pt\/noticias\/2026\/02\/01\/cdu-denuncia-paragem-das-obras-da-bolsa-de-estacionamento-no-alto-do-curral-velho\/#article","isPartOf":{"@id":"https:\/\/portaltela.pt\/noticias\/2026\/02\/01\/cdu-denuncia-paragem-das-obras-da-bolsa-de-estacionamento-no-alto-do-curral-velho\/"},"author":{"name":"Telinha","@id":"https:\/\/portaltela.pt\/#\/schema\/person\/c4278d4a6028830caff9ee44b42d32ed"},"headline":"CDU denuncia paragem das obras da bolsa de estacionamento no Alto do Curral Velho","datePublished":"2026-02-01T11:59:00+00:00","mainEntityOfPage":{"@id":"https:\/\/portaltela.pt\/noticias\/2026\/02\/01\/cdu-denuncia-paragem-das-obras-da-bolsa-de-estacionamento-no-alto-do-curral-velho\/"},"wordCount":161,"image":{"@id":"https:\/\/portaltela.pt\/noticias\/2026\/02\/01\/cdu-denuncia-paragem-das-obras-da-bolsa-de-estacionamento-no-alto-do-curral-velho\/#primaryimage"},"thumbnailUrl":"https:\/\/portaltela.pt\/s.01k8rhncp4jt1\/2026\/02\/unnamed-file-82.jpg","keywords":["autarquias","CDU","concelhos","Constru\u00e7\u00e3o","mobilidade urbana"],"articleSection":["Not\u00edcias"],"inLanguage":"pt-PT"},{"@type":"WebPage","@id":"https:\/\/portaltela.pt\/noticias\/2026\/02\/01\/cdu-denuncia-paragem-das-obras-da-bolsa-de-estacionamento-no-alto-do-curral-velho\/","url":"https:\/\/portaltela.pt\/noticias\/2026\/02\/01\/cdu-denuncia-paragem-das-obras-da-bolsa-de-estacionamento-no-alto-do-curral-velho\/","name":"CDU denuncia paragem das obras da bolsa de estacionamento no Alto do Curral Velho - Portal Tela Portugal","isPartOf":{"@id":"https:\/\/portaltela.pt\/#website"},"primaryImageOfPage":{"@id":"https:\/\/portaltela.pt\/noticias\/2026\/02\/01\/cdu-denuncia-paragem-das-obras-da-bolsa-de-estacionamento-no-alto-do-curral-velho\/#primaryimage"},"image":{"@id":"https:\/\/portaltela.pt\/noticias\/2026\/02\/01\/cdu-denuncia-paragem-das-obras-da-bolsa-de-estacionamento-no-alto-do-curral-velho\/#primaryimage"},"thumbnailUrl":"https:\/\/portaltela.pt\/s.01k8rhncp4jt1\/2026\/02\/unnamed-file-82.jpg","datePublished":"2026-02-01T11:59:00+00:00","author":{"@id":"https:\/\/portaltela.pt\/#\/schema\/person\/c4278d4a6028830caff9ee44b42d32ed"},"breadcrumb":{"@id":"https:\/\/portaltela.pt\/noticias\/2026\/02\/01\/cdu-denuncia-paragem-das-obras-da-bolsa-de-estacionamento-no-alto-do-curral-velho\/#breadcrumb"},"inLanguage":"pt-PT","potentialAction":[{"@type":"ReadAction","target":["https:\/\/portaltela.pt\/noticias\/2026\/02\/01\/cdu-denuncia-paragem-das-obras-da-bolsa-de-estacionamento-no-alto-do-curral-velho\/"]}]},{"@type":"ImageObject","inLanguage":"pt-PT","@id":"https:\/\/portaltela.pt\/noticias\/2026\/02\/01\/cdu-denuncia-paragem-das-obras-da-bolsa-de-estacionamento-no-alto-do-curral-velho\/#primaryimage","url":"https:\/\/portaltela.pt\/s.01k8rhncp4jt1\/2026\/02\/unnamed-file-82.jpg","contentUrl":"https:\/\/portaltela.pt\/s.01k8rhncp4jt1\/2026\/02\/unnamed-file-82.jpg","width":796,"height":448,"caption":"CDU denuncia paragem nas obras da bolsa de estacionamento no Alto do Curral Velho"},{"@type":"BreadcrumbList","@id":"https:\/\/portaltela.pt\/noticias\/2026\/02\/01\/cdu-denuncia-paragem-das-obras-da-bolsa-de-estacionamento-no-alto-do-curral-velho\/#breadcrumb","itemListElement":[{"@type":"ListItem","position":1,"name":"In\u00edcio","item":"https:\/\/portaltela.pt\/"},{"@type":"ListItem","position":2,"name":"CDU denuncia paragem das obras da bolsa de estacionamento no Alto do Curral Velho"}]},{"@type":"WebSite","@id":"https:\/\/portaltela.pt\/#website","url":"https:\/\/portaltela.pt\/","name":"Portal Tela Portugal","description":"","potentialAction":[{"@type":"SearchAction","target":{"@type":"EntryPoint","urlTemplate":"https:\/\/portaltela.pt\/?s={search_term_string}"},"query-input":{"@type":"PropertyValueSpecification","valueRequired":true,"valueName":"search_term_string"}}],"inLanguage":"pt-PT"},{"@type":"Person","@id":"https:\/\/portaltela.pt\/#\/schema\/person\/c4278d4a6028830caff9ee44b42d32ed","name":"Telinha","image":{"@type":"ImageObject","inLanguage":"pt-PT","@id":"https:\/\/portaltela.pt\/s.01k8rhncp4jt1\/2025\/11\/talking-bot-125x125.png","url":"https:\/\/portaltela.pt\/s.01k8rhncp4jt1\/2025\/11\/talking-bot-125x125.png","contentUrl":"https:\/\/portaltela.pt\/s.01k8rhncp4jt1\/2025\/11\/talking-bot-125x125.png","caption":"Telinha"},"sameAs":["https:\/\/portaltela.pt\/"],"url":"https:\/\/portaltela.pt\/por\/367410592786\/"}]}},"_links":{"self":[{"href":"https:\/\/portaltela.pt\/api\/wp\/v2\/posts\/188479","targetHints":{"allow":["GET"]}}],"collection":[{"href":"https:\/\/portaltela.pt\/api\/wp\/v2\/posts"}],"about":[{"href":"https:\/\/portaltela.pt\/api\/wp\/v2\/types\/post"}],"author":[{"embeddable":true,"href":"https:\/\/portaltela.pt\/api\/wp\/v2\/users\/2"}],"replies":[{"embeddable":true,"href":"https:\/\/portaltela.pt\/api\/wp\/v2\/comments?post=188479"}],"version-history":[{"count":0,"href":"https:\/\/portaltela.pt\/api\/wp\/v2\/posts\/188479\/revisions"}],"wp:featuredmedia":[{"embeddable":true,"href":"https:\/\/portaltela.pt\/api\/wp\/v2\/media\/188481"}],"wp:attachment":[{"href":"https:\/\/portaltela.pt\/api\/wp\/v2\/media?parent=188479"}],"wp:term":[{"taxonomy":"category","embeddable":true,"href":"https:\/\/portaltela.pt\/api\/wp\/v2\/categories?post=188479"},{"taxonomy":"post_tag","embeddable":true,"href":"https:\/\/portaltela.pt\/api\/wp\/v2\/tags?post=188479"}],"curies":[{"name":"wp","href":"https:\/\/api.w.org\/{rel}","templated":true}]}}