{"id":188435,"date":"2026-02-01T08:52:00","date_gmt":"2026-02-01T11:52:00","guid":{"rendered":"https:\/\/portaltela.pt\/noticias\/2026\/02\/01\/alcaraz-vence-djokovic-e-conquista-o-open-da-australia\/"},"modified":"2026-02-01T08:52:00","modified_gmt":"2026-02-01T11:52:00","slug":"alcaraz-vence-djokovic-e-conquista-o-open-da-australia","status":"publish","type":"post","link":"https:\/\/portaltela.pt\/desporto\/2026\/02\/01\/alcaraz-vence-djokovic-e-conquista-o-open-da-australia\/","title":{"rendered":"Alcaraz vence Djokovic e conquista o Open da Austr\u00e1lia"},"content":{"rendered":"<p>Carlos Alcaraz venceu Novak Djokovic na final do Open da Austr\u00e1lia, realizada em Melbourne. A vit\u00f3ria foi por 2-6, 6-2, 6-3 e 7-5, na madrugada de domingo para segunda.<\/p>\n<p>O espanhol recebeu a ta\u00e7a ap\u00f3s perder o primeiro set, reagir com consist\u00eancia e levar os quatro em jogo decidido no quarto parcial. O encontro teve contornos de reviravolta, com Alcaraz a impor o ritmo nos parciais decisivos.<\/p>\n<p>A final aconteceu em Melbourne Park, com p\u00fablico presente nas bancadas para acompanhar o duelo entre os dois maiores favoritos do torneio. O triunfo consolida Alcaraz como campe\u00e3o do Grand Slam australiano pela primeira vez.<\/p>\n<h3>Vencedor e impacto<\/h3>\n<p>A vit\u00f3ria coloca Alcaraz numa posi\u00e7\u00e3o de destaque no circuito, refletindo uma temporada de alto n\u00edvel. Djokovic, por sua vez, mant\u00e9m-se entre os nomes mais consistentes do t\u00e9nis, apesar do rev\u00e9s na final.<\/p>\n<p>Ambos os tenistas acabam por confirmar o estatuto de refer\u00eancia do t\u00e9nis masculino, com o Open da Austr\u00e1lia a premiar quem mostrou maior capacidade de recupera\u00e7\u00e3o ao longo do encontro.<\/p>\n","protected":false},"excerpt":{"rendered":"<ul>\n<li>Carlos Alcaraz conquistou o Open da Austr\u00e1lia ao derrotar Novak Djokovic na final.<\/li>\n<li>O marcador final foi 2-6, 6-2, 6-3 e 7-5.<\/li>\n<li>A final ocorreu neste domingo.<\/li>\n<li>Foi o t\u00edtulo do torneio de t\u00e9nis Grand Slam.<\/li>\n<\/ul>\n","protected":false},"author":2,"featured_media":188439,"comment_status":"closed","ping_status":"closed","sticky":false,"template":"","format":"standard","meta":{"footnotes":""},"categories":[21],"tags":[1602,4839,94,2713],"class_list":["post-188435","post","type-post","status-publish","format-standard","has-post-thumbnail","hentry","category-desporto","tag-australia","tag-carlos-alcaraz","tag-tenis","tag-tenistas"],"yoast_head":"<!-- This site is optimized with the Yoast SEO plugin v27.2 - https:\/\/yoast.com\/product\/yoast-seo-wordpress\/ -->\n<title>Alcaraz vence Djokovic e conquista o Open da Austr\u00e1lia - Portal Tela Portugal<\/title>\n<meta name=\"robots\" content=\"index, follow, max-snippet:-1, max-image-preview:large, max-video-preview:-1\" \/>\n<meta property=\"og:locale\" content=\"pt_PT\" \/>\n<meta property=\"og:type\" content=\"article\" \/>\n<meta property=\"og:title\" content=\"Alcaraz vence Djokovic e conquista o Open da Austr\u00e1lia - Portal Tela Portugal\" \/>\n<meta property=\"og:description\" content=\"Carlos Alcaraz conquistou o Open da Austr\u00e1lia ao derrotar Novak Djokovic na final. O marcador final foi 2-6, 6-2, 6-3 e 7-5. A final ocorreu neste domingo. Foi o t\u00edtulo do torneio de t\u00e9nis Grand Slam.\" \/>\n<meta property=\"og:url\" content=\"https:\/\/portaltela.pt\/noticias\/2026\/02\/01\/alcaraz-vence-djokovic-e-conquista-o-open-da-australia\/\" \/>\n<meta property=\"og:site_name\" content=\"Portal Tela Portugal\" \/>\n<meta property=\"article:published_time\" content=\"2026-02-01T11:52:00+00:00\" \/>\n<meta name=\"author\" content=\"Telinha\" \/>\n<meta name=\"twitter:card\" content=\"summary_large_image\" \/>\n<meta name=\"twitter:label1\" content=\"Escrito por\" \/>\n\t<meta name=\"twitter:data1\" content=\"Telinha\" \/>\n\t<meta name=\"twitter:label2\" content=\"Tempo estimado de leitura\" \/>\n\t<meta name=\"twitter:data2\" content=\"1 minuto\" \/>\n<script type=\"application\/ld+json\" class=\"yoast-schema-graph\">{\"@context\":\"https:\/\/schema.org\",\"@graph\":[{\"@type\":\"Article\",\"@id\":\"https:\/\/portaltela.pt\/noticias\/2026\/02\/01\/alcaraz-vence-djokovic-e-conquista-o-open-da-australia\/#article\",\"isPartOf\":{\"@id\":\"https:\/\/portaltela.pt\/noticias\/2026\/02\/01\/alcaraz-vence-djokovic-e-conquista-o-open-da-australia\/\"},\"author\":{\"name\":\"Telinha\",\"@id\":\"https:\/\/portaltela.pt\/#\/schema\/person\/c4278d4a6028830caff9ee44b42d32ed\"},\"headline\":\"Alcaraz vence Djokovic e conquista o Open da Austr\u00e1lia\",\"datePublished\":\"2026-02-01T11:52:00+00:00\",\"mainEntityOfPage\":{\"@id\":\"https:\/\/portaltela.pt\/noticias\/2026\/02\/01\/alcaraz-vence-djokovic-e-conquista-o-open-da-australia\/\"},\"wordCount\":195,\"image\":{\"@id\":\"https:\/\/portaltela.pt\/noticias\/2026\/02\/01\/alcaraz-vence-djokovic-e-conquista-o-open-da-australia\/#primaryimage\"},\"thumbnailUrl\":\"https:\/\/portaltela.pt\/s.01k8rhncp4jt1\/2026\/02\/img_920x518uu2026-02-01-11-52-31-2418800.jpg\",\"keywords\":[\"Austr\u00e1lia\",\"Carlos Alcaraz\",\"t\u00eanis\",\"tenistas\"],\"articleSection\":[\"Desporto\"],\"inLanguage\":\"pt-PT\"},{\"@type\":\"WebPage\",\"@id\":\"https:\/\/portaltela.pt\/noticias\/2026\/02\/01\/alcaraz-vence-djokovic-e-conquista-o-open-da-australia\/\",\"url\":\"https:\/\/portaltela.pt\/noticias\/2026\/02\/01\/alcaraz-vence-djokovic-e-conquista-o-open-da-australia\/\",\"name\":\"Alcaraz vence Djokovic e conquista o Open da Austr\u00e1lia - Portal Tela Portugal\",\"isPartOf\":{\"@id\":\"https:\/\/portaltela.pt\/#website\"},\"primaryImageOfPage\":{\"@id\":\"https:\/\/portaltela.pt\/noticias\/2026\/02\/01\/alcaraz-vence-djokovic-e-conquista-o-open-da-australia\/#primaryimage\"},\"image\":{\"@id\":\"https:\/\/portaltela.pt\/noticias\/2026\/02\/01\/alcaraz-vence-djokovic-e-conquista-o-open-da-australia\/#primaryimage\"},\"thumbnailUrl\":\"https:\/\/portaltela.pt\/s.01k8rhncp4jt1\/2026\/02\/img_920x518uu2026-02-01-11-52-31-2418800.jpg\",\"datePublished\":\"2026-02-01T11:52:00+00:00\",\"author\":{\"@id\":\"https:\/\/portaltela.pt\/#\/schema\/person\/c4278d4a6028830caff9ee44b42d32ed\"},\"breadcrumb\":{\"@id\":\"https:\/\/portaltela.pt\/noticias\/2026\/02\/01\/alcaraz-vence-djokovic-e-conquista-o-open-da-australia\/#breadcrumb\"},\"inLanguage\":\"pt-PT\",\"potentialAction\":[{\"@type\":\"ReadAction\",\"target\":[\"https:\/\/portaltela.pt\/noticias\/2026\/02\/01\/alcaraz-vence-djokovic-e-conquista-o-open-da-australia\/\"]}]},{\"@type\":\"ImageObject\",\"inLanguage\":\"pt-PT\",\"@id\":\"https:\/\/portaltela.pt\/noticias\/2026\/02\/01\/alcaraz-vence-djokovic-e-conquista-o-open-da-australia\/#primaryimage\",\"url\":\"https:\/\/portaltela.pt\/s.01k8rhncp4jt1\/2026\/02\/img_920x518uu2026-02-01-11-52-31-2418800.jpg\",\"contentUrl\":\"https:\/\/portaltela.pt\/s.01k8rhncp4jt1\/2026\/02\/img_920x518uu2026-02-01-11-52-31-2418800.jpg\",\"width\":796,\"height\":448,\"caption\":\"Alcaraz conquista Open da Austr\u00e1lia\"},{\"@type\":\"BreadcrumbList\",\"@id\":\"https:\/\/portaltela.pt\/noticias\/2026\/02\/01\/alcaraz-vence-djokovic-e-conquista-o-open-da-australia\/#breadcrumb\",\"itemListElement\":[{\"@type\":\"ListItem\",\"position\":1,\"name\":\"In\u00edcio\",\"item\":\"https:\/\/portaltela.pt\/\"},{\"@type\":\"ListItem\",\"position\":2,\"name\":\"Alcaraz vence Djokovic e conquista o Open da Austr\u00e1lia\"}]},{\"@type\":\"WebSite\",\"@id\":\"https:\/\/portaltela.pt\/#website\",\"url\":\"https:\/\/portaltela.pt\/\",\"name\":\"Portal Tela Portugal\",\"description\":\"\",\"potentialAction\":[{\"@type\":\"SearchAction\",\"target\":{\"@type\":\"EntryPoint\",\"urlTemplate\":\"https:\/\/portaltela.pt\/?s={search_term_string}\"},\"query-input\":{\"@type\":\"PropertyValueSpecification\",\"valueRequired\":true,\"valueName\":\"search_term_string\"}}],\"inLanguage\":\"pt-PT\"},{\"@type\":\"Person\",\"@id\":\"https:\/\/portaltela.pt\/#\/schema\/person\/c4278d4a6028830caff9ee44b42d32ed\",\"name\":\"Telinha\",\"image\":{\"@type\":\"ImageObject\",\"inLanguage\":\"pt-PT\",\"@id\":\"https:\/\/portaltela.pt\/s.01k8rhncp4jt1\/2025\/11\/talking-bot-125x125.png\",\"url\":\"https:\/\/portaltela.pt\/s.01k8rhncp4jt1\/2025\/11\/talking-bot-125x125.png\",\"contentUrl\":\"https:\/\/portaltela.pt\/s.01k8rhncp4jt1\/2025\/11\/talking-bot-125x125.png\",\"caption\":\"Telinha\"},\"sameAs\":[\"https:\/\/portaltela.pt\/\"],\"url\":\"https:\/\/portaltela.pt\/por\/367410592786\/\"}]}<\/script>\n<!-- \/ Yoast SEO plugin. -->","yoast_head_json":{"title":"Alcaraz vence Djokovic e conquista o Open da Austr\u00e1lia - Portal Tela Portugal","robots":{"index":"index","follow":"follow","max-snippet":"max-snippet:-1","max-image-preview":"max-image-preview:large","max-video-preview":"max-video-preview:-1"},"og_locale":"pt_PT","og_type":"article","og_title":"Alcaraz vence Djokovic e conquista o Open da Austr\u00e1lia - Portal Tela Portugal","og_description":"Carlos Alcaraz conquistou o Open da Austr\u00e1lia ao derrotar Novak Djokovic na final. O marcador final foi 2-6, 6-2, 6-3 e 7-5. A final ocorreu neste domingo. Foi o t\u00edtulo do torneio de t\u00e9nis Grand Slam.","og_url":"https:\/\/portaltela.pt\/noticias\/2026\/02\/01\/alcaraz-vence-djokovic-e-conquista-o-open-da-australia\/","og_site_name":"Portal Tela Portugal","article_published_time":"2026-02-01T11:52:00+00:00","author":"Telinha","twitter_card":"summary_large_image","twitter_misc":{"Escrito por":"Telinha","Tempo estimado de leitura":"1 minuto"},"schema":{"@context":"https:\/\/schema.org","@graph":[{"@type":"Article","@id":"https:\/\/portaltela.pt\/noticias\/2026\/02\/01\/alcaraz-vence-djokovic-e-conquista-o-open-da-australia\/#article","isPartOf":{"@id":"https:\/\/portaltela.pt\/noticias\/2026\/02\/01\/alcaraz-vence-djokovic-e-conquista-o-open-da-australia\/"},"author":{"name":"Telinha","@id":"https:\/\/portaltela.pt\/#\/schema\/person\/c4278d4a6028830caff9ee44b42d32ed"},"headline":"Alcaraz vence Djokovic e conquista o Open da Austr\u00e1lia","datePublished":"2026-02-01T11:52:00+00:00","mainEntityOfPage":{"@id":"https:\/\/portaltela.pt\/noticias\/2026\/02\/01\/alcaraz-vence-djokovic-e-conquista-o-open-da-australia\/"},"wordCount":195,"image":{"@id":"https:\/\/portaltela.pt\/noticias\/2026\/02\/01\/alcaraz-vence-djokovic-e-conquista-o-open-da-australia\/#primaryimage"},"thumbnailUrl":"https:\/\/portaltela.pt\/s.01k8rhncp4jt1\/2026\/02\/img_920x518uu2026-02-01-11-52-31-2418800.jpg","keywords":["Austr\u00e1lia","Carlos Alcaraz","t\u00eanis","tenistas"],"articleSection":["Desporto"],"inLanguage":"pt-PT"},{"@type":"WebPage","@id":"https:\/\/portaltela.pt\/noticias\/2026\/02\/01\/alcaraz-vence-djokovic-e-conquista-o-open-da-australia\/","url":"https:\/\/portaltela.pt\/noticias\/2026\/02\/01\/alcaraz-vence-djokovic-e-conquista-o-open-da-australia\/","name":"Alcaraz vence Djokovic e conquista o Open da Austr\u00e1lia - Portal Tela Portugal","isPartOf":{"@id":"https:\/\/portaltela.pt\/#website"},"primaryImageOfPage":{"@id":"https:\/\/portaltela.pt\/noticias\/2026\/02\/01\/alcaraz-vence-djokovic-e-conquista-o-open-da-australia\/#primaryimage"},"image":{"@id":"https:\/\/portaltela.pt\/noticias\/2026\/02\/01\/alcaraz-vence-djokovic-e-conquista-o-open-da-australia\/#primaryimage"},"thumbnailUrl":"https:\/\/portaltela.pt\/s.01k8rhncp4jt1\/2026\/02\/img_920x518uu2026-02-01-11-52-31-2418800.jpg","datePublished":"2026-02-01T11:52:00+00:00","author":{"@id":"https:\/\/portaltela.pt\/#\/schema\/person\/c4278d4a6028830caff9ee44b42d32ed"},"breadcrumb":{"@id":"https:\/\/portaltela.pt\/noticias\/2026\/02\/01\/alcaraz-vence-djokovic-e-conquista-o-open-da-australia\/#breadcrumb"},"inLanguage":"pt-PT","potentialAction":[{"@type":"ReadAction","target":["https:\/\/portaltela.pt\/noticias\/2026\/02\/01\/alcaraz-vence-djokovic-e-conquista-o-open-da-australia\/"]}]},{"@type":"ImageObject","inLanguage":"pt-PT","@id":"https:\/\/portaltela.pt\/noticias\/2026\/02\/01\/alcaraz-vence-djokovic-e-conquista-o-open-da-australia\/#primaryimage","url":"https:\/\/portaltela.pt\/s.01k8rhncp4jt1\/2026\/02\/img_920x518uu2026-02-01-11-52-31-2418800.jpg","contentUrl":"https:\/\/portaltela.pt\/s.01k8rhncp4jt1\/2026\/02\/img_920x518uu2026-02-01-11-52-31-2418800.jpg","width":796,"height":448,"caption":"Alcaraz conquista Open da Austr\u00e1lia"},{"@type":"BreadcrumbList","@id":"https:\/\/portaltela.pt\/noticias\/2026\/02\/01\/alcaraz-vence-djokovic-e-conquista-o-open-da-australia\/#breadcrumb","itemListElement":[{"@type":"ListItem","position":1,"name":"In\u00edcio","item":"https:\/\/portaltela.pt\/"},{"@type":"ListItem","position":2,"name":"Alcaraz vence Djokovic e conquista o Open da Austr\u00e1lia"}]},{"@type":"WebSite","@id":"https:\/\/portaltela.pt\/#website","url":"https:\/\/portaltela.pt\/","name":"Portal Tela Portugal","description":"","potentialAction":[{"@type":"SearchAction","target":{"@type":"EntryPoint","urlTemplate":"https:\/\/portaltela.pt\/?s={search_term_string}"},"query-input":{"@type":"PropertyValueSpecification","valueRequired":true,"valueName":"search_term_string"}}],"inLanguage":"pt-PT"},{"@type":"Person","@id":"https:\/\/portaltela.pt\/#\/schema\/person\/c4278d4a6028830caff9ee44b42d32ed","name":"Telinha","image":{"@type":"ImageObject","inLanguage":"pt-PT","@id":"https:\/\/portaltela.pt\/s.01k8rhncp4jt1\/2025\/11\/talking-bot-125x125.png","url":"https:\/\/portaltela.pt\/s.01k8rhncp4jt1\/2025\/11\/talking-bot-125x125.png","contentUrl":"https:\/\/portaltela.pt\/s.01k8rhncp4jt1\/2025\/11\/talking-bot-125x125.png","caption":"Telinha"},"sameAs":["https:\/\/portaltela.pt\/"],"url":"https:\/\/portaltela.pt\/por\/367410592786\/"}]}},"_links":{"self":[{"href":"https:\/\/portaltela.pt\/api\/wp\/v2\/posts\/188435","targetHints":{"allow":["GET"]}}],"collection":[{"href":"https:\/\/portaltela.pt\/api\/wp\/v2\/posts"}],"about":[{"href":"https:\/\/portaltela.pt\/api\/wp\/v2\/types\/post"}],"author":[{"embeddable":true,"href":"https:\/\/portaltela.pt\/api\/wp\/v2\/users\/2"}],"replies":[{"embeddable":true,"href":"https:\/\/portaltela.pt\/api\/wp\/v2\/comments?post=188435"}],"version-history":[{"count":0,"href":"https:\/\/portaltela.pt\/api\/wp\/v2\/posts\/188435\/revisions"}],"wp:featuredmedia":[{"embeddable":true,"href":"https:\/\/portaltela.pt\/api\/wp\/v2\/media\/188439"}],"wp:attachment":[{"href":"https:\/\/portaltela.pt\/api\/wp\/v2\/media?parent=188435"}],"wp:term":[{"taxonomy":"category","embeddable":true,"href":"https:\/\/portaltela.pt\/api\/wp\/v2\/categories?post=188435"},{"taxonomy":"post_tag","embeddable":true,"href":"https:\/\/portaltela.pt\/api\/wp\/v2\/tags?post=188435"}],"curies":[{"name":"wp","href":"https:\/\/api.w.org\/{rel}","templated":true}]}}