{"id":188401,"date":"2026-02-01T08:12:00","date_gmt":"2026-02-01T11:12:00","guid":{"rendered":"https:\/\/portaltela.pt\/noticias\/2026\/02\/01\/leziria-do-tejo-com-dezenas-de-estradas-cortadas-devido-as-cheias\/"},"modified":"2026-02-01T08:12:00","modified_gmt":"2026-02-01T11:12:00","slug":"leziria-do-tejo-com-dezenas-de-estradas-cortadas-devido-as-cheias","status":"publish","type":"post","link":"https:\/\/portaltela.pt\/noticias\/2026\/02\/01\/leziria-do-tejo-com-dezenas-de-estradas-cortadas-devido-as-cheias\/","title":{"rendered":"Lez\u00edria do Tejo com dezenas de estradas cortadas devido \u00e0s cheias"},"content":{"rendered":"<p>A Lez\u00edria do Tejo continua a enfrentar cheias que mant\u00eam dezenas de vias cortadas ou submersas. A atualiza\u00e7\u00e3o, emitida pela Autoridade Nacional de Emerg\u00eancia e Prote\u00e7\u00e3o Civil, atrav\u00e9s do Comando Regional de Lisboa e Vale do Tejo, indica que, apesar de alguma estabilidade nos caudais, os n\u00edveis hidrom\u00e9tricos permanecem elevados, condicionando a circula\u00e7\u00e3o.<\/p>\n<p>A interven\u00e7\u00e3o de prote\u00e7\u00e3o civil mant\u00e9m-se ativa para acompanhar a evolu\u00e7\u00e3o das inunda\u00e7\u00f5es. Condutores s\u00e3o v\u00e1rios os alertas para n\u00e3o atravessar zonas alagadas e respeitar a sinaliza\u00e7\u00e3o de corte de via, com atualiza\u00e7\u00f5es frequentes a serem divulgadas pelas autoridades.<\/p>\n<h3>Concelhos afetados<\/h3>\n<ul>\n<li>Coruche: desvio \u00e0 Ponte da Escusa, Entre as \u00c1guas, liga\u00e7\u00e3o EN114-EN251 (Estrada das Meias), liga\u00e7\u00e3o EN114-EN119, Estrada da Amieira, Estrada do Rebolo; margem esquerda do Sorraia em galgamento.<\/li>\n<li>Salvaterra de Magos: liga\u00e7\u00e3o Marinhais-Foros de Salvaterra (Estrada do Paul), tro\u00e7o Rua Alves Redol-Estrada do Escaroupim, Estrada do Massapez e Rua da Caseta.<\/li>\n<li>Cartaxo: EN114 2 entre Setil e Ponte do Reguengo, EN3 2 entre Reguengo e Valada, EM587 (Lan\u00e7o 3 Pontas Vale de Santar\u00e9m).<\/li>\n<li>Santar\u00e9m: EN365 4 na Ponte de Alcaides, EN365 na Ponte do Celeiro, Ponte do Alviela (Pombalinho-Vale de Figueira), EM1348 Vale de Figueira-Santar\u00e9m, Estrada do Campo, Estrada do Livramento, Ponte da Ribeira de Pernes, acesso ao Centro Hist\u00f3rico de Alfange, Rua dos Lim\u00f5es, acesso \u00e0 Quinta da Calif\u00f3rnia.<\/li>\n<li>Goleg\u00e3: CM1 (Estrada dos L\u00e1zaros), Ponte do Alviela (EN365, Pombalinho-Vale de Figueira) interrompida, Estrada do Burnel (Pombalinho), CM7 Estrada Real (Pombalinho), EM572 (S\u00e3o Caetano-Quinta da Cardiga-Vila Nova da Barquinha); Estrada da Cholda parcialmente inundada.<\/li>\n<li>Rio Maior: CM Lobo Morto-P\u00e9 da Serra, CM S\u00e3o Jo\u00e3o da Ribeira e Laroujo, CM Valbom-Marmeleira, estrada Valbom-Assentiz; inunda\u00e7\u00f5es na Quinta do Seabra (Vila da Marmeleira), ruas em S\u00e3o Jo\u00e3o da Ribeira, Calhariz-Mo\u00e7arria, Arruda dos Pis\u00f5es e Malaqueijo, Rua Pau Torto em Arruda dos Pis\u00f5es.<\/li>\n<li>Chamusca: liga\u00e7\u00e3o fluvial Arripiado Tancos e submers\u00f5es na Estrada de Campo e Estrada da Caniceira.<\/li>\n<li>Alpiar\u00e7a: EN368 (Alpiar\u00e7a-Tapada) e EN368 1 (Vale de Cavalos-Alpiar\u00e7a), EM1369 (Estrada do Meio), EM1391, Estrada Rural A1 (Reserva do Cavalo Sorraia-ETAR de Almeirim-Alpiar\u00e7a) inundadas.<\/li>\n<li>Azambuja: acessos a Ma\u00e7ussa, Azambuja-Virtudes, EN3 2 (Azambuja-Valada); ced\u00eancia de taludes no Carvalhos, Manique do Intendente e Vila Nova da Rainha.<\/li>\n<li>Benavente: EM1456 (Benavente-Reta do Cabo) submersa; risco de submers\u00e3o na EM515 (Pa\u00fal do Trejoito).<\/li>\n<li>Almeirim: ER A2 entre Ponte de Benfica do Ribatejo e EN114, ER A2 entre EN114 e EN368 cortadas.<\/li>\n<li>Torres Novas: Estrada Municipal 570 submersa, via Carvoeira-Riachos (Casal do Vale); Quinta do Paul do Boquilobo isolada.<\/li>\n<\/ul>\n<p>Autoridades refor\u00e7am o apelo para que condutores evitem \u00e1reas alagadas e acompanhem atualiza\u00e7\u00f5es oficiais da Prote\u00e7\u00e3o Civil.<\/p>\n","protected":false},"excerpt":{"rendered":"<ul>\n<li>A Autoridade Nacional de Emerg\u00eancia e Prote\u00e7\u00e3o Civil atualizou a lista de vias afetadas pelas cheias na Lez\u00edria do Tejo, com v\u00e1rias estradas cortadas ou submersas, apesar de alguma estabiliza\u00e7\u00e3o dos caudais.<\/li>\n<li>Em Coruche, v\u00e1rias vias est\u00e3o cortadas ou submersas, incluindo o desvio \u00e0 Ponte da Escusa, a Estrada das Meias e a Estrada do Rebolo, com galgamento da margem esquerda do Sorraia.<\/li>\n<li>Em Salvaterra de Magos, permanecem intransit\u00e1veis liga\u00e7\u00f5es como a Marinhais\u2013Foros de Salvaterra, a Estrada do Paul e a Estrada do Massapez, entre outras.<\/li>\n<li>No Cartaxo, Santar\u00e9m, Goleg\u00e3, Rio Maior, Chamusca, Alpiar\u00e7a, Azambuja, Benavente, Almeirim e Torres Novas h\u00e1 vias submersas ou interditas (ex.: EN, EM, ER, estradas locais), com pontos cr\u00edticos e risco de o colapso de pontes.<\/li>\n<li>Autoridades pedem aos condutores para n\u00e3o atravessar zonas alagadas, respeitar a sinaliza\u00e7\u00e3o de corte e manter-se atentos \u00e0s atualiza\u00e7\u00f5es da Prote\u00e7\u00e3o Civil.<\/li>\n<\/ul>\n","protected":false},"author":2,"featured_media":188402,"comment_status":"closed","ping_status":"closed","sticky":false,"template":"","format":"standard","meta":{"footnotes":""},"categories":[1],"tags":[3812,1457,4127,2293,320,898],"class_list":["post-188401","post","type-post","status-publish","format-standard","has-post-thumbnail","hentry","category-noticias","tag-alagamentos","tag-almeirim","tag-coruche","tag-inundacoes","tag-protecao-civil","tag-santarem"],"yoast_head":"<!-- This site is optimized with the Yoast SEO plugin v27.2 - https:\/\/yoast.com\/product\/yoast-seo-wordpress\/ -->\n<title>Lez\u00edria do Tejo com dezenas de estradas cortadas devido \u00e0s cheias - Portal Tela Portugal<\/title>\n<meta name=\"robots\" content=\"index, follow, max-snippet:-1, max-image-preview:large, max-video-preview:-1\" \/>\n<meta property=\"og:locale\" content=\"pt_PT\" \/>\n<meta property=\"og:type\" content=\"article\" \/>\n<meta property=\"og:title\" content=\"Lez\u00edria do Tejo com dezenas de estradas cortadas devido \u00e0s cheias - Portal Tela Portugal\" \/>\n<meta property=\"og:description\" content=\"A Autoridade Nacional de Emerg\u00eancia e Prote\u00e7\u00e3o Civil atualizou a lista de vias afetadas pelas cheias na Lez\u00edria do Tejo, com v\u00e1rias estradas cortadas ou submersas, apesar de alguma estabiliza\u00e7\u00e3o dos caudais. Em Coruche, v\u00e1rias vias est\u00e3o cortadas ou submersas, incluindo o desvio \u00e0 Ponte da Escusa, a Estrada das Meias e a Estrada do Rebolo, com galgamento da margem esquerda do Sorraia. Em Salvaterra de Magos, permanecem intransit\u00e1veis liga\u00e7\u00f5es como a Marinhais\u2013Foros de Salvaterra, a Estrada do Paul e a Estrada do Massapez, entre outras. No Cartaxo, Santar\u00e9m, Goleg\u00e3, Rio Maior, Chamusca, Alpiar\u00e7a, Azambuja, Benavente, Almeirim e Torres Novas h\u00e1 vias submersas ou interditas (ex.: EN, EM, ER, estradas locais), com pontos cr\u00edticos e risco de o colapso de pontes. Autoridades pedem aos condutores para n\u00e3o atravessar zonas alagadas, respeitar a sinaliza\u00e7\u00e3o de corte e manter-se atentos \u00e0s atualiza\u00e7\u00f5es da Prote\u00e7\u00e3o Civil.\" \/>\n<meta property=\"og:url\" content=\"https:\/\/portaltela.pt\/noticias\/2026\/02\/01\/leziria-do-tejo-com-dezenas-de-estradas-cortadas-devido-as-cheias\/\" \/>\n<meta property=\"og:site_name\" content=\"Portal Tela Portugal\" \/>\n<meta property=\"article:published_time\" content=\"2026-02-01T11:12:00+00:00\" \/>\n<meta name=\"author\" content=\"Telinha\" \/>\n<meta name=\"twitter:card\" content=\"summary_large_image\" \/>\n<meta name=\"twitter:label1\" content=\"Escrito por\" \/>\n\t<meta name=\"twitter:data1\" content=\"Telinha\" \/>\n\t<meta name=\"twitter:label2\" content=\"Tempo estimado de leitura\" \/>\n\t<meta name=\"twitter:data2\" content=\"2 minutos\" \/>\n<script type=\"application\/ld+json\" class=\"yoast-schema-graph\">{\"@context\":\"https:\/\/schema.org\",\"@graph\":[{\"@type\":\"Article\",\"@id\":\"https:\/\/portaltela.pt\/noticias\/2026\/02\/01\/leziria-do-tejo-com-dezenas-de-estradas-cortadas-devido-as-cheias\/#article\",\"isPartOf\":{\"@id\":\"https:\/\/portaltela.pt\/noticias\/2026\/02\/01\/leziria-do-tejo-com-dezenas-de-estradas-cortadas-devido-as-cheias\/\"},\"author\":{\"name\":\"Telinha\",\"@id\":\"https:\/\/portaltela.pt\/#\/schema\/person\/c4278d4a6028830caff9ee44b42d32ed\"},\"headline\":\"Lez\u00edria do Tejo com dezenas de estradas cortadas devido \u00e0s cheias\",\"datePublished\":\"2026-02-01T11:12:00+00:00\",\"mainEntityOfPage\":{\"@id\":\"https:\/\/portaltela.pt\/noticias\/2026\/02\/01\/leziria-do-tejo-com-dezenas-de-estradas-cortadas-devido-as-cheias\/\"},\"wordCount\":477,\"image\":{\"@id\":\"https:\/\/portaltela.pt\/noticias\/2026\/02\/01\/leziria-do-tejo-com-dezenas-de-estradas-cortadas-devido-as-cheias\/#primaryimage\"},\"thumbnailUrl\":\"https:\/\/portaltela.pt\/s.01k8rhncp4jt1\/2026\/02\/image-1-92-e1769618173389.jpg\",\"keywords\":[\"alagamentos\",\"Almeirim\",\"Coruche\",\"inunda\u00e7\u00f5es\",\"prote\u00e7\u00e3o civil\",\"Santar\u00e9m\"],\"articleSection\":[\"Not\u00edcias\"],\"inLanguage\":\"pt-PT\"},{\"@type\":\"WebPage\",\"@id\":\"https:\/\/portaltela.pt\/noticias\/2026\/02\/01\/leziria-do-tejo-com-dezenas-de-estradas-cortadas-devido-as-cheias\/\",\"url\":\"https:\/\/portaltela.pt\/noticias\/2026\/02\/01\/leziria-do-tejo-com-dezenas-de-estradas-cortadas-devido-as-cheias\/\",\"name\":\"Lez\u00edria do Tejo com dezenas de estradas cortadas devido \u00e0s cheias - Portal Tela Portugal\",\"isPartOf\":{\"@id\":\"https:\/\/portaltela.pt\/#website\"},\"primaryImageOfPage\":{\"@id\":\"https:\/\/portaltela.pt\/noticias\/2026\/02\/01\/leziria-do-tejo-com-dezenas-de-estradas-cortadas-devido-as-cheias\/#primaryimage\"},\"image\":{\"@id\":\"https:\/\/portaltela.pt\/noticias\/2026\/02\/01\/leziria-do-tejo-com-dezenas-de-estradas-cortadas-devido-as-cheias\/#primaryimage\"},\"thumbnailUrl\":\"https:\/\/portaltela.pt\/s.01k8rhncp4jt1\/2026\/02\/image-1-92-e1769618173389.jpg\",\"datePublished\":\"2026-02-01T11:12:00+00:00\",\"author\":{\"@id\":\"https:\/\/portaltela.pt\/#\/schema\/person\/c4278d4a6028830caff9ee44b42d32ed\"},\"breadcrumb\":{\"@id\":\"https:\/\/portaltela.pt\/noticias\/2026\/02\/01\/leziria-do-tejo-com-dezenas-de-estradas-cortadas-devido-as-cheias\/#breadcrumb\"},\"inLanguage\":\"pt-PT\",\"potentialAction\":[{\"@type\":\"ReadAction\",\"target\":[\"https:\/\/portaltela.pt\/noticias\/2026\/02\/01\/leziria-do-tejo-com-dezenas-de-estradas-cortadas-devido-as-cheias\/\"]}]},{\"@type\":\"ImageObject\",\"inLanguage\":\"pt-PT\",\"@id\":\"https:\/\/portaltela.pt\/noticias\/2026\/02\/01\/leziria-do-tejo-com-dezenas-de-estradas-cortadas-devido-as-cheias\/#primaryimage\",\"url\":\"https:\/\/portaltela.pt\/s.01k8rhncp4jt1\/2026\/02\/image-1-92-e1769618173389.jpg\",\"contentUrl\":\"https:\/\/portaltela.pt\/s.01k8rhncp4jt1\/2026\/02\/image-1-92-e1769618173389.jpg\",\"width\":796,\"height\":448,\"caption\":\"Prote\u00e7\u00e3o Civil alerta para subida dos caudais do Tejo nas pr\u00f3ximas horas e dezenas de estradas submersas na regi\u00e3o\"},{\"@type\":\"BreadcrumbList\",\"@id\":\"https:\/\/portaltela.pt\/noticias\/2026\/02\/01\/leziria-do-tejo-com-dezenas-de-estradas-cortadas-devido-as-cheias\/#breadcrumb\",\"itemListElement\":[{\"@type\":\"ListItem\",\"position\":1,\"name\":\"In\u00edcio\",\"item\":\"https:\/\/portaltela.pt\/\"},{\"@type\":\"ListItem\",\"position\":2,\"name\":\"Lez\u00edria do Tejo com dezenas de estradas cortadas devido \u00e0s cheias\"}]},{\"@type\":\"WebSite\",\"@id\":\"https:\/\/portaltela.pt\/#website\",\"url\":\"https:\/\/portaltela.pt\/\",\"name\":\"Portal Tela Portugal\",\"description\":\"\",\"potentialAction\":[{\"@type\":\"SearchAction\",\"target\":{\"@type\":\"EntryPoint\",\"urlTemplate\":\"https:\/\/portaltela.pt\/?s={search_term_string}\"},\"query-input\":{\"@type\":\"PropertyValueSpecification\",\"valueRequired\":true,\"valueName\":\"search_term_string\"}}],\"inLanguage\":\"pt-PT\"},{\"@type\":\"Person\",\"@id\":\"https:\/\/portaltela.pt\/#\/schema\/person\/c4278d4a6028830caff9ee44b42d32ed\",\"name\":\"Telinha\",\"image\":{\"@type\":\"ImageObject\",\"inLanguage\":\"pt-PT\",\"@id\":\"https:\/\/portaltela.pt\/s.01k8rhncp4jt1\/2025\/11\/talking-bot-125x125.png\",\"url\":\"https:\/\/portaltela.pt\/s.01k8rhncp4jt1\/2025\/11\/talking-bot-125x125.png\",\"contentUrl\":\"https:\/\/portaltela.pt\/s.01k8rhncp4jt1\/2025\/11\/talking-bot-125x125.png\",\"caption\":\"Telinha\"},\"sameAs\":[\"https:\/\/portaltela.pt\/\"],\"url\":\"https:\/\/portaltela.pt\/por\/367410592786\/\"}]}<\/script>\n<!-- \/ Yoast SEO plugin. -->","yoast_head_json":{"title":"Lez\u00edria do Tejo com dezenas de estradas cortadas devido \u00e0s cheias - Portal Tela Portugal","robots":{"index":"index","follow":"follow","max-snippet":"max-snippet:-1","max-image-preview":"max-image-preview:large","max-video-preview":"max-video-preview:-1"},"og_locale":"pt_PT","og_type":"article","og_title":"Lez\u00edria do Tejo com dezenas de estradas cortadas devido \u00e0s cheias - Portal Tela Portugal","og_description":"A Autoridade Nacional de Emerg\u00eancia e Prote\u00e7\u00e3o Civil atualizou a lista de vias afetadas pelas cheias na Lez\u00edria do Tejo, com v\u00e1rias estradas cortadas ou submersas, apesar de alguma estabiliza\u00e7\u00e3o dos caudais. Em Coruche, v\u00e1rias vias est\u00e3o cortadas ou submersas, incluindo o desvio \u00e0 Ponte da Escusa, a Estrada das Meias e a Estrada do Rebolo, com galgamento da margem esquerda do Sorraia. Em Salvaterra de Magos, permanecem intransit\u00e1veis liga\u00e7\u00f5es como a Marinhais\u2013Foros de Salvaterra, a Estrada do Paul e a Estrada do Massapez, entre outras. No Cartaxo, Santar\u00e9m, Goleg\u00e3, Rio Maior, Chamusca, Alpiar\u00e7a, Azambuja, Benavente, Almeirim e Torres Novas h\u00e1 vias submersas ou interditas (ex.: EN, EM, ER, estradas locais), com pontos cr\u00edticos e risco de o colapso de pontes. Autoridades pedem aos condutores para n\u00e3o atravessar zonas alagadas, respeitar a sinaliza\u00e7\u00e3o de corte e manter-se atentos \u00e0s atualiza\u00e7\u00f5es da Prote\u00e7\u00e3o Civil.","og_url":"https:\/\/portaltela.pt\/noticias\/2026\/02\/01\/leziria-do-tejo-com-dezenas-de-estradas-cortadas-devido-as-cheias\/","og_site_name":"Portal Tela Portugal","article_published_time":"2026-02-01T11:12:00+00:00","author":"Telinha","twitter_card":"summary_large_image","twitter_misc":{"Escrito por":"Telinha","Tempo estimado de leitura":"2 minutos"},"schema":{"@context":"https:\/\/schema.org","@graph":[{"@type":"Article","@id":"https:\/\/portaltela.pt\/noticias\/2026\/02\/01\/leziria-do-tejo-com-dezenas-de-estradas-cortadas-devido-as-cheias\/#article","isPartOf":{"@id":"https:\/\/portaltela.pt\/noticias\/2026\/02\/01\/leziria-do-tejo-com-dezenas-de-estradas-cortadas-devido-as-cheias\/"},"author":{"name":"Telinha","@id":"https:\/\/portaltela.pt\/#\/schema\/person\/c4278d4a6028830caff9ee44b42d32ed"},"headline":"Lez\u00edria do Tejo com dezenas de estradas cortadas devido \u00e0s cheias","datePublished":"2026-02-01T11:12:00+00:00","mainEntityOfPage":{"@id":"https:\/\/portaltela.pt\/noticias\/2026\/02\/01\/leziria-do-tejo-com-dezenas-de-estradas-cortadas-devido-as-cheias\/"},"wordCount":477,"image":{"@id":"https:\/\/portaltela.pt\/noticias\/2026\/02\/01\/leziria-do-tejo-com-dezenas-de-estradas-cortadas-devido-as-cheias\/#primaryimage"},"thumbnailUrl":"https:\/\/portaltela.pt\/s.01k8rhncp4jt1\/2026\/02\/image-1-92-e1769618173389.jpg","keywords":["alagamentos","Almeirim","Coruche","inunda\u00e7\u00f5es","prote\u00e7\u00e3o civil","Santar\u00e9m"],"articleSection":["Not\u00edcias"],"inLanguage":"pt-PT"},{"@type":"WebPage","@id":"https:\/\/portaltela.pt\/noticias\/2026\/02\/01\/leziria-do-tejo-com-dezenas-de-estradas-cortadas-devido-as-cheias\/","url":"https:\/\/portaltela.pt\/noticias\/2026\/02\/01\/leziria-do-tejo-com-dezenas-de-estradas-cortadas-devido-as-cheias\/","name":"Lez\u00edria do Tejo com dezenas de estradas cortadas devido \u00e0s cheias - Portal Tela Portugal","isPartOf":{"@id":"https:\/\/portaltela.pt\/#website"},"primaryImageOfPage":{"@id":"https:\/\/portaltela.pt\/noticias\/2026\/02\/01\/leziria-do-tejo-com-dezenas-de-estradas-cortadas-devido-as-cheias\/#primaryimage"},"image":{"@id":"https:\/\/portaltela.pt\/noticias\/2026\/02\/01\/leziria-do-tejo-com-dezenas-de-estradas-cortadas-devido-as-cheias\/#primaryimage"},"thumbnailUrl":"https:\/\/portaltela.pt\/s.01k8rhncp4jt1\/2026\/02\/image-1-92-e1769618173389.jpg","datePublished":"2026-02-01T11:12:00+00:00","author":{"@id":"https:\/\/portaltela.pt\/#\/schema\/person\/c4278d4a6028830caff9ee44b42d32ed"},"breadcrumb":{"@id":"https:\/\/portaltela.pt\/noticias\/2026\/02\/01\/leziria-do-tejo-com-dezenas-de-estradas-cortadas-devido-as-cheias\/#breadcrumb"},"inLanguage":"pt-PT","potentialAction":[{"@type":"ReadAction","target":["https:\/\/portaltela.pt\/noticias\/2026\/02\/01\/leziria-do-tejo-com-dezenas-de-estradas-cortadas-devido-as-cheias\/"]}]},{"@type":"ImageObject","inLanguage":"pt-PT","@id":"https:\/\/portaltela.pt\/noticias\/2026\/02\/01\/leziria-do-tejo-com-dezenas-de-estradas-cortadas-devido-as-cheias\/#primaryimage","url":"https:\/\/portaltela.pt\/s.01k8rhncp4jt1\/2026\/02\/image-1-92-e1769618173389.jpg","contentUrl":"https:\/\/portaltela.pt\/s.01k8rhncp4jt1\/2026\/02\/image-1-92-e1769618173389.jpg","width":796,"height":448,"caption":"Prote\u00e7\u00e3o Civil alerta para subida dos caudais do Tejo nas pr\u00f3ximas horas e dezenas de estradas submersas na regi\u00e3o"},{"@type":"BreadcrumbList","@id":"https:\/\/portaltela.pt\/noticias\/2026\/02\/01\/leziria-do-tejo-com-dezenas-de-estradas-cortadas-devido-as-cheias\/#breadcrumb","itemListElement":[{"@type":"ListItem","position":1,"name":"In\u00edcio","item":"https:\/\/portaltela.pt\/"},{"@type":"ListItem","position":2,"name":"Lez\u00edria do Tejo com dezenas de estradas cortadas devido \u00e0s cheias"}]},{"@type":"WebSite","@id":"https:\/\/portaltela.pt\/#website","url":"https:\/\/portaltela.pt\/","name":"Portal Tela Portugal","description":"","potentialAction":[{"@type":"SearchAction","target":{"@type":"EntryPoint","urlTemplate":"https:\/\/portaltela.pt\/?s={search_term_string}"},"query-input":{"@type":"PropertyValueSpecification","valueRequired":true,"valueName":"search_term_string"}}],"inLanguage":"pt-PT"},{"@type":"Person","@id":"https:\/\/portaltela.pt\/#\/schema\/person\/c4278d4a6028830caff9ee44b42d32ed","name":"Telinha","image":{"@type":"ImageObject","inLanguage":"pt-PT","@id":"https:\/\/portaltela.pt\/s.01k8rhncp4jt1\/2025\/11\/talking-bot-125x125.png","url":"https:\/\/portaltela.pt\/s.01k8rhncp4jt1\/2025\/11\/talking-bot-125x125.png","contentUrl":"https:\/\/portaltela.pt\/s.01k8rhncp4jt1\/2025\/11\/talking-bot-125x125.png","caption":"Telinha"},"sameAs":["https:\/\/portaltela.pt\/"],"url":"https:\/\/portaltela.pt\/por\/367410592786\/"}]}},"_links":{"self":[{"href":"https:\/\/portaltela.pt\/api\/wp\/v2\/posts\/188401","targetHints":{"allow":["GET"]}}],"collection":[{"href":"https:\/\/portaltela.pt\/api\/wp\/v2\/posts"}],"about":[{"href":"https:\/\/portaltela.pt\/api\/wp\/v2\/types\/post"}],"author":[{"embeddable":true,"href":"https:\/\/portaltela.pt\/api\/wp\/v2\/users\/2"}],"replies":[{"embeddable":true,"href":"https:\/\/portaltela.pt\/api\/wp\/v2\/comments?post=188401"}],"version-history":[{"count":0,"href":"https:\/\/portaltela.pt\/api\/wp\/v2\/posts\/188401\/revisions"}],"wp:featuredmedia":[{"embeddable":true,"href":"https:\/\/portaltela.pt\/api\/wp\/v2\/media\/188402"}],"wp:attachment":[{"href":"https:\/\/portaltela.pt\/api\/wp\/v2\/media?parent=188401"}],"wp:term":[{"taxonomy":"category","embeddable":true,"href":"https:\/\/portaltela.pt\/api\/wp\/v2\/categories?post=188401"},{"taxonomy":"post_tag","embeddable":true,"href":"https:\/\/portaltela.pt\/api\/wp\/v2\/tags?post=188401"}],"curies":[{"name":"wp","href":"https:\/\/api.w.org\/{rel}","templated":true}]}}