{"id":188396,"date":"2026-02-01T08:04:13","date_gmt":"2026-02-01T11:04:13","guid":{"rendered":"https:\/\/portaltela.pt\/noticias\/2026\/02\/01\/terceiro-e-ultimo-dia-da-feira-de-docaria-conventual-de-vila-vicosa\/"},"modified":"2026-02-01T08:04:13","modified_gmt":"2026-02-01T11:04:13","slug":"terceiro-e-ultimo-dia-da-feira-de-docaria-conventual-de-vila-vicosa","status":"publish","type":"post","link":"https:\/\/portaltela.pt\/noticias\/2026\/02\/01\/terceiro-e-ultimo-dia-da-feira-de-docaria-conventual-de-vila-vicosa\/","title":{"rendered":"Terceiro e \u00faltimo dia da Feira de Do\u00e7aria Conventual de Vila Vi\u00e7osa"},"content":{"rendered":"<p>O terceiro e \u00faltimo dia da Feira de Do\u00e7aria Conventual de Vila Vi\u00e7osa, associada a Lurdes Ramos, est\u00e1 em curso em Vila Vi\u00e7osa. O evento encerra-se hoje, oferecendo produtos de do\u00e7aria conventual.<\/p>\n<p>A participa\u00e7\u00e3o envolve a organiza\u00e7\u00e3o associada a Lurdes Ramos e produtores locais. Informa\u00e7\u00f5es adicionais podem ser consultadas no post publicado no Facebook da iniciativa.<\/p>\n<h3>Sobre a edi\u00e7\u00e3o e funcionamento<\/h3>\n<p>O an\u00fancio indica que se trata do \u00faltimo dia da feira, com atualiza\u00e7\u00f5es dispon\u00edveis na p\u00e1gina de Facebook. N\u00e3o foram detalhados hor\u00e1rios ou locais adicionais no material enviado.<\/p>\n","protected":false},"excerpt":{"rendered":"<ul>\n<li>Terceiro e \u00faltimo dia da Feira de Do\u00e7aria Conventual de Vila Vi\u00e7osa, associada a Lurdes Ramos.<\/li>\n<li>O evento decorre em Vila Vi\u00e7osa e encerra a edi\u00e7\u00e3o em curso.<\/li>\n<li>A nota indica que h\u00e1 link no Facebook para mais informa\u00e7\u00f5es.<\/li>\n<li>O an\u00fancio faz refer\u00eancia direta ao \u201cLink no Facebook\u201d para a divulga\u00e7\u00e3o.<\/li>\n<li>N\u00e3o foram detalhados hor\u00e1rios ou atividades espec\u00edficas do \u00faltimo dia.<\/li>\n<\/ul>\n","protected":false},"author":2,"featured_media":188398,"comment_status":"closed","ping_status":"closed","sticky":false,"template":"","format":"standard","meta":{"footnotes":""},"categories":[1],"tags":[883,638,3731,4387,219,169],"class_list":["post-188396","post","type-post","status-publish","format-standard","has-post-thumbnail","hentry","category-noticias","tag-alentejo","tag-docaria","tag-eventos","tag-feiras-internacionais","tag-gastronomia","tag-turismo"],"yoast_head":"<!-- This site is optimized with the Yoast SEO plugin v27.2 - https:\/\/yoast.com\/product\/yoast-seo-wordpress\/ -->\n<title>Terceiro e \u00faltimo dia da Feira de Do\u00e7aria Conventual de Vila Vi\u00e7osa - Portal Tela Portugal<\/title>\n<meta name=\"robots\" content=\"index, follow, max-snippet:-1, max-image-preview:large, max-video-preview:-1\" \/>\n<meta property=\"og:locale\" content=\"pt_PT\" \/>\n<meta property=\"og:type\" content=\"article\" \/>\n<meta property=\"og:title\" content=\"Terceiro e \u00faltimo dia da Feira de Do\u00e7aria Conventual de Vila Vi\u00e7osa - Portal Tela Portugal\" \/>\n<meta property=\"og:description\" content=\"Terceiro e \u00faltimo dia da Feira de Do\u00e7aria Conventual de Vila Vi\u00e7osa, associada a Lurdes Ramos. O evento decorre em Vila Vi\u00e7osa e encerra a edi\u00e7\u00e3o em curso. A nota indica que h\u00e1 link no Facebook para mais informa\u00e7\u00f5es. O an\u00fancio faz refer\u00eancia direta ao \u201cLink no Facebook\u201d para a divulga\u00e7\u00e3o. N\u00e3o foram detalhados hor\u00e1rios ou atividades espec\u00edficas do \u00faltimo dia.\" \/>\n<meta property=\"og:url\" content=\"https:\/\/portaltela.pt\/noticias\/2026\/02\/01\/terceiro-e-ultimo-dia-da-feira-de-docaria-conventual-de-vila-vicosa\/\" \/>\n<meta property=\"og:site_name\" content=\"Portal Tela Portugal\" \/>\n<meta property=\"article:published_time\" content=\"2026-02-01T11:04:13+00:00\" \/>\n<meta name=\"author\" content=\"Telinha\" \/>\n<meta name=\"twitter:card\" content=\"summary_large_image\" \/>\n<meta name=\"twitter:label1\" content=\"Escrito por\" \/>\n\t<meta name=\"twitter:data1\" content=\"Telinha\" \/>\n\t<meta name=\"twitter:label2\" content=\"Tempo estimado de leitura\" \/>\n\t<meta name=\"twitter:data2\" content=\"1 minuto\" \/>\n<script type=\"application\/ld+json\" class=\"yoast-schema-graph\">{\"@context\":\"https:\/\/schema.org\",\"@graph\":[{\"@type\":\"Article\",\"@id\":\"https:\/\/portaltela.pt\/noticias\/2026\/02\/01\/terceiro-e-ultimo-dia-da-feira-de-docaria-conventual-de-vila-vicosa\/#article\",\"isPartOf\":{\"@id\":\"https:\/\/portaltela.pt\/noticias\/2026\/02\/01\/terceiro-e-ultimo-dia-da-feira-de-docaria-conventual-de-vila-vicosa\/\"},\"author\":{\"name\":\"Telinha\",\"@id\":\"https:\/\/portaltela.pt\/#\/schema\/person\/c4278d4a6028830caff9ee44b42d32ed\"},\"headline\":\"Terceiro e \u00faltimo dia da Feira de Do\u00e7aria Conventual de Vila Vi\u00e7osa\",\"datePublished\":\"2026-02-01T11:04:13+00:00\",\"mainEntityOfPage\":{\"@id\":\"https:\/\/portaltela.pt\/noticias\/2026\/02\/01\/terceiro-e-ultimo-dia-da-feira-de-docaria-conventual-de-vila-vicosa\/\"},\"wordCount\":117,\"image\":{\"@id\":\"https:\/\/portaltela.pt\/noticias\/2026\/02\/01\/terceiro-e-ultimo-dia-da-feira-de-docaria-conventual-de-vila-vicosa\/#primaryimage\"},\"thumbnailUrl\":\"https:\/\/portaltela.pt\/s.01k8rhncp4jt1\/2026\/02\/unnamed-file-70.jpg\",\"keywords\":[\"Alentejo\",\"do\u00e7aria\",\"eventos\",\"feiras internacionais\",\"gastronomia\",\"turismo\"],\"articleSection\":[\"Not\u00edcias\"],\"inLanguage\":\"pt-PT\"},{\"@type\":\"WebPage\",\"@id\":\"https:\/\/portaltela.pt\/noticias\/2026\/02\/01\/terceiro-e-ultimo-dia-da-feira-de-docaria-conventual-de-vila-vicosa\/\",\"url\":\"https:\/\/portaltela.pt\/noticias\/2026\/02\/01\/terceiro-e-ultimo-dia-da-feira-de-docaria-conventual-de-vila-vicosa\/\",\"name\":\"Terceiro e \u00faltimo dia da Feira de Do\u00e7aria Conventual de Vila Vi\u00e7osa - Portal Tela Portugal\",\"isPartOf\":{\"@id\":\"https:\/\/portaltela.pt\/#website\"},\"primaryImageOfPage\":{\"@id\":\"https:\/\/portaltela.pt\/noticias\/2026\/02\/01\/terceiro-e-ultimo-dia-da-feira-de-docaria-conventual-de-vila-vicosa\/#primaryimage\"},\"image\":{\"@id\":\"https:\/\/portaltela.pt\/noticias\/2026\/02\/01\/terceiro-e-ultimo-dia-da-feira-de-docaria-conventual-de-vila-vicosa\/#primaryimage\"},\"thumbnailUrl\":\"https:\/\/portaltela.pt\/s.01k8rhncp4jt1\/2026\/02\/unnamed-file-70.jpg\",\"datePublished\":\"2026-02-01T11:04:13+00:00\",\"author\":{\"@id\":\"https:\/\/portaltela.pt\/#\/schema\/person\/c4278d4a6028830caff9ee44b42d32ed\"},\"breadcrumb\":{\"@id\":\"https:\/\/portaltela.pt\/noticias\/2026\/02\/01\/terceiro-e-ultimo-dia-da-feira-de-docaria-conventual-de-vila-vicosa\/#breadcrumb\"},\"inLanguage\":\"pt-PT\",\"potentialAction\":[{\"@type\":\"ReadAction\",\"target\":[\"https:\/\/portaltela.pt\/noticias\/2026\/02\/01\/terceiro-e-ultimo-dia-da-feira-de-docaria-conventual-de-vila-vicosa\/\"]}]},{\"@type\":\"ImageObject\",\"inLanguage\":\"pt-PT\",\"@id\":\"https:\/\/portaltela.pt\/noticias\/2026\/02\/01\/terceiro-e-ultimo-dia-da-feira-de-docaria-conventual-de-vila-vicosa\/#primaryimage\",\"url\":\"https:\/\/portaltela.pt\/s.01k8rhncp4jt1\/2026\/02\/unnamed-file-70.jpg\",\"contentUrl\":\"https:\/\/portaltela.pt\/s.01k8rhncp4jt1\/2026\/02\/unnamed-file-70.jpg\",\"width\":796,\"height\":448,\"caption\":\"Terceiro e \u00faltimo dia da Feira de Do\u00e7aria Conventual de Vila Vi\u00e7osa Lurdes Ramos!\"},{\"@type\":\"BreadcrumbList\",\"@id\":\"https:\/\/portaltela.pt\/noticias\/2026\/02\/01\/terceiro-e-ultimo-dia-da-feira-de-docaria-conventual-de-vila-vicosa\/#breadcrumb\",\"itemListElement\":[{\"@type\":\"ListItem\",\"position\":1,\"name\":\"In\u00edcio\",\"item\":\"https:\/\/portaltela.pt\/\"},{\"@type\":\"ListItem\",\"position\":2,\"name\":\"Terceiro e \u00faltimo dia da Feira de Do\u00e7aria Conventual de Vila Vi\u00e7osa\"}]},{\"@type\":\"WebSite\",\"@id\":\"https:\/\/portaltela.pt\/#website\",\"url\":\"https:\/\/portaltela.pt\/\",\"name\":\"Portal Tela Portugal\",\"description\":\"\",\"potentialAction\":[{\"@type\":\"SearchAction\",\"target\":{\"@type\":\"EntryPoint\",\"urlTemplate\":\"https:\/\/portaltela.pt\/?s={search_term_string}\"},\"query-input\":{\"@type\":\"PropertyValueSpecification\",\"valueRequired\":true,\"valueName\":\"search_term_string\"}}],\"inLanguage\":\"pt-PT\"},{\"@type\":\"Person\",\"@id\":\"https:\/\/portaltela.pt\/#\/schema\/person\/c4278d4a6028830caff9ee44b42d32ed\",\"name\":\"Telinha\",\"image\":{\"@type\":\"ImageObject\",\"inLanguage\":\"pt-PT\",\"@id\":\"https:\/\/portaltela.pt\/s.01k8rhncp4jt1\/2025\/11\/talking-bot-125x125.png\",\"url\":\"https:\/\/portaltela.pt\/s.01k8rhncp4jt1\/2025\/11\/talking-bot-125x125.png\",\"contentUrl\":\"https:\/\/portaltela.pt\/s.01k8rhncp4jt1\/2025\/11\/talking-bot-125x125.png\",\"caption\":\"Telinha\"},\"sameAs\":[\"https:\/\/portaltela.pt\/\"],\"url\":\"https:\/\/portaltela.pt\/por\/367410592786\/\"}]}<\/script>\n<!-- \/ Yoast SEO plugin. -->","yoast_head_json":{"title":"Terceiro e \u00faltimo dia da Feira de Do\u00e7aria Conventual de Vila Vi\u00e7osa - Portal Tela Portugal","robots":{"index":"index","follow":"follow","max-snippet":"max-snippet:-1","max-image-preview":"max-image-preview:large","max-video-preview":"max-video-preview:-1"},"og_locale":"pt_PT","og_type":"article","og_title":"Terceiro e \u00faltimo dia da Feira de Do\u00e7aria Conventual de Vila Vi\u00e7osa - Portal Tela Portugal","og_description":"Terceiro e \u00faltimo dia da Feira de Do\u00e7aria Conventual de Vila Vi\u00e7osa, associada a Lurdes Ramos. O evento decorre em Vila Vi\u00e7osa e encerra a edi\u00e7\u00e3o em curso. A nota indica que h\u00e1 link no Facebook para mais informa\u00e7\u00f5es. O an\u00fancio faz refer\u00eancia direta ao \u201cLink no Facebook\u201d para a divulga\u00e7\u00e3o. N\u00e3o foram detalhados hor\u00e1rios ou atividades espec\u00edficas do \u00faltimo dia.","og_url":"https:\/\/portaltela.pt\/noticias\/2026\/02\/01\/terceiro-e-ultimo-dia-da-feira-de-docaria-conventual-de-vila-vicosa\/","og_site_name":"Portal Tela Portugal","article_published_time":"2026-02-01T11:04:13+00:00","author":"Telinha","twitter_card":"summary_large_image","twitter_misc":{"Escrito por":"Telinha","Tempo estimado de leitura":"1 minuto"},"schema":{"@context":"https:\/\/schema.org","@graph":[{"@type":"Article","@id":"https:\/\/portaltela.pt\/noticias\/2026\/02\/01\/terceiro-e-ultimo-dia-da-feira-de-docaria-conventual-de-vila-vicosa\/#article","isPartOf":{"@id":"https:\/\/portaltela.pt\/noticias\/2026\/02\/01\/terceiro-e-ultimo-dia-da-feira-de-docaria-conventual-de-vila-vicosa\/"},"author":{"name":"Telinha","@id":"https:\/\/portaltela.pt\/#\/schema\/person\/c4278d4a6028830caff9ee44b42d32ed"},"headline":"Terceiro e \u00faltimo dia da Feira de Do\u00e7aria Conventual de Vila Vi\u00e7osa","datePublished":"2026-02-01T11:04:13+00:00","mainEntityOfPage":{"@id":"https:\/\/portaltela.pt\/noticias\/2026\/02\/01\/terceiro-e-ultimo-dia-da-feira-de-docaria-conventual-de-vila-vicosa\/"},"wordCount":117,"image":{"@id":"https:\/\/portaltela.pt\/noticias\/2026\/02\/01\/terceiro-e-ultimo-dia-da-feira-de-docaria-conventual-de-vila-vicosa\/#primaryimage"},"thumbnailUrl":"https:\/\/portaltela.pt\/s.01k8rhncp4jt1\/2026\/02\/unnamed-file-70.jpg","keywords":["Alentejo","do\u00e7aria","eventos","feiras internacionais","gastronomia","turismo"],"articleSection":["Not\u00edcias"],"inLanguage":"pt-PT"},{"@type":"WebPage","@id":"https:\/\/portaltela.pt\/noticias\/2026\/02\/01\/terceiro-e-ultimo-dia-da-feira-de-docaria-conventual-de-vila-vicosa\/","url":"https:\/\/portaltela.pt\/noticias\/2026\/02\/01\/terceiro-e-ultimo-dia-da-feira-de-docaria-conventual-de-vila-vicosa\/","name":"Terceiro e \u00faltimo dia da Feira de Do\u00e7aria Conventual de Vila Vi\u00e7osa - Portal Tela Portugal","isPartOf":{"@id":"https:\/\/portaltela.pt\/#website"},"primaryImageOfPage":{"@id":"https:\/\/portaltela.pt\/noticias\/2026\/02\/01\/terceiro-e-ultimo-dia-da-feira-de-docaria-conventual-de-vila-vicosa\/#primaryimage"},"image":{"@id":"https:\/\/portaltela.pt\/noticias\/2026\/02\/01\/terceiro-e-ultimo-dia-da-feira-de-docaria-conventual-de-vila-vicosa\/#primaryimage"},"thumbnailUrl":"https:\/\/portaltela.pt\/s.01k8rhncp4jt1\/2026\/02\/unnamed-file-70.jpg","datePublished":"2026-02-01T11:04:13+00:00","author":{"@id":"https:\/\/portaltela.pt\/#\/schema\/person\/c4278d4a6028830caff9ee44b42d32ed"},"breadcrumb":{"@id":"https:\/\/portaltela.pt\/noticias\/2026\/02\/01\/terceiro-e-ultimo-dia-da-feira-de-docaria-conventual-de-vila-vicosa\/#breadcrumb"},"inLanguage":"pt-PT","potentialAction":[{"@type":"ReadAction","target":["https:\/\/portaltela.pt\/noticias\/2026\/02\/01\/terceiro-e-ultimo-dia-da-feira-de-docaria-conventual-de-vila-vicosa\/"]}]},{"@type":"ImageObject","inLanguage":"pt-PT","@id":"https:\/\/portaltela.pt\/noticias\/2026\/02\/01\/terceiro-e-ultimo-dia-da-feira-de-docaria-conventual-de-vila-vicosa\/#primaryimage","url":"https:\/\/portaltela.pt\/s.01k8rhncp4jt1\/2026\/02\/unnamed-file-70.jpg","contentUrl":"https:\/\/portaltela.pt\/s.01k8rhncp4jt1\/2026\/02\/unnamed-file-70.jpg","width":796,"height":448,"caption":"Terceiro e \u00faltimo dia da Feira de Do\u00e7aria Conventual de Vila Vi\u00e7osa Lurdes Ramos!"},{"@type":"BreadcrumbList","@id":"https:\/\/portaltela.pt\/noticias\/2026\/02\/01\/terceiro-e-ultimo-dia-da-feira-de-docaria-conventual-de-vila-vicosa\/#breadcrumb","itemListElement":[{"@type":"ListItem","position":1,"name":"In\u00edcio","item":"https:\/\/portaltela.pt\/"},{"@type":"ListItem","position":2,"name":"Terceiro e \u00faltimo dia da Feira de Do\u00e7aria Conventual de Vila Vi\u00e7osa"}]},{"@type":"WebSite","@id":"https:\/\/portaltela.pt\/#website","url":"https:\/\/portaltela.pt\/","name":"Portal Tela Portugal","description":"","potentialAction":[{"@type":"SearchAction","target":{"@type":"EntryPoint","urlTemplate":"https:\/\/portaltela.pt\/?s={search_term_string}"},"query-input":{"@type":"PropertyValueSpecification","valueRequired":true,"valueName":"search_term_string"}}],"inLanguage":"pt-PT"},{"@type":"Person","@id":"https:\/\/portaltela.pt\/#\/schema\/person\/c4278d4a6028830caff9ee44b42d32ed","name":"Telinha","image":{"@type":"ImageObject","inLanguage":"pt-PT","@id":"https:\/\/portaltela.pt\/s.01k8rhncp4jt1\/2025\/11\/talking-bot-125x125.png","url":"https:\/\/portaltela.pt\/s.01k8rhncp4jt1\/2025\/11\/talking-bot-125x125.png","contentUrl":"https:\/\/portaltela.pt\/s.01k8rhncp4jt1\/2025\/11\/talking-bot-125x125.png","caption":"Telinha"},"sameAs":["https:\/\/portaltela.pt\/"],"url":"https:\/\/portaltela.pt\/por\/367410592786\/"}]}},"_links":{"self":[{"href":"https:\/\/portaltela.pt\/api\/wp\/v2\/posts\/188396","targetHints":{"allow":["GET"]}}],"collection":[{"href":"https:\/\/portaltela.pt\/api\/wp\/v2\/posts"}],"about":[{"href":"https:\/\/portaltela.pt\/api\/wp\/v2\/types\/post"}],"author":[{"embeddable":true,"href":"https:\/\/portaltela.pt\/api\/wp\/v2\/users\/2"}],"replies":[{"embeddable":true,"href":"https:\/\/portaltela.pt\/api\/wp\/v2\/comments?post=188396"}],"version-history":[{"count":0,"href":"https:\/\/portaltela.pt\/api\/wp\/v2\/posts\/188396\/revisions"}],"wp:featuredmedia":[{"embeddable":true,"href":"https:\/\/portaltela.pt\/api\/wp\/v2\/media\/188398"}],"wp:attachment":[{"href":"https:\/\/portaltela.pt\/api\/wp\/v2\/media?parent=188396"}],"wp:term":[{"taxonomy":"category","embeddable":true,"href":"https:\/\/portaltela.pt\/api\/wp\/v2\/categories?post=188396"},{"taxonomy":"post_tag","embeddable":true,"href":"https:\/\/portaltela.pt\/api\/wp\/v2\/tags?post=188396"}],"curies":[{"name":"wp","href":"https:\/\/api.w.org\/{rel}","templated":true}]}}