{"id":188351,"date":"2026-02-01T07:53:00","date_gmt":"2026-02-01T10:53:00","guid":{"rendered":"https:\/\/portaltela.pt\/noticias\/2026\/02\/01\/patriarca-de-lisboa-elogia-resiliencia-de-ourem-sem-contacto-com-aldeia-natal\/"},"modified":"2026-02-01T07:53:00","modified_gmt":"2026-02-01T10:53:00","slug":"patriarca-de-lisboa-elogia-resiliencia-de-ourem-sem-contacto-com-aldeia-natal","status":"publish","type":"post","link":"https:\/\/portaltela.pt\/noticias\/2026\/02\/01\/patriarca-de-lisboa-elogia-resiliencia-de-ourem-sem-contacto-com-aldeia-natal\/","title":{"rendered":"Patriarca de Lisboa elogia resili\u00eancia de Our\u00e9m, sem contacto com aldeia natal"},"content":{"rendered":"<p>O patriarca de Lisboa n\u00e3o teve contacto com a aldeia natal de Our\u00e9m h\u00e1 cinco dias, enquanto pede apoio aos concelhos afetados pela depress\u00e3o Kristin. O arcebispo elogia a resili\u00eancia dos conterr\u00e2neos, que continuam tamb\u00e9m a lidar com os impactos dos inc\u00eandios reportados nos \u00faltimos anos.<\/p>\n<p>Segundo Rui Val\u00e9rio, o concelho de Our\u00e9m tem uma elevada parte do territ\u00f3rio sem eletricidade e, por isso, sem comunica\u00e7\u00f5es. A comunica\u00e7\u00e3o com familiares da Urqueira depende de desloca\u00e7\u00f5es at\u00e9 Our\u00e9m ou F\u00e1tima, devido \u00e0s avarias na rede el\u00e9trica.<\/p>\n<p>A Urqueira \u00e9 uma das aldeias sem acesso est\u00e1vel a servi\u00e7os b\u00e1sicos, com reposi\u00e7\u00e3o estimada em duas semanas para v\u00e1rias zonas dispersas. As pessoas mant\u00eam-se informadas mediante contactos informais com familiares, que descrevem o panorama devastador na regi\u00e3o.<\/p>\n<p>O patriarca de Lisboa recorda a persist\u00eancia da popula\u00e7\u00e3o ao enfrentar as dificuldades e aponta que a f\u00e9 e o apoio de Nossa Senhora de F\u00e1tima sustentam a comunidade. Ele alerta para necessidades de preven\u00e7\u00e3o que s\u00e3o indispens\u00e1veis.<\/p>\n<p>No \u00e2mbito da Igreja, h\u00e1 alinhamento com o presidente da Confer\u00eancia Episcopal Portuguesa e bispo de Leiria-F\u00e1tima para uma resposta coordenada a v\u00e1rios n\u00edveis. Recorda-se ainda uma mobiliza\u00e7\u00e3o com a Igreja de Portugal.<\/p>\n<p>Apoios na regi\u00e3o passam por iniciativas em Lisboa, com apelos a doa\u00e7\u00f5es e ora\u00e7\u00f5es pelas v\u00edtimas. O esfor\u00e7o inclui bens n\u00e3o perec\u00edveis, recolhidos pelas Caritas diocesanas, para as zonas afetadas.<\/p>\n<p>Comunidade local tamb\u00e9m est\u00e1 envolvida com centenas de escuteiros que trabalham na limpeza de espa\u00e7os p\u00fablicos. O apoio humanit\u00e1rio mant\u00e9m-se como prioridade para mitigar os efeitos da depress\u00e3o provocada pelas intemp\u00e9ries.<\/p>\n","protected":false},"excerpt":{"rendered":"<ul>\n<li>O patriarca de Lisboa n\u00e3o manteve contacto com a aldeia Urqueira, em Our\u00e9m, h\u00e1 cinco dias e pediu apoio aos concelhos atingidos pela depress\u00e3o Kristin, elogiando a resili\u00eancia dos conterr\u00e2neos.<\/li>\n<li>V\u00e1rias aldeias do concelho permanecem sem eletricidade e comunica\u00e7\u00f5es, com a recupera\u00e7\u00e3o prevista para cerca de duas semanas, segundo Rui Val\u00e9rio.<\/li>\n<li>A situa\u00e7\u00e3o ocorre ainda a lavrar ap\u00f3s inc\u00eandios anteriores e a depress\u00e3o Kristin, que causaram devasta\u00e7\u00e3o na regi\u00e3o e levantam quest\u00f5es sobre preven\u00e7\u00e3o.<\/li>\n<li>A Igreja de Portugal prepara uma resposta conjunta, em coordena\u00e7\u00e3o com o presidente da Confer\u00eancia Episcopal Portuguesa, Jos\u00e9 Ornelas, e a diocese de Leiria-F\u00e1tima.<\/li>\n<li>Em Lisboa, as celebra\u00e7\u00f5es dominicais pedem doa\u00e7\u00f5es e ora\u00e7\u00e3o pelas v\u00edtimas, com recolha de bens n\u00e3o perec\u00edveis, enquanto centenas de escuteiros ajudam na limpeza dos locais afetados.<\/li>\n<\/ul>\n","protected":false},"author":2,"featured_media":188352,"comment_status":"closed","ping_status":"closed","sticky":false,"template":"","format":"standard","meta":{"footnotes":""},"categories":[1],"tags":[1211,2557,2527,102,2617,2357],"class_list":["post-188351","post","type-post","status-publish","format-standard","has-post-thumbnail","hentry","category-noticias","tag-apoio-social","tag-depressao","tag-escuteiros","tag-igreja","tag-incendios","tag-ourem"],"yoast_head":"<!-- This site is optimized with the Yoast SEO plugin v27.2 - https:\/\/yoast.com\/product\/yoast-seo-wordpress\/ -->\n<title>Patriarca de Lisboa elogia resili\u00eancia de Our\u00e9m, sem contacto com aldeia natal - Portal Tela Portugal<\/title>\n<meta name=\"robots\" content=\"index, follow, max-snippet:-1, max-image-preview:large, max-video-preview:-1\" \/>\n<meta property=\"og:locale\" content=\"pt_PT\" \/>\n<meta property=\"og:type\" content=\"article\" \/>\n<meta property=\"og:title\" content=\"Patriarca de Lisboa elogia resili\u00eancia de Our\u00e9m, sem contacto com aldeia natal - Portal Tela Portugal\" \/>\n<meta property=\"og:description\" content=\"O patriarca de Lisboa n\u00e3o manteve contacto com a aldeia Urqueira, em Our\u00e9m, h\u00e1 cinco dias e pediu apoio aos concelhos atingidos pela depress\u00e3o Kristin, elogiando a resili\u00eancia dos conterr\u00e2neos. V\u00e1rias aldeias do concelho permanecem sem eletricidade e comunica\u00e7\u00f5es, com a recupera\u00e7\u00e3o prevista para cerca de duas semanas, segundo Rui Val\u00e9rio. A situa\u00e7\u00e3o ocorre ainda a lavrar ap\u00f3s inc\u00eandios anteriores e a depress\u00e3o Kristin, que causaram devasta\u00e7\u00e3o na regi\u00e3o e levantam quest\u00f5es sobre preven\u00e7\u00e3o. A Igreja de Portugal prepara uma resposta conjunta, em coordena\u00e7\u00e3o com o presidente da Confer\u00eancia Episcopal Portuguesa, Jos\u00e9 Ornelas, e a diocese de Leiria-F\u00e1tima. Em Lisboa, as celebra\u00e7\u00f5es dominicais pedem doa\u00e7\u00f5es e ora\u00e7\u00e3o pelas v\u00edtimas, com recolha de bens n\u00e3o perec\u00edveis, enquanto centenas de escuteiros ajudam na limpeza dos locais afetados.\" \/>\n<meta property=\"og:url\" content=\"https:\/\/portaltela.pt\/noticias\/2026\/02\/01\/patriarca-de-lisboa-elogia-resiliencia-de-ourem-sem-contacto-com-aldeia-natal\/\" \/>\n<meta property=\"og:site_name\" content=\"Portal Tela Portugal\" \/>\n<meta property=\"article:published_time\" content=\"2026-02-01T10:53:00+00:00\" \/>\n<meta name=\"author\" content=\"Telinha\" \/>\n<meta name=\"twitter:card\" content=\"summary_large_image\" \/>\n<meta name=\"twitter:label1\" content=\"Escrito por\" \/>\n\t<meta name=\"twitter:data1\" content=\"Telinha\" \/>\n\t<meta name=\"twitter:label2\" content=\"Tempo estimado de leitura\" \/>\n\t<meta name=\"twitter:data2\" content=\"2 minutos\" \/>\n<script type=\"application\/ld+json\" class=\"yoast-schema-graph\">{\"@context\":\"https:\/\/schema.org\",\"@graph\":[{\"@type\":\"Article\",\"@id\":\"https:\/\/portaltela.pt\/noticias\/2026\/02\/01\/patriarca-de-lisboa-elogia-resiliencia-de-ourem-sem-contacto-com-aldeia-natal\/#article\",\"isPartOf\":{\"@id\":\"https:\/\/portaltela.pt\/noticias\/2026\/02\/01\/patriarca-de-lisboa-elogia-resiliencia-de-ourem-sem-contacto-com-aldeia-natal\/\"},\"author\":{\"name\":\"Telinha\",\"@id\":\"https:\/\/portaltela.pt\/#\/schema\/person\/c4278d4a6028830caff9ee44b42d32ed\"},\"headline\":\"Patriarca de Lisboa elogia resili\u00eancia de Our\u00e9m, sem contacto com aldeia natal\",\"datePublished\":\"2026-02-01T10:53:00+00:00\",\"mainEntityOfPage\":{\"@id\":\"https:\/\/portaltela.pt\/noticias\/2026\/02\/01\/patriarca-de-lisboa-elogia-resiliencia-de-ourem-sem-contacto-com-aldeia-natal\/\"},\"wordCount\":316,\"image\":{\"@id\":\"https:\/\/portaltela.pt\/noticias\/2026\/02\/01\/patriarca-de-lisboa-elogia-resiliencia-de-ourem-sem-contacto-com-aldeia-natal\/#primaryimage\"},\"thumbnailUrl\":\"https:\/\/portaltela.pt\/s.01k8rhncp4jt1\/2026\/02\/image-18.jpg\",\"keywords\":[\"Apoio Social\",\"depress\u00e3o\",\"Escuteiros\",\"igreja\",\"inc\u00eandios\",\"Our\u00e9m\"],\"articleSection\":[\"Not\u00edcias\"],\"inLanguage\":\"pt-PT\"},{\"@type\":\"WebPage\",\"@id\":\"https:\/\/portaltela.pt\/noticias\/2026\/02\/01\/patriarca-de-lisboa-elogia-resiliencia-de-ourem-sem-contacto-com-aldeia-natal\/\",\"url\":\"https:\/\/portaltela.pt\/noticias\/2026\/02\/01\/patriarca-de-lisboa-elogia-resiliencia-de-ourem-sem-contacto-com-aldeia-natal\/\",\"name\":\"Patriarca de Lisboa elogia resili\u00eancia de Our\u00e9m, sem contacto com aldeia natal - Portal Tela Portugal\",\"isPartOf\":{\"@id\":\"https:\/\/portaltela.pt\/#website\"},\"primaryImageOfPage\":{\"@id\":\"https:\/\/portaltela.pt\/noticias\/2026\/02\/01\/patriarca-de-lisboa-elogia-resiliencia-de-ourem-sem-contacto-com-aldeia-natal\/#primaryimage\"},\"image\":{\"@id\":\"https:\/\/portaltela.pt\/noticias\/2026\/02\/01\/patriarca-de-lisboa-elogia-resiliencia-de-ourem-sem-contacto-com-aldeia-natal\/#primaryimage\"},\"thumbnailUrl\":\"https:\/\/portaltela.pt\/s.01k8rhncp4jt1\/2026\/02\/image-18.jpg\",\"datePublished\":\"2026-02-01T10:53:00+00:00\",\"author\":{\"@id\":\"https:\/\/portaltela.pt\/#\/schema\/person\/c4278d4a6028830caff9ee44b42d32ed\"},\"breadcrumb\":{\"@id\":\"https:\/\/portaltela.pt\/noticias\/2026\/02\/01\/patriarca-de-lisboa-elogia-resiliencia-de-ourem-sem-contacto-com-aldeia-natal\/#breadcrumb\"},\"inLanguage\":\"pt-PT\",\"potentialAction\":[{\"@type\":\"ReadAction\",\"target\":[\"https:\/\/portaltela.pt\/noticias\/2026\/02\/01\/patriarca-de-lisboa-elogia-resiliencia-de-ourem-sem-contacto-com-aldeia-natal\/\"]}]},{\"@type\":\"ImageObject\",\"inLanguage\":\"pt-PT\",\"@id\":\"https:\/\/portaltela.pt\/noticias\/2026\/02\/01\/patriarca-de-lisboa-elogia-resiliencia-de-ourem-sem-contacto-com-aldeia-natal\/#primaryimage\",\"url\":\"https:\/\/portaltela.pt\/s.01k8rhncp4jt1\/2026\/02\/image-18.jpg\",\"contentUrl\":\"https:\/\/portaltela.pt\/s.01k8rhncp4jt1\/2026\/02\/image-18.jpg\",\"width\":796,\"height\":448,\"caption\":\"Foto: Manuel de Almeida\/Lusa\"},{\"@type\":\"BreadcrumbList\",\"@id\":\"https:\/\/portaltela.pt\/noticias\/2026\/02\/01\/patriarca-de-lisboa-elogia-resiliencia-de-ourem-sem-contacto-com-aldeia-natal\/#breadcrumb\",\"itemListElement\":[{\"@type\":\"ListItem\",\"position\":1,\"name\":\"In\u00edcio\",\"item\":\"https:\/\/portaltela.pt\/\"},{\"@type\":\"ListItem\",\"position\":2,\"name\":\"Patriarca de Lisboa elogia resili\u00eancia de Our\u00e9m, sem contacto com aldeia natal\"}]},{\"@type\":\"WebSite\",\"@id\":\"https:\/\/portaltela.pt\/#website\",\"url\":\"https:\/\/portaltela.pt\/\",\"name\":\"Portal Tela Portugal\",\"description\":\"\",\"potentialAction\":[{\"@type\":\"SearchAction\",\"target\":{\"@type\":\"EntryPoint\",\"urlTemplate\":\"https:\/\/portaltela.pt\/?s={search_term_string}\"},\"query-input\":{\"@type\":\"PropertyValueSpecification\",\"valueRequired\":true,\"valueName\":\"search_term_string\"}}],\"inLanguage\":\"pt-PT\"},{\"@type\":\"Person\",\"@id\":\"https:\/\/portaltela.pt\/#\/schema\/person\/c4278d4a6028830caff9ee44b42d32ed\",\"name\":\"Telinha\",\"image\":{\"@type\":\"ImageObject\",\"inLanguage\":\"pt-PT\",\"@id\":\"https:\/\/portaltela.pt\/s.01k8rhncp4jt1\/2025\/11\/talking-bot-125x125.png\",\"url\":\"https:\/\/portaltela.pt\/s.01k8rhncp4jt1\/2025\/11\/talking-bot-125x125.png\",\"contentUrl\":\"https:\/\/portaltela.pt\/s.01k8rhncp4jt1\/2025\/11\/talking-bot-125x125.png\",\"caption\":\"Telinha\"},\"sameAs\":[\"https:\/\/portaltela.pt\/\"],\"url\":\"https:\/\/portaltela.pt\/por\/367410592786\/\"}]}<\/script>\n<!-- \/ Yoast SEO plugin. -->","yoast_head_json":{"title":"Patriarca de Lisboa elogia resili\u00eancia de Our\u00e9m, sem contacto com aldeia natal - Portal Tela Portugal","robots":{"index":"index","follow":"follow","max-snippet":"max-snippet:-1","max-image-preview":"max-image-preview:large","max-video-preview":"max-video-preview:-1"},"og_locale":"pt_PT","og_type":"article","og_title":"Patriarca de Lisboa elogia resili\u00eancia de Our\u00e9m, sem contacto com aldeia natal - Portal Tela Portugal","og_description":"O patriarca de Lisboa n\u00e3o manteve contacto com a aldeia Urqueira, em Our\u00e9m, h\u00e1 cinco dias e pediu apoio aos concelhos atingidos pela depress\u00e3o Kristin, elogiando a resili\u00eancia dos conterr\u00e2neos. V\u00e1rias aldeias do concelho permanecem sem eletricidade e comunica\u00e7\u00f5es, com a recupera\u00e7\u00e3o prevista para cerca de duas semanas, segundo Rui Val\u00e9rio. A situa\u00e7\u00e3o ocorre ainda a lavrar ap\u00f3s inc\u00eandios anteriores e a depress\u00e3o Kristin, que causaram devasta\u00e7\u00e3o na regi\u00e3o e levantam quest\u00f5es sobre preven\u00e7\u00e3o. A Igreja de Portugal prepara uma resposta conjunta, em coordena\u00e7\u00e3o com o presidente da Confer\u00eancia Episcopal Portuguesa, Jos\u00e9 Ornelas, e a diocese de Leiria-F\u00e1tima. Em Lisboa, as celebra\u00e7\u00f5es dominicais pedem doa\u00e7\u00f5es e ora\u00e7\u00e3o pelas v\u00edtimas, com recolha de bens n\u00e3o perec\u00edveis, enquanto centenas de escuteiros ajudam na limpeza dos locais afetados.","og_url":"https:\/\/portaltela.pt\/noticias\/2026\/02\/01\/patriarca-de-lisboa-elogia-resiliencia-de-ourem-sem-contacto-com-aldeia-natal\/","og_site_name":"Portal Tela Portugal","article_published_time":"2026-02-01T10:53:00+00:00","author":"Telinha","twitter_card":"summary_large_image","twitter_misc":{"Escrito por":"Telinha","Tempo estimado de leitura":"2 minutos"},"schema":{"@context":"https:\/\/schema.org","@graph":[{"@type":"Article","@id":"https:\/\/portaltela.pt\/noticias\/2026\/02\/01\/patriarca-de-lisboa-elogia-resiliencia-de-ourem-sem-contacto-com-aldeia-natal\/#article","isPartOf":{"@id":"https:\/\/portaltela.pt\/noticias\/2026\/02\/01\/patriarca-de-lisboa-elogia-resiliencia-de-ourem-sem-contacto-com-aldeia-natal\/"},"author":{"name":"Telinha","@id":"https:\/\/portaltela.pt\/#\/schema\/person\/c4278d4a6028830caff9ee44b42d32ed"},"headline":"Patriarca de Lisboa elogia resili\u00eancia de Our\u00e9m, sem contacto com aldeia natal","datePublished":"2026-02-01T10:53:00+00:00","mainEntityOfPage":{"@id":"https:\/\/portaltela.pt\/noticias\/2026\/02\/01\/patriarca-de-lisboa-elogia-resiliencia-de-ourem-sem-contacto-com-aldeia-natal\/"},"wordCount":316,"image":{"@id":"https:\/\/portaltela.pt\/noticias\/2026\/02\/01\/patriarca-de-lisboa-elogia-resiliencia-de-ourem-sem-contacto-com-aldeia-natal\/#primaryimage"},"thumbnailUrl":"https:\/\/portaltela.pt\/s.01k8rhncp4jt1\/2026\/02\/image-18.jpg","keywords":["Apoio Social","depress\u00e3o","Escuteiros","igreja","inc\u00eandios","Our\u00e9m"],"articleSection":["Not\u00edcias"],"inLanguage":"pt-PT"},{"@type":"WebPage","@id":"https:\/\/portaltela.pt\/noticias\/2026\/02\/01\/patriarca-de-lisboa-elogia-resiliencia-de-ourem-sem-contacto-com-aldeia-natal\/","url":"https:\/\/portaltela.pt\/noticias\/2026\/02\/01\/patriarca-de-lisboa-elogia-resiliencia-de-ourem-sem-contacto-com-aldeia-natal\/","name":"Patriarca de Lisboa elogia resili\u00eancia de Our\u00e9m, sem contacto com aldeia natal - Portal Tela Portugal","isPartOf":{"@id":"https:\/\/portaltela.pt\/#website"},"primaryImageOfPage":{"@id":"https:\/\/portaltela.pt\/noticias\/2026\/02\/01\/patriarca-de-lisboa-elogia-resiliencia-de-ourem-sem-contacto-com-aldeia-natal\/#primaryimage"},"image":{"@id":"https:\/\/portaltela.pt\/noticias\/2026\/02\/01\/patriarca-de-lisboa-elogia-resiliencia-de-ourem-sem-contacto-com-aldeia-natal\/#primaryimage"},"thumbnailUrl":"https:\/\/portaltela.pt\/s.01k8rhncp4jt1\/2026\/02\/image-18.jpg","datePublished":"2026-02-01T10:53:00+00:00","author":{"@id":"https:\/\/portaltela.pt\/#\/schema\/person\/c4278d4a6028830caff9ee44b42d32ed"},"breadcrumb":{"@id":"https:\/\/portaltela.pt\/noticias\/2026\/02\/01\/patriarca-de-lisboa-elogia-resiliencia-de-ourem-sem-contacto-com-aldeia-natal\/#breadcrumb"},"inLanguage":"pt-PT","potentialAction":[{"@type":"ReadAction","target":["https:\/\/portaltela.pt\/noticias\/2026\/02\/01\/patriarca-de-lisboa-elogia-resiliencia-de-ourem-sem-contacto-com-aldeia-natal\/"]}]},{"@type":"ImageObject","inLanguage":"pt-PT","@id":"https:\/\/portaltela.pt\/noticias\/2026\/02\/01\/patriarca-de-lisboa-elogia-resiliencia-de-ourem-sem-contacto-com-aldeia-natal\/#primaryimage","url":"https:\/\/portaltela.pt\/s.01k8rhncp4jt1\/2026\/02\/image-18.jpg","contentUrl":"https:\/\/portaltela.pt\/s.01k8rhncp4jt1\/2026\/02\/image-18.jpg","width":796,"height":448,"caption":"Foto: Manuel de Almeida\/Lusa"},{"@type":"BreadcrumbList","@id":"https:\/\/portaltela.pt\/noticias\/2026\/02\/01\/patriarca-de-lisboa-elogia-resiliencia-de-ourem-sem-contacto-com-aldeia-natal\/#breadcrumb","itemListElement":[{"@type":"ListItem","position":1,"name":"In\u00edcio","item":"https:\/\/portaltela.pt\/"},{"@type":"ListItem","position":2,"name":"Patriarca de Lisboa elogia resili\u00eancia de Our\u00e9m, sem contacto com aldeia natal"}]},{"@type":"WebSite","@id":"https:\/\/portaltela.pt\/#website","url":"https:\/\/portaltela.pt\/","name":"Portal Tela Portugal","description":"","potentialAction":[{"@type":"SearchAction","target":{"@type":"EntryPoint","urlTemplate":"https:\/\/portaltela.pt\/?s={search_term_string}"},"query-input":{"@type":"PropertyValueSpecification","valueRequired":true,"valueName":"search_term_string"}}],"inLanguage":"pt-PT"},{"@type":"Person","@id":"https:\/\/portaltela.pt\/#\/schema\/person\/c4278d4a6028830caff9ee44b42d32ed","name":"Telinha","image":{"@type":"ImageObject","inLanguage":"pt-PT","@id":"https:\/\/portaltela.pt\/s.01k8rhncp4jt1\/2025\/11\/talking-bot-125x125.png","url":"https:\/\/portaltela.pt\/s.01k8rhncp4jt1\/2025\/11\/talking-bot-125x125.png","contentUrl":"https:\/\/portaltela.pt\/s.01k8rhncp4jt1\/2025\/11\/talking-bot-125x125.png","caption":"Telinha"},"sameAs":["https:\/\/portaltela.pt\/"],"url":"https:\/\/portaltela.pt\/por\/367410592786\/"}]}},"_links":{"self":[{"href":"https:\/\/portaltela.pt\/api\/wp\/v2\/posts\/188351","targetHints":{"allow":["GET"]}}],"collection":[{"href":"https:\/\/portaltela.pt\/api\/wp\/v2\/posts"}],"about":[{"href":"https:\/\/portaltela.pt\/api\/wp\/v2\/types\/post"}],"author":[{"embeddable":true,"href":"https:\/\/portaltela.pt\/api\/wp\/v2\/users\/2"}],"replies":[{"embeddable":true,"href":"https:\/\/portaltela.pt\/api\/wp\/v2\/comments?post=188351"}],"version-history":[{"count":0,"href":"https:\/\/portaltela.pt\/api\/wp\/v2\/posts\/188351\/revisions"}],"wp:featuredmedia":[{"embeddable":true,"href":"https:\/\/portaltela.pt\/api\/wp\/v2\/media\/188352"}],"wp:attachment":[{"href":"https:\/\/portaltela.pt\/api\/wp\/v2\/media?parent=188351"}],"wp:term":[{"taxonomy":"category","embeddable":true,"href":"https:\/\/portaltela.pt\/api\/wp\/v2\/categories?post=188351"},{"taxonomy":"post_tag","embeddable":true,"href":"https:\/\/portaltela.pt\/api\/wp\/v2\/tags?post=188351"}],"curies":[{"name":"wp","href":"https:\/\/api.w.org\/{rel}","templated":true}]}}