{"id":188340,"date":"2026-02-01T07:37:00","date_gmt":"2026-02-01T10:37:00","guid":{"rendered":"https:\/\/portaltela.pt\/noticias\/2026\/02\/01\/mondim-de-basto-apoia-moradores-nas-candidaturas-ao-programa-e-lar\/"},"modified":"2026-02-01T07:37:00","modified_gmt":"2026-02-01T10:37:00","slug":"mondim-de-basto-apoia-moradores-nas-candidaturas-ao-programa-e-lar","status":"publish","type":"post","link":"https:\/\/portaltela.pt\/noticias\/2026\/02\/01\/mondim-de-basto-apoia-moradores-nas-candidaturas-ao-programa-e-lar\/","title":{"rendered":"Mondim de Basto apoia moradores nas candidaturas ao Programa E-LAR"},"content":{"rendered":"<p>O Munic\u00edpio de Mondim de Basto est\u00e1 a apoiar a popula\u00e7\u00e3o na submiss\u00e3o de candidaturas ao Programa E-LAR. O objetivo \u00e9 facilitar a aquisi\u00e7\u00e3o de equipamentos eficientes e a eletrifica\u00e7\u00e3o de consumos energ\u00e9ticos, bem como apoiar a recolha de equipamentos a g\u00e1s.<\/p>\n<p>O programa E-LAR visa melhorar a efici\u00eancia energ\u00e9tica das fam\u00edlias, acelerar a substitui\u00e7\u00e3o de equipamentos a g\u00e1s por op\u00e7\u00f5es el\u00e9tricas e promover a recolha de equipamentos antigos. Trata-se de uma medida de transi\u00e7\u00e3o para uma economia circular.<\/p>\n<p>A iniciativa surge no \u00e2mbito das pol\u00edticas locais de combate \u00e0 pobreza energ\u00e9tica e de promo\u00e7\u00e3o de consumos mais sustent\u00e1veis. O munic\u00edpio atua como interlocutor entre os mun\u00edcipes e as entidades financiadoras.<\/p>\n<p>As candidaturas podem ser realizadas no portal do Fundo Ambiental. Podem ainda solicitar apoio no Balc\u00e3o \u00danico do Munic\u00edpio ou contactar os servi\u00e7os pelo telefone 255 389 300 ou pelo email clds-5g@cm-mondimdebasto.pt.<\/p>\n<h3>Como candidatar-se<\/h3>\n<p>Quem necessitar de apoio na submiss\u00e3o pode recorrer ao Balc\u00e3o \u00danico ou ao atendimento telef\u00f3nico\/email indicados. O munic\u00edpio disponibiliza esclarecimentos para facilitar o processo de candidatura.<\/p>\n","protected":false},"excerpt":{"rendered":"<ul>\n<li>O munic\u00edpio de Mondim de Basto apoia as candidaturas ao Programa E-LAR, facilitando a aquisi\u00e7\u00e3o de equipamentos eficientes e sustent\u00e1veis.<\/li>\n<li>O programa visa a electrifica\u00e7\u00e3o de consumos energ\u00e9ticos, apoio \u00e0 recolha e reciclagem de equipamentos a g\u00e1s e promo\u00e7\u00e3o da economia circular.<\/li>\n<li>As candidaturas podem ser realizadas atrav\u00e9s do portal do Fundo Ambiental.<\/li>\n<li>Quem precisar de apoio pode dirigir-se ao Balc\u00e3o \u00danico do munic\u00edpio ou contactar o 255 389 300 ou o email clds-5g@cm-mondimdebasto.pt.<\/li>\n<li>O objetivo \u00e9 combater a pobreza energ\u00e9tica e acelerar a transi\u00e7\u00e3o para equipamentos el\u00e9tricos.<\/li>\n<\/ul>\n","protected":false},"author":2,"featured_media":188343,"comment_status":"closed","ping_status":"closed","sticky":false,"template":"","format":"standard","meta":{"footnotes":""},"categories":[1],"tags":[167,1540,1022,3985,4016,1053],"class_list":["post-188340","post","type-post","status-publish","format-standard","has-post-thumbnail","hentry","category-noticias","tag-ambiente","tag-economia-circular","tag-eficiencia-energetica","tag-fundo-ambiental","tag-mondim-de-basto","tag-pobreza-energetica"],"yoast_head":"<!-- This site is optimized with the Yoast SEO plugin v27.2 - https:\/\/yoast.com\/product\/yoast-seo-wordpress\/ -->\n<title>Mondim de Basto apoia moradores nas candidaturas ao Programa E-LAR - Portal Tela Portugal<\/title>\n<meta name=\"robots\" content=\"index, follow, max-snippet:-1, max-image-preview:large, max-video-preview:-1\" \/>\n<meta property=\"og:locale\" content=\"pt_PT\" \/>\n<meta property=\"og:type\" content=\"article\" \/>\n<meta property=\"og:title\" content=\"Mondim de Basto apoia moradores nas candidaturas ao Programa E-LAR - Portal Tela Portugal\" \/>\n<meta property=\"og:description\" content=\"O munic\u00edpio de Mondim de Basto apoia as candidaturas ao Programa E-LAR, facilitando a aquisi\u00e7\u00e3o de equipamentos eficientes e sustent\u00e1veis. O programa visa a electrifica\u00e7\u00e3o de consumos energ\u00e9ticos, apoio \u00e0 recolha e reciclagem de equipamentos a g\u00e1s e promo\u00e7\u00e3o da economia circular. As candidaturas podem ser realizadas atrav\u00e9s do portal do Fundo Ambiental. Quem precisar de apoio pode dirigir-se ao Balc\u00e3o \u00danico do munic\u00edpio ou contactar o 255 389 300 ou o email clds-5g@cm-mondimdebasto.pt. O objetivo \u00e9 combater a pobreza energ\u00e9tica e acelerar a transi\u00e7\u00e3o para equipamentos el\u00e9tricos.\" \/>\n<meta property=\"og:url\" content=\"https:\/\/portaltela.pt\/noticias\/2026\/02\/01\/mondim-de-basto-apoia-moradores-nas-candidaturas-ao-programa-e-lar\/\" \/>\n<meta property=\"og:site_name\" content=\"Portal Tela Portugal\" \/>\n<meta property=\"article:published_time\" content=\"2026-02-01T10:37:00+00:00\" \/>\n<meta name=\"author\" content=\"Telinha\" \/>\n<meta name=\"twitter:card\" content=\"summary_large_image\" \/>\n<meta name=\"twitter:label1\" content=\"Escrito por\" \/>\n\t<meta name=\"twitter:data1\" content=\"Telinha\" \/>\n\t<meta name=\"twitter:label2\" content=\"Tempo estimado de leitura\" \/>\n\t<meta name=\"twitter:data2\" content=\"1 minuto\" \/>\n<script type=\"application\/ld+json\" class=\"yoast-schema-graph\">{\"@context\":\"https:\/\/schema.org\",\"@graph\":[{\"@type\":\"Article\",\"@id\":\"https:\/\/portaltela.pt\/noticias\/2026\/02\/01\/mondim-de-basto-apoia-moradores-nas-candidaturas-ao-programa-e-lar\/#article\",\"isPartOf\":{\"@id\":\"https:\/\/portaltela.pt\/noticias\/2026\/02\/01\/mondim-de-basto-apoia-moradores-nas-candidaturas-ao-programa-e-lar\/\"},\"author\":{\"name\":\"Telinha\",\"@id\":\"https:\/\/portaltela.pt\/#\/schema\/person\/c4278d4a6028830caff9ee44b42d32ed\"},\"headline\":\"Mondim de Basto apoia moradores nas candidaturas ao Programa E-LAR\",\"datePublished\":\"2026-02-01T10:37:00+00:00\",\"mainEntityOfPage\":{\"@id\":\"https:\/\/portaltela.pt\/noticias\/2026\/02\/01\/mondim-de-basto-apoia-moradores-nas-candidaturas-ao-programa-e-lar\/\"},\"wordCount\":208,\"image\":{\"@id\":\"https:\/\/portaltela.pt\/noticias\/2026\/02\/01\/mondim-de-basto-apoia-moradores-nas-candidaturas-ao-programa-e-lar\/#primaryimage\"},\"thumbnailUrl\":\"https:\/\/portaltela.pt\/s.01k8rhncp4jt1\/2026\/02\/unnamed-file-61.jpg\",\"keywords\":[\"ambiente\",\"economia circular\",\"Efici\u00eancia Energ\u00e9tica\",\"Fundo Ambiental\",\"Mondim de Basto\",\"pobreza energ\u00e9tica\"],\"articleSection\":[\"Not\u00edcias\"],\"inLanguage\":\"pt-PT\"},{\"@type\":\"WebPage\",\"@id\":\"https:\/\/portaltela.pt\/noticias\/2026\/02\/01\/mondim-de-basto-apoia-moradores-nas-candidaturas-ao-programa-e-lar\/\",\"url\":\"https:\/\/portaltela.pt\/noticias\/2026\/02\/01\/mondim-de-basto-apoia-moradores-nas-candidaturas-ao-programa-e-lar\/\",\"name\":\"Mondim de Basto apoia moradores nas candidaturas ao Programa E-LAR - Portal Tela Portugal\",\"isPartOf\":{\"@id\":\"https:\/\/portaltela.pt\/#website\"},\"primaryImageOfPage\":{\"@id\":\"https:\/\/portaltela.pt\/noticias\/2026\/02\/01\/mondim-de-basto-apoia-moradores-nas-candidaturas-ao-programa-e-lar\/#primaryimage\"},\"image\":{\"@id\":\"https:\/\/portaltela.pt\/noticias\/2026\/02\/01\/mondim-de-basto-apoia-moradores-nas-candidaturas-ao-programa-e-lar\/#primaryimage\"},\"thumbnailUrl\":\"https:\/\/portaltela.pt\/s.01k8rhncp4jt1\/2026\/02\/unnamed-file-61.jpg\",\"datePublished\":\"2026-02-01T10:37:00+00:00\",\"author\":{\"@id\":\"https:\/\/portaltela.pt\/#\/schema\/person\/c4278d4a6028830caff9ee44b42d32ed\"},\"breadcrumb\":{\"@id\":\"https:\/\/portaltela.pt\/noticias\/2026\/02\/01\/mondim-de-basto-apoia-moradores-nas-candidaturas-ao-programa-e-lar\/#breadcrumb\"},\"inLanguage\":\"pt-PT\",\"potentialAction\":[{\"@type\":\"ReadAction\",\"target\":[\"https:\/\/portaltela.pt\/noticias\/2026\/02\/01\/mondim-de-basto-apoia-moradores-nas-candidaturas-ao-programa-e-lar\/\"]}]},{\"@type\":\"ImageObject\",\"inLanguage\":\"pt-PT\",\"@id\":\"https:\/\/portaltela.pt\/noticias\/2026\/02\/01\/mondim-de-basto-apoia-moradores-nas-candidaturas-ao-programa-e-lar\/#primaryimage\",\"url\":\"https:\/\/portaltela.pt\/s.01k8rhncp4jt1\/2026\/02\/unnamed-file-61.jpg\",\"contentUrl\":\"https:\/\/portaltela.pt\/s.01k8rhncp4jt1\/2026\/02\/unnamed-file-61.jpg\",\"width\":796,\"height\":448,\"caption\":\"Munic\u00edpio de Mondim de Basto ajuda popula\u00e7\u00e3o nas candidaturas ao Programa E-LAR\"},{\"@type\":\"BreadcrumbList\",\"@id\":\"https:\/\/portaltela.pt\/noticias\/2026\/02\/01\/mondim-de-basto-apoia-moradores-nas-candidaturas-ao-programa-e-lar\/#breadcrumb\",\"itemListElement\":[{\"@type\":\"ListItem\",\"position\":1,\"name\":\"In\u00edcio\",\"item\":\"https:\/\/portaltela.pt\/\"},{\"@type\":\"ListItem\",\"position\":2,\"name\":\"Mondim de Basto apoia moradores nas candidaturas ao Programa E-LAR\"}]},{\"@type\":\"WebSite\",\"@id\":\"https:\/\/portaltela.pt\/#website\",\"url\":\"https:\/\/portaltela.pt\/\",\"name\":\"Portal Tela Portugal\",\"description\":\"\",\"potentialAction\":[{\"@type\":\"SearchAction\",\"target\":{\"@type\":\"EntryPoint\",\"urlTemplate\":\"https:\/\/portaltela.pt\/?s={search_term_string}\"},\"query-input\":{\"@type\":\"PropertyValueSpecification\",\"valueRequired\":true,\"valueName\":\"search_term_string\"}}],\"inLanguage\":\"pt-PT\"},{\"@type\":\"Person\",\"@id\":\"https:\/\/portaltela.pt\/#\/schema\/person\/c4278d4a6028830caff9ee44b42d32ed\",\"name\":\"Telinha\",\"image\":{\"@type\":\"ImageObject\",\"inLanguage\":\"pt-PT\",\"@id\":\"https:\/\/portaltela.pt\/s.01k8rhncp4jt1\/2025\/11\/talking-bot-125x125.png\",\"url\":\"https:\/\/portaltela.pt\/s.01k8rhncp4jt1\/2025\/11\/talking-bot-125x125.png\",\"contentUrl\":\"https:\/\/portaltela.pt\/s.01k8rhncp4jt1\/2025\/11\/talking-bot-125x125.png\",\"caption\":\"Telinha\"},\"sameAs\":[\"https:\/\/portaltela.pt\/\"],\"url\":\"https:\/\/portaltela.pt\/por\/367410592786\/\"}]}<\/script>\n<!-- \/ Yoast SEO plugin. -->","yoast_head_json":{"title":"Mondim de Basto apoia moradores nas candidaturas ao Programa E-LAR - Portal Tela Portugal","robots":{"index":"index","follow":"follow","max-snippet":"max-snippet:-1","max-image-preview":"max-image-preview:large","max-video-preview":"max-video-preview:-1"},"og_locale":"pt_PT","og_type":"article","og_title":"Mondim de Basto apoia moradores nas candidaturas ao Programa E-LAR - Portal Tela Portugal","og_description":"O munic\u00edpio de Mondim de Basto apoia as candidaturas ao Programa E-LAR, facilitando a aquisi\u00e7\u00e3o de equipamentos eficientes e sustent\u00e1veis. O programa visa a electrifica\u00e7\u00e3o de consumos energ\u00e9ticos, apoio \u00e0 recolha e reciclagem de equipamentos a g\u00e1s e promo\u00e7\u00e3o da economia circular. As candidaturas podem ser realizadas atrav\u00e9s do portal do Fundo Ambiental. Quem precisar de apoio pode dirigir-se ao Balc\u00e3o \u00danico do munic\u00edpio ou contactar o 255 389 300 ou o email clds-5g@cm-mondimdebasto.pt. O objetivo \u00e9 combater a pobreza energ\u00e9tica e acelerar a transi\u00e7\u00e3o para equipamentos el\u00e9tricos.","og_url":"https:\/\/portaltela.pt\/noticias\/2026\/02\/01\/mondim-de-basto-apoia-moradores-nas-candidaturas-ao-programa-e-lar\/","og_site_name":"Portal Tela Portugal","article_published_time":"2026-02-01T10:37:00+00:00","author":"Telinha","twitter_card":"summary_large_image","twitter_misc":{"Escrito por":"Telinha","Tempo estimado de leitura":"1 minuto"},"schema":{"@context":"https:\/\/schema.org","@graph":[{"@type":"Article","@id":"https:\/\/portaltela.pt\/noticias\/2026\/02\/01\/mondim-de-basto-apoia-moradores-nas-candidaturas-ao-programa-e-lar\/#article","isPartOf":{"@id":"https:\/\/portaltela.pt\/noticias\/2026\/02\/01\/mondim-de-basto-apoia-moradores-nas-candidaturas-ao-programa-e-lar\/"},"author":{"name":"Telinha","@id":"https:\/\/portaltela.pt\/#\/schema\/person\/c4278d4a6028830caff9ee44b42d32ed"},"headline":"Mondim de Basto apoia moradores nas candidaturas ao Programa E-LAR","datePublished":"2026-02-01T10:37:00+00:00","mainEntityOfPage":{"@id":"https:\/\/portaltela.pt\/noticias\/2026\/02\/01\/mondim-de-basto-apoia-moradores-nas-candidaturas-ao-programa-e-lar\/"},"wordCount":208,"image":{"@id":"https:\/\/portaltela.pt\/noticias\/2026\/02\/01\/mondim-de-basto-apoia-moradores-nas-candidaturas-ao-programa-e-lar\/#primaryimage"},"thumbnailUrl":"https:\/\/portaltela.pt\/s.01k8rhncp4jt1\/2026\/02\/unnamed-file-61.jpg","keywords":["ambiente","economia circular","Efici\u00eancia Energ\u00e9tica","Fundo Ambiental","Mondim de Basto","pobreza energ\u00e9tica"],"articleSection":["Not\u00edcias"],"inLanguage":"pt-PT"},{"@type":"WebPage","@id":"https:\/\/portaltela.pt\/noticias\/2026\/02\/01\/mondim-de-basto-apoia-moradores-nas-candidaturas-ao-programa-e-lar\/","url":"https:\/\/portaltela.pt\/noticias\/2026\/02\/01\/mondim-de-basto-apoia-moradores-nas-candidaturas-ao-programa-e-lar\/","name":"Mondim de Basto apoia moradores nas candidaturas ao Programa E-LAR - Portal Tela Portugal","isPartOf":{"@id":"https:\/\/portaltela.pt\/#website"},"primaryImageOfPage":{"@id":"https:\/\/portaltela.pt\/noticias\/2026\/02\/01\/mondim-de-basto-apoia-moradores-nas-candidaturas-ao-programa-e-lar\/#primaryimage"},"image":{"@id":"https:\/\/portaltela.pt\/noticias\/2026\/02\/01\/mondim-de-basto-apoia-moradores-nas-candidaturas-ao-programa-e-lar\/#primaryimage"},"thumbnailUrl":"https:\/\/portaltela.pt\/s.01k8rhncp4jt1\/2026\/02\/unnamed-file-61.jpg","datePublished":"2026-02-01T10:37:00+00:00","author":{"@id":"https:\/\/portaltela.pt\/#\/schema\/person\/c4278d4a6028830caff9ee44b42d32ed"},"breadcrumb":{"@id":"https:\/\/portaltela.pt\/noticias\/2026\/02\/01\/mondim-de-basto-apoia-moradores-nas-candidaturas-ao-programa-e-lar\/#breadcrumb"},"inLanguage":"pt-PT","potentialAction":[{"@type":"ReadAction","target":["https:\/\/portaltela.pt\/noticias\/2026\/02\/01\/mondim-de-basto-apoia-moradores-nas-candidaturas-ao-programa-e-lar\/"]}]},{"@type":"ImageObject","inLanguage":"pt-PT","@id":"https:\/\/portaltela.pt\/noticias\/2026\/02\/01\/mondim-de-basto-apoia-moradores-nas-candidaturas-ao-programa-e-lar\/#primaryimage","url":"https:\/\/portaltela.pt\/s.01k8rhncp4jt1\/2026\/02\/unnamed-file-61.jpg","contentUrl":"https:\/\/portaltela.pt\/s.01k8rhncp4jt1\/2026\/02\/unnamed-file-61.jpg","width":796,"height":448,"caption":"Munic\u00edpio de Mondim de Basto ajuda popula\u00e7\u00e3o nas candidaturas ao Programa E-LAR"},{"@type":"BreadcrumbList","@id":"https:\/\/portaltela.pt\/noticias\/2026\/02\/01\/mondim-de-basto-apoia-moradores-nas-candidaturas-ao-programa-e-lar\/#breadcrumb","itemListElement":[{"@type":"ListItem","position":1,"name":"In\u00edcio","item":"https:\/\/portaltela.pt\/"},{"@type":"ListItem","position":2,"name":"Mondim de Basto apoia moradores nas candidaturas ao Programa E-LAR"}]},{"@type":"WebSite","@id":"https:\/\/portaltela.pt\/#website","url":"https:\/\/portaltela.pt\/","name":"Portal Tela Portugal","description":"","potentialAction":[{"@type":"SearchAction","target":{"@type":"EntryPoint","urlTemplate":"https:\/\/portaltela.pt\/?s={search_term_string}"},"query-input":{"@type":"PropertyValueSpecification","valueRequired":true,"valueName":"search_term_string"}}],"inLanguage":"pt-PT"},{"@type":"Person","@id":"https:\/\/portaltela.pt\/#\/schema\/person\/c4278d4a6028830caff9ee44b42d32ed","name":"Telinha","image":{"@type":"ImageObject","inLanguage":"pt-PT","@id":"https:\/\/portaltela.pt\/s.01k8rhncp4jt1\/2025\/11\/talking-bot-125x125.png","url":"https:\/\/portaltela.pt\/s.01k8rhncp4jt1\/2025\/11\/talking-bot-125x125.png","contentUrl":"https:\/\/portaltela.pt\/s.01k8rhncp4jt1\/2025\/11\/talking-bot-125x125.png","caption":"Telinha"},"sameAs":["https:\/\/portaltela.pt\/"],"url":"https:\/\/portaltela.pt\/por\/367410592786\/"}]}},"_links":{"self":[{"href":"https:\/\/portaltela.pt\/api\/wp\/v2\/posts\/188340","targetHints":{"allow":["GET"]}}],"collection":[{"href":"https:\/\/portaltela.pt\/api\/wp\/v2\/posts"}],"about":[{"href":"https:\/\/portaltela.pt\/api\/wp\/v2\/types\/post"}],"author":[{"embeddable":true,"href":"https:\/\/portaltela.pt\/api\/wp\/v2\/users\/2"}],"replies":[{"embeddable":true,"href":"https:\/\/portaltela.pt\/api\/wp\/v2\/comments?post=188340"}],"version-history":[{"count":0,"href":"https:\/\/portaltela.pt\/api\/wp\/v2\/posts\/188340\/revisions"}],"wp:featuredmedia":[{"embeddable":true,"href":"https:\/\/portaltela.pt\/api\/wp\/v2\/media\/188343"}],"wp:attachment":[{"href":"https:\/\/portaltela.pt\/api\/wp\/v2\/media?parent=188340"}],"wp:term":[{"taxonomy":"category","embeddable":true,"href":"https:\/\/portaltela.pt\/api\/wp\/v2\/categories?post=188340"},{"taxonomy":"post_tag","embeddable":true,"href":"https:\/\/portaltela.pt\/api\/wp\/v2\/tags?post=188340"}],"curies":[{"name":"wp","href":"https:\/\/api.w.org\/{rel}","templated":true}]}}