{"id":188336,"date":"2026-02-01T07:49:19","date_gmt":"2026-02-01T10:49:19","guid":{"rendered":"https:\/\/portaltela.pt\/noticias\/2026\/02\/01\/trail-do-capitao-em-rebordosa-reune-500-participantes-em-tres-provas\/"},"modified":"2026-02-01T07:49:19","modified_gmt":"2026-02-01T10:49:19","slug":"trail-do-capitao-em-rebordosa-reune-500-participantes-em-tres-provas","status":"publish","type":"post","link":"https:\/\/portaltela.pt\/desporto\/2026\/02\/01\/trail-do-capitao-em-rebordosa-reune-500-participantes-em-tres-provas\/","title":{"rendered":"Trail do Capit\u00e3o em Rebordosa re\u00fane 500 participantes em tr\u00eas provas"},"content":{"rendered":"<p>O Trail do Capit\u00e3o aconteceu neste s\u00e1bado, 31, em Rebordosa, Paredes. Cerca de 500 atletas participaram em tr\u00eas provas. O evento foi organizado pelo Grupo Desportivo da Portela, com apoio institucional do Munic\u00edpio de Paredes, da Junta de Freguesia de Rebordosa e do grupo Amigos do Trail.<\/p>\n<p>Os participantes puderam escolher entre tr\u00eas percursos: um trail principal de 20 km, um mini trail de 10 km e uma caminhada n\u00e3o competitiva de 10 km. As dist\u00e2ncias permitiram explorar o territ\u00f3rio da freguesia.<\/p>\n<p>A iniciativa insere-se na estrat\u00e9gia municipal de promo\u00e7\u00e3o do desporto ao ar livre e da valoriza\u00e7\u00e3o do patrim\u00f3nio natural do concelho. O Trail do Capit\u00e3o pretende atrair praticantes da regi\u00e3o, consolidar a prova no calend\u00e1rio local e dinamizar a vida associativa, assim como projetar Rebordosa no panorama regional do trail running.<\/p>\n<p>Fotografias: CM de Paredes<\/p>\n","protected":false},"excerpt":{"rendered":"<ul>\n<li>O Trail do Capit\u00e3o, em Rebordosa, Paredes, realizou\u2011se no s\u00e1bado, dia 31, com tr\u00eas provas.<\/li>\n<li>Cerca de 500 atletas participaram na terceira edi\u00e7\u00e3o, organizada pelo Grupo Desportivo da Portela, com apoio do Munic\u00edpio de Paredes.<\/li>\n<li>Dispunha de tr\u00eas percursos: trail principal de 20 km, mini trail de 10 km e caminhada n\u00e3o competitiva de 10 km.<\/li>\n<li>O evento insere\u2011se na estrat\u00e9gia municipal de promo\u00e7\u00e3o do desporto ao ar livre e valoriza\u00e7\u00e3o do patrim\u00f3nio natural.<\/li>\n<li>Contribuiu para dinamizar a vida associativa e projetar Rebordosa no panorama regional do trail running.<\/li>\n<\/ul>\n","protected":false},"author":2,"featured_media":188338,"comment_status":"closed","ping_status":"closed","sticky":false,"template":"","format":"standard","meta":{"footnotes":""},"categories":[21],"tags":[252,152,3059,814,2222],"class_list":["post-188336","post","type-post","status-publish","format-standard","has-post-thumbnail","hentry","category-desporto","tag-atletas","tag-desporto","tag-paredes","tag-patrimonio","tag-percursos-pedestres"],"yoast_head":"<!-- This site is optimized with the Yoast SEO plugin v27.2 - https:\/\/yoast.com\/product\/yoast-seo-wordpress\/ -->\n<title>Trail do Capit\u00e3o em Rebordosa re\u00fane 500 participantes em tr\u00eas provas - Portal Tela Portugal<\/title>\n<meta name=\"robots\" content=\"index, follow, max-snippet:-1, max-image-preview:large, max-video-preview:-1\" \/>\n<meta property=\"og:locale\" content=\"pt_PT\" \/>\n<meta property=\"og:type\" content=\"article\" \/>\n<meta property=\"og:title\" content=\"Trail do Capit\u00e3o em Rebordosa re\u00fane 500 participantes em tr\u00eas provas - Portal Tela Portugal\" \/>\n<meta property=\"og:description\" content=\"O Trail do Capit\u00e3o, em Rebordosa, Paredes, realizou\u2011se no s\u00e1bado, dia 31, com tr\u00eas provas. Cerca de 500 atletas participaram na terceira edi\u00e7\u00e3o, organizada pelo Grupo Desportivo da Portela, com apoio do Munic\u00edpio de Paredes. Dispunha de tr\u00eas percursos: trail principal de 20 km, mini trail de 10 km e caminhada n\u00e3o competitiva de 10 km. O evento insere\u2011se na estrat\u00e9gia municipal de promo\u00e7\u00e3o do desporto ao ar livre e valoriza\u00e7\u00e3o do patrim\u00f3nio natural. Contribuiu para dinamizar a vida associativa e projetar Rebordosa no panorama regional do trail running.\" \/>\n<meta property=\"og:url\" content=\"https:\/\/portaltela.pt\/noticias\/2026\/02\/01\/trail-do-capitao-em-rebordosa-reune-500-participantes-em-tres-provas\/\" \/>\n<meta property=\"og:site_name\" content=\"Portal Tela Portugal\" \/>\n<meta property=\"article:published_time\" content=\"2026-02-01T10:49:19+00:00\" \/>\n<meta name=\"author\" content=\"Telinha\" \/>\n<meta name=\"twitter:card\" content=\"summary_large_image\" \/>\n<meta name=\"twitter:label1\" content=\"Escrito por\" \/>\n\t<meta name=\"twitter:data1\" content=\"Telinha\" \/>\n\t<meta name=\"twitter:label2\" content=\"Tempo estimado de leitura\" \/>\n\t<meta name=\"twitter:data2\" content=\"1 minuto\" \/>\n<script type=\"application\/ld+json\" class=\"yoast-schema-graph\">{\"@context\":\"https:\/\/schema.org\",\"@graph\":[{\"@type\":\"Article\",\"@id\":\"https:\/\/portaltela.pt\/noticias\/2026\/02\/01\/trail-do-capitao-em-rebordosa-reune-500-participantes-em-tres-provas\/#article\",\"isPartOf\":{\"@id\":\"https:\/\/portaltela.pt\/noticias\/2026\/02\/01\/trail-do-capitao-em-rebordosa-reune-500-participantes-em-tres-provas\/\"},\"author\":{\"name\":\"Telinha\",\"@id\":\"https:\/\/portaltela.pt\/#\/schema\/person\/c4278d4a6028830caff9ee44b42d32ed\"},\"headline\":\"Trail do Capit\u00e3o em Rebordosa re\u00fane 500 participantes em tr\u00eas provas\",\"datePublished\":\"2026-02-01T10:49:19+00:00\",\"mainEntityOfPage\":{\"@id\":\"https:\/\/portaltela.pt\/noticias\/2026\/02\/01\/trail-do-capitao-em-rebordosa-reune-500-participantes-em-tres-provas\/\"},\"wordCount\":160,\"image\":{\"@id\":\"https:\/\/portaltela.pt\/noticias\/2026\/02\/01\/trail-do-capitao-em-rebordosa-reune-500-participantes-em-tres-provas\/#primaryimage\"},\"thumbnailUrl\":\"https:\/\/portaltela.pt\/s.01k8rhncp4jt1\/2026\/02\/Trail-do-Capitao-em-Rebordosa-reuniu-cerca-de-500-participantes-em-tres-provas.jpg\",\"keywords\":[\"atletas\",\"desporto\",\"Paredes\",\"patrim\u00f3nio\",\"percursos pedestres\"],\"articleSection\":[\"Desporto\"],\"inLanguage\":\"pt-PT\"},{\"@type\":\"WebPage\",\"@id\":\"https:\/\/portaltela.pt\/noticias\/2026\/02\/01\/trail-do-capitao-em-rebordosa-reune-500-participantes-em-tres-provas\/\",\"url\":\"https:\/\/portaltela.pt\/noticias\/2026\/02\/01\/trail-do-capitao-em-rebordosa-reune-500-participantes-em-tres-provas\/\",\"name\":\"Trail do Capit\u00e3o em Rebordosa re\u00fane 500 participantes em tr\u00eas provas - Portal Tela Portugal\",\"isPartOf\":{\"@id\":\"https:\/\/portaltela.pt\/#website\"},\"primaryImageOfPage\":{\"@id\":\"https:\/\/portaltela.pt\/noticias\/2026\/02\/01\/trail-do-capitao-em-rebordosa-reune-500-participantes-em-tres-provas\/#primaryimage\"},\"image\":{\"@id\":\"https:\/\/portaltela.pt\/noticias\/2026\/02\/01\/trail-do-capitao-em-rebordosa-reune-500-participantes-em-tres-provas\/#primaryimage\"},\"thumbnailUrl\":\"https:\/\/portaltela.pt\/s.01k8rhncp4jt1\/2026\/02\/Trail-do-Capitao-em-Rebordosa-reuniu-cerca-de-500-participantes-em-tres-provas.jpg\",\"datePublished\":\"2026-02-01T10:49:19+00:00\",\"author\":{\"@id\":\"https:\/\/portaltela.pt\/#\/schema\/person\/c4278d4a6028830caff9ee44b42d32ed\"},\"breadcrumb\":{\"@id\":\"https:\/\/portaltela.pt\/noticias\/2026\/02\/01\/trail-do-capitao-em-rebordosa-reune-500-participantes-em-tres-provas\/#breadcrumb\"},\"inLanguage\":\"pt-PT\",\"potentialAction\":[{\"@type\":\"ReadAction\",\"target\":[\"https:\/\/portaltela.pt\/noticias\/2026\/02\/01\/trail-do-capitao-em-rebordosa-reune-500-participantes-em-tres-provas\/\"]}]},{\"@type\":\"ImageObject\",\"inLanguage\":\"pt-PT\",\"@id\":\"https:\/\/portaltela.pt\/noticias\/2026\/02\/01\/trail-do-capitao-em-rebordosa-reune-500-participantes-em-tres-provas\/#primaryimage\",\"url\":\"https:\/\/portaltela.pt\/s.01k8rhncp4jt1\/2026\/02\/Trail-do-Capitao-em-Rebordosa-reuniu-cerca-de-500-participantes-em-tres-provas.jpg\",\"contentUrl\":\"https:\/\/portaltela.pt\/s.01k8rhncp4jt1\/2026\/02\/Trail-do-Capitao-em-Rebordosa-reuniu-cerca-de-500-participantes-em-tres-provas.jpg\",\"width\":796,\"height\":448,\"caption\":\"Trail do Capit\u00e3o em Rebordosa reuniu cerca de 500 participantes em tr\u00eas provas\"},{\"@type\":\"BreadcrumbList\",\"@id\":\"https:\/\/portaltela.pt\/noticias\/2026\/02\/01\/trail-do-capitao-em-rebordosa-reune-500-participantes-em-tres-provas\/#breadcrumb\",\"itemListElement\":[{\"@type\":\"ListItem\",\"position\":1,\"name\":\"In\u00edcio\",\"item\":\"https:\/\/portaltela.pt\/\"},{\"@type\":\"ListItem\",\"position\":2,\"name\":\"Trail do Capit\u00e3o em Rebordosa re\u00fane 500 participantes em tr\u00eas provas\"}]},{\"@type\":\"WebSite\",\"@id\":\"https:\/\/portaltela.pt\/#website\",\"url\":\"https:\/\/portaltela.pt\/\",\"name\":\"Portal Tela Portugal\",\"description\":\"\",\"potentialAction\":[{\"@type\":\"SearchAction\",\"target\":{\"@type\":\"EntryPoint\",\"urlTemplate\":\"https:\/\/portaltela.pt\/?s={search_term_string}\"},\"query-input\":{\"@type\":\"PropertyValueSpecification\",\"valueRequired\":true,\"valueName\":\"search_term_string\"}}],\"inLanguage\":\"pt-PT\"},{\"@type\":\"Person\",\"@id\":\"https:\/\/portaltela.pt\/#\/schema\/person\/c4278d4a6028830caff9ee44b42d32ed\",\"name\":\"Telinha\",\"image\":{\"@type\":\"ImageObject\",\"inLanguage\":\"pt-PT\",\"@id\":\"https:\/\/portaltela.pt\/s.01k8rhncp4jt1\/2025\/11\/talking-bot-125x125.png\",\"url\":\"https:\/\/portaltela.pt\/s.01k8rhncp4jt1\/2025\/11\/talking-bot-125x125.png\",\"contentUrl\":\"https:\/\/portaltela.pt\/s.01k8rhncp4jt1\/2025\/11\/talking-bot-125x125.png\",\"caption\":\"Telinha\"},\"sameAs\":[\"https:\/\/portaltela.pt\/\"],\"url\":\"https:\/\/portaltela.pt\/por\/367410592786\/\"}]}<\/script>\n<!-- \/ Yoast SEO plugin. -->","yoast_head_json":{"title":"Trail do Capit\u00e3o em Rebordosa re\u00fane 500 participantes em tr\u00eas provas - Portal Tela Portugal","robots":{"index":"index","follow":"follow","max-snippet":"max-snippet:-1","max-image-preview":"max-image-preview:large","max-video-preview":"max-video-preview:-1"},"og_locale":"pt_PT","og_type":"article","og_title":"Trail do Capit\u00e3o em Rebordosa re\u00fane 500 participantes em tr\u00eas provas - Portal Tela Portugal","og_description":"O Trail do Capit\u00e3o, em Rebordosa, Paredes, realizou\u2011se no s\u00e1bado, dia 31, com tr\u00eas provas. Cerca de 500 atletas participaram na terceira edi\u00e7\u00e3o, organizada pelo Grupo Desportivo da Portela, com apoio do Munic\u00edpio de Paredes. Dispunha de tr\u00eas percursos: trail principal de 20 km, mini trail de 10 km e caminhada n\u00e3o competitiva de 10 km. O evento insere\u2011se na estrat\u00e9gia municipal de promo\u00e7\u00e3o do desporto ao ar livre e valoriza\u00e7\u00e3o do patrim\u00f3nio natural. Contribuiu para dinamizar a vida associativa e projetar Rebordosa no panorama regional do trail running.","og_url":"https:\/\/portaltela.pt\/noticias\/2026\/02\/01\/trail-do-capitao-em-rebordosa-reune-500-participantes-em-tres-provas\/","og_site_name":"Portal Tela Portugal","article_published_time":"2026-02-01T10:49:19+00:00","author":"Telinha","twitter_card":"summary_large_image","twitter_misc":{"Escrito por":"Telinha","Tempo estimado de leitura":"1 minuto"},"schema":{"@context":"https:\/\/schema.org","@graph":[{"@type":"Article","@id":"https:\/\/portaltela.pt\/noticias\/2026\/02\/01\/trail-do-capitao-em-rebordosa-reune-500-participantes-em-tres-provas\/#article","isPartOf":{"@id":"https:\/\/portaltela.pt\/noticias\/2026\/02\/01\/trail-do-capitao-em-rebordosa-reune-500-participantes-em-tres-provas\/"},"author":{"name":"Telinha","@id":"https:\/\/portaltela.pt\/#\/schema\/person\/c4278d4a6028830caff9ee44b42d32ed"},"headline":"Trail do Capit\u00e3o em Rebordosa re\u00fane 500 participantes em tr\u00eas provas","datePublished":"2026-02-01T10:49:19+00:00","mainEntityOfPage":{"@id":"https:\/\/portaltela.pt\/noticias\/2026\/02\/01\/trail-do-capitao-em-rebordosa-reune-500-participantes-em-tres-provas\/"},"wordCount":160,"image":{"@id":"https:\/\/portaltela.pt\/noticias\/2026\/02\/01\/trail-do-capitao-em-rebordosa-reune-500-participantes-em-tres-provas\/#primaryimage"},"thumbnailUrl":"https:\/\/portaltela.pt\/s.01k8rhncp4jt1\/2026\/02\/Trail-do-Capitao-em-Rebordosa-reuniu-cerca-de-500-participantes-em-tres-provas.jpg","keywords":["atletas","desporto","Paredes","patrim\u00f3nio","percursos pedestres"],"articleSection":["Desporto"],"inLanguage":"pt-PT"},{"@type":"WebPage","@id":"https:\/\/portaltela.pt\/noticias\/2026\/02\/01\/trail-do-capitao-em-rebordosa-reune-500-participantes-em-tres-provas\/","url":"https:\/\/portaltela.pt\/noticias\/2026\/02\/01\/trail-do-capitao-em-rebordosa-reune-500-participantes-em-tres-provas\/","name":"Trail do Capit\u00e3o em Rebordosa re\u00fane 500 participantes em tr\u00eas provas - Portal Tela Portugal","isPartOf":{"@id":"https:\/\/portaltela.pt\/#website"},"primaryImageOfPage":{"@id":"https:\/\/portaltela.pt\/noticias\/2026\/02\/01\/trail-do-capitao-em-rebordosa-reune-500-participantes-em-tres-provas\/#primaryimage"},"image":{"@id":"https:\/\/portaltela.pt\/noticias\/2026\/02\/01\/trail-do-capitao-em-rebordosa-reune-500-participantes-em-tres-provas\/#primaryimage"},"thumbnailUrl":"https:\/\/portaltela.pt\/s.01k8rhncp4jt1\/2026\/02\/Trail-do-Capitao-em-Rebordosa-reuniu-cerca-de-500-participantes-em-tres-provas.jpg","datePublished":"2026-02-01T10:49:19+00:00","author":{"@id":"https:\/\/portaltela.pt\/#\/schema\/person\/c4278d4a6028830caff9ee44b42d32ed"},"breadcrumb":{"@id":"https:\/\/portaltela.pt\/noticias\/2026\/02\/01\/trail-do-capitao-em-rebordosa-reune-500-participantes-em-tres-provas\/#breadcrumb"},"inLanguage":"pt-PT","potentialAction":[{"@type":"ReadAction","target":["https:\/\/portaltela.pt\/noticias\/2026\/02\/01\/trail-do-capitao-em-rebordosa-reune-500-participantes-em-tres-provas\/"]}]},{"@type":"ImageObject","inLanguage":"pt-PT","@id":"https:\/\/portaltela.pt\/noticias\/2026\/02\/01\/trail-do-capitao-em-rebordosa-reune-500-participantes-em-tres-provas\/#primaryimage","url":"https:\/\/portaltela.pt\/s.01k8rhncp4jt1\/2026\/02\/Trail-do-Capitao-em-Rebordosa-reuniu-cerca-de-500-participantes-em-tres-provas.jpg","contentUrl":"https:\/\/portaltela.pt\/s.01k8rhncp4jt1\/2026\/02\/Trail-do-Capitao-em-Rebordosa-reuniu-cerca-de-500-participantes-em-tres-provas.jpg","width":796,"height":448,"caption":"Trail do Capit\u00e3o em Rebordosa reuniu cerca de 500 participantes em tr\u00eas provas"},{"@type":"BreadcrumbList","@id":"https:\/\/portaltela.pt\/noticias\/2026\/02\/01\/trail-do-capitao-em-rebordosa-reune-500-participantes-em-tres-provas\/#breadcrumb","itemListElement":[{"@type":"ListItem","position":1,"name":"In\u00edcio","item":"https:\/\/portaltela.pt\/"},{"@type":"ListItem","position":2,"name":"Trail do Capit\u00e3o em Rebordosa re\u00fane 500 participantes em tr\u00eas provas"}]},{"@type":"WebSite","@id":"https:\/\/portaltela.pt\/#website","url":"https:\/\/portaltela.pt\/","name":"Portal Tela Portugal","description":"","potentialAction":[{"@type":"SearchAction","target":{"@type":"EntryPoint","urlTemplate":"https:\/\/portaltela.pt\/?s={search_term_string}"},"query-input":{"@type":"PropertyValueSpecification","valueRequired":true,"valueName":"search_term_string"}}],"inLanguage":"pt-PT"},{"@type":"Person","@id":"https:\/\/portaltela.pt\/#\/schema\/person\/c4278d4a6028830caff9ee44b42d32ed","name":"Telinha","image":{"@type":"ImageObject","inLanguage":"pt-PT","@id":"https:\/\/portaltela.pt\/s.01k8rhncp4jt1\/2025\/11\/talking-bot-125x125.png","url":"https:\/\/portaltela.pt\/s.01k8rhncp4jt1\/2025\/11\/talking-bot-125x125.png","contentUrl":"https:\/\/portaltela.pt\/s.01k8rhncp4jt1\/2025\/11\/talking-bot-125x125.png","caption":"Telinha"},"sameAs":["https:\/\/portaltela.pt\/"],"url":"https:\/\/portaltela.pt\/por\/367410592786\/"}]}},"_links":{"self":[{"href":"https:\/\/portaltela.pt\/api\/wp\/v2\/posts\/188336","targetHints":{"allow":["GET"]}}],"collection":[{"href":"https:\/\/portaltela.pt\/api\/wp\/v2\/posts"}],"about":[{"href":"https:\/\/portaltela.pt\/api\/wp\/v2\/types\/post"}],"author":[{"embeddable":true,"href":"https:\/\/portaltela.pt\/api\/wp\/v2\/users\/2"}],"replies":[{"embeddable":true,"href":"https:\/\/portaltela.pt\/api\/wp\/v2\/comments?post=188336"}],"version-history":[{"count":0,"href":"https:\/\/portaltela.pt\/api\/wp\/v2\/posts\/188336\/revisions"}],"wp:featuredmedia":[{"embeddable":true,"href":"https:\/\/portaltela.pt\/api\/wp\/v2\/media\/188338"}],"wp:attachment":[{"href":"https:\/\/portaltela.pt\/api\/wp\/v2\/media?parent=188336"}],"wp:term":[{"taxonomy":"category","embeddable":true,"href":"https:\/\/portaltela.pt\/api\/wp\/v2\/categories?post=188336"},{"taxonomy":"post_tag","embeddable":true,"href":"https:\/\/portaltela.pt\/api\/wp\/v2\/tags?post=188336"}],"curies":[{"name":"wp","href":"https:\/\/api.w.org\/{rel}","templated":true}]}}