{"id":188324,"date":"2026-02-01T07:35:52","date_gmt":"2026-02-01T10:35:52","guid":{"rendered":"https:\/\/portaltela.pt\/noticias\/2026\/02\/01\/grupos-de-resende-mantem-viva-tradicao-das-janeiras-no-edificio-municipal\/"},"modified":"2026-02-01T07:35:52","modified_gmt":"2026-02-01T10:35:52","slug":"grupos-de-resende-mantem-viva-tradicao-das-janeiras-no-edificio-municipal","status":"publish","type":"post","link":"https:\/\/portaltela.pt\/noticias\/2026\/02\/01\/grupos-de-resende-mantem-viva-tradicao-das-janeiras-no-edificio-municipal\/","title":{"rendered":"Grupos de Resende mant\u00eam viva tradi\u00e7\u00e3o das janeiras no edif\u00edcio municipal"},"content":{"rendered":"<p>Os Ateli\u00eas Seniores de Miom\u00e3es\/Freigil e de Rossas\/Ovadas atuaram na quinta-feira, 29 de janeiro, nos Pa\u00e7os do Concelho de Resende, para cantar as Janeiras junto do Executivo Municipal.<\/p>\n<p>A iniciativa promove envelhecimento ativo, conv\u00edvio e a valoriza\u00e7\u00e3o das tradi\u00e7\u00f5es culturais imateriais do concelho.<\/p>\n<p>Al\u00e9m da atua\u00e7\u00e3o na C\u00e2mara, o grupo levou os cantares a institui\u00e7\u00f5es locais como a Santa Casa da Miseric\u00f3rdia de Resende, Centros Comunit\u00e1rios de Felgueiras e S\u00e3o Rom\u00e3o, e \u00e0 Irmandade de S\u00e3o Francisco Xavier em S\u00e3o Martinho de Mouros.<\/p>\n<h3>Relev\u00e2ncia para a comunidade<\/h3>\n<p>O Munic\u00edpio destacou a participa\u00e7\u00e3o e o entusiasmo dos seniores, apontando a import\u00e2ncia destas atividades na dinamiza\u00e7\u00e3o cultural e social do territ\u00f3rio.<\/p>\n<p>Os Ateli\u00eas Seniores funcionam como um projeto municipal que oferece ocupa\u00e7\u00f5es culturais, sociais e recreativas, contribuindo para a qualidade de vida e a integra\u00e7\u00e3o na comunidade.<\/p>\n","protected":false},"excerpt":{"rendered":"<ul>\n<li>Os Ateli\u00eas Seniores de Miom\u00e3es\/Freigil e de Rossas\/Ovadas atuaram nos Pa\u00e7os do Concelho de Resende a 29 de janeiro, cantando as janeiras perante o Executivo Municipal.<\/li>\n<li>A iniciativa faz parte de um projeto que promove o envelhecimento ativo, o conv\u00edvio e a preserva\u00e7\u00e3o do patrim\u00f3nio cultural imaterial.<\/li>\n<li>Al\u00e9m do edif\u00edcio da c\u00e2mara, o grupo levou os cantares a outras institui\u00e7\u00f5es do concelho: Santa Casa da Miseric\u00f3rdia de Resende, Centros Comunit\u00e1rios de Felgueiras e de S\u00e3o Rom\u00e3o, e \u00e0 Irmandade de S\u00e3o Francisco Xavier, em S\u00e3o Martinho de Mouros.<\/li>\n<li>O circuito pretende refor\u00e7ar o esp\u00edrito comunit\u00e1rio e manter viva uma tradi\u00e7\u00e3o que atravessa gera\u00e7\u00f5es.<\/li>\n<li>O Munic\u00edpio de Resende destacou a participa\u00e7\u00e3o e o entusiasmo dos seniores, sublinhando o papel das atividades na dinamiza\u00e7\u00e3o cultural e social do territ\u00f3rio.<\/li>\n<\/ul>\n","protected":false},"author":2,"featured_media":188326,"comment_status":"closed","ping_status":"closed","sticky":false,"template":"","format":"standard","meta":{"footnotes":""},"categories":[1],"tags":[3035,145,4108,3731,3295,146],"class_list":["post-188324","post","type-post","status-publish","format-standard","has-post-thumbnail","hentry","category-noticias","tag-comunidade","tag-cultura","tag-envelhecimento-ativo","tag-eventos","tag-patrimonio-imaterial","tag-tradicoes"],"yoast_head":"<!-- This site is optimized with the Yoast SEO plugin v27.2 - https:\/\/yoast.com\/product\/yoast-seo-wordpress\/ -->\n<title>Grupos de Resende mant\u00eam viva tradi\u00e7\u00e3o das janeiras no edif\u00edcio municipal - Portal Tela Portugal<\/title>\n<meta name=\"robots\" content=\"index, follow, max-snippet:-1, max-image-preview:large, max-video-preview:-1\" \/>\n<meta property=\"og:locale\" content=\"pt_PT\" \/>\n<meta property=\"og:type\" content=\"article\" \/>\n<meta property=\"og:title\" content=\"Grupos de Resende mant\u00eam viva tradi\u00e7\u00e3o das janeiras no edif\u00edcio municipal - Portal Tela Portugal\" \/>\n<meta property=\"og:description\" content=\"Os Ateli\u00eas Seniores de Miom\u00e3es\/Freigil e de Rossas\/Ovadas atuaram nos Pa\u00e7os do Concelho de Resende a 29 de janeiro, cantando as janeiras perante o Executivo Municipal. A iniciativa faz parte de um projeto que promove o envelhecimento ativo, o conv\u00edvio e a preserva\u00e7\u00e3o do patrim\u00f3nio cultural imaterial. Al\u00e9m do edif\u00edcio da c\u00e2mara, o grupo levou os cantares a outras institui\u00e7\u00f5es do concelho: Santa Casa da Miseric\u00f3rdia de Resende, Centros Comunit\u00e1rios de Felgueiras e de S\u00e3o Rom\u00e3o, e \u00e0 Irmandade de S\u00e3o Francisco Xavier, em S\u00e3o Martinho de Mouros. O circuito pretende refor\u00e7ar o esp\u00edrito comunit\u00e1rio e manter viva uma tradi\u00e7\u00e3o que atravessa gera\u00e7\u00f5es. O Munic\u00edpio de Resende destacou a participa\u00e7\u00e3o e o entusiasmo dos seniores, sublinhando o papel das atividades na dinamiza\u00e7\u00e3o cultural e social do territ\u00f3rio.\" \/>\n<meta property=\"og:url\" content=\"https:\/\/portaltela.pt\/noticias\/2026\/02\/01\/grupos-de-resende-mantem-viva-tradicao-das-janeiras-no-edificio-municipal\/\" \/>\n<meta property=\"og:site_name\" content=\"Portal Tela Portugal\" \/>\n<meta property=\"article:published_time\" content=\"2026-02-01T10:35:52+00:00\" \/>\n<meta name=\"author\" content=\"Telinha\" \/>\n<meta name=\"twitter:card\" content=\"summary_large_image\" \/>\n<meta name=\"twitter:label1\" content=\"Escrito por\" \/>\n\t<meta name=\"twitter:data1\" content=\"Telinha\" \/>\n\t<meta name=\"twitter:label2\" content=\"Tempo estimado de leitura\" \/>\n\t<meta name=\"twitter:data2\" content=\"1 minuto\" \/>\n<script type=\"application\/ld+json\" class=\"yoast-schema-graph\">{\"@context\":\"https:\/\/schema.org\",\"@graph\":[{\"@type\":\"Article\",\"@id\":\"https:\/\/portaltela.pt\/noticias\/2026\/02\/01\/grupos-de-resende-mantem-viva-tradicao-das-janeiras-no-edificio-municipal\/#article\",\"isPartOf\":{\"@id\":\"https:\/\/portaltela.pt\/noticias\/2026\/02\/01\/grupos-de-resende-mantem-viva-tradicao-das-janeiras-no-edificio-municipal\/\"},\"author\":{\"name\":\"Telinha\",\"@id\":\"https:\/\/portaltela.pt\/#\/schema\/person\/c4278d4a6028830caff9ee44b42d32ed\"},\"headline\":\"Grupos de Resende mant\u00eam viva tradi\u00e7\u00e3o das janeiras no edif\u00edcio municipal\",\"datePublished\":\"2026-02-01T10:35:52+00:00\",\"mainEntityOfPage\":{\"@id\":\"https:\/\/portaltela.pt\/noticias\/2026\/02\/01\/grupos-de-resende-mantem-viva-tradicao-das-janeiras-no-edificio-municipal\/\"},\"wordCount\":174,\"image\":{\"@id\":\"https:\/\/portaltela.pt\/noticias\/2026\/02\/01\/grupos-de-resende-mantem-viva-tradicao-das-janeiras-no-edificio-municipal\/#primaryimage\"},\"thumbnailUrl\":\"https:\/\/portaltela.pt\/s.01k8rhncp4jt1\/2026\/02\/unnamed-file-58.jpg\",\"keywords\":[\"comunidade\",\"cultura\",\"envelhecimento ativo\",\"eventos\",\"patrim\u00f3nio imaterial\",\"tradi\u00e7\u00f5es\"],\"articleSection\":[\"Not\u00edcias\"],\"inLanguage\":\"pt-PT\"},{\"@type\":\"WebPage\",\"@id\":\"https:\/\/portaltela.pt\/noticias\/2026\/02\/01\/grupos-de-resende-mantem-viva-tradicao-das-janeiras-no-edificio-municipal\/\",\"url\":\"https:\/\/portaltela.pt\/noticias\/2026\/02\/01\/grupos-de-resende-mantem-viva-tradicao-das-janeiras-no-edificio-municipal\/\",\"name\":\"Grupos de Resende mant\u00eam viva tradi\u00e7\u00e3o das janeiras no edif\u00edcio municipal - Portal Tela Portugal\",\"isPartOf\":{\"@id\":\"https:\/\/portaltela.pt\/#website\"},\"primaryImageOfPage\":{\"@id\":\"https:\/\/portaltela.pt\/noticias\/2026\/02\/01\/grupos-de-resende-mantem-viva-tradicao-das-janeiras-no-edificio-municipal\/#primaryimage\"},\"image\":{\"@id\":\"https:\/\/portaltela.pt\/noticias\/2026\/02\/01\/grupos-de-resende-mantem-viva-tradicao-das-janeiras-no-edificio-municipal\/#primaryimage\"},\"thumbnailUrl\":\"https:\/\/portaltela.pt\/s.01k8rhncp4jt1\/2026\/02\/unnamed-file-58.jpg\",\"datePublished\":\"2026-02-01T10:35:52+00:00\",\"author\":{\"@id\":\"https:\/\/portaltela.pt\/#\/schema\/person\/c4278d4a6028830caff9ee44b42d32ed\"},\"breadcrumb\":{\"@id\":\"https:\/\/portaltela.pt\/noticias\/2026\/02\/01\/grupos-de-resende-mantem-viva-tradicao-das-janeiras-no-edificio-municipal\/#breadcrumb\"},\"inLanguage\":\"pt-PT\",\"potentialAction\":[{\"@type\":\"ReadAction\",\"target\":[\"https:\/\/portaltela.pt\/noticias\/2026\/02\/01\/grupos-de-resende-mantem-viva-tradicao-das-janeiras-no-edificio-municipal\/\"]}]},{\"@type\":\"ImageObject\",\"inLanguage\":\"pt-PT\",\"@id\":\"https:\/\/portaltela.pt\/noticias\/2026\/02\/01\/grupos-de-resende-mantem-viva-tradicao-das-janeiras-no-edificio-municipal\/#primaryimage\",\"url\":\"https:\/\/portaltela.pt\/s.01k8rhncp4jt1\/2026\/02\/unnamed-file-58.jpg\",\"contentUrl\":\"https:\/\/portaltela.pt\/s.01k8rhncp4jt1\/2026\/02\/unnamed-file-58.jpg\",\"width\":796,\"height\":448,\"caption\":\"Grupos s\u00e9niores de Resende mant\u00eam viva tradi\u00e7\u00e3o das Janeiras com atua\u00e7\u00e3o no edif\u00edcio municipal\"},{\"@type\":\"BreadcrumbList\",\"@id\":\"https:\/\/portaltela.pt\/noticias\/2026\/02\/01\/grupos-de-resende-mantem-viva-tradicao-das-janeiras-no-edificio-municipal\/#breadcrumb\",\"itemListElement\":[{\"@type\":\"ListItem\",\"position\":1,\"name\":\"In\u00edcio\",\"item\":\"https:\/\/portaltela.pt\/\"},{\"@type\":\"ListItem\",\"position\":2,\"name\":\"Grupos de Resende mant\u00eam viva tradi\u00e7\u00e3o das janeiras no edif\u00edcio municipal\"}]},{\"@type\":\"WebSite\",\"@id\":\"https:\/\/portaltela.pt\/#website\",\"url\":\"https:\/\/portaltela.pt\/\",\"name\":\"Portal Tela Portugal\",\"description\":\"\",\"potentialAction\":[{\"@type\":\"SearchAction\",\"target\":{\"@type\":\"EntryPoint\",\"urlTemplate\":\"https:\/\/portaltela.pt\/?s={search_term_string}\"},\"query-input\":{\"@type\":\"PropertyValueSpecification\",\"valueRequired\":true,\"valueName\":\"search_term_string\"}}],\"inLanguage\":\"pt-PT\"},{\"@type\":\"Person\",\"@id\":\"https:\/\/portaltela.pt\/#\/schema\/person\/c4278d4a6028830caff9ee44b42d32ed\",\"name\":\"Telinha\",\"image\":{\"@type\":\"ImageObject\",\"inLanguage\":\"pt-PT\",\"@id\":\"https:\/\/portaltela.pt\/s.01k8rhncp4jt1\/2025\/11\/talking-bot-125x125.png\",\"url\":\"https:\/\/portaltela.pt\/s.01k8rhncp4jt1\/2025\/11\/talking-bot-125x125.png\",\"contentUrl\":\"https:\/\/portaltela.pt\/s.01k8rhncp4jt1\/2025\/11\/talking-bot-125x125.png\",\"caption\":\"Telinha\"},\"sameAs\":[\"https:\/\/portaltela.pt\/\"],\"url\":\"https:\/\/portaltela.pt\/por\/367410592786\/\"}]}<\/script>\n<!-- \/ Yoast SEO plugin. -->","yoast_head_json":{"title":"Grupos de Resende mant\u00eam viva tradi\u00e7\u00e3o das janeiras no edif\u00edcio municipal - Portal Tela Portugal","robots":{"index":"index","follow":"follow","max-snippet":"max-snippet:-1","max-image-preview":"max-image-preview:large","max-video-preview":"max-video-preview:-1"},"og_locale":"pt_PT","og_type":"article","og_title":"Grupos de Resende mant\u00eam viva tradi\u00e7\u00e3o das janeiras no edif\u00edcio municipal - Portal Tela Portugal","og_description":"Os Ateli\u00eas Seniores de Miom\u00e3es\/Freigil e de Rossas\/Ovadas atuaram nos Pa\u00e7os do Concelho de Resende a 29 de janeiro, cantando as janeiras perante o Executivo Municipal. A iniciativa faz parte de um projeto que promove o envelhecimento ativo, o conv\u00edvio e a preserva\u00e7\u00e3o do patrim\u00f3nio cultural imaterial. Al\u00e9m do edif\u00edcio da c\u00e2mara, o grupo levou os cantares a outras institui\u00e7\u00f5es do concelho: Santa Casa da Miseric\u00f3rdia de Resende, Centros Comunit\u00e1rios de Felgueiras e de S\u00e3o Rom\u00e3o, e \u00e0 Irmandade de S\u00e3o Francisco Xavier, em S\u00e3o Martinho de Mouros. O circuito pretende refor\u00e7ar o esp\u00edrito comunit\u00e1rio e manter viva uma tradi\u00e7\u00e3o que atravessa gera\u00e7\u00f5es. O Munic\u00edpio de Resende destacou a participa\u00e7\u00e3o e o entusiasmo dos seniores, sublinhando o papel das atividades na dinamiza\u00e7\u00e3o cultural e social do territ\u00f3rio.","og_url":"https:\/\/portaltela.pt\/noticias\/2026\/02\/01\/grupos-de-resende-mantem-viva-tradicao-das-janeiras-no-edificio-municipal\/","og_site_name":"Portal Tela Portugal","article_published_time":"2026-02-01T10:35:52+00:00","author":"Telinha","twitter_card":"summary_large_image","twitter_misc":{"Escrito por":"Telinha","Tempo estimado de leitura":"1 minuto"},"schema":{"@context":"https:\/\/schema.org","@graph":[{"@type":"Article","@id":"https:\/\/portaltela.pt\/noticias\/2026\/02\/01\/grupos-de-resende-mantem-viva-tradicao-das-janeiras-no-edificio-municipal\/#article","isPartOf":{"@id":"https:\/\/portaltela.pt\/noticias\/2026\/02\/01\/grupos-de-resende-mantem-viva-tradicao-das-janeiras-no-edificio-municipal\/"},"author":{"name":"Telinha","@id":"https:\/\/portaltela.pt\/#\/schema\/person\/c4278d4a6028830caff9ee44b42d32ed"},"headline":"Grupos de Resende mant\u00eam viva tradi\u00e7\u00e3o das janeiras no edif\u00edcio municipal","datePublished":"2026-02-01T10:35:52+00:00","mainEntityOfPage":{"@id":"https:\/\/portaltela.pt\/noticias\/2026\/02\/01\/grupos-de-resende-mantem-viva-tradicao-das-janeiras-no-edificio-municipal\/"},"wordCount":174,"image":{"@id":"https:\/\/portaltela.pt\/noticias\/2026\/02\/01\/grupos-de-resende-mantem-viva-tradicao-das-janeiras-no-edificio-municipal\/#primaryimage"},"thumbnailUrl":"https:\/\/portaltela.pt\/s.01k8rhncp4jt1\/2026\/02\/unnamed-file-58.jpg","keywords":["comunidade","cultura","envelhecimento ativo","eventos","patrim\u00f3nio imaterial","tradi\u00e7\u00f5es"],"articleSection":["Not\u00edcias"],"inLanguage":"pt-PT"},{"@type":"WebPage","@id":"https:\/\/portaltela.pt\/noticias\/2026\/02\/01\/grupos-de-resende-mantem-viva-tradicao-das-janeiras-no-edificio-municipal\/","url":"https:\/\/portaltela.pt\/noticias\/2026\/02\/01\/grupos-de-resende-mantem-viva-tradicao-das-janeiras-no-edificio-municipal\/","name":"Grupos de Resende mant\u00eam viva tradi\u00e7\u00e3o das janeiras no edif\u00edcio municipal - Portal Tela Portugal","isPartOf":{"@id":"https:\/\/portaltela.pt\/#website"},"primaryImageOfPage":{"@id":"https:\/\/portaltela.pt\/noticias\/2026\/02\/01\/grupos-de-resende-mantem-viva-tradicao-das-janeiras-no-edificio-municipal\/#primaryimage"},"image":{"@id":"https:\/\/portaltela.pt\/noticias\/2026\/02\/01\/grupos-de-resende-mantem-viva-tradicao-das-janeiras-no-edificio-municipal\/#primaryimage"},"thumbnailUrl":"https:\/\/portaltela.pt\/s.01k8rhncp4jt1\/2026\/02\/unnamed-file-58.jpg","datePublished":"2026-02-01T10:35:52+00:00","author":{"@id":"https:\/\/portaltela.pt\/#\/schema\/person\/c4278d4a6028830caff9ee44b42d32ed"},"breadcrumb":{"@id":"https:\/\/portaltela.pt\/noticias\/2026\/02\/01\/grupos-de-resende-mantem-viva-tradicao-das-janeiras-no-edificio-municipal\/#breadcrumb"},"inLanguage":"pt-PT","potentialAction":[{"@type":"ReadAction","target":["https:\/\/portaltela.pt\/noticias\/2026\/02\/01\/grupos-de-resende-mantem-viva-tradicao-das-janeiras-no-edificio-municipal\/"]}]},{"@type":"ImageObject","inLanguage":"pt-PT","@id":"https:\/\/portaltela.pt\/noticias\/2026\/02\/01\/grupos-de-resende-mantem-viva-tradicao-das-janeiras-no-edificio-municipal\/#primaryimage","url":"https:\/\/portaltela.pt\/s.01k8rhncp4jt1\/2026\/02\/unnamed-file-58.jpg","contentUrl":"https:\/\/portaltela.pt\/s.01k8rhncp4jt1\/2026\/02\/unnamed-file-58.jpg","width":796,"height":448,"caption":"Grupos s\u00e9niores de Resende mant\u00eam viva tradi\u00e7\u00e3o das Janeiras com atua\u00e7\u00e3o no edif\u00edcio municipal"},{"@type":"BreadcrumbList","@id":"https:\/\/portaltela.pt\/noticias\/2026\/02\/01\/grupos-de-resende-mantem-viva-tradicao-das-janeiras-no-edificio-municipal\/#breadcrumb","itemListElement":[{"@type":"ListItem","position":1,"name":"In\u00edcio","item":"https:\/\/portaltela.pt\/"},{"@type":"ListItem","position":2,"name":"Grupos de Resende mant\u00eam viva tradi\u00e7\u00e3o das janeiras no edif\u00edcio municipal"}]},{"@type":"WebSite","@id":"https:\/\/portaltela.pt\/#website","url":"https:\/\/portaltela.pt\/","name":"Portal Tela Portugal","description":"","potentialAction":[{"@type":"SearchAction","target":{"@type":"EntryPoint","urlTemplate":"https:\/\/portaltela.pt\/?s={search_term_string}"},"query-input":{"@type":"PropertyValueSpecification","valueRequired":true,"valueName":"search_term_string"}}],"inLanguage":"pt-PT"},{"@type":"Person","@id":"https:\/\/portaltela.pt\/#\/schema\/person\/c4278d4a6028830caff9ee44b42d32ed","name":"Telinha","image":{"@type":"ImageObject","inLanguage":"pt-PT","@id":"https:\/\/portaltela.pt\/s.01k8rhncp4jt1\/2025\/11\/talking-bot-125x125.png","url":"https:\/\/portaltela.pt\/s.01k8rhncp4jt1\/2025\/11\/talking-bot-125x125.png","contentUrl":"https:\/\/portaltela.pt\/s.01k8rhncp4jt1\/2025\/11\/talking-bot-125x125.png","caption":"Telinha"},"sameAs":["https:\/\/portaltela.pt\/"],"url":"https:\/\/portaltela.pt\/por\/367410592786\/"}]}},"_links":{"self":[{"href":"https:\/\/portaltela.pt\/api\/wp\/v2\/posts\/188324","targetHints":{"allow":["GET"]}}],"collection":[{"href":"https:\/\/portaltela.pt\/api\/wp\/v2\/posts"}],"about":[{"href":"https:\/\/portaltela.pt\/api\/wp\/v2\/types\/post"}],"author":[{"embeddable":true,"href":"https:\/\/portaltela.pt\/api\/wp\/v2\/users\/2"}],"replies":[{"embeddable":true,"href":"https:\/\/portaltela.pt\/api\/wp\/v2\/comments?post=188324"}],"version-history":[{"count":0,"href":"https:\/\/portaltela.pt\/api\/wp\/v2\/posts\/188324\/revisions"}],"wp:featuredmedia":[{"embeddable":true,"href":"https:\/\/portaltela.pt\/api\/wp\/v2\/media\/188326"}],"wp:attachment":[{"href":"https:\/\/portaltela.pt\/api\/wp\/v2\/media?parent=188324"}],"wp:term":[{"taxonomy":"category","embeddable":true,"href":"https:\/\/portaltela.pt\/api\/wp\/v2\/categories?post=188324"},{"taxonomy":"post_tag","embeddable":true,"href":"https:\/\/portaltela.pt\/api\/wp\/v2\/tags?post=188324"}],"curies":[{"name":"wp","href":"https:\/\/api.w.org\/{rel}","templated":true}]}}