{"id":188318,"date":"2026-02-01T07:21:00","date_gmt":"2026-02-01T10:21:00","guid":{"rendered":"https:\/\/portaltela.pt\/noticias\/2026\/02\/01\/elvio-sousa-reafirma-que-apenas-devemos-pagar-59-e-79-euros-nas-viagens-aereas\/"},"modified":"2026-02-01T07:21:00","modified_gmt":"2026-02-01T10:21:00","slug":"elvio-sousa-reafirma-que-apenas-devemos-pagar-59-e-79-euros-nas-viagens-aereas","status":"publish","type":"post","link":"https:\/\/portaltela.pt\/noticias\/2026\/02\/01\/elvio-sousa-reafirma-que-apenas-devemos-pagar-59-e-79-euros-nas-viagens-aereas\/","title":{"rendered":"\u00c9lvio Sousa reafirma que apenas devemos pagar 59 e 79 euros nas viagens a\u00e9reas"},"content":{"rendered":"<p>O secret\u00e1rio-geral do JPP denunciou, esta manh\u00e3, nas redes sociais, o que considera um novo adiamento e uma manobra pol\u00edtica do PSD e do CDS sobre o Subs\u00eddio Social de Mobilidade. Alega que os madeirenses devem pagar apenas 59 euros e 79 euros nas viagens entre a Madeira e o Continente.<\/p>\n<p>\u00c9lvio Sousa sustenta que a aprova\u00e7\u00e3o, na ALRAM, de uma proposta de lei destinada a \u201cdesculpar\u201d o Governo da Rep\u00fablica perpetua o adiamento. Afirmou que essa solu\u00e7\u00e3o n\u00e3o garante, de forma definitiva, o pagamento total por parte do Estado, mantendo os cidad\u00e3os como fiadores do sistema.<\/p>\n<p>O l\u00edder do JPP ressaltou que, caso se mantenha o adiamento ou a cobran\u00e7a direta dos valores finais, ficar\u00e1 prejudicada a garantia anunciada de um benef\u00edcio sem necessidade de reembolsos. Alega que tais ajustes juridicamente podem afetar o direito dos madeirenses de viajar com apoio p\u00fablico.<\/p>\n<h3>Contexto<\/h3>\n<p>A posi\u00e7\u00e3o do JPP surge ap\u00f3s a proposta de lei apresentada pelo PSD e CDS na Assembleia Legislativa da Madeira. O texto procurava clarificar a aplica\u00e7\u00e3o do SSM, com foco na obriga\u00e7\u00e3o de pagamento inicial pelo benefici\u00e1rio, ainda que posteriormente existam reembolsos.<\/p>\n<p>Sousa cita os n.\u00ba 1 e 2 do artigo 4.\u00ba da proposta para sustentar a sua leitura: o benefici\u00e1rio pagaria no ato da compra apenas o montante de refer\u00eancia, que seriam 59\u20ac e 79\u20ac. Posteriormente, segundo alega, haveria uma cl\u00e1usula que anularia esse direito.<\/p>\n<p>O dirigente diz que o voto nesse diploma, mesmo com a promessa de um avan\u00e7o, representa uma \u201ccilada jur\u00eddica\u201d para manter os madeirenses como garantes do Estado. O JPP afirma ter votado contra a proposta na ALRAM, rejeitando a medida.<\/p>\n<p>O porta-voz do partido afirma que a narrativa sustenta que o processo n\u00e3o assegura, de forma inequ\u00edvoca, a isen\u00e7\u00e3o ou o pagamento antecipado sem condi\u00e7\u00f5es adicionais. Alega que a discuss\u00e3o continua e que a mat\u00e9ria ainda est\u00e1 em fase de debate p\u00fablico e parlamentar.<\/p>\n<p>O JPP refor\u00e7a que a decis\u00e3o tomada na regi\u00e3o n\u00e3o impede a an\u00e1lise de solu\u00e7\u00f5es futuras e mant\u00e9m a exig\u00eancia de clarifica\u00e7\u00e3o sobre o funcionamento da plataforma prevista no artigo 7.\u00ba. O tema permanece em evid\u00eancia no debate pol\u00edtico regional.<\/p>\n","protected":false},"excerpt":{"rendered":"<ul>\n<li>O secret\u00e1rio-geral do JPP, \u00c9lvio Sousa, denunciou nas redes sociais um novo adiamento e uma manobra pol\u00edtica do PSD e do CDS sobre o Subs\u00eddio Social de Mobilidade (SSM), defendendo que os madeirenses s\u00f3 devem pagar 59 \u20ac e 79 \u20ac nas viagens entre a Madeira e o Continente.<\/li>\n<li>A acusa\u00e7\u00e3o baseia-se numa proposta de lei aprovada na Assembleia Legislativa Regional da Madeira (ALRAM), que, segundo o JPP, adiaria o pagamento definitivo apenas para 59 \u20ac e 79 \u20ac, em vez de garantirem o pagamento total.<\/li>\n<li>O l\u00edder do JPP afirma que houve uma \u201ccilada jur\u00eddica\u201d para que os madeirenses continuem a ser fiadores do Estado, repetindo que a proposta mant\u00e9m d\u00favidas sobre o pagamento direto do valor final.<\/li>\n<li>O n.\u00ba 1 da proposta prev\u00ea que o benefici\u00e1rio pague no momento da aquisi\u00e7\u00e3o do bilhete o montante de refer\u00eancia (59 \u20ac e 79 \u20ac), e o n.\u00ba 2 supostamente anula esse direito at\u00e9 \u00e0 entrada em funcionamento da plataforma.<\/li>\n<li>O JPP foi o \u00fanico partido a votar contra a proposta, apontando que o PSD\/CDS pretendem adiar e n\u00e3o assegurar de forma definitiva o pagamento dos 59 \u20ac e 79 \u20ac.<\/li>\n<\/ul>\n","protected":false},"author":2,"featured_media":188319,"comment_status":"closed","ping_status":"closed","sticky":false,"template":"","format":"standard","meta":{"footnotes":""},"categories":[1],"tags":[2478,4669,859,2832,3695,2575],"class_list":["post-188318","post","type-post","status-publish","format-standard","has-post-thumbnail","hentry","category-noticias","tag-cds","tag-jpp","tag-madeira","tag-politica","tag-psd","tag-subsidio-social"],"yoast_head":"<!-- This site is optimized with the Yoast SEO plugin v27.2 - https:\/\/yoast.com\/product\/yoast-seo-wordpress\/ -->\n<title>\u00c9lvio Sousa reafirma que apenas devemos pagar 59 e 79 euros nas viagens a\u00e9reas - Portal Tela Portugal<\/title>\n<meta name=\"robots\" content=\"index, follow, max-snippet:-1, max-image-preview:large, max-video-preview:-1\" \/>\n<meta property=\"og:locale\" content=\"pt_PT\" \/>\n<meta property=\"og:type\" content=\"article\" \/>\n<meta property=\"og:title\" content=\"\u00c9lvio Sousa reafirma que apenas devemos pagar 59 e 79 euros nas viagens a\u00e9reas - Portal Tela Portugal\" \/>\n<meta property=\"og:description\" content=\"O secret\u00e1rio-geral do JPP, \u00c9lvio Sousa, denunciou nas redes sociais um novo adiamento e uma manobra pol\u00edtica do PSD e do CDS sobre o Subs\u00eddio Social de Mobilidade (SSM), defendendo que os madeirenses s\u00f3 devem pagar 59 \u20ac e 79 \u20ac nas viagens entre a Madeira e o Continente. A acusa\u00e7\u00e3o baseia-se numa proposta de lei aprovada na Assembleia Legislativa Regional da Madeira (ALRAM), que, segundo o JPP, adiaria o pagamento definitivo apenas para 59 \u20ac e 79 \u20ac, em vez de garantirem o pagamento total. O l\u00edder do JPP afirma que houve uma \u201ccilada jur\u00eddica\u201d para que os madeirenses continuem a ser fiadores do Estado, repetindo que a proposta mant\u00e9m d\u00favidas sobre o pagamento direto do valor final. O n.\u00ba 1 da proposta prev\u00ea que o benefici\u00e1rio pague no momento da aquisi\u00e7\u00e3o do bilhete o montante de refer\u00eancia (59 \u20ac e 79 \u20ac), e o n.\u00ba 2 supostamente anula esse direito at\u00e9 \u00e0 entrada em funcionamento da plataforma. O JPP foi o \u00fanico partido a votar contra a proposta, apontando que o PSD\/CDS pretendem adiar e n\u00e3o assegurar de forma definitiva o pagamento dos 59 \u20ac e 79 \u20ac.\" \/>\n<meta property=\"og:url\" content=\"https:\/\/portaltela.pt\/noticias\/2026\/02\/01\/elvio-sousa-reafirma-que-apenas-devemos-pagar-59-e-79-euros-nas-viagens-aereas\/\" \/>\n<meta property=\"og:site_name\" content=\"Portal Tela Portugal\" \/>\n<meta property=\"article:published_time\" content=\"2026-02-01T10:21:00+00:00\" \/>\n<meta name=\"author\" content=\"Telinha\" \/>\n<meta name=\"twitter:card\" content=\"summary_large_image\" \/>\n<meta name=\"twitter:label1\" content=\"Escrito por\" \/>\n\t<meta name=\"twitter:data1\" content=\"Telinha\" \/>\n\t<meta name=\"twitter:label2\" content=\"Tempo estimado de leitura\" \/>\n\t<meta name=\"twitter:data2\" content=\"2 minutos\" \/>\n<script type=\"application\/ld+json\" class=\"yoast-schema-graph\">{\"@context\":\"https:\/\/schema.org\",\"@graph\":[{\"@type\":\"Article\",\"@id\":\"https:\/\/portaltela.pt\/noticias\/2026\/02\/01\/elvio-sousa-reafirma-que-apenas-devemos-pagar-59-e-79-euros-nas-viagens-aereas\/#article\",\"isPartOf\":{\"@id\":\"https:\/\/portaltela.pt\/noticias\/2026\/02\/01\/elvio-sousa-reafirma-que-apenas-devemos-pagar-59-e-79-euros-nas-viagens-aereas\/\"},\"author\":{\"name\":\"Telinha\",\"@id\":\"https:\/\/portaltela.pt\/#\/schema\/person\/c4278d4a6028830caff9ee44b42d32ed\"},\"headline\":\"\u00c9lvio Sousa reafirma que apenas devemos pagar 59 e 79 euros nas viagens a\u00e9reas\",\"datePublished\":\"2026-02-01T10:21:00+00:00\",\"mainEntityOfPage\":{\"@id\":\"https:\/\/portaltela.pt\/noticias\/2026\/02\/01\/elvio-sousa-reafirma-que-apenas-devemos-pagar-59-e-79-euros-nas-viagens-aereas\/\"},\"wordCount\":399,\"image\":{\"@id\":\"https:\/\/portaltela.pt\/noticias\/2026\/02\/01\/elvio-sousa-reafirma-que-apenas-devemos-pagar-59-e-79-euros-nas-viagens-aereas\/#primaryimage\"},\"thumbnailUrl\":\"https:\/\/portaltela.pt\/s.01k8rhncp4jt1\/2026\/02\/unnamed-file-57.jpg\",\"keywords\":[\"CDS\",\"JPP\",\"Madeira\",\"pol\u00edtica\",\"PSD\",\"Subs\u00eddio Social\"],\"articleSection\":[\"Not\u00edcias\"],\"inLanguage\":\"pt-PT\"},{\"@type\":\"WebPage\",\"@id\":\"https:\/\/portaltela.pt\/noticias\/2026\/02\/01\/elvio-sousa-reafirma-que-apenas-devemos-pagar-59-e-79-euros-nas-viagens-aereas\/\",\"url\":\"https:\/\/portaltela.pt\/noticias\/2026\/02\/01\/elvio-sousa-reafirma-que-apenas-devemos-pagar-59-e-79-euros-nas-viagens-aereas\/\",\"name\":\"\u00c9lvio Sousa reafirma que apenas devemos pagar 59 e 79 euros nas viagens a\u00e9reas - Portal Tela Portugal\",\"isPartOf\":{\"@id\":\"https:\/\/portaltela.pt\/#website\"},\"primaryImageOfPage\":{\"@id\":\"https:\/\/portaltela.pt\/noticias\/2026\/02\/01\/elvio-sousa-reafirma-que-apenas-devemos-pagar-59-e-79-euros-nas-viagens-aereas\/#primaryimage\"},\"image\":{\"@id\":\"https:\/\/portaltela.pt\/noticias\/2026\/02\/01\/elvio-sousa-reafirma-que-apenas-devemos-pagar-59-e-79-euros-nas-viagens-aereas\/#primaryimage\"},\"thumbnailUrl\":\"https:\/\/portaltela.pt\/s.01k8rhncp4jt1\/2026\/02\/unnamed-file-57.jpg\",\"datePublished\":\"2026-02-01T10:21:00+00:00\",\"author\":{\"@id\":\"https:\/\/portaltela.pt\/#\/schema\/person\/c4278d4a6028830caff9ee44b42d32ed\"},\"breadcrumb\":{\"@id\":\"https:\/\/portaltela.pt\/noticias\/2026\/02\/01\/elvio-sousa-reafirma-que-apenas-devemos-pagar-59-e-79-euros-nas-viagens-aereas\/#breadcrumb\"},\"inLanguage\":\"pt-PT\",\"potentialAction\":[{\"@type\":\"ReadAction\",\"target\":[\"https:\/\/portaltela.pt\/noticias\/2026\/02\/01\/elvio-sousa-reafirma-que-apenas-devemos-pagar-59-e-79-euros-nas-viagens-aereas\/\"]}]},{\"@type\":\"ImageObject\",\"inLanguage\":\"pt-PT\",\"@id\":\"https:\/\/portaltela.pt\/noticias\/2026\/02\/01\/elvio-sousa-reafirma-que-apenas-devemos-pagar-59-e-79-euros-nas-viagens-aereas\/#primaryimage\",\"url\":\"https:\/\/portaltela.pt\/s.01k8rhncp4jt1\/2026\/02\/unnamed-file-57.jpg\",\"contentUrl\":\"https:\/\/portaltela.pt\/s.01k8rhncp4jt1\/2026\/02\/unnamed-file-57.jpg\",\"width\":796,\"height\":448,\"caption\":\"\u00c9lvio Sousa reafirma que s\u00f3 devemos pagar 59 euros e 79 euros nas viagens a\u00e9reas\"},{\"@type\":\"BreadcrumbList\",\"@id\":\"https:\/\/portaltela.pt\/noticias\/2026\/02\/01\/elvio-sousa-reafirma-que-apenas-devemos-pagar-59-e-79-euros-nas-viagens-aereas\/#breadcrumb\",\"itemListElement\":[{\"@type\":\"ListItem\",\"position\":1,\"name\":\"In\u00edcio\",\"item\":\"https:\/\/portaltela.pt\/\"},{\"@type\":\"ListItem\",\"position\":2,\"name\":\"\u00c9lvio Sousa reafirma que apenas devemos pagar 59 e 79 euros nas viagens a\u00e9reas\"}]},{\"@type\":\"WebSite\",\"@id\":\"https:\/\/portaltela.pt\/#website\",\"url\":\"https:\/\/portaltela.pt\/\",\"name\":\"Portal Tela Portugal\",\"description\":\"\",\"potentialAction\":[{\"@type\":\"SearchAction\",\"target\":{\"@type\":\"EntryPoint\",\"urlTemplate\":\"https:\/\/portaltela.pt\/?s={search_term_string}\"},\"query-input\":{\"@type\":\"PropertyValueSpecification\",\"valueRequired\":true,\"valueName\":\"search_term_string\"}}],\"inLanguage\":\"pt-PT\"},{\"@type\":\"Person\",\"@id\":\"https:\/\/portaltela.pt\/#\/schema\/person\/c4278d4a6028830caff9ee44b42d32ed\",\"name\":\"Telinha\",\"image\":{\"@type\":\"ImageObject\",\"inLanguage\":\"pt-PT\",\"@id\":\"https:\/\/portaltela.pt\/s.01k8rhncp4jt1\/2025\/11\/talking-bot-125x125.png\",\"url\":\"https:\/\/portaltela.pt\/s.01k8rhncp4jt1\/2025\/11\/talking-bot-125x125.png\",\"contentUrl\":\"https:\/\/portaltela.pt\/s.01k8rhncp4jt1\/2025\/11\/talking-bot-125x125.png\",\"caption\":\"Telinha\"},\"sameAs\":[\"https:\/\/portaltela.pt\/\"],\"url\":\"https:\/\/portaltela.pt\/por\/367410592786\/\"}]}<\/script>\n<!-- \/ Yoast SEO plugin. -->","yoast_head_json":{"title":"\u00c9lvio Sousa reafirma que apenas devemos pagar 59 e 79 euros nas viagens a\u00e9reas - Portal Tela Portugal","robots":{"index":"index","follow":"follow","max-snippet":"max-snippet:-1","max-image-preview":"max-image-preview:large","max-video-preview":"max-video-preview:-1"},"og_locale":"pt_PT","og_type":"article","og_title":"\u00c9lvio Sousa reafirma que apenas devemos pagar 59 e 79 euros nas viagens a\u00e9reas - Portal Tela Portugal","og_description":"O secret\u00e1rio-geral do JPP, \u00c9lvio Sousa, denunciou nas redes sociais um novo adiamento e uma manobra pol\u00edtica do PSD e do CDS sobre o Subs\u00eddio Social de Mobilidade (SSM), defendendo que os madeirenses s\u00f3 devem pagar 59 \u20ac e 79 \u20ac nas viagens entre a Madeira e o Continente. A acusa\u00e7\u00e3o baseia-se numa proposta de lei aprovada na Assembleia Legislativa Regional da Madeira (ALRAM), que, segundo o JPP, adiaria o pagamento definitivo apenas para 59 \u20ac e 79 \u20ac, em vez de garantirem o pagamento total. O l\u00edder do JPP afirma que houve uma \u201ccilada jur\u00eddica\u201d para que os madeirenses continuem a ser fiadores do Estado, repetindo que a proposta mant\u00e9m d\u00favidas sobre o pagamento direto do valor final. O n.\u00ba 1 da proposta prev\u00ea que o benefici\u00e1rio pague no momento da aquisi\u00e7\u00e3o do bilhete o montante de refer\u00eancia (59 \u20ac e 79 \u20ac), e o n.\u00ba 2 supostamente anula esse direito at\u00e9 \u00e0 entrada em funcionamento da plataforma. O JPP foi o \u00fanico partido a votar contra a proposta, apontando que o PSD\/CDS pretendem adiar e n\u00e3o assegurar de forma definitiva o pagamento dos 59 \u20ac e 79 \u20ac.","og_url":"https:\/\/portaltela.pt\/noticias\/2026\/02\/01\/elvio-sousa-reafirma-que-apenas-devemos-pagar-59-e-79-euros-nas-viagens-aereas\/","og_site_name":"Portal Tela Portugal","article_published_time":"2026-02-01T10:21:00+00:00","author":"Telinha","twitter_card":"summary_large_image","twitter_misc":{"Escrito por":"Telinha","Tempo estimado de leitura":"2 minutos"},"schema":{"@context":"https:\/\/schema.org","@graph":[{"@type":"Article","@id":"https:\/\/portaltela.pt\/noticias\/2026\/02\/01\/elvio-sousa-reafirma-que-apenas-devemos-pagar-59-e-79-euros-nas-viagens-aereas\/#article","isPartOf":{"@id":"https:\/\/portaltela.pt\/noticias\/2026\/02\/01\/elvio-sousa-reafirma-que-apenas-devemos-pagar-59-e-79-euros-nas-viagens-aereas\/"},"author":{"name":"Telinha","@id":"https:\/\/portaltela.pt\/#\/schema\/person\/c4278d4a6028830caff9ee44b42d32ed"},"headline":"\u00c9lvio Sousa reafirma que apenas devemos pagar 59 e 79 euros nas viagens a\u00e9reas","datePublished":"2026-02-01T10:21:00+00:00","mainEntityOfPage":{"@id":"https:\/\/portaltela.pt\/noticias\/2026\/02\/01\/elvio-sousa-reafirma-que-apenas-devemos-pagar-59-e-79-euros-nas-viagens-aereas\/"},"wordCount":399,"image":{"@id":"https:\/\/portaltela.pt\/noticias\/2026\/02\/01\/elvio-sousa-reafirma-que-apenas-devemos-pagar-59-e-79-euros-nas-viagens-aereas\/#primaryimage"},"thumbnailUrl":"https:\/\/portaltela.pt\/s.01k8rhncp4jt1\/2026\/02\/unnamed-file-57.jpg","keywords":["CDS","JPP","Madeira","pol\u00edtica","PSD","Subs\u00eddio Social"],"articleSection":["Not\u00edcias"],"inLanguage":"pt-PT"},{"@type":"WebPage","@id":"https:\/\/portaltela.pt\/noticias\/2026\/02\/01\/elvio-sousa-reafirma-que-apenas-devemos-pagar-59-e-79-euros-nas-viagens-aereas\/","url":"https:\/\/portaltela.pt\/noticias\/2026\/02\/01\/elvio-sousa-reafirma-que-apenas-devemos-pagar-59-e-79-euros-nas-viagens-aereas\/","name":"\u00c9lvio Sousa reafirma que apenas devemos pagar 59 e 79 euros nas viagens a\u00e9reas - Portal Tela Portugal","isPartOf":{"@id":"https:\/\/portaltela.pt\/#website"},"primaryImageOfPage":{"@id":"https:\/\/portaltela.pt\/noticias\/2026\/02\/01\/elvio-sousa-reafirma-que-apenas-devemos-pagar-59-e-79-euros-nas-viagens-aereas\/#primaryimage"},"image":{"@id":"https:\/\/portaltela.pt\/noticias\/2026\/02\/01\/elvio-sousa-reafirma-que-apenas-devemos-pagar-59-e-79-euros-nas-viagens-aereas\/#primaryimage"},"thumbnailUrl":"https:\/\/portaltela.pt\/s.01k8rhncp4jt1\/2026\/02\/unnamed-file-57.jpg","datePublished":"2026-02-01T10:21:00+00:00","author":{"@id":"https:\/\/portaltela.pt\/#\/schema\/person\/c4278d4a6028830caff9ee44b42d32ed"},"breadcrumb":{"@id":"https:\/\/portaltela.pt\/noticias\/2026\/02\/01\/elvio-sousa-reafirma-que-apenas-devemos-pagar-59-e-79-euros-nas-viagens-aereas\/#breadcrumb"},"inLanguage":"pt-PT","potentialAction":[{"@type":"ReadAction","target":["https:\/\/portaltela.pt\/noticias\/2026\/02\/01\/elvio-sousa-reafirma-que-apenas-devemos-pagar-59-e-79-euros-nas-viagens-aereas\/"]}]},{"@type":"ImageObject","inLanguage":"pt-PT","@id":"https:\/\/portaltela.pt\/noticias\/2026\/02\/01\/elvio-sousa-reafirma-que-apenas-devemos-pagar-59-e-79-euros-nas-viagens-aereas\/#primaryimage","url":"https:\/\/portaltela.pt\/s.01k8rhncp4jt1\/2026\/02\/unnamed-file-57.jpg","contentUrl":"https:\/\/portaltela.pt\/s.01k8rhncp4jt1\/2026\/02\/unnamed-file-57.jpg","width":796,"height":448,"caption":"\u00c9lvio Sousa reafirma que s\u00f3 devemos pagar 59 euros e 79 euros nas viagens a\u00e9reas"},{"@type":"BreadcrumbList","@id":"https:\/\/portaltela.pt\/noticias\/2026\/02\/01\/elvio-sousa-reafirma-que-apenas-devemos-pagar-59-e-79-euros-nas-viagens-aereas\/#breadcrumb","itemListElement":[{"@type":"ListItem","position":1,"name":"In\u00edcio","item":"https:\/\/portaltela.pt\/"},{"@type":"ListItem","position":2,"name":"\u00c9lvio Sousa reafirma que apenas devemos pagar 59 e 79 euros nas viagens a\u00e9reas"}]},{"@type":"WebSite","@id":"https:\/\/portaltela.pt\/#website","url":"https:\/\/portaltela.pt\/","name":"Portal Tela Portugal","description":"","potentialAction":[{"@type":"SearchAction","target":{"@type":"EntryPoint","urlTemplate":"https:\/\/portaltela.pt\/?s={search_term_string}"},"query-input":{"@type":"PropertyValueSpecification","valueRequired":true,"valueName":"search_term_string"}}],"inLanguage":"pt-PT"},{"@type":"Person","@id":"https:\/\/portaltela.pt\/#\/schema\/person\/c4278d4a6028830caff9ee44b42d32ed","name":"Telinha","image":{"@type":"ImageObject","inLanguage":"pt-PT","@id":"https:\/\/portaltela.pt\/s.01k8rhncp4jt1\/2025\/11\/talking-bot-125x125.png","url":"https:\/\/portaltela.pt\/s.01k8rhncp4jt1\/2025\/11\/talking-bot-125x125.png","contentUrl":"https:\/\/portaltela.pt\/s.01k8rhncp4jt1\/2025\/11\/talking-bot-125x125.png","caption":"Telinha"},"sameAs":["https:\/\/portaltela.pt\/"],"url":"https:\/\/portaltela.pt\/por\/367410592786\/"}]}},"_links":{"self":[{"href":"https:\/\/portaltela.pt\/api\/wp\/v2\/posts\/188318","targetHints":{"allow":["GET"]}}],"collection":[{"href":"https:\/\/portaltela.pt\/api\/wp\/v2\/posts"}],"about":[{"href":"https:\/\/portaltela.pt\/api\/wp\/v2\/types\/post"}],"author":[{"embeddable":true,"href":"https:\/\/portaltela.pt\/api\/wp\/v2\/users\/2"}],"replies":[{"embeddable":true,"href":"https:\/\/portaltela.pt\/api\/wp\/v2\/comments?post=188318"}],"version-history":[{"count":0,"href":"https:\/\/portaltela.pt\/api\/wp\/v2\/posts\/188318\/revisions"}],"wp:featuredmedia":[{"embeddable":true,"href":"https:\/\/portaltela.pt\/api\/wp\/v2\/media\/188319"}],"wp:attachment":[{"href":"https:\/\/portaltela.pt\/api\/wp\/v2\/media?parent=188318"}],"wp:term":[{"taxonomy":"category","embeddable":true,"href":"https:\/\/portaltela.pt\/api\/wp\/v2\/categories?post=188318"},{"taxonomy":"post_tag","embeddable":true,"href":"https:\/\/portaltela.pt\/api\/wp\/v2\/tags?post=188318"}],"curies":[{"name":"wp","href":"https:\/\/api.w.org\/{rel}","templated":true}]}}