{"id":188290,"date":"2026-02-01T07:09:00","date_gmt":"2026-02-01T10:09:00","guid":{"rendered":"https:\/\/portaltela.pt\/noticias\/2026\/02\/01\/viatura-em-chamas-na-serra-de-agua\/"},"modified":"2026-02-01T07:09:00","modified_gmt":"2026-02-01T10:09:00","slug":"viatura-em-chamas-na-serra-de-agua","status":"publish","type":"post","link":"https:\/\/portaltela.pt\/noticias\/2026\/02\/01\/viatura-em-chamas-na-serra-de-agua\/","title":{"rendered":"Viatura em chamas na Serra de \u00c1gua"},"content":{"rendered":"<p>Na tarde de ontem, os Bombeiros Volunt\u00e1rios da Ribeira Brava e da Ponta de Sol foram mobilizados para combater um inc\u00eandio deflagrado numa viatura na Serra de \u00c1gua. A interven\u00e7\u00e3o visou controlar as chamas e evitar a sua propaga\u00e7\u00e3o.<\/p>\n<p>Segundo informa\u00e7\u00f5es recolhidas no local, o fogo ter\u00e1 sido extinto pelo pr\u00f3prio propriet\u00e1rio do ve\u00edculo, sem necessidade de combate externo adicional. N\u00e3o houve registo de feridos.<\/p>\n<p>A interven\u00e7\u00e3o ocorreu na Serra de \u00c1gua, numa \u00e1rea de dif\u00edcil acesso, com os bombeiros a assegurarem a seguran\u00e7a da opera\u00e7\u00e3o e a evacua\u00e7\u00e3o de poss\u00edveis materiais inflam\u00e1veis. O estado da viatura ficou limitado a danos totais.<\/p>\n","protected":false},"excerpt":{"rendered":"<ul>\n<li>Os Bombeiros Volunt\u00e1rios da Ribeira Brava e da Ponta de Sol foram mobilizados na tarde de ontem para combater um inc\u00eandio numa viatura, na Serra de \u00c1gua.<\/li>\n<li>As chamas ter\u00e3o sido extintas pelo pr\u00f3prio propriet\u00e1rio do ve\u00edculo.<\/li>\n<li>Registaram-se apenas danos na viatura.<\/li>\n<\/ul>\n","protected":false},"author":2,"featured_media":188294,"comment_status":"closed","ping_status":"closed","sticky":false,"template":"","format":"standard","meta":{"footnotes":""},"categories":[1],"tags":[4351,2938,1438,859,993,991],"class_list":["post-188290","post","type-post","status-publish","format-standard","has-post-thumbnail","hentry","category-noticias","tag-bombeiros-voluntarios","tag-evacuacao","tag-incendio","tag-madeira","tag-ponta-do-sol","tag-ribeira-brava"],"yoast_head":"<!-- This site is optimized with the Yoast SEO plugin v27.2 - https:\/\/yoast.com\/product\/yoast-seo-wordpress\/ -->\n<title>Viatura em chamas na Serra de \u00c1gua - Portal Tela Portugal<\/title>\n<meta name=\"robots\" content=\"index, follow, max-snippet:-1, max-image-preview:large, max-video-preview:-1\" \/>\n<meta property=\"og:locale\" content=\"pt_PT\" \/>\n<meta property=\"og:type\" content=\"article\" \/>\n<meta property=\"og:title\" content=\"Viatura em chamas na Serra de \u00c1gua - Portal Tela Portugal\" \/>\n<meta property=\"og:description\" content=\"Os Bombeiros Volunt\u00e1rios da Ribeira Brava e da Ponta de Sol foram mobilizados na tarde de ontem para combater um inc\u00eandio numa viatura, na Serra de \u00c1gua. As chamas ter\u00e3o sido extintas pelo pr\u00f3prio propriet\u00e1rio do ve\u00edculo. Registaram-se apenas danos na viatura.\" \/>\n<meta property=\"og:url\" content=\"https:\/\/portaltela.pt\/noticias\/2026\/02\/01\/viatura-em-chamas-na-serra-de-agua\/\" \/>\n<meta property=\"og:site_name\" content=\"Portal Tela Portugal\" \/>\n<meta property=\"article:published_time\" content=\"2026-02-01T10:09:00+00:00\" \/>\n<meta name=\"author\" content=\"Telinha\" \/>\n<meta name=\"twitter:card\" content=\"summary_large_image\" \/>\n<meta name=\"twitter:label1\" content=\"Escrito por\" \/>\n\t<meta name=\"twitter:data1\" content=\"Telinha\" \/>\n\t<meta name=\"twitter:label2\" content=\"Tempo estimado de leitura\" \/>\n\t<meta name=\"twitter:data2\" content=\"1 minuto\" \/>\n<script type=\"application\/ld+json\" class=\"yoast-schema-graph\">{\"@context\":\"https:\/\/schema.org\",\"@graph\":[{\"@type\":\"Article\",\"@id\":\"https:\/\/portaltela.pt\/noticias\/2026\/02\/01\/viatura-em-chamas-na-serra-de-agua\/#article\",\"isPartOf\":{\"@id\":\"https:\/\/portaltela.pt\/noticias\/2026\/02\/01\/viatura-em-chamas-na-serra-de-agua\/\"},\"author\":{\"name\":\"Telinha\",\"@id\":\"https:\/\/portaltela.pt\/#\/schema\/person\/c4278d4a6028830caff9ee44b42d32ed\"},\"headline\":\"Viatura em chamas na Serra de \u00c1gua\",\"datePublished\":\"2026-02-01T10:09:00+00:00\",\"mainEntityOfPage\":{\"@id\":\"https:\/\/portaltela.pt\/noticias\/2026\/02\/01\/viatura-em-chamas-na-serra-de-agua\/\"},\"wordCount\":125,\"image\":{\"@id\":\"https:\/\/portaltela.pt\/noticias\/2026\/02\/01\/viatura-em-chamas-na-serra-de-agua\/#primaryimage\"},\"thumbnailUrl\":\"https:\/\/portaltela.pt\/s.01k8rhncp4jt1\/2026\/02\/unnamed-file-51.jpg\",\"keywords\":[\"Bombeiros Volunt\u00e1rios\",\"evacua\u00e7\u00e3o\",\"inc\u00eandio\",\"Madeira\",\"Ponta do Sol\",\"Ribeira Brava\"],\"articleSection\":[\"Not\u00edcias\"],\"inLanguage\":\"pt-PT\"},{\"@type\":\"WebPage\",\"@id\":\"https:\/\/portaltela.pt\/noticias\/2026\/02\/01\/viatura-em-chamas-na-serra-de-agua\/\",\"url\":\"https:\/\/portaltela.pt\/noticias\/2026\/02\/01\/viatura-em-chamas-na-serra-de-agua\/\",\"name\":\"Viatura em chamas na Serra de \u00c1gua - Portal Tela Portugal\",\"isPartOf\":{\"@id\":\"https:\/\/portaltela.pt\/#website\"},\"primaryImageOfPage\":{\"@id\":\"https:\/\/portaltela.pt\/noticias\/2026\/02\/01\/viatura-em-chamas-na-serra-de-agua\/#primaryimage\"},\"image\":{\"@id\":\"https:\/\/portaltela.pt\/noticias\/2026\/02\/01\/viatura-em-chamas-na-serra-de-agua\/#primaryimage\"},\"thumbnailUrl\":\"https:\/\/portaltela.pt\/s.01k8rhncp4jt1\/2026\/02\/unnamed-file-51.jpg\",\"datePublished\":\"2026-02-01T10:09:00+00:00\",\"author\":{\"@id\":\"https:\/\/portaltela.pt\/#\/schema\/person\/c4278d4a6028830caff9ee44b42d32ed\"},\"breadcrumb\":{\"@id\":\"https:\/\/portaltela.pt\/noticias\/2026\/02\/01\/viatura-em-chamas-na-serra-de-agua\/#breadcrumb\"},\"inLanguage\":\"pt-PT\",\"potentialAction\":[{\"@type\":\"ReadAction\",\"target\":[\"https:\/\/portaltela.pt\/noticias\/2026\/02\/01\/viatura-em-chamas-na-serra-de-agua\/\"]}]},{\"@type\":\"ImageObject\",\"inLanguage\":\"pt-PT\",\"@id\":\"https:\/\/portaltela.pt\/noticias\/2026\/02\/01\/viatura-em-chamas-na-serra-de-agua\/#primaryimage\",\"url\":\"https:\/\/portaltela.pt\/s.01k8rhncp4jt1\/2026\/02\/unnamed-file-51.jpg\",\"contentUrl\":\"https:\/\/portaltela.pt\/s.01k8rhncp4jt1\/2026\/02\/unnamed-file-51.jpg\",\"width\":796,\"height\":448,\"caption\":\"Viatura em chamas na Serra de \u00c1gua\"},{\"@type\":\"BreadcrumbList\",\"@id\":\"https:\/\/portaltela.pt\/noticias\/2026\/02\/01\/viatura-em-chamas-na-serra-de-agua\/#breadcrumb\",\"itemListElement\":[{\"@type\":\"ListItem\",\"position\":1,\"name\":\"In\u00edcio\",\"item\":\"https:\/\/portaltela.pt\/\"},{\"@type\":\"ListItem\",\"position\":2,\"name\":\"Viatura em chamas na Serra de \u00c1gua\"}]},{\"@type\":\"WebSite\",\"@id\":\"https:\/\/portaltela.pt\/#website\",\"url\":\"https:\/\/portaltela.pt\/\",\"name\":\"Portal Tela Portugal\",\"description\":\"\",\"potentialAction\":[{\"@type\":\"SearchAction\",\"target\":{\"@type\":\"EntryPoint\",\"urlTemplate\":\"https:\/\/portaltela.pt\/?s={search_term_string}\"},\"query-input\":{\"@type\":\"PropertyValueSpecification\",\"valueRequired\":true,\"valueName\":\"search_term_string\"}}],\"inLanguage\":\"pt-PT\"},{\"@type\":\"Person\",\"@id\":\"https:\/\/portaltela.pt\/#\/schema\/person\/c4278d4a6028830caff9ee44b42d32ed\",\"name\":\"Telinha\",\"image\":{\"@type\":\"ImageObject\",\"inLanguage\":\"pt-PT\",\"@id\":\"https:\/\/portaltela.pt\/s.01k8rhncp4jt1\/2025\/11\/talking-bot-125x125.png\",\"url\":\"https:\/\/portaltela.pt\/s.01k8rhncp4jt1\/2025\/11\/talking-bot-125x125.png\",\"contentUrl\":\"https:\/\/portaltela.pt\/s.01k8rhncp4jt1\/2025\/11\/talking-bot-125x125.png\",\"caption\":\"Telinha\"},\"sameAs\":[\"https:\/\/portaltela.pt\/\"],\"url\":\"https:\/\/portaltela.pt\/por\/367410592786\/\"}]}<\/script>\n<!-- \/ Yoast SEO plugin. -->","yoast_head_json":{"title":"Viatura em chamas na Serra de \u00c1gua - Portal Tela Portugal","robots":{"index":"index","follow":"follow","max-snippet":"max-snippet:-1","max-image-preview":"max-image-preview:large","max-video-preview":"max-video-preview:-1"},"og_locale":"pt_PT","og_type":"article","og_title":"Viatura em chamas na Serra de \u00c1gua - Portal Tela Portugal","og_description":"Os Bombeiros Volunt\u00e1rios da Ribeira Brava e da Ponta de Sol foram mobilizados na tarde de ontem para combater um inc\u00eandio numa viatura, na Serra de \u00c1gua. As chamas ter\u00e3o sido extintas pelo pr\u00f3prio propriet\u00e1rio do ve\u00edculo. Registaram-se apenas danos na viatura.","og_url":"https:\/\/portaltela.pt\/noticias\/2026\/02\/01\/viatura-em-chamas-na-serra-de-agua\/","og_site_name":"Portal Tela Portugal","article_published_time":"2026-02-01T10:09:00+00:00","author":"Telinha","twitter_card":"summary_large_image","twitter_misc":{"Escrito por":"Telinha","Tempo estimado de leitura":"1 minuto"},"schema":{"@context":"https:\/\/schema.org","@graph":[{"@type":"Article","@id":"https:\/\/portaltela.pt\/noticias\/2026\/02\/01\/viatura-em-chamas-na-serra-de-agua\/#article","isPartOf":{"@id":"https:\/\/portaltela.pt\/noticias\/2026\/02\/01\/viatura-em-chamas-na-serra-de-agua\/"},"author":{"name":"Telinha","@id":"https:\/\/portaltela.pt\/#\/schema\/person\/c4278d4a6028830caff9ee44b42d32ed"},"headline":"Viatura em chamas na Serra de \u00c1gua","datePublished":"2026-02-01T10:09:00+00:00","mainEntityOfPage":{"@id":"https:\/\/portaltela.pt\/noticias\/2026\/02\/01\/viatura-em-chamas-na-serra-de-agua\/"},"wordCount":125,"image":{"@id":"https:\/\/portaltela.pt\/noticias\/2026\/02\/01\/viatura-em-chamas-na-serra-de-agua\/#primaryimage"},"thumbnailUrl":"https:\/\/portaltela.pt\/s.01k8rhncp4jt1\/2026\/02\/unnamed-file-51.jpg","keywords":["Bombeiros Volunt\u00e1rios","evacua\u00e7\u00e3o","inc\u00eandio","Madeira","Ponta do Sol","Ribeira Brava"],"articleSection":["Not\u00edcias"],"inLanguage":"pt-PT"},{"@type":"WebPage","@id":"https:\/\/portaltela.pt\/noticias\/2026\/02\/01\/viatura-em-chamas-na-serra-de-agua\/","url":"https:\/\/portaltela.pt\/noticias\/2026\/02\/01\/viatura-em-chamas-na-serra-de-agua\/","name":"Viatura em chamas na Serra de \u00c1gua - Portal Tela Portugal","isPartOf":{"@id":"https:\/\/portaltela.pt\/#website"},"primaryImageOfPage":{"@id":"https:\/\/portaltela.pt\/noticias\/2026\/02\/01\/viatura-em-chamas-na-serra-de-agua\/#primaryimage"},"image":{"@id":"https:\/\/portaltela.pt\/noticias\/2026\/02\/01\/viatura-em-chamas-na-serra-de-agua\/#primaryimage"},"thumbnailUrl":"https:\/\/portaltela.pt\/s.01k8rhncp4jt1\/2026\/02\/unnamed-file-51.jpg","datePublished":"2026-02-01T10:09:00+00:00","author":{"@id":"https:\/\/portaltela.pt\/#\/schema\/person\/c4278d4a6028830caff9ee44b42d32ed"},"breadcrumb":{"@id":"https:\/\/portaltela.pt\/noticias\/2026\/02\/01\/viatura-em-chamas-na-serra-de-agua\/#breadcrumb"},"inLanguage":"pt-PT","potentialAction":[{"@type":"ReadAction","target":["https:\/\/portaltela.pt\/noticias\/2026\/02\/01\/viatura-em-chamas-na-serra-de-agua\/"]}]},{"@type":"ImageObject","inLanguage":"pt-PT","@id":"https:\/\/portaltela.pt\/noticias\/2026\/02\/01\/viatura-em-chamas-na-serra-de-agua\/#primaryimage","url":"https:\/\/portaltela.pt\/s.01k8rhncp4jt1\/2026\/02\/unnamed-file-51.jpg","contentUrl":"https:\/\/portaltela.pt\/s.01k8rhncp4jt1\/2026\/02\/unnamed-file-51.jpg","width":796,"height":448,"caption":"Viatura em chamas na Serra de \u00c1gua"},{"@type":"BreadcrumbList","@id":"https:\/\/portaltela.pt\/noticias\/2026\/02\/01\/viatura-em-chamas-na-serra-de-agua\/#breadcrumb","itemListElement":[{"@type":"ListItem","position":1,"name":"In\u00edcio","item":"https:\/\/portaltela.pt\/"},{"@type":"ListItem","position":2,"name":"Viatura em chamas na Serra de \u00c1gua"}]},{"@type":"WebSite","@id":"https:\/\/portaltela.pt\/#website","url":"https:\/\/portaltela.pt\/","name":"Portal Tela Portugal","description":"","potentialAction":[{"@type":"SearchAction","target":{"@type":"EntryPoint","urlTemplate":"https:\/\/portaltela.pt\/?s={search_term_string}"},"query-input":{"@type":"PropertyValueSpecification","valueRequired":true,"valueName":"search_term_string"}}],"inLanguage":"pt-PT"},{"@type":"Person","@id":"https:\/\/portaltela.pt\/#\/schema\/person\/c4278d4a6028830caff9ee44b42d32ed","name":"Telinha","image":{"@type":"ImageObject","inLanguage":"pt-PT","@id":"https:\/\/portaltela.pt\/s.01k8rhncp4jt1\/2025\/11\/talking-bot-125x125.png","url":"https:\/\/portaltela.pt\/s.01k8rhncp4jt1\/2025\/11\/talking-bot-125x125.png","contentUrl":"https:\/\/portaltela.pt\/s.01k8rhncp4jt1\/2025\/11\/talking-bot-125x125.png","caption":"Telinha"},"sameAs":["https:\/\/portaltela.pt\/"],"url":"https:\/\/portaltela.pt\/por\/367410592786\/"}]}},"_links":{"self":[{"href":"https:\/\/portaltela.pt\/api\/wp\/v2\/posts\/188290","targetHints":{"allow":["GET"]}}],"collection":[{"href":"https:\/\/portaltela.pt\/api\/wp\/v2\/posts"}],"about":[{"href":"https:\/\/portaltela.pt\/api\/wp\/v2\/types\/post"}],"author":[{"embeddable":true,"href":"https:\/\/portaltela.pt\/api\/wp\/v2\/users\/2"}],"replies":[{"embeddable":true,"href":"https:\/\/portaltela.pt\/api\/wp\/v2\/comments?post=188290"}],"version-history":[{"count":0,"href":"https:\/\/portaltela.pt\/api\/wp\/v2\/posts\/188290\/revisions"}],"wp:featuredmedia":[{"embeddable":true,"href":"https:\/\/portaltela.pt\/api\/wp\/v2\/media\/188294"}],"wp:attachment":[{"href":"https:\/\/portaltela.pt\/api\/wp\/v2\/media?parent=188290"}],"wp:term":[{"taxonomy":"category","embeddable":true,"href":"https:\/\/portaltela.pt\/api\/wp\/v2\/categories?post=188290"},{"taxonomy":"post_tag","embeddable":true,"href":"https:\/\/portaltela.pt\/api\/wp\/v2\/tags?post=188290"}],"curies":[{"name":"wp","href":"https:\/\/api.w.org\/{rel}","templated":true}]}}