{"id":188250,"date":"2026-02-01T07:17:10","date_gmt":"2026-02-01T10:17:10","guid":{"rendered":"https:\/\/portaltela.pt\/noticias\/2026\/02\/01\/dinamarca-em-foco-desenvolvimentos-recentes\/"},"modified":"2026-02-01T07:17:10","modified_gmt":"2026-02-01T10:17:10","slug":"dinamarca-em-foco-desenvolvimentos-recentes","status":"publish","type":"post","link":"https:\/\/portaltela.pt\/noticias\/internacional\/2026\/02\/01\/dinamarca-em-foco-desenvolvimentos-recentes\/","title":{"rendered":"Dinamarca em foco: desenvolvimentos recentes"},"content":{"rendered":"<p>Centenas de veteranos dinamarqueses marcharam em sil\u00eancio, de Kastellet at\u00e9 \u00e0 Embaixada dos EUA, em Copenhaga, neste s\u00e1bado. O protesto ocorreu contra os coment\u00e1rios de Donald Trump sobre a Gronel\u00e2ndia. A marcha foi organizada por veteranos que lutaram ao lado de tropas norte-americanas.<\/p>\n<p>Os participantes pretendiam destacar a import\u00e2ncia estrat\u00e9gica da Gronel\u00e2ndia e exigir uma posi\u00e7\u00e3o clara das autoridades dinamarquesas. A atua\u00e7\u00e3o ocorreu de forma pac\u00edfica e sem discursos, mantendo o tom silencioso da manifesta\u00e7\u00e3o.<\/p>\n<p>A tens\u00e3o entre EUA e Gronel\u00e2ndia aumentou nos \u00faltimos dias, com Trump a sugerir que Washington deveria controlar o territ\u00f3rio semiaut\u00f3nomo dinamarqu\u00eas. V\u00e1rios l\u00edderes europeus reagiram de forma cr\u00edtica a estas declara\u00e7\u00f5es.<\/p>\n<h3>Contexto internacional<\/h3>\n<p>A NATO tem estudado formas de refor\u00e7ar a seguran\u00e7a no \u00c1rtico, envolvendo EUA, Dinamarca e Gronel\u00e2ndia, para evitar ganhos de influ\u00eancia por pot\u00eancias como R\u00fassia e China. O quadro de seguran\u00e7a ainda est\u00e1 a ser apresentado aos aliados.<\/p>\n<p>Na Dinamarca, a primeira-ministra Mette Frederiksen visitou Nuuk, capital da Gronel\u00e2ndia, para contactos com o l\u00edder local, Jens-Frederik Nielsen, ap\u00f3s uma semana de tens\u00f5es. O objetivo \u00e9 preservar a coopera\u00e7\u00e3o regional.<\/p>\n<p>A opini\u00e3o p\u00fablica na Gronel\u00e2ndia tem recebido com ceticismo as propostas de Trump. Questionamentos sobre a viabilidade de um acordo bilateral foram partilhados por habitantes locais e analistas, em Nuuk e noutras regi\u00f5es.<\/p>\n<p>O debate pol\u00edtico internacional acompanha ainda a rea\u00e7\u00e3o de institui\u00e7\u00f5es europeias. O Parlamento Europeu expressou apoio \u00e0 Gronel\u00e2ndia e \u00e0 Dinamarca, criticando o objetivo norte-americano de controlar o territ\u00f3rio.<\/p>\n","protected":false},"excerpt":{"rendered":"<ul>\n<li>Centenas de veteranos dinamarqueses marcharam em sil\u00eancio de Kastellet at\u00e9 \u00e0 Embaixada dos EUA em Copenhaga, protestando contra coment\u00e1rios de Donald Trump sobre a Gronel\u00e2ndia.<\/li>\n<li>A Gronel\u00e2ndia \u00e9 territ\u00f3rio semiaut\u00f3nomo da Dinamarca; Trump afirmou que os EUA devem tomar o controlo da ilha por sua import\u00e2ncia estrat\u00e9gica.<\/li>\n<li>A NATO e aliados discutem refor\u00e7ar a seguran\u00e7a no \u00c1rtico e negociar entre EUA, Dinamarca e Gronel\u00e2ndia para impedir que R\u00fassia e China ganhem influ\u00eancia.<\/li>\n<li>O Parlamento Europeu condenou as exig\u00eancias de Trump em rela\u00e7\u00e3o \u00e0 Gronel\u00e2ndia, apoiar a Dinamarca e a Gronel\u00e2ndia.<\/li>\n<li>Milhares participaram em protestos &#8220;Hands Off Greenland&#8221; na Dinamarca, incluindo Copenhaga, em apoio \u00e0 soberania da Gronel\u00e2ndia.<\/li>\n<\/ul>\n","protected":false},"author":2,"featured_media":188254,"comment_status":"closed","ping_status":"closed","sticky":false,"template":"","format":"standard","meta":{"footnotes":""},"categories":[4,1],"tags":[4644,4787,2503,4953,1600,1013],"class_list":["post-188250","post","type-post","status-publish","format-standard","has-post-thumbnail","hentry","category-internacional","category-noticias","tag-alianca-atlantica","tag-colaboracao-internacional","tag-dinamarca","tag-donald-trump","tag-estados-unidos","tag-gronelandia"],"yoast_head":"<!-- This site is optimized with the Yoast SEO plugin v27.2 - https:\/\/yoast.com\/product\/yoast-seo-wordpress\/ -->\n<title>Dinamarca em foco: desenvolvimentos recentes - Portal Tela Portugal<\/title>\n<meta name=\"robots\" content=\"index, follow, max-snippet:-1, max-image-preview:large, max-video-preview:-1\" \/>\n<meta property=\"og:locale\" content=\"pt_PT\" \/>\n<meta property=\"og:type\" content=\"article\" \/>\n<meta property=\"og:title\" content=\"Dinamarca em foco: desenvolvimentos recentes - Portal Tela Portugal\" \/>\n<meta property=\"og:description\" content=\"Centenas de veteranos dinamarqueses marcharam em sil\u00eancio de Kastellet at\u00e9 \u00e0 Embaixada dos EUA em Copenhaga, protestando contra coment\u00e1rios de Donald Trump sobre a Gronel\u00e2ndia. A Gronel\u00e2ndia \u00e9 territ\u00f3rio semiaut\u00f3nomo da Dinamarca; Trump afirmou que os EUA devem tomar o controlo da ilha por sua import\u00e2ncia estrat\u00e9gica. A NATO e aliados discutem refor\u00e7ar a seguran\u00e7a no \u00c1rtico e negociar entre EUA, Dinamarca e Gronel\u00e2ndia para impedir que R\u00fassia e China ganhem influ\u00eancia. O Parlamento Europeu condenou as exig\u00eancias de Trump em rela\u00e7\u00e3o \u00e0 Gronel\u00e2ndia, apoiar a Dinamarca e a Gronel\u00e2ndia. Milhares participaram em protestos &quot;Hands Off Greenland&quot; na Dinamarca, incluindo Copenhaga, em apoio \u00e0 soberania da Gronel\u00e2ndia.\" \/>\n<meta property=\"og:url\" content=\"https:\/\/portaltela.pt\/noticias\/2026\/02\/01\/dinamarca-em-foco-desenvolvimentos-recentes\/\" \/>\n<meta property=\"og:site_name\" content=\"Portal Tela Portugal\" \/>\n<meta property=\"article:published_time\" content=\"2026-02-01T10:17:10+00:00\" \/>\n<meta name=\"author\" content=\"Telinha\" \/>\n<meta name=\"twitter:card\" content=\"summary_large_image\" \/>\n<meta name=\"twitter:label1\" content=\"Escrito por\" \/>\n\t<meta name=\"twitter:data1\" content=\"Telinha\" \/>\n\t<meta name=\"twitter:label2\" content=\"Tempo estimado de leitura\" \/>\n\t<meta name=\"twitter:data2\" content=\"1 minuto\" \/>\n<script type=\"application\/ld+json\" class=\"yoast-schema-graph\">{\"@context\":\"https:\/\/schema.org\",\"@graph\":[{\"@type\":\"Article\",\"@id\":\"https:\/\/portaltela.pt\/noticias\/2026\/02\/01\/dinamarca-em-foco-desenvolvimentos-recentes\/#article\",\"isPartOf\":{\"@id\":\"https:\/\/portaltela.pt\/noticias\/2026\/02\/01\/dinamarca-em-foco-desenvolvimentos-recentes\/\"},\"author\":{\"name\":\"Telinha\",\"@id\":\"https:\/\/portaltela.pt\/#\/schema\/person\/c4278d4a6028830caff9ee44b42d32ed\"},\"headline\":\"Dinamarca em foco: desenvolvimentos recentes\",\"datePublished\":\"2026-02-01T10:17:10+00:00\",\"mainEntityOfPage\":{\"@id\":\"https:\/\/portaltela.pt\/noticias\/2026\/02\/01\/dinamarca-em-foco-desenvolvimentos-recentes\/\"},\"wordCount\":282,\"image\":{\"@id\":\"https:\/\/portaltela.pt\/noticias\/2026\/02\/01\/dinamarca-em-foco-desenvolvimentos-recentes\/#primaryimage\"},\"thumbnailUrl\":\"https:\/\/portaltela.pt\/s.01k8rhncp4jt1\/2026\/02\/320x180_cmsv2_3bb1ea59-527b-5f42-9ba5-48399353ecd8-9634249.jpg\",\"keywords\":[\"Alian\u00e7a Atl\u00e2ntica\",\"colabora\u00e7\u00e3o internacional\",\"Dinamarca\",\"Donald Trump\",\"Estados Unidos\",\"Gronel\u00e2ndia\"],\"articleSection\":[\"Internacional\",\"Not\u00edcias\"],\"inLanguage\":\"pt-PT\"},{\"@type\":\"WebPage\",\"@id\":\"https:\/\/portaltela.pt\/noticias\/2026\/02\/01\/dinamarca-em-foco-desenvolvimentos-recentes\/\",\"url\":\"https:\/\/portaltela.pt\/noticias\/2026\/02\/01\/dinamarca-em-foco-desenvolvimentos-recentes\/\",\"name\":\"Dinamarca em foco: desenvolvimentos recentes - Portal Tela Portugal\",\"isPartOf\":{\"@id\":\"https:\/\/portaltela.pt\/#website\"},\"primaryImageOfPage\":{\"@id\":\"https:\/\/portaltela.pt\/noticias\/2026\/02\/01\/dinamarca-em-foco-desenvolvimentos-recentes\/#primaryimage\"},\"image\":{\"@id\":\"https:\/\/portaltela.pt\/noticias\/2026\/02\/01\/dinamarca-em-foco-desenvolvimentos-recentes\/#primaryimage\"},\"thumbnailUrl\":\"https:\/\/portaltela.pt\/s.01k8rhncp4jt1\/2026\/02\/320x180_cmsv2_3bb1ea59-527b-5f42-9ba5-48399353ecd8-9634249.jpg\",\"datePublished\":\"2026-02-01T10:17:10+00:00\",\"author\":{\"@id\":\"https:\/\/portaltela.pt\/#\/schema\/person\/c4278d4a6028830caff9ee44b42d32ed\"},\"breadcrumb\":{\"@id\":\"https:\/\/portaltela.pt\/noticias\/2026\/02\/01\/dinamarca-em-foco-desenvolvimentos-recentes\/#breadcrumb\"},\"inLanguage\":\"pt-PT\",\"potentialAction\":[{\"@type\":\"ReadAction\",\"target\":[\"https:\/\/portaltela.pt\/noticias\/2026\/02\/01\/dinamarca-em-foco-desenvolvimentos-recentes\/\"]}]},{\"@type\":\"ImageObject\",\"inLanguage\":\"pt-PT\",\"@id\":\"https:\/\/portaltela.pt\/noticias\/2026\/02\/01\/dinamarca-em-foco-desenvolvimentos-recentes\/#primaryimage\",\"url\":\"https:\/\/portaltela.pt\/s.01k8rhncp4jt1\/2026\/02\/320x180_cmsv2_3bb1ea59-527b-5f42-9ba5-48399353ecd8-9634249.jpg\",\"contentUrl\":\"https:\/\/portaltela.pt\/s.01k8rhncp4jt1\/2026\/02\/320x180_cmsv2_3bb1ea59-527b-5f42-9ba5-48399353ecd8-9634249.jpg\",\"width\":796,\"height\":448,\"caption\":\"Centenas de veteranos dinamarqueses, muitos que lutaram ao lado de tropas dos EUA, marcham em protesto silencioso do Kastellet \u00e0 Embaixada dos EUA, em Copenhaga, este s\u00e1bado\"},{\"@type\":\"BreadcrumbList\",\"@id\":\"https:\/\/portaltela.pt\/noticias\/2026\/02\/01\/dinamarca-em-foco-desenvolvimentos-recentes\/#breadcrumb\",\"itemListElement\":[{\"@type\":\"ListItem\",\"position\":1,\"name\":\"In\u00edcio\",\"item\":\"https:\/\/portaltela.pt\/\"},{\"@type\":\"ListItem\",\"position\":2,\"name\":\"Dinamarca em foco: desenvolvimentos recentes\"}]},{\"@type\":\"WebSite\",\"@id\":\"https:\/\/portaltela.pt\/#website\",\"url\":\"https:\/\/portaltela.pt\/\",\"name\":\"Portal Tela Portugal\",\"description\":\"\",\"potentialAction\":[{\"@type\":\"SearchAction\",\"target\":{\"@type\":\"EntryPoint\",\"urlTemplate\":\"https:\/\/portaltela.pt\/?s={search_term_string}\"},\"query-input\":{\"@type\":\"PropertyValueSpecification\",\"valueRequired\":true,\"valueName\":\"search_term_string\"}}],\"inLanguage\":\"pt-PT\"},{\"@type\":\"Person\",\"@id\":\"https:\/\/portaltela.pt\/#\/schema\/person\/c4278d4a6028830caff9ee44b42d32ed\",\"name\":\"Telinha\",\"image\":{\"@type\":\"ImageObject\",\"inLanguage\":\"pt-PT\",\"@id\":\"https:\/\/portaltela.pt\/s.01k8rhncp4jt1\/2025\/11\/talking-bot-125x125.png\",\"url\":\"https:\/\/portaltela.pt\/s.01k8rhncp4jt1\/2025\/11\/talking-bot-125x125.png\",\"contentUrl\":\"https:\/\/portaltela.pt\/s.01k8rhncp4jt1\/2025\/11\/talking-bot-125x125.png\",\"caption\":\"Telinha\"},\"sameAs\":[\"https:\/\/portaltela.pt\/\"],\"url\":\"https:\/\/portaltela.pt\/por\/367410592786\/\"}]}<\/script>\n<!-- \/ Yoast SEO plugin. -->","yoast_head_json":{"title":"Dinamarca em foco: desenvolvimentos recentes - Portal Tela Portugal","robots":{"index":"index","follow":"follow","max-snippet":"max-snippet:-1","max-image-preview":"max-image-preview:large","max-video-preview":"max-video-preview:-1"},"og_locale":"pt_PT","og_type":"article","og_title":"Dinamarca em foco: desenvolvimentos recentes - Portal Tela Portugal","og_description":"Centenas de veteranos dinamarqueses marcharam em sil\u00eancio de Kastellet at\u00e9 \u00e0 Embaixada dos EUA em Copenhaga, protestando contra coment\u00e1rios de Donald Trump sobre a Gronel\u00e2ndia. A Gronel\u00e2ndia \u00e9 territ\u00f3rio semiaut\u00f3nomo da Dinamarca; Trump afirmou que os EUA devem tomar o controlo da ilha por sua import\u00e2ncia estrat\u00e9gica. A NATO e aliados discutem refor\u00e7ar a seguran\u00e7a no \u00c1rtico e negociar entre EUA, Dinamarca e Gronel\u00e2ndia para impedir que R\u00fassia e China ganhem influ\u00eancia. O Parlamento Europeu condenou as exig\u00eancias de Trump em rela\u00e7\u00e3o \u00e0 Gronel\u00e2ndia, apoiar a Dinamarca e a Gronel\u00e2ndia. Milhares participaram em protestos \"Hands Off Greenland\" na Dinamarca, incluindo Copenhaga, em apoio \u00e0 soberania da Gronel\u00e2ndia.","og_url":"https:\/\/portaltela.pt\/noticias\/2026\/02\/01\/dinamarca-em-foco-desenvolvimentos-recentes\/","og_site_name":"Portal Tela Portugal","article_published_time":"2026-02-01T10:17:10+00:00","author":"Telinha","twitter_card":"summary_large_image","twitter_misc":{"Escrito por":"Telinha","Tempo estimado de leitura":"1 minuto"},"schema":{"@context":"https:\/\/schema.org","@graph":[{"@type":"Article","@id":"https:\/\/portaltela.pt\/noticias\/2026\/02\/01\/dinamarca-em-foco-desenvolvimentos-recentes\/#article","isPartOf":{"@id":"https:\/\/portaltela.pt\/noticias\/2026\/02\/01\/dinamarca-em-foco-desenvolvimentos-recentes\/"},"author":{"name":"Telinha","@id":"https:\/\/portaltela.pt\/#\/schema\/person\/c4278d4a6028830caff9ee44b42d32ed"},"headline":"Dinamarca em foco: desenvolvimentos recentes","datePublished":"2026-02-01T10:17:10+00:00","mainEntityOfPage":{"@id":"https:\/\/portaltela.pt\/noticias\/2026\/02\/01\/dinamarca-em-foco-desenvolvimentos-recentes\/"},"wordCount":282,"image":{"@id":"https:\/\/portaltela.pt\/noticias\/2026\/02\/01\/dinamarca-em-foco-desenvolvimentos-recentes\/#primaryimage"},"thumbnailUrl":"https:\/\/portaltela.pt\/s.01k8rhncp4jt1\/2026\/02\/320x180_cmsv2_3bb1ea59-527b-5f42-9ba5-48399353ecd8-9634249.jpg","keywords":["Alian\u00e7a Atl\u00e2ntica","colabora\u00e7\u00e3o internacional","Dinamarca","Donald Trump","Estados Unidos","Gronel\u00e2ndia"],"articleSection":["Internacional","Not\u00edcias"],"inLanguage":"pt-PT"},{"@type":"WebPage","@id":"https:\/\/portaltela.pt\/noticias\/2026\/02\/01\/dinamarca-em-foco-desenvolvimentos-recentes\/","url":"https:\/\/portaltela.pt\/noticias\/2026\/02\/01\/dinamarca-em-foco-desenvolvimentos-recentes\/","name":"Dinamarca em foco: desenvolvimentos recentes - Portal Tela Portugal","isPartOf":{"@id":"https:\/\/portaltela.pt\/#website"},"primaryImageOfPage":{"@id":"https:\/\/portaltela.pt\/noticias\/2026\/02\/01\/dinamarca-em-foco-desenvolvimentos-recentes\/#primaryimage"},"image":{"@id":"https:\/\/portaltela.pt\/noticias\/2026\/02\/01\/dinamarca-em-foco-desenvolvimentos-recentes\/#primaryimage"},"thumbnailUrl":"https:\/\/portaltela.pt\/s.01k8rhncp4jt1\/2026\/02\/320x180_cmsv2_3bb1ea59-527b-5f42-9ba5-48399353ecd8-9634249.jpg","datePublished":"2026-02-01T10:17:10+00:00","author":{"@id":"https:\/\/portaltela.pt\/#\/schema\/person\/c4278d4a6028830caff9ee44b42d32ed"},"breadcrumb":{"@id":"https:\/\/portaltela.pt\/noticias\/2026\/02\/01\/dinamarca-em-foco-desenvolvimentos-recentes\/#breadcrumb"},"inLanguage":"pt-PT","potentialAction":[{"@type":"ReadAction","target":["https:\/\/portaltela.pt\/noticias\/2026\/02\/01\/dinamarca-em-foco-desenvolvimentos-recentes\/"]}]},{"@type":"ImageObject","inLanguage":"pt-PT","@id":"https:\/\/portaltela.pt\/noticias\/2026\/02\/01\/dinamarca-em-foco-desenvolvimentos-recentes\/#primaryimage","url":"https:\/\/portaltela.pt\/s.01k8rhncp4jt1\/2026\/02\/320x180_cmsv2_3bb1ea59-527b-5f42-9ba5-48399353ecd8-9634249.jpg","contentUrl":"https:\/\/portaltela.pt\/s.01k8rhncp4jt1\/2026\/02\/320x180_cmsv2_3bb1ea59-527b-5f42-9ba5-48399353ecd8-9634249.jpg","width":796,"height":448,"caption":"Centenas de veteranos dinamarqueses, muitos que lutaram ao lado de tropas dos EUA, marcham em protesto silencioso do Kastellet \u00e0 Embaixada dos EUA, em Copenhaga, este s\u00e1bado"},{"@type":"BreadcrumbList","@id":"https:\/\/portaltela.pt\/noticias\/2026\/02\/01\/dinamarca-em-foco-desenvolvimentos-recentes\/#breadcrumb","itemListElement":[{"@type":"ListItem","position":1,"name":"In\u00edcio","item":"https:\/\/portaltela.pt\/"},{"@type":"ListItem","position":2,"name":"Dinamarca em foco: desenvolvimentos recentes"}]},{"@type":"WebSite","@id":"https:\/\/portaltela.pt\/#website","url":"https:\/\/portaltela.pt\/","name":"Portal Tela Portugal","description":"","potentialAction":[{"@type":"SearchAction","target":{"@type":"EntryPoint","urlTemplate":"https:\/\/portaltela.pt\/?s={search_term_string}"},"query-input":{"@type":"PropertyValueSpecification","valueRequired":true,"valueName":"search_term_string"}}],"inLanguage":"pt-PT"},{"@type":"Person","@id":"https:\/\/portaltela.pt\/#\/schema\/person\/c4278d4a6028830caff9ee44b42d32ed","name":"Telinha","image":{"@type":"ImageObject","inLanguage":"pt-PT","@id":"https:\/\/portaltela.pt\/s.01k8rhncp4jt1\/2025\/11\/talking-bot-125x125.png","url":"https:\/\/portaltela.pt\/s.01k8rhncp4jt1\/2025\/11\/talking-bot-125x125.png","contentUrl":"https:\/\/portaltela.pt\/s.01k8rhncp4jt1\/2025\/11\/talking-bot-125x125.png","caption":"Telinha"},"sameAs":["https:\/\/portaltela.pt\/"],"url":"https:\/\/portaltela.pt\/por\/367410592786\/"}]}},"_links":{"self":[{"href":"https:\/\/portaltela.pt\/api\/wp\/v2\/posts\/188250","targetHints":{"allow":["GET"]}}],"collection":[{"href":"https:\/\/portaltela.pt\/api\/wp\/v2\/posts"}],"about":[{"href":"https:\/\/portaltela.pt\/api\/wp\/v2\/types\/post"}],"author":[{"embeddable":true,"href":"https:\/\/portaltela.pt\/api\/wp\/v2\/users\/2"}],"replies":[{"embeddable":true,"href":"https:\/\/portaltela.pt\/api\/wp\/v2\/comments?post=188250"}],"version-history":[{"count":0,"href":"https:\/\/portaltela.pt\/api\/wp\/v2\/posts\/188250\/revisions"}],"wp:featuredmedia":[{"embeddable":true,"href":"https:\/\/portaltela.pt\/api\/wp\/v2\/media\/188254"}],"wp:attachment":[{"href":"https:\/\/portaltela.pt\/api\/wp\/v2\/media?parent=188250"}],"wp:term":[{"taxonomy":"category","embeddable":true,"href":"https:\/\/portaltela.pt\/api\/wp\/v2\/categories?post=188250"},{"taxonomy":"post_tag","embeddable":true,"href":"https:\/\/portaltela.pt\/api\/wp\/v2\/tags?post=188250"}],"curies":[{"name":"wp","href":"https:\/\/api.w.org\/{rel}","templated":true}]}}