{"id":188230,"date":"2026-02-01T07:01:00","date_gmt":"2026-02-01T10:01:00","guid":{"rendered":"https:\/\/portaltela.pt\/noticias\/2026\/02\/01\/democracia-e-redes-sociais-jovens-precisam-de-coragem-para-enfrentar-odio\/"},"modified":"2026-02-01T07:01:00","modified_gmt":"2026-02-01T10:01:00","slug":"democracia-e-redes-sociais-jovens-precisam-de-coragem-para-enfrentar-odio","status":"publish","type":"post","link":"https:\/\/portaltela.pt\/noticias\/politica\/2026\/02\/01\/democracia-e-redes-sociais-jovens-precisam-de-coragem-para-enfrentar-odio\/","title":{"rendered":"Democracia e redes sociais: jovens precisam de coragem para enfrentar \u00f3dio"},"content":{"rendered":"<p>Nos pr\u00f3ximos anos, um projeto financiado pela Uni\u00e3o Europeia vai explorar como as identidades pol\u00edticas se desenvolvem entre os jovens e o que \u00e9 necess\u00e1rio para que participem mais ativamente como cidad\u00e3os. O objetivo central do Youth Engaged \u00e9 ouvir os jovens para definir caminhos que promovam a participa\u00e7\u00e3o c\u00edvica.<\/p>\n<p>A iniciativa promete investigar como as gera\u00e7\u00f5es mais novas formam perspetivas pol\u00edticas e quais estrat\u00e9gias poder\u00e3o estimular o envolvimento democr\u00e1tico. O foco recai sobre identificar barreiras e facilitadores da participa\u00e7\u00e3o, com base em evid\u00eancia cient\u00edfica.<\/p>\n<p>Conduzido pela respons\u00e1vel internacional do Health Behaviour in School-aged Children, o programa da Organiza\u00e7\u00e3o Mundial de Sa\u00fade para o estudo da adolesc\u00eancia, Oddrun Samdal, o projeto envolve universidades e parceiros europeus. A meta \u00e9 apoiar pol\u00edticas que incentivem a participa\u00e7\u00e3o c\u00edvica entre os jovens.<\/p>\n<p>O que est\u00e1 em jogo \u00e9 compreender melhor como as identidades pol\u00edticas surgem na adolesc\u00eancia e juventude. A UE v\u00ea no di\u00e1logo com os jovens uma condi\u00e7\u00e3o essencial para pol\u00edticas p\u00fablicas mais inclusivas e eficazes. O projeto deve mobilizar novas metodologias de investiga\u00e7\u00e3o e parcerias transnacionais.<\/p>\n","protected":false},"excerpt":{"rendered":"<ul>\n<li>Um projeto financiado pela Uni\u00e3o Europeia, Youth Engaged, vai investigar como as identidades pol\u00edticas se desenvolvem em jovens e o que \u00e9 preciso para que eles se envolvam mais como cidad\u00e3os.<\/li>\n<li>O objetivo \u00e9 ouvir os jovens antes de definir pol\u00edticas para promover participa\u00e7\u00e3o democr\u00e1tica e c\u00edvica entre as novas gera\u00e7\u00f5es.<\/li>\n<li>Oddrun Samdal, professora da Universidade de Bergen, na Noruega, \u00e9 a coordenadora do programa Engaged Youth.<\/li>\n<li>Samdal \u00e9 tamb\u00e9m coordenadora internacional do Health Behaviour in School-aged Children, programa da Organiza\u00e7\u00e3o Mundial de Sa\u00fade para o estudo da adolesc\u00eancia.<\/li>\n<\/ul>\n","protected":false},"author":2,"featured_media":188231,"comment_status":"closed","ping_status":"closed","sticky":false,"template":"","format":"standard","meta":{"footnotes":""},"categories":[1,5],"tags":[1001,370,256,2795,2844,1249],"class_list":["post-188230","post","type-post","status-publish","format-standard","has-post-thumbnail","hentry","category-noticias","category-politica","tag-adolescencia","tag-cidadania","tag-cooperacao-internacional","tag-democracia","tag-jovens","tag-participacao"],"yoast_head":"<!-- This site is optimized with the Yoast SEO plugin v27.2 - https:\/\/yoast.com\/product\/yoast-seo-wordpress\/ -->\n<title>Democracia e redes sociais: jovens precisam de coragem para enfrentar \u00f3dio - Portal Tela Portugal<\/title>\n<meta name=\"robots\" content=\"index, follow, max-snippet:-1, max-image-preview:large, max-video-preview:-1\" \/>\n<meta property=\"og:locale\" content=\"pt_PT\" \/>\n<meta property=\"og:type\" content=\"article\" \/>\n<meta property=\"og:title\" content=\"Democracia e redes sociais: jovens precisam de coragem para enfrentar \u00f3dio - Portal Tela Portugal\" \/>\n<meta property=\"og:description\" content=\"Um projeto financiado pela Uni\u00e3o Europeia, Youth Engaged, vai investigar como as identidades pol\u00edticas se desenvolvem em jovens e o que \u00e9 preciso para que eles se envolvam mais como cidad\u00e3os. O objetivo \u00e9 ouvir os jovens antes de definir pol\u00edticas para promover participa\u00e7\u00e3o democr\u00e1tica e c\u00edvica entre as novas gera\u00e7\u00f5es. Oddrun Samdal, professora da Universidade de Bergen, na Noruega, \u00e9 a coordenadora do programa Engaged Youth. Samdal \u00e9 tamb\u00e9m coordenadora internacional do Health Behaviour in School-aged Children, programa da Organiza\u00e7\u00e3o Mundial de Sa\u00fade para o estudo da adolesc\u00eancia.\" \/>\n<meta property=\"og:url\" content=\"https:\/\/portaltela.pt\/noticias\/2026\/02\/01\/democracia-e-redes-sociais-jovens-precisam-de-coragem-para-enfrentar-odio\/\" \/>\n<meta property=\"og:site_name\" content=\"Portal Tela Portugal\" \/>\n<meta property=\"article:published_time\" content=\"2026-02-01T10:01:00+00:00\" \/>\n<meta name=\"author\" content=\"Telinha\" \/>\n<meta name=\"twitter:card\" content=\"summary_large_image\" \/>\n<meta name=\"twitter:label1\" content=\"Escrito por\" \/>\n\t<meta name=\"twitter:data1\" content=\"Telinha\" \/>\n\t<meta name=\"twitter:label2\" content=\"Tempo estimado de leitura\" \/>\n\t<meta name=\"twitter:data2\" content=\"1 minuto\" \/>\n<script type=\"application\/ld+json\" class=\"yoast-schema-graph\">{\"@context\":\"https:\/\/schema.org\",\"@graph\":[{\"@type\":\"Article\",\"@id\":\"https:\/\/portaltela.pt\/noticias\/2026\/02\/01\/democracia-e-redes-sociais-jovens-precisam-de-coragem-para-enfrentar-odio\/#article\",\"isPartOf\":{\"@id\":\"https:\/\/portaltela.pt\/noticias\/2026\/02\/01\/democracia-e-redes-sociais-jovens-precisam-de-coragem-para-enfrentar-odio\/\"},\"author\":{\"name\":\"Telinha\",\"@id\":\"https:\/\/portaltela.pt\/#\/schema\/person\/c4278d4a6028830caff9ee44b42d32ed\"},\"headline\":\"Democracia e redes sociais: jovens precisam de coragem para enfrentar \u00f3dio\",\"datePublished\":\"2026-02-01T10:01:00+00:00\",\"mainEntityOfPage\":{\"@id\":\"https:\/\/portaltela.pt\/noticias\/2026\/02\/01\/democracia-e-redes-sociais-jovens-precisam-de-coragem-para-enfrentar-odio\/\"},\"wordCount\":211,\"image\":{\"@id\":\"https:\/\/portaltela.pt\/noticias\/2026\/02\/01\/democracia-e-redes-sociais-jovens-precisam-de-coragem-para-enfrentar-odio\/#primaryimage\"},\"thumbnailUrl\":\"https:\/\/portaltela.pt\/s.01k8rhncp4jt1\/2026\/02\/2062590.jpg\",\"keywords\":[\"Adolesc\u00eancia\",\"cidadania\",\"coopera\u00e7\u00e3o internacional\",\"democracia\",\"jovens\",\"participa\u00e7\u00e3o\"],\"articleSection\":[\"Not\u00edcias\",\"Pol\u00edtica\"],\"inLanguage\":\"pt-PT\"},{\"@type\":\"WebPage\",\"@id\":\"https:\/\/portaltela.pt\/noticias\/2026\/02\/01\/democracia-e-redes-sociais-jovens-precisam-de-coragem-para-enfrentar-odio\/\",\"url\":\"https:\/\/portaltela.pt\/noticias\/2026\/02\/01\/democracia-e-redes-sociais-jovens-precisam-de-coragem-para-enfrentar-odio\/\",\"name\":\"Democracia e redes sociais: jovens precisam de coragem para enfrentar \u00f3dio - Portal Tela Portugal\",\"isPartOf\":{\"@id\":\"https:\/\/portaltela.pt\/#website\"},\"primaryImageOfPage\":{\"@id\":\"https:\/\/portaltela.pt\/noticias\/2026\/02\/01\/democracia-e-redes-sociais-jovens-precisam-de-coragem-para-enfrentar-odio\/#primaryimage\"},\"image\":{\"@id\":\"https:\/\/portaltela.pt\/noticias\/2026\/02\/01\/democracia-e-redes-sociais-jovens-precisam-de-coragem-para-enfrentar-odio\/#primaryimage\"},\"thumbnailUrl\":\"https:\/\/portaltela.pt\/s.01k8rhncp4jt1\/2026\/02\/2062590.jpg\",\"datePublished\":\"2026-02-01T10:01:00+00:00\",\"author\":{\"@id\":\"https:\/\/portaltela.pt\/#\/schema\/person\/c4278d4a6028830caff9ee44b42d32ed\"},\"breadcrumb\":{\"@id\":\"https:\/\/portaltela.pt\/noticias\/2026\/02\/01\/democracia-e-redes-sociais-jovens-precisam-de-coragem-para-enfrentar-odio\/#breadcrumb\"},\"inLanguage\":\"pt-PT\",\"potentialAction\":[{\"@type\":\"ReadAction\",\"target\":[\"https:\/\/portaltela.pt\/noticias\/2026\/02\/01\/democracia-e-redes-sociais-jovens-precisam-de-coragem-para-enfrentar-odio\/\"]}]},{\"@type\":\"ImageObject\",\"inLanguage\":\"pt-PT\",\"@id\":\"https:\/\/portaltela.pt\/noticias\/2026\/02\/01\/democracia-e-redes-sociais-jovens-precisam-de-coragem-para-enfrentar-odio\/#primaryimage\",\"url\":\"https:\/\/portaltela.pt\/s.01k8rhncp4jt1\/2026\/02\/2062590.jpg\",\"contentUrl\":\"https:\/\/portaltela.pt\/s.01k8rhncp4jt1\/2026\/02\/2062590.jpg\",\"width\":796,\"height\":448,\"caption\":\"Oddrun Samdal, coordenadora internacional do Health Behaviour in School-aged Children, o programa da OMS para o estudo da adolesc\u00eancia\"},{\"@type\":\"BreadcrumbList\",\"@id\":\"https:\/\/portaltela.pt\/noticias\/2026\/02\/01\/democracia-e-redes-sociais-jovens-precisam-de-coragem-para-enfrentar-odio\/#breadcrumb\",\"itemListElement\":[{\"@type\":\"ListItem\",\"position\":1,\"name\":\"In\u00edcio\",\"item\":\"https:\/\/portaltela.pt\/\"},{\"@type\":\"ListItem\",\"position\":2,\"name\":\"Democracia e redes sociais: jovens precisam de coragem para enfrentar \u00f3dio\"}]},{\"@type\":\"WebSite\",\"@id\":\"https:\/\/portaltela.pt\/#website\",\"url\":\"https:\/\/portaltela.pt\/\",\"name\":\"Portal Tela Portugal\",\"description\":\"\",\"potentialAction\":[{\"@type\":\"SearchAction\",\"target\":{\"@type\":\"EntryPoint\",\"urlTemplate\":\"https:\/\/portaltela.pt\/?s={search_term_string}\"},\"query-input\":{\"@type\":\"PropertyValueSpecification\",\"valueRequired\":true,\"valueName\":\"search_term_string\"}}],\"inLanguage\":\"pt-PT\"},{\"@type\":\"Person\",\"@id\":\"https:\/\/portaltela.pt\/#\/schema\/person\/c4278d4a6028830caff9ee44b42d32ed\",\"name\":\"Telinha\",\"image\":{\"@type\":\"ImageObject\",\"inLanguage\":\"pt-PT\",\"@id\":\"https:\/\/portaltela.pt\/s.01k8rhncp4jt1\/2025\/11\/talking-bot-125x125.png\",\"url\":\"https:\/\/portaltela.pt\/s.01k8rhncp4jt1\/2025\/11\/talking-bot-125x125.png\",\"contentUrl\":\"https:\/\/portaltela.pt\/s.01k8rhncp4jt1\/2025\/11\/talking-bot-125x125.png\",\"caption\":\"Telinha\"},\"sameAs\":[\"https:\/\/portaltela.pt\/\"],\"url\":\"https:\/\/portaltela.pt\/por\/367410592786\/\"}]}<\/script>\n<!-- \/ Yoast SEO plugin. -->","yoast_head_json":{"title":"Democracia e redes sociais: jovens precisam de coragem para enfrentar \u00f3dio - Portal Tela Portugal","robots":{"index":"index","follow":"follow","max-snippet":"max-snippet:-1","max-image-preview":"max-image-preview:large","max-video-preview":"max-video-preview:-1"},"og_locale":"pt_PT","og_type":"article","og_title":"Democracia e redes sociais: jovens precisam de coragem para enfrentar \u00f3dio - Portal Tela Portugal","og_description":"Um projeto financiado pela Uni\u00e3o Europeia, Youth Engaged, vai investigar como as identidades pol\u00edticas se desenvolvem em jovens e o que \u00e9 preciso para que eles se envolvam mais como cidad\u00e3os. O objetivo \u00e9 ouvir os jovens antes de definir pol\u00edticas para promover participa\u00e7\u00e3o democr\u00e1tica e c\u00edvica entre as novas gera\u00e7\u00f5es. Oddrun Samdal, professora da Universidade de Bergen, na Noruega, \u00e9 a coordenadora do programa Engaged Youth. Samdal \u00e9 tamb\u00e9m coordenadora internacional do Health Behaviour in School-aged Children, programa da Organiza\u00e7\u00e3o Mundial de Sa\u00fade para o estudo da adolesc\u00eancia.","og_url":"https:\/\/portaltela.pt\/noticias\/2026\/02\/01\/democracia-e-redes-sociais-jovens-precisam-de-coragem-para-enfrentar-odio\/","og_site_name":"Portal Tela Portugal","article_published_time":"2026-02-01T10:01:00+00:00","author":"Telinha","twitter_card":"summary_large_image","twitter_misc":{"Escrito por":"Telinha","Tempo estimado de leitura":"1 minuto"},"schema":{"@context":"https:\/\/schema.org","@graph":[{"@type":"Article","@id":"https:\/\/portaltela.pt\/noticias\/2026\/02\/01\/democracia-e-redes-sociais-jovens-precisam-de-coragem-para-enfrentar-odio\/#article","isPartOf":{"@id":"https:\/\/portaltela.pt\/noticias\/2026\/02\/01\/democracia-e-redes-sociais-jovens-precisam-de-coragem-para-enfrentar-odio\/"},"author":{"name":"Telinha","@id":"https:\/\/portaltela.pt\/#\/schema\/person\/c4278d4a6028830caff9ee44b42d32ed"},"headline":"Democracia e redes sociais: jovens precisam de coragem para enfrentar \u00f3dio","datePublished":"2026-02-01T10:01:00+00:00","mainEntityOfPage":{"@id":"https:\/\/portaltela.pt\/noticias\/2026\/02\/01\/democracia-e-redes-sociais-jovens-precisam-de-coragem-para-enfrentar-odio\/"},"wordCount":211,"image":{"@id":"https:\/\/portaltela.pt\/noticias\/2026\/02\/01\/democracia-e-redes-sociais-jovens-precisam-de-coragem-para-enfrentar-odio\/#primaryimage"},"thumbnailUrl":"https:\/\/portaltela.pt\/s.01k8rhncp4jt1\/2026\/02\/2062590.jpg","keywords":["Adolesc\u00eancia","cidadania","coopera\u00e7\u00e3o internacional","democracia","jovens","participa\u00e7\u00e3o"],"articleSection":["Not\u00edcias","Pol\u00edtica"],"inLanguage":"pt-PT"},{"@type":"WebPage","@id":"https:\/\/portaltela.pt\/noticias\/2026\/02\/01\/democracia-e-redes-sociais-jovens-precisam-de-coragem-para-enfrentar-odio\/","url":"https:\/\/portaltela.pt\/noticias\/2026\/02\/01\/democracia-e-redes-sociais-jovens-precisam-de-coragem-para-enfrentar-odio\/","name":"Democracia e redes sociais: jovens precisam de coragem para enfrentar \u00f3dio - Portal Tela Portugal","isPartOf":{"@id":"https:\/\/portaltela.pt\/#website"},"primaryImageOfPage":{"@id":"https:\/\/portaltela.pt\/noticias\/2026\/02\/01\/democracia-e-redes-sociais-jovens-precisam-de-coragem-para-enfrentar-odio\/#primaryimage"},"image":{"@id":"https:\/\/portaltela.pt\/noticias\/2026\/02\/01\/democracia-e-redes-sociais-jovens-precisam-de-coragem-para-enfrentar-odio\/#primaryimage"},"thumbnailUrl":"https:\/\/portaltela.pt\/s.01k8rhncp4jt1\/2026\/02\/2062590.jpg","datePublished":"2026-02-01T10:01:00+00:00","author":{"@id":"https:\/\/portaltela.pt\/#\/schema\/person\/c4278d4a6028830caff9ee44b42d32ed"},"breadcrumb":{"@id":"https:\/\/portaltela.pt\/noticias\/2026\/02\/01\/democracia-e-redes-sociais-jovens-precisam-de-coragem-para-enfrentar-odio\/#breadcrumb"},"inLanguage":"pt-PT","potentialAction":[{"@type":"ReadAction","target":["https:\/\/portaltela.pt\/noticias\/2026\/02\/01\/democracia-e-redes-sociais-jovens-precisam-de-coragem-para-enfrentar-odio\/"]}]},{"@type":"ImageObject","inLanguage":"pt-PT","@id":"https:\/\/portaltela.pt\/noticias\/2026\/02\/01\/democracia-e-redes-sociais-jovens-precisam-de-coragem-para-enfrentar-odio\/#primaryimage","url":"https:\/\/portaltela.pt\/s.01k8rhncp4jt1\/2026\/02\/2062590.jpg","contentUrl":"https:\/\/portaltela.pt\/s.01k8rhncp4jt1\/2026\/02\/2062590.jpg","width":796,"height":448,"caption":"Oddrun Samdal, coordenadora internacional do Health Behaviour in School-aged Children, o programa da OMS para o estudo da adolesc\u00eancia"},{"@type":"BreadcrumbList","@id":"https:\/\/portaltela.pt\/noticias\/2026\/02\/01\/democracia-e-redes-sociais-jovens-precisam-de-coragem-para-enfrentar-odio\/#breadcrumb","itemListElement":[{"@type":"ListItem","position":1,"name":"In\u00edcio","item":"https:\/\/portaltela.pt\/"},{"@type":"ListItem","position":2,"name":"Democracia e redes sociais: jovens precisam de coragem para enfrentar \u00f3dio"}]},{"@type":"WebSite","@id":"https:\/\/portaltela.pt\/#website","url":"https:\/\/portaltela.pt\/","name":"Portal Tela Portugal","description":"","potentialAction":[{"@type":"SearchAction","target":{"@type":"EntryPoint","urlTemplate":"https:\/\/portaltela.pt\/?s={search_term_string}"},"query-input":{"@type":"PropertyValueSpecification","valueRequired":true,"valueName":"search_term_string"}}],"inLanguage":"pt-PT"},{"@type":"Person","@id":"https:\/\/portaltela.pt\/#\/schema\/person\/c4278d4a6028830caff9ee44b42d32ed","name":"Telinha","image":{"@type":"ImageObject","inLanguage":"pt-PT","@id":"https:\/\/portaltela.pt\/s.01k8rhncp4jt1\/2025\/11\/talking-bot-125x125.png","url":"https:\/\/portaltela.pt\/s.01k8rhncp4jt1\/2025\/11\/talking-bot-125x125.png","contentUrl":"https:\/\/portaltela.pt\/s.01k8rhncp4jt1\/2025\/11\/talking-bot-125x125.png","caption":"Telinha"},"sameAs":["https:\/\/portaltela.pt\/"],"url":"https:\/\/portaltela.pt\/por\/367410592786\/"}]}},"_links":{"self":[{"href":"https:\/\/portaltela.pt\/api\/wp\/v2\/posts\/188230","targetHints":{"allow":["GET"]}}],"collection":[{"href":"https:\/\/portaltela.pt\/api\/wp\/v2\/posts"}],"about":[{"href":"https:\/\/portaltela.pt\/api\/wp\/v2\/types\/post"}],"author":[{"embeddable":true,"href":"https:\/\/portaltela.pt\/api\/wp\/v2\/users\/2"}],"replies":[{"embeddable":true,"href":"https:\/\/portaltela.pt\/api\/wp\/v2\/comments?post=188230"}],"version-history":[{"count":0,"href":"https:\/\/portaltela.pt\/api\/wp\/v2\/posts\/188230\/revisions"}],"wp:featuredmedia":[{"embeddable":true,"href":"https:\/\/portaltela.pt\/api\/wp\/v2\/media\/188231"}],"wp:attachment":[{"href":"https:\/\/portaltela.pt\/api\/wp\/v2\/media?parent=188230"}],"wp:term":[{"taxonomy":"category","embeddable":true,"href":"https:\/\/portaltela.pt\/api\/wp\/v2\/categories?post=188230"},{"taxonomy":"post_tag","embeddable":true,"href":"https:\/\/portaltela.pt\/api\/wp\/v2\/tags?post=188230"}],"curies":[{"name":"wp","href":"https:\/\/api.w.org\/{rel}","templated":true}]}}