{"id":188195,"date":"2026-02-01T06:18:00","date_gmt":"2026-02-01T09:18:00","guid":{"rendered":"https:\/\/portaltela.pt\/noticias\/2026\/02\/01\/benavente-atribui-medalha-de-honra-ao-ex-presidente-antonio-jose-ganhao\/"},"modified":"2026-02-01T06:18:00","modified_gmt":"2026-02-01T09:18:00","slug":"benavente-atribui-medalha-de-honra-ao-ex-presidente-antonio-jose-ganhao","status":"publish","type":"post","link":"https:\/\/portaltela.pt\/noticias\/politica\/2026\/02\/01\/benavente-atribui-medalha-de-honra-ao-ex-presidente-antonio-jose-ganhao\/","title":{"rendered":"Benavente atribui Medalha de Honra ao ex-presidente Ant\u00f3nio Jos\u00e9 Ganh\u00e3o"},"content":{"rendered":"<p>A \u00faltima sess\u00e3o da Assembleia Municipal de Benavente, celebrada na sexta-feira, ficou marcada pela interven\u00e7\u00e3o de Palmira Machado, que pediu o reconhecimento institucional do antigo presidente da C\u00e2mara, Ant\u00f3nio Jos\u00e9 Ganh\u00e3o, que liderou o executivo entre 1979 e 2013. A proposta foi recebida pela presidente do executivo, S\u00f3nia Ferreira, que afirmou a inten\u00e7\u00e3o de avan\u00e7ar com a distin\u00e7\u00e3o.<\/p>\n<p>Palmira Machado destacou o papel do poder local e a import\u00e2ncia da lideran\u00e7a aut\u00e1rquica, defendendo que a autonomia precisa de mais do que recursos: requer uma capacidade de lideran\u00e7a que fa\u00e7a acontecer. Recordou o percurso de Ganh\u00e3o e afirmou que o autarca contribuiu para fazer crescer Benavente e projetar o munic\u00edpio al\u00e9m do seu territ\u00f3rio.<\/p>\n<p>A mun\u00edcipe tamb\u00e9m sublinhou o reconhecimento nacional de Ganh\u00e3o e o seu envolvimento em outras estruturas do poder local, defendendo que o munic\u00edpio merecia um gesto institucional \u00e0 altura do legado. Citou o regulamento das medalhas, afirmando que a Medalha de Honra deve ser atribu\u00edda a quem se tenha destacado por servi\u00e7os merit\u00f3rios ao munic\u00edpio.<\/p>\n<p>Palmira Machado dirigiu-se aos eleitos, dizendo que motivos ideol\u00f3gicos n\u00e3o devem impedir o reconhecimento pelo servi\u00e7o p\u00fablico prestado. Encerrou afirmando atuar em qualidade de cidad\u00e3, sem qualquer liga\u00e7\u00e3o partid\u00e1ria, e enfatizando que o que a move s\u00e3o as pessoas.<\/p>\n<h3>Resposta da C\u00e2mara<\/h3>\n<p>Logo a seguir, S\u00f3nia Ferreira anunciou a inten\u00e7\u00e3o de apresentar formalmente a distin\u00e7\u00e3o. A presidente disse que vai propor \u00e0 C\u00e2mara Municipal a atribui\u00e7\u00e3o da Medalha de Honra ao antigo presidente Ant\u00f3nio Jos\u00e9 Ganh\u00e3o, com a cerim\u00f3nia de homenagem prevista para o pr\u00f3ximo 25 de Abril.<\/p>\n<p>A poss\u00edvel entrega da Medalha de Honra poder\u00e1 ficar formalizada na reuni\u00e3o da C\u00e2mara, tornando p\u00fablico o reconhecimento de um dos autarcas mais marcantes da hist\u00f3ria recente de Benavente. Recorda-se que Ganh\u00e3o j\u00e1 havia recebido homenagem em 2024, quando o seu nome foi associado a um espa\u00e7o p\u00fablico das festas dos Foros da Charneca.<\/p>\n","protected":false},"excerpt":{"rendered":"<ul>\n<li>Palmira Machado pediu reconhecimento institucional para Ant\u00f3nio Jos\u00e9 Ganh\u00e3o, antigo presidente da C\u00e2mara de Benavente (1979-2013), durante a \u00faltima sess\u00e3o da Assembleia Municipal.<\/li>\n<li>S\u00f3nia Ferreira, presidente da C\u00e2mara, revelou a inten\u00e7\u00e3o de avan\u00e7ar com a atribui\u00e7\u00e3o da Medalha de Honra do Munic\u00edpio a Ganh\u00e3o e de a homenagear numa cerim\u00f3nia no pr\u00f3ximo dia 25 de abril.<\/li>\n<li>Palmira Machado afirmou que o papel do poder local requer lideran\u00e7a capaz de tornar realidade metas, elogiando o legado de Ganh\u00e3o no crescimento e desenvolvimento do concelho.<\/li>\n<li>O caso envolve o regulamento municipal das medalhas, que define a medalha de honra para quem tenha prestado servi\u00e7os distintos e merit\u00f3rios ao munic\u00edpio.<\/li>\n<li>Em 2024, Ant\u00f3nio Jos\u00e9 Ganh\u00e3o j\u00e1 tinha sido homenageado, passando o seu nome a constar no largo das festas dos Foros da Charneca.<\/li>\n<\/ul>\n","protected":false},"author":2,"featured_media":188198,"comment_status":"closed","ping_status":"closed","sticky":false,"template":"","format":"standard","meta":{"footnotes":""},"categories":[1,5],"tags":[1446,299,120,40,654,1221],"class_list":["post-188195","post","type-post","status-publish","format-standard","has-post-thumbnail","hentry","category-noticias","category-politica","tag-benavente","tag-historia","tag-medalhas","tag-pessoas","tag-poder","tag-servicos-publicos"],"yoast_head":"<!-- This site is optimized with the Yoast SEO plugin v27.2 - https:\/\/yoast.com\/product\/yoast-seo-wordpress\/ -->\n<title>Benavente atribui Medalha de Honra ao ex-presidente Ant\u00f3nio Jos\u00e9 Ganh\u00e3o - Portal Tela Portugal<\/title>\n<meta name=\"robots\" content=\"index, follow, max-snippet:-1, max-image-preview:large, max-video-preview:-1\" \/>\n<meta property=\"og:locale\" content=\"pt_PT\" \/>\n<meta property=\"og:type\" content=\"article\" \/>\n<meta property=\"og:title\" content=\"Benavente atribui Medalha de Honra ao ex-presidente Ant\u00f3nio Jos\u00e9 Ganh\u00e3o - Portal Tela Portugal\" \/>\n<meta property=\"og:description\" content=\"Palmira Machado pediu reconhecimento institucional para Ant\u00f3nio Jos\u00e9 Ganh\u00e3o, antigo presidente da C\u00e2mara de Benavente (1979-2013), durante a \u00faltima sess\u00e3o da Assembleia Municipal. S\u00f3nia Ferreira, presidente da C\u00e2mara, revelou a inten\u00e7\u00e3o de avan\u00e7ar com a atribui\u00e7\u00e3o da Medalha de Honra do Munic\u00edpio a Ganh\u00e3o e de a homenagear numa cerim\u00f3nia no pr\u00f3ximo dia 25 de abril. Palmira Machado afirmou que o papel do poder local requer lideran\u00e7a capaz de tornar realidade metas, elogiando o legado de Ganh\u00e3o no crescimento e desenvolvimento do concelho. O caso envolve o regulamento municipal das medalhas, que define a medalha de honra para quem tenha prestado servi\u00e7os distintos e merit\u00f3rios ao munic\u00edpio. Em 2024, Ant\u00f3nio Jos\u00e9 Ganh\u00e3o j\u00e1 tinha sido homenageado, passando o seu nome a constar no largo das festas dos Foros da Charneca.\" \/>\n<meta property=\"og:url\" content=\"https:\/\/portaltela.pt\/noticias\/2026\/02\/01\/benavente-atribui-medalha-de-honra-ao-ex-presidente-antonio-jose-ganhao\/\" \/>\n<meta property=\"og:site_name\" content=\"Portal Tela Portugal\" \/>\n<meta property=\"article:published_time\" content=\"2026-02-01T09:18:00+00:00\" \/>\n<meta name=\"author\" content=\"Telinha\" \/>\n<meta name=\"twitter:card\" content=\"summary_large_image\" \/>\n<meta name=\"twitter:label1\" content=\"Escrito por\" \/>\n\t<meta name=\"twitter:data1\" content=\"Telinha\" \/>\n\t<meta name=\"twitter:label2\" content=\"Tempo estimado de leitura\" \/>\n\t<meta name=\"twitter:data2\" content=\"2 minutos\" \/>\n<script type=\"application\/ld+json\" class=\"yoast-schema-graph\">{\"@context\":\"https:\/\/schema.org\",\"@graph\":[{\"@type\":\"Article\",\"@id\":\"https:\/\/portaltela.pt\/noticias\/2026\/02\/01\/benavente-atribui-medalha-de-honra-ao-ex-presidente-antonio-jose-ganhao\/#article\",\"isPartOf\":{\"@id\":\"https:\/\/portaltela.pt\/noticias\/2026\/02\/01\/benavente-atribui-medalha-de-honra-ao-ex-presidente-antonio-jose-ganhao\/\"},\"author\":{\"name\":\"Telinha\",\"@id\":\"https:\/\/portaltela.pt\/#\/schema\/person\/c4278d4a6028830caff9ee44b42d32ed\"},\"headline\":\"Benavente atribui Medalha de Honra ao ex-presidente Ant\u00f3nio Jos\u00e9 Ganh\u00e3o\",\"datePublished\":\"2026-02-01T09:18:00+00:00\",\"mainEntityOfPage\":{\"@id\":\"https:\/\/portaltela.pt\/noticias\/2026\/02\/01\/benavente-atribui-medalha-de-honra-ao-ex-presidente-antonio-jose-ganhao\/\"},\"wordCount\":367,\"image\":{\"@id\":\"https:\/\/portaltela.pt\/noticias\/2026\/02\/01\/benavente-atribui-medalha-de-honra-ao-ex-presidente-antonio-jose-ganhao\/#primaryimage\"},\"thumbnailUrl\":\"https:\/\/portaltela.pt\/s.01k8rhncp4jt1\/2026\/02\/Ganhao_Foros_Charneca_1.jpg\",\"keywords\":[\"Benavente\",\"hist\u00f3ria\",\"medalhas\",\"pessoas\",\"poder\",\"servi\u00e7os p\u00fablicos\"],\"articleSection\":[\"Not\u00edcias\",\"Pol\u00edtica\"],\"inLanguage\":\"pt-PT\"},{\"@type\":\"WebPage\",\"@id\":\"https:\/\/portaltela.pt\/noticias\/2026\/02\/01\/benavente-atribui-medalha-de-honra-ao-ex-presidente-antonio-jose-ganhao\/\",\"url\":\"https:\/\/portaltela.pt\/noticias\/2026\/02\/01\/benavente-atribui-medalha-de-honra-ao-ex-presidente-antonio-jose-ganhao\/\",\"name\":\"Benavente atribui Medalha de Honra ao ex-presidente Ant\u00f3nio Jos\u00e9 Ganh\u00e3o - Portal Tela Portugal\",\"isPartOf\":{\"@id\":\"https:\/\/portaltela.pt\/#website\"},\"primaryImageOfPage\":{\"@id\":\"https:\/\/portaltela.pt\/noticias\/2026\/02\/01\/benavente-atribui-medalha-de-honra-ao-ex-presidente-antonio-jose-ganhao\/#primaryimage\"},\"image\":{\"@id\":\"https:\/\/portaltela.pt\/noticias\/2026\/02\/01\/benavente-atribui-medalha-de-honra-ao-ex-presidente-antonio-jose-ganhao\/#primaryimage\"},\"thumbnailUrl\":\"https:\/\/portaltela.pt\/s.01k8rhncp4jt1\/2026\/02\/Ganhao_Foros_Charneca_1.jpg\",\"datePublished\":\"2026-02-01T09:18:00+00:00\",\"author\":{\"@id\":\"https:\/\/portaltela.pt\/#\/schema\/person\/c4278d4a6028830caff9ee44b42d32ed\"},\"breadcrumb\":{\"@id\":\"https:\/\/portaltela.pt\/noticias\/2026\/02\/01\/benavente-atribui-medalha-de-honra-ao-ex-presidente-antonio-jose-ganhao\/#breadcrumb\"},\"inLanguage\":\"pt-PT\",\"potentialAction\":[{\"@type\":\"ReadAction\",\"target\":[\"https:\/\/portaltela.pt\/noticias\/2026\/02\/01\/benavente-atribui-medalha-de-honra-ao-ex-presidente-antonio-jose-ganhao\/\"]}]},{\"@type\":\"ImageObject\",\"inLanguage\":\"pt-PT\",\"@id\":\"https:\/\/portaltela.pt\/noticias\/2026\/02\/01\/benavente-atribui-medalha-de-honra-ao-ex-presidente-antonio-jose-ganhao\/#primaryimage\",\"url\":\"https:\/\/portaltela.pt\/s.01k8rhncp4jt1\/2026\/02\/Ganhao_Foros_Charneca_1.jpg\",\"contentUrl\":\"https:\/\/portaltela.pt\/s.01k8rhncp4jt1\/2026\/02\/Ganhao_Foros_Charneca_1.jpg\",\"width\":796,\"height\":448,\"caption\":\"Benavente vai atribuir Medalha de Honra ao antigo presidente Ant\u00f3nio Jos\u00e9 Ganh\u00e3o\"},{\"@type\":\"BreadcrumbList\",\"@id\":\"https:\/\/portaltela.pt\/noticias\/2026\/02\/01\/benavente-atribui-medalha-de-honra-ao-ex-presidente-antonio-jose-ganhao\/#breadcrumb\",\"itemListElement\":[{\"@type\":\"ListItem\",\"position\":1,\"name\":\"In\u00edcio\",\"item\":\"https:\/\/portaltela.pt\/\"},{\"@type\":\"ListItem\",\"position\":2,\"name\":\"Benavente atribui Medalha de Honra ao ex-presidente Ant\u00f3nio Jos\u00e9 Ganh\u00e3o\"}]},{\"@type\":\"WebSite\",\"@id\":\"https:\/\/portaltela.pt\/#website\",\"url\":\"https:\/\/portaltela.pt\/\",\"name\":\"Portal Tela Portugal\",\"description\":\"\",\"potentialAction\":[{\"@type\":\"SearchAction\",\"target\":{\"@type\":\"EntryPoint\",\"urlTemplate\":\"https:\/\/portaltela.pt\/?s={search_term_string}\"},\"query-input\":{\"@type\":\"PropertyValueSpecification\",\"valueRequired\":true,\"valueName\":\"search_term_string\"}}],\"inLanguage\":\"pt-PT\"},{\"@type\":\"Person\",\"@id\":\"https:\/\/portaltela.pt\/#\/schema\/person\/c4278d4a6028830caff9ee44b42d32ed\",\"name\":\"Telinha\",\"image\":{\"@type\":\"ImageObject\",\"inLanguage\":\"pt-PT\",\"@id\":\"https:\/\/portaltela.pt\/s.01k8rhncp4jt1\/2025\/11\/talking-bot-125x125.png\",\"url\":\"https:\/\/portaltela.pt\/s.01k8rhncp4jt1\/2025\/11\/talking-bot-125x125.png\",\"contentUrl\":\"https:\/\/portaltela.pt\/s.01k8rhncp4jt1\/2025\/11\/talking-bot-125x125.png\",\"caption\":\"Telinha\"},\"sameAs\":[\"https:\/\/portaltela.pt\/\"],\"url\":\"https:\/\/portaltela.pt\/por\/367410592786\/\"}]}<\/script>\n<!-- \/ Yoast SEO plugin. -->","yoast_head_json":{"title":"Benavente atribui Medalha de Honra ao ex-presidente Ant\u00f3nio Jos\u00e9 Ganh\u00e3o - Portal Tela Portugal","robots":{"index":"index","follow":"follow","max-snippet":"max-snippet:-1","max-image-preview":"max-image-preview:large","max-video-preview":"max-video-preview:-1"},"og_locale":"pt_PT","og_type":"article","og_title":"Benavente atribui Medalha de Honra ao ex-presidente Ant\u00f3nio Jos\u00e9 Ganh\u00e3o - Portal Tela Portugal","og_description":"Palmira Machado pediu reconhecimento institucional para Ant\u00f3nio Jos\u00e9 Ganh\u00e3o, antigo presidente da C\u00e2mara de Benavente (1979-2013), durante a \u00faltima sess\u00e3o da Assembleia Municipal. S\u00f3nia Ferreira, presidente da C\u00e2mara, revelou a inten\u00e7\u00e3o de avan\u00e7ar com a atribui\u00e7\u00e3o da Medalha de Honra do Munic\u00edpio a Ganh\u00e3o e de a homenagear numa cerim\u00f3nia no pr\u00f3ximo dia 25 de abril. Palmira Machado afirmou que o papel do poder local requer lideran\u00e7a capaz de tornar realidade metas, elogiando o legado de Ganh\u00e3o no crescimento e desenvolvimento do concelho. O caso envolve o regulamento municipal das medalhas, que define a medalha de honra para quem tenha prestado servi\u00e7os distintos e merit\u00f3rios ao munic\u00edpio. Em 2024, Ant\u00f3nio Jos\u00e9 Ganh\u00e3o j\u00e1 tinha sido homenageado, passando o seu nome a constar no largo das festas dos Foros da Charneca.","og_url":"https:\/\/portaltela.pt\/noticias\/2026\/02\/01\/benavente-atribui-medalha-de-honra-ao-ex-presidente-antonio-jose-ganhao\/","og_site_name":"Portal Tela Portugal","article_published_time":"2026-02-01T09:18:00+00:00","author":"Telinha","twitter_card":"summary_large_image","twitter_misc":{"Escrito por":"Telinha","Tempo estimado de leitura":"2 minutos"},"schema":{"@context":"https:\/\/schema.org","@graph":[{"@type":"Article","@id":"https:\/\/portaltela.pt\/noticias\/2026\/02\/01\/benavente-atribui-medalha-de-honra-ao-ex-presidente-antonio-jose-ganhao\/#article","isPartOf":{"@id":"https:\/\/portaltela.pt\/noticias\/2026\/02\/01\/benavente-atribui-medalha-de-honra-ao-ex-presidente-antonio-jose-ganhao\/"},"author":{"name":"Telinha","@id":"https:\/\/portaltela.pt\/#\/schema\/person\/c4278d4a6028830caff9ee44b42d32ed"},"headline":"Benavente atribui Medalha de Honra ao ex-presidente Ant\u00f3nio Jos\u00e9 Ganh\u00e3o","datePublished":"2026-02-01T09:18:00+00:00","mainEntityOfPage":{"@id":"https:\/\/portaltela.pt\/noticias\/2026\/02\/01\/benavente-atribui-medalha-de-honra-ao-ex-presidente-antonio-jose-ganhao\/"},"wordCount":367,"image":{"@id":"https:\/\/portaltela.pt\/noticias\/2026\/02\/01\/benavente-atribui-medalha-de-honra-ao-ex-presidente-antonio-jose-ganhao\/#primaryimage"},"thumbnailUrl":"https:\/\/portaltela.pt\/s.01k8rhncp4jt1\/2026\/02\/Ganhao_Foros_Charneca_1.jpg","keywords":["Benavente","hist\u00f3ria","medalhas","pessoas","poder","servi\u00e7os p\u00fablicos"],"articleSection":["Not\u00edcias","Pol\u00edtica"],"inLanguage":"pt-PT"},{"@type":"WebPage","@id":"https:\/\/portaltela.pt\/noticias\/2026\/02\/01\/benavente-atribui-medalha-de-honra-ao-ex-presidente-antonio-jose-ganhao\/","url":"https:\/\/portaltela.pt\/noticias\/2026\/02\/01\/benavente-atribui-medalha-de-honra-ao-ex-presidente-antonio-jose-ganhao\/","name":"Benavente atribui Medalha de Honra ao ex-presidente Ant\u00f3nio Jos\u00e9 Ganh\u00e3o - Portal Tela Portugal","isPartOf":{"@id":"https:\/\/portaltela.pt\/#website"},"primaryImageOfPage":{"@id":"https:\/\/portaltela.pt\/noticias\/2026\/02\/01\/benavente-atribui-medalha-de-honra-ao-ex-presidente-antonio-jose-ganhao\/#primaryimage"},"image":{"@id":"https:\/\/portaltela.pt\/noticias\/2026\/02\/01\/benavente-atribui-medalha-de-honra-ao-ex-presidente-antonio-jose-ganhao\/#primaryimage"},"thumbnailUrl":"https:\/\/portaltela.pt\/s.01k8rhncp4jt1\/2026\/02\/Ganhao_Foros_Charneca_1.jpg","datePublished":"2026-02-01T09:18:00+00:00","author":{"@id":"https:\/\/portaltela.pt\/#\/schema\/person\/c4278d4a6028830caff9ee44b42d32ed"},"breadcrumb":{"@id":"https:\/\/portaltela.pt\/noticias\/2026\/02\/01\/benavente-atribui-medalha-de-honra-ao-ex-presidente-antonio-jose-ganhao\/#breadcrumb"},"inLanguage":"pt-PT","potentialAction":[{"@type":"ReadAction","target":["https:\/\/portaltela.pt\/noticias\/2026\/02\/01\/benavente-atribui-medalha-de-honra-ao-ex-presidente-antonio-jose-ganhao\/"]}]},{"@type":"ImageObject","inLanguage":"pt-PT","@id":"https:\/\/portaltela.pt\/noticias\/2026\/02\/01\/benavente-atribui-medalha-de-honra-ao-ex-presidente-antonio-jose-ganhao\/#primaryimage","url":"https:\/\/portaltela.pt\/s.01k8rhncp4jt1\/2026\/02\/Ganhao_Foros_Charneca_1.jpg","contentUrl":"https:\/\/portaltela.pt\/s.01k8rhncp4jt1\/2026\/02\/Ganhao_Foros_Charneca_1.jpg","width":796,"height":448,"caption":"Benavente vai atribuir Medalha de Honra ao antigo presidente Ant\u00f3nio Jos\u00e9 Ganh\u00e3o"},{"@type":"BreadcrumbList","@id":"https:\/\/portaltela.pt\/noticias\/2026\/02\/01\/benavente-atribui-medalha-de-honra-ao-ex-presidente-antonio-jose-ganhao\/#breadcrumb","itemListElement":[{"@type":"ListItem","position":1,"name":"In\u00edcio","item":"https:\/\/portaltela.pt\/"},{"@type":"ListItem","position":2,"name":"Benavente atribui Medalha de Honra ao ex-presidente Ant\u00f3nio Jos\u00e9 Ganh\u00e3o"}]},{"@type":"WebSite","@id":"https:\/\/portaltela.pt\/#website","url":"https:\/\/portaltela.pt\/","name":"Portal Tela Portugal","description":"","potentialAction":[{"@type":"SearchAction","target":{"@type":"EntryPoint","urlTemplate":"https:\/\/portaltela.pt\/?s={search_term_string}"},"query-input":{"@type":"PropertyValueSpecification","valueRequired":true,"valueName":"search_term_string"}}],"inLanguage":"pt-PT"},{"@type":"Person","@id":"https:\/\/portaltela.pt\/#\/schema\/person\/c4278d4a6028830caff9ee44b42d32ed","name":"Telinha","image":{"@type":"ImageObject","inLanguage":"pt-PT","@id":"https:\/\/portaltela.pt\/s.01k8rhncp4jt1\/2025\/11\/talking-bot-125x125.png","url":"https:\/\/portaltela.pt\/s.01k8rhncp4jt1\/2025\/11\/talking-bot-125x125.png","contentUrl":"https:\/\/portaltela.pt\/s.01k8rhncp4jt1\/2025\/11\/talking-bot-125x125.png","caption":"Telinha"},"sameAs":["https:\/\/portaltela.pt\/"],"url":"https:\/\/portaltela.pt\/por\/367410592786\/"}]}},"_links":{"self":[{"href":"https:\/\/portaltela.pt\/api\/wp\/v2\/posts\/188195","targetHints":{"allow":["GET"]}}],"collection":[{"href":"https:\/\/portaltela.pt\/api\/wp\/v2\/posts"}],"about":[{"href":"https:\/\/portaltela.pt\/api\/wp\/v2\/types\/post"}],"author":[{"embeddable":true,"href":"https:\/\/portaltela.pt\/api\/wp\/v2\/users\/2"}],"replies":[{"embeddable":true,"href":"https:\/\/portaltela.pt\/api\/wp\/v2\/comments?post=188195"}],"version-history":[{"count":0,"href":"https:\/\/portaltela.pt\/api\/wp\/v2\/posts\/188195\/revisions"}],"wp:featuredmedia":[{"embeddable":true,"href":"https:\/\/portaltela.pt\/api\/wp\/v2\/media\/188198"}],"wp:attachment":[{"href":"https:\/\/portaltela.pt\/api\/wp\/v2\/media?parent=188195"}],"wp:term":[{"taxonomy":"category","embeddable":true,"href":"https:\/\/portaltela.pt\/api\/wp\/v2\/categories?post=188195"},{"taxonomy":"post_tag","embeddable":true,"href":"https:\/\/portaltela.pt\/api\/wp\/v2\/tags?post=188195"}],"curies":[{"name":"wp","href":"https:\/\/api.w.org\/{rel}","templated":true}]}}