{"id":188161,"date":"2026-02-01T06:27:56","date_gmt":"2026-02-01T09:27:56","guid":{"rendered":"https:\/\/portaltela.pt\/noticias\/2026\/02\/01\/aviso-de-vento-forte-esta-noite-e-de-agitacao-maritima-a-partir-de-amanha\/"},"modified":"2026-02-01T06:27:56","modified_gmt":"2026-02-01T09:27:56","slug":"aviso-de-vento-forte-esta-noite-e-de-agitacao-maritima-a-partir-de-amanha","status":"publish","type":"post","link":"https:\/\/portaltela.pt\/noticias\/2026\/02\/01\/aviso-de-vento-forte-esta-noite-e-de-agitacao-maritima-a-partir-de-amanha\/","title":{"rendered":"Aviso de vento forte esta noite e de agita\u00e7\u00e3o mar\u00edtima a partir de amanh\u00e3"},"content":{"rendered":"<p>A Madeira enfrenta vento forte nesta noite e agita\u00e7\u00e3o mar\u00edtima a partir de amanh\u00e3, segundo a atualiza\u00e7\u00e3o mais recente dos avisos meteorol\u00f3gicos. O arquip\u00e9lago est\u00e1 sob aviso amarelo para vento entre as 21h de domingo, 1 de Fevereiro, e as 3h de segunda-feira, 2 de Fevereiro.<\/p>\n<p>Na Costa Norte e em Porto Santo, entra em vigor um aviso laranja para agita\u00e7\u00e3o mar\u00edtima entre as 15h de segunda-feira e as 3h de ter\u00e7a-feira, 3 de Fevereiro. As ondas podem atingir os 10 metros de altura.<\/p>\n<p>Na Costa Norte e Porto Santo, h\u00e1 ainda aviso amarelo para agita\u00e7\u00e3o mar\u00edtima entre as 6h e as 15h de segunda-feira, e entre as 3h de 3 de Fevereiro e as 0h de 4 de Fevereiro.<\/p>\n<h3>Capitania emite avisos<\/h3>\n<p>A Capitania do Porto do Funchal divulgou alertas para vento forte, agita\u00e7\u00e3o mar\u00edtima forte e mau tempo, com sinal 6, v\u00e1lidos at\u00e9 pelo menos as 6h de 2 de Fevereiro.<\/p>\n<h3>Vento e visibilidade<\/h3>\n<p>O vento sopra inicialmente de quadrante W, fraco a bonan\u00e7oso, entre 7 e 18 km\/h, tornando-se gradualmente W\/SW moderado a fresco. No final do dia, pode atingir at\u00e9 50 km\/h, com s\u00e9ries de rajadas. A visibilidade mant\u00e9m-se boa a moderada, com parte da tarde a ficar fraca.<\/p>\n<h3>Ondula\u00e7\u00e3o por regi\u00e3o<\/h3>\n<p>Costa Norte prev\u00ea ondas NW de 2 a 3 m, a aumentar para 3 a 4,5 m no final da tarde. Costa Sul deve ter ondas W\/SW de 1 a 2 m, com 2 a 3 m na zona ocidental da Madeira.<\/p>\n<h3>Recomenda\u00e7\u00f5es<\/h3>\n<p>Amarra\u00e7\u00f5es devem ser refor\u00e7adas e as embarca\u00e7\u00f5es mantidas sob vigil\u00e2ncia constante. Evitar passeios junto ao mar, molhes, arribas e praias expostas \u00e0 agita\u00e7\u00e3o. N\u00e3o praticar pesca l\u00fadica perto de fal\u00e9sias ou zonas de rebenta\u00e7\u00e3o.<\/p>\n","protected":false},"excerpt":{"rendered":"<ul>\n<li>Aviso amarelo de vento forte para todo o arquip\u00e9lago entre as 21h de domingo, 1 de fevereiro, e as 3h de segunda-feira, 2 de fevereiro.<\/li>\n<li>Aviso laranja de agita\u00e7\u00e3o mar\u00edtima na Costa Norte e no Porto Santo entre as 15h de segunda-feira e as 3h de ter\u00e7a-feira, com ondas que podem atingir os 10 metros.<\/li>\n<li>Aviso amarelo adicional para agita\u00e7\u00e3o mar\u00edtima na Costa Norte e no Porto Santo entre as 6h e as 15h de segunda-feira, e entre as 3h de 3 de fevereiro e as 00h de 4 de fevereiro.<\/li>\n<li>A Capitania do Porto do Funchal emitiu avisos de vento forte, agita\u00e7\u00e3o mar\u00edtima forte e mau tempo (sinal 6), v\u00e1lidos at\u00e9, pelo menos, \u00e0s 6h de 2 de fevereiro.<\/li>\n<li>Recomenda\u00e7\u00f5es: refor\u00e7ar a amarra\u00e7\u00e3o, evitar passeios junto ao mar e pesca l\u00fadica perto de fal\u00e9sias ou zonas de rebenta\u00e7\u00e3o.<\/li>\n<\/ul>\n","protected":false},"author":2,"featured_media":188164,"comment_status":"closed","ping_status":"closed","sticky":false,"template":"","format":"standard","meta":{"footnotes":""},"categories":[1],"tags":[183,3658,4199,859,976,4782],"class_list":["post-188161","post","type-post","status-publish","format-standard","has-post-thumbnail","hentry","category-noticias","tag-agitacao-maritima","tag-aviso-amarelo","tag-costa-norte","tag-madeira","tag-porto-santo","tag-vento"],"yoast_head":"<!-- This site is optimized with the Yoast SEO plugin v27.2 - https:\/\/yoast.com\/product\/yoast-seo-wordpress\/ -->\n<title>Aviso de vento forte esta noite e de agita\u00e7\u00e3o mar\u00edtima a partir de amanh\u00e3 - Portal Tela Portugal<\/title>\n<meta name=\"robots\" content=\"index, follow, max-snippet:-1, max-image-preview:large, max-video-preview:-1\" \/>\n<meta property=\"og:locale\" content=\"pt_PT\" \/>\n<meta property=\"og:type\" content=\"article\" \/>\n<meta property=\"og:title\" content=\"Aviso de vento forte esta noite e de agita\u00e7\u00e3o mar\u00edtima a partir de amanh\u00e3 - Portal Tela Portugal\" \/>\n<meta property=\"og:description\" content=\"Aviso amarelo de vento forte para todo o arquip\u00e9lago entre as 21h de domingo, 1 de fevereiro, e as 3h de segunda-feira, 2 de fevereiro. Aviso laranja de agita\u00e7\u00e3o mar\u00edtima na Costa Norte e no Porto Santo entre as 15h de segunda-feira e as 3h de ter\u00e7a-feira, com ondas que podem atingir os 10 metros. Aviso amarelo adicional para agita\u00e7\u00e3o mar\u00edtima na Costa Norte e no Porto Santo entre as 6h e as 15h de segunda-feira, e entre as 3h de 3 de fevereiro e as 00h de 4 de fevereiro. A Capitania do Porto do Funchal emitiu avisos de vento forte, agita\u00e7\u00e3o mar\u00edtima forte e mau tempo (sinal 6), v\u00e1lidos at\u00e9, pelo menos, \u00e0s 6h de 2 de fevereiro. Recomenda\u00e7\u00f5es: refor\u00e7ar a amarra\u00e7\u00e3o, evitar passeios junto ao mar e pesca l\u00fadica perto de fal\u00e9sias ou zonas de rebenta\u00e7\u00e3o.\" \/>\n<meta property=\"og:url\" content=\"https:\/\/portaltela.pt\/noticias\/2026\/02\/01\/aviso-de-vento-forte-esta-noite-e-de-agitacao-maritima-a-partir-de-amanha\/\" \/>\n<meta property=\"og:site_name\" content=\"Portal Tela Portugal\" \/>\n<meta property=\"article:published_time\" content=\"2026-02-01T09:27:56+00:00\" \/>\n<meta name=\"author\" content=\"Telinha\" \/>\n<meta name=\"twitter:card\" content=\"summary_large_image\" \/>\n<meta name=\"twitter:label1\" content=\"Escrito por\" \/>\n\t<meta name=\"twitter:data1\" content=\"Telinha\" \/>\n\t<meta name=\"twitter:label2\" content=\"Tempo estimado de leitura\" \/>\n\t<meta name=\"twitter:data2\" content=\"1 minuto\" \/>\n<script type=\"application\/ld+json\" class=\"yoast-schema-graph\">{\"@context\":\"https:\/\/schema.org\",\"@graph\":[{\"@type\":\"Article\",\"@id\":\"https:\/\/portaltela.pt\/noticias\/2026\/02\/01\/aviso-de-vento-forte-esta-noite-e-de-agitacao-maritima-a-partir-de-amanha\/#article\",\"isPartOf\":{\"@id\":\"https:\/\/portaltela.pt\/noticias\/2026\/02\/01\/aviso-de-vento-forte-esta-noite-e-de-agitacao-maritima-a-partir-de-amanha\/\"},\"author\":{\"name\":\"Telinha\",\"@id\":\"https:\/\/portaltela.pt\/#\/schema\/person\/c4278d4a6028830caff9ee44b42d32ed\"},\"headline\":\"Aviso de vento forte esta noite e de agita\u00e7\u00e3o mar\u00edtima a partir de amanh\u00e3\",\"datePublished\":\"2026-02-01T09:27:56+00:00\",\"mainEntityOfPage\":{\"@id\":\"https:\/\/portaltela.pt\/noticias\/2026\/02\/01\/aviso-de-vento-forte-esta-noite-e-de-agitacao-maritima-a-partir-de-amanha\/\"},\"wordCount\":311,\"image\":{\"@id\":\"https:\/\/portaltela.pt\/noticias\/2026\/02\/01\/aviso-de-vento-forte-esta-noite-e-de-agitacao-maritima-a-partir-de-amanha\/#primaryimage\"},\"thumbnailUrl\":\"https:\/\/portaltela.pt\/s.01k8rhncp4jt1\/2026\/02\/IPMA-vento_vQl47je_DhG30Pm.jpg\",\"keywords\":[\"agita\u00e7\u00e3o mar\u00edtima\",\"aviso amarelo\",\"Costa Norte\",\"Madeira\",\"Porto Santo\",\"vento\"],\"articleSection\":[\"Not\u00edcias\"],\"inLanguage\":\"pt-PT\"},{\"@type\":\"WebPage\",\"@id\":\"https:\/\/portaltela.pt\/noticias\/2026\/02\/01\/aviso-de-vento-forte-esta-noite-e-de-agitacao-maritima-a-partir-de-amanha\/\",\"url\":\"https:\/\/portaltela.pt\/noticias\/2026\/02\/01\/aviso-de-vento-forte-esta-noite-e-de-agitacao-maritima-a-partir-de-amanha\/\",\"name\":\"Aviso de vento forte esta noite e de agita\u00e7\u00e3o mar\u00edtima a partir de amanh\u00e3 - Portal Tela Portugal\",\"isPartOf\":{\"@id\":\"https:\/\/portaltela.pt\/#website\"},\"primaryImageOfPage\":{\"@id\":\"https:\/\/portaltela.pt\/noticias\/2026\/02\/01\/aviso-de-vento-forte-esta-noite-e-de-agitacao-maritima-a-partir-de-amanha\/#primaryimage\"},\"image\":{\"@id\":\"https:\/\/portaltela.pt\/noticias\/2026\/02\/01\/aviso-de-vento-forte-esta-noite-e-de-agitacao-maritima-a-partir-de-amanha\/#primaryimage\"},\"thumbnailUrl\":\"https:\/\/portaltela.pt\/s.01k8rhncp4jt1\/2026\/02\/IPMA-vento_vQl47je_DhG30Pm.jpg\",\"datePublished\":\"2026-02-01T09:27:56+00:00\",\"author\":{\"@id\":\"https:\/\/portaltela.pt\/#\/schema\/person\/c4278d4a6028830caff9ee44b42d32ed\"},\"breadcrumb\":{\"@id\":\"https:\/\/portaltela.pt\/noticias\/2026\/02\/01\/aviso-de-vento-forte-esta-noite-e-de-agitacao-maritima-a-partir-de-amanha\/#breadcrumb\"},\"inLanguage\":\"pt-PT\",\"potentialAction\":[{\"@type\":\"ReadAction\",\"target\":[\"https:\/\/portaltela.pt\/noticias\/2026\/02\/01\/aviso-de-vento-forte-esta-noite-e-de-agitacao-maritima-a-partir-de-amanha\/\"]}]},{\"@type\":\"ImageObject\",\"inLanguage\":\"pt-PT\",\"@id\":\"https:\/\/portaltela.pt\/noticias\/2026\/02\/01\/aviso-de-vento-forte-esta-noite-e-de-agitacao-maritima-a-partir-de-amanha\/#primaryimage\",\"url\":\"https:\/\/portaltela.pt\/s.01k8rhncp4jt1\/2026\/02\/IPMA-vento_vQl47je_DhG30Pm.jpg\",\"contentUrl\":\"https:\/\/portaltela.pt\/s.01k8rhncp4jt1\/2026\/02\/IPMA-vento_vQl47je_DhG30Pm.jpg\",\"width\":796,\"height\":448,\"caption\":\"Aviso de vento forte esta noite e de agita\u00e7\u00e3o mar\u00edtima a partir de amanh\u00e3\"},{\"@type\":\"BreadcrumbList\",\"@id\":\"https:\/\/portaltela.pt\/noticias\/2026\/02\/01\/aviso-de-vento-forte-esta-noite-e-de-agitacao-maritima-a-partir-de-amanha\/#breadcrumb\",\"itemListElement\":[{\"@type\":\"ListItem\",\"position\":1,\"name\":\"In\u00edcio\",\"item\":\"https:\/\/portaltela.pt\/\"},{\"@type\":\"ListItem\",\"position\":2,\"name\":\"Aviso de vento forte esta noite e de agita\u00e7\u00e3o mar\u00edtima a partir de amanh\u00e3\"}]},{\"@type\":\"WebSite\",\"@id\":\"https:\/\/portaltela.pt\/#website\",\"url\":\"https:\/\/portaltela.pt\/\",\"name\":\"Portal Tela Portugal\",\"description\":\"\",\"potentialAction\":[{\"@type\":\"SearchAction\",\"target\":{\"@type\":\"EntryPoint\",\"urlTemplate\":\"https:\/\/portaltela.pt\/?s={search_term_string}\"},\"query-input\":{\"@type\":\"PropertyValueSpecification\",\"valueRequired\":true,\"valueName\":\"search_term_string\"}}],\"inLanguage\":\"pt-PT\"},{\"@type\":\"Person\",\"@id\":\"https:\/\/portaltela.pt\/#\/schema\/person\/c4278d4a6028830caff9ee44b42d32ed\",\"name\":\"Telinha\",\"image\":{\"@type\":\"ImageObject\",\"inLanguage\":\"pt-PT\",\"@id\":\"https:\/\/portaltela.pt\/s.01k8rhncp4jt1\/2025\/11\/talking-bot-125x125.png\",\"url\":\"https:\/\/portaltela.pt\/s.01k8rhncp4jt1\/2025\/11\/talking-bot-125x125.png\",\"contentUrl\":\"https:\/\/portaltela.pt\/s.01k8rhncp4jt1\/2025\/11\/talking-bot-125x125.png\",\"caption\":\"Telinha\"},\"sameAs\":[\"https:\/\/portaltela.pt\/\"],\"url\":\"https:\/\/portaltela.pt\/por\/367410592786\/\"}]}<\/script>\n<!-- \/ Yoast SEO plugin. -->","yoast_head_json":{"title":"Aviso de vento forte esta noite e de agita\u00e7\u00e3o mar\u00edtima a partir de amanh\u00e3 - Portal Tela Portugal","robots":{"index":"index","follow":"follow","max-snippet":"max-snippet:-1","max-image-preview":"max-image-preview:large","max-video-preview":"max-video-preview:-1"},"og_locale":"pt_PT","og_type":"article","og_title":"Aviso de vento forte esta noite e de agita\u00e7\u00e3o mar\u00edtima a partir de amanh\u00e3 - Portal Tela Portugal","og_description":"Aviso amarelo de vento forte para todo o arquip\u00e9lago entre as 21h de domingo, 1 de fevereiro, e as 3h de segunda-feira, 2 de fevereiro. Aviso laranja de agita\u00e7\u00e3o mar\u00edtima na Costa Norte e no Porto Santo entre as 15h de segunda-feira e as 3h de ter\u00e7a-feira, com ondas que podem atingir os 10 metros. Aviso amarelo adicional para agita\u00e7\u00e3o mar\u00edtima na Costa Norte e no Porto Santo entre as 6h e as 15h de segunda-feira, e entre as 3h de 3 de fevereiro e as 00h de 4 de fevereiro. A Capitania do Porto do Funchal emitiu avisos de vento forte, agita\u00e7\u00e3o mar\u00edtima forte e mau tempo (sinal 6), v\u00e1lidos at\u00e9, pelo menos, \u00e0s 6h de 2 de fevereiro. Recomenda\u00e7\u00f5es: refor\u00e7ar a amarra\u00e7\u00e3o, evitar passeios junto ao mar e pesca l\u00fadica perto de fal\u00e9sias ou zonas de rebenta\u00e7\u00e3o.","og_url":"https:\/\/portaltela.pt\/noticias\/2026\/02\/01\/aviso-de-vento-forte-esta-noite-e-de-agitacao-maritima-a-partir-de-amanha\/","og_site_name":"Portal Tela Portugal","article_published_time":"2026-02-01T09:27:56+00:00","author":"Telinha","twitter_card":"summary_large_image","twitter_misc":{"Escrito por":"Telinha","Tempo estimado de leitura":"1 minuto"},"schema":{"@context":"https:\/\/schema.org","@graph":[{"@type":"Article","@id":"https:\/\/portaltela.pt\/noticias\/2026\/02\/01\/aviso-de-vento-forte-esta-noite-e-de-agitacao-maritima-a-partir-de-amanha\/#article","isPartOf":{"@id":"https:\/\/portaltela.pt\/noticias\/2026\/02\/01\/aviso-de-vento-forte-esta-noite-e-de-agitacao-maritima-a-partir-de-amanha\/"},"author":{"name":"Telinha","@id":"https:\/\/portaltela.pt\/#\/schema\/person\/c4278d4a6028830caff9ee44b42d32ed"},"headline":"Aviso de vento forte esta noite e de agita\u00e7\u00e3o mar\u00edtima a partir de amanh\u00e3","datePublished":"2026-02-01T09:27:56+00:00","mainEntityOfPage":{"@id":"https:\/\/portaltela.pt\/noticias\/2026\/02\/01\/aviso-de-vento-forte-esta-noite-e-de-agitacao-maritima-a-partir-de-amanha\/"},"wordCount":311,"image":{"@id":"https:\/\/portaltela.pt\/noticias\/2026\/02\/01\/aviso-de-vento-forte-esta-noite-e-de-agitacao-maritima-a-partir-de-amanha\/#primaryimage"},"thumbnailUrl":"https:\/\/portaltela.pt\/s.01k8rhncp4jt1\/2026\/02\/IPMA-vento_vQl47je_DhG30Pm.jpg","keywords":["agita\u00e7\u00e3o mar\u00edtima","aviso amarelo","Costa Norte","Madeira","Porto Santo","vento"],"articleSection":["Not\u00edcias"],"inLanguage":"pt-PT"},{"@type":"WebPage","@id":"https:\/\/portaltela.pt\/noticias\/2026\/02\/01\/aviso-de-vento-forte-esta-noite-e-de-agitacao-maritima-a-partir-de-amanha\/","url":"https:\/\/portaltela.pt\/noticias\/2026\/02\/01\/aviso-de-vento-forte-esta-noite-e-de-agitacao-maritima-a-partir-de-amanha\/","name":"Aviso de vento forte esta noite e de agita\u00e7\u00e3o mar\u00edtima a partir de amanh\u00e3 - Portal Tela Portugal","isPartOf":{"@id":"https:\/\/portaltela.pt\/#website"},"primaryImageOfPage":{"@id":"https:\/\/portaltela.pt\/noticias\/2026\/02\/01\/aviso-de-vento-forte-esta-noite-e-de-agitacao-maritima-a-partir-de-amanha\/#primaryimage"},"image":{"@id":"https:\/\/portaltela.pt\/noticias\/2026\/02\/01\/aviso-de-vento-forte-esta-noite-e-de-agitacao-maritima-a-partir-de-amanha\/#primaryimage"},"thumbnailUrl":"https:\/\/portaltela.pt\/s.01k8rhncp4jt1\/2026\/02\/IPMA-vento_vQl47je_DhG30Pm.jpg","datePublished":"2026-02-01T09:27:56+00:00","author":{"@id":"https:\/\/portaltela.pt\/#\/schema\/person\/c4278d4a6028830caff9ee44b42d32ed"},"breadcrumb":{"@id":"https:\/\/portaltela.pt\/noticias\/2026\/02\/01\/aviso-de-vento-forte-esta-noite-e-de-agitacao-maritima-a-partir-de-amanha\/#breadcrumb"},"inLanguage":"pt-PT","potentialAction":[{"@type":"ReadAction","target":["https:\/\/portaltela.pt\/noticias\/2026\/02\/01\/aviso-de-vento-forte-esta-noite-e-de-agitacao-maritima-a-partir-de-amanha\/"]}]},{"@type":"ImageObject","inLanguage":"pt-PT","@id":"https:\/\/portaltela.pt\/noticias\/2026\/02\/01\/aviso-de-vento-forte-esta-noite-e-de-agitacao-maritima-a-partir-de-amanha\/#primaryimage","url":"https:\/\/portaltela.pt\/s.01k8rhncp4jt1\/2026\/02\/IPMA-vento_vQl47je_DhG30Pm.jpg","contentUrl":"https:\/\/portaltela.pt\/s.01k8rhncp4jt1\/2026\/02\/IPMA-vento_vQl47je_DhG30Pm.jpg","width":796,"height":448,"caption":"Aviso de vento forte esta noite e de agita\u00e7\u00e3o mar\u00edtima a partir de amanh\u00e3"},{"@type":"BreadcrumbList","@id":"https:\/\/portaltela.pt\/noticias\/2026\/02\/01\/aviso-de-vento-forte-esta-noite-e-de-agitacao-maritima-a-partir-de-amanha\/#breadcrumb","itemListElement":[{"@type":"ListItem","position":1,"name":"In\u00edcio","item":"https:\/\/portaltela.pt\/"},{"@type":"ListItem","position":2,"name":"Aviso de vento forte esta noite e de agita\u00e7\u00e3o mar\u00edtima a partir de amanh\u00e3"}]},{"@type":"WebSite","@id":"https:\/\/portaltela.pt\/#website","url":"https:\/\/portaltela.pt\/","name":"Portal Tela Portugal","description":"","potentialAction":[{"@type":"SearchAction","target":{"@type":"EntryPoint","urlTemplate":"https:\/\/portaltela.pt\/?s={search_term_string}"},"query-input":{"@type":"PropertyValueSpecification","valueRequired":true,"valueName":"search_term_string"}}],"inLanguage":"pt-PT"},{"@type":"Person","@id":"https:\/\/portaltela.pt\/#\/schema\/person\/c4278d4a6028830caff9ee44b42d32ed","name":"Telinha","image":{"@type":"ImageObject","inLanguage":"pt-PT","@id":"https:\/\/portaltela.pt\/s.01k8rhncp4jt1\/2025\/11\/talking-bot-125x125.png","url":"https:\/\/portaltela.pt\/s.01k8rhncp4jt1\/2025\/11\/talking-bot-125x125.png","contentUrl":"https:\/\/portaltela.pt\/s.01k8rhncp4jt1\/2025\/11\/talking-bot-125x125.png","caption":"Telinha"},"sameAs":["https:\/\/portaltela.pt\/"],"url":"https:\/\/portaltela.pt\/por\/367410592786\/"}]}},"_links":{"self":[{"href":"https:\/\/portaltela.pt\/api\/wp\/v2\/posts\/188161","targetHints":{"allow":["GET"]}}],"collection":[{"href":"https:\/\/portaltela.pt\/api\/wp\/v2\/posts"}],"about":[{"href":"https:\/\/portaltela.pt\/api\/wp\/v2\/types\/post"}],"author":[{"embeddable":true,"href":"https:\/\/portaltela.pt\/api\/wp\/v2\/users\/2"}],"replies":[{"embeddable":true,"href":"https:\/\/portaltela.pt\/api\/wp\/v2\/comments?post=188161"}],"version-history":[{"count":0,"href":"https:\/\/portaltela.pt\/api\/wp\/v2\/posts\/188161\/revisions"}],"wp:featuredmedia":[{"embeddable":true,"href":"https:\/\/portaltela.pt\/api\/wp\/v2\/media\/188164"}],"wp:attachment":[{"href":"https:\/\/portaltela.pt\/api\/wp\/v2\/media?parent=188161"}],"wp:term":[{"taxonomy":"category","embeddable":true,"href":"https:\/\/portaltela.pt\/api\/wp\/v2\/categories?post=188161"},{"taxonomy":"post_tag","embeddable":true,"href":"https:\/\/portaltela.pt\/api\/wp\/v2\/tags?post=188161"}],"curies":[{"name":"wp","href":"https:\/\/api.w.org\/{rel}","templated":true}]}}