{"id":188138,"date":"2026-02-01T06:10:00","date_gmt":"2026-02-01T09:10:00","guid":{"rendered":"https:\/\/portaltela.pt\/noticias\/2026\/02\/01\/professor-da-utad-distinguido-como-jovem-enologo-do-ano-em-portugal\/"},"modified":"2026-02-01T06:10:00","modified_gmt":"2026-02-01T09:10:00","slug":"professor-da-utad-distinguido-como-jovem-enologo-do-ano-em-portugal","status":"publish","type":"post","link":"https:\/\/portaltela.pt\/noticias\/2026\/02\/01\/professor-da-utad-distinguido-como-jovem-enologo-do-ano-em-portugal\/","title":{"rendered":"Professor da UTAD distinguido como Jovem En\u00f3logo do Ano em Portugal"},"content":{"rendered":"<p>Tiago Alves de Sousa, docente da Universidade de Tr\u00e1s-os-Montes e Alto Douro (UTAD), foi distinguido com o Jovem En\u00f3logo do Ano nos W Awards 2025, uma refer\u00eancia no setor vin\u00edcola em Portugal. O pr\u00e9mio reconhece o desempenho de jovens profissionais na enologia nacional.<\/p>\n<p>O docente comanda a Adega-laborat\u00f3rio Experimental da UTAD, competindo entre ensino, investiga\u00e7\u00e3o cient\u00edfica e pr\u00e1tica enol\u00f3gica. Trabalha ainda em estreita liga\u00e7\u00e3o com as empresas Alves de Sousa e Menin Wine Company, atuando na produ\u00e7\u00e3o e inova\u00e7\u00e3o.<\/p>\n<p>Depois de quatro nomea\u00e7\u00f5es consecutivas, o galard\u00e3o surge como reconhecimento pela atua\u00e7\u00e3o integrada entre universidade, investiga\u00e7\u00e3o e ind\u00fastria, consolidando a posi\u00e7\u00e3o de Tiago Sousa no panorama enol\u00f3gico nacional. A nomea\u00e7\u00e3o valida o seu percurso de carreira, que junta academia e setor produtivo.<\/p>\n<h3>Reconhecimento da UTAD e contexto dos Pr\u00e9mios W<\/h3>\n<p>Os Pr\u00e9mios W, criados por An\u00edbal Jos\u00e9 Coutinho, distinguem anualmente os melhores exemplos da enologia em Portugal, cobrindo vinhos, produtores, distribui\u00e7\u00e3o, restaura\u00e7\u00e3o, comunica\u00e7\u00e3o e experi\u00eancia v\u00ednica. A edi\u00e7\u00e3o de 2025 contou com mais de 300 nomeados e dezenas de vencedores.<\/p>\n<p>A homenagem refor\u00e7a o papel da UTAD como institui\u00e7\u00e3o de forma\u00e7\u00e3o avan\u00e7ada em viticultura e enologia, destacando a liga\u00e7\u00e3o entre investiga\u00e7\u00e3o, ensino e pr\u00e1tica profissional no sector. O galard\u00e3o evidencia a sinergia entre o meio acad\u00e9mico e a produ\u00e7\u00e3o vitivin\u00edcola.<\/p>\n","protected":false},"excerpt":{"rendered":"<ul>\n<li>Tiago Alves de Sousa, docente da Universidade de Tr\u00e1s-os-Montes e Alto Douro (UTAD), foi o vencedor do pr\u00e9mio Jovem En\u00f3logo do Ano nos W Awards 2025.<\/li>\n<li>Respons\u00e1vel pela Adega-laborat\u00f3rio Experimental da UTAD, concilia a carreira acad\u00e9mica com a investiga\u00e7\u00e3o e a pr\u00e1tica enol\u00f3gica nas empresas Alves de Sousa e Menin Wine Company.<\/li>\n<li>A vit\u00f3ria surge ap\u00f3s quatro nomea\u00e7\u00f5es, reconhecendo o trabalho desenvolvido na academia e no setor produtivo.<\/li>\n<li>Os Pr\u00e9mios W, criados por An\u00edbal Jos\u00e9 Coutinho, distinguem os melhores em v\u00e1rias categorias da enologia portuguesa; em 2025 houve mais de trezentos nomeados e dezenas de vencedores.<\/li>\n<li>A distin\u00e7\u00e3o refor\u00e7a a posi\u00e7\u00e3o da UTAD como institui\u00e7\u00e3o de refer\u00eancia na forma\u00e7\u00e3o em viticultura e enologia, evidenciando a liga\u00e7\u00e3o entre investiga\u00e7\u00e3o, educa\u00e7\u00e3o e pr\u00e1tica profissional.<\/li>\n<\/ul>\n","protected":false},"author":2,"featured_media":188140,"comment_status":"closed","ping_status":"closed","sticky":false,"template":"","format":"standard","meta":{"footnotes":""},"categories":[1],"tags":[215,1996,58,3458,779,4103],"class_list":["post-188138","post","type-post","status-publish","format-standard","has-post-thumbnail","hentry","category-noticias","tag-investigacao","tag-parcerias-internacionais","tag-universidades","tag-utad","tag-vinhos","tag-viticultura"],"yoast_head":"<!-- This site is optimized with the Yoast SEO plugin v27.2 - https:\/\/yoast.com\/product\/yoast-seo-wordpress\/ -->\n<title>Professor da UTAD distinguido como Jovem En\u00f3logo do Ano em Portugal - Portal Tela Portugal<\/title>\n<meta name=\"robots\" content=\"index, follow, max-snippet:-1, max-image-preview:large, max-video-preview:-1\" \/>\n<meta property=\"og:locale\" content=\"pt_PT\" \/>\n<meta property=\"og:type\" content=\"article\" \/>\n<meta property=\"og:title\" content=\"Professor da UTAD distinguido como Jovem En\u00f3logo do Ano em Portugal - Portal Tela Portugal\" \/>\n<meta property=\"og:description\" content=\"Tiago Alves de Sousa, docente da Universidade de Tr\u00e1s-os-Montes e Alto Douro (UTAD), foi o vencedor do pr\u00e9mio Jovem En\u00f3logo do Ano nos W Awards 2025. Respons\u00e1vel pela Adega-laborat\u00f3rio Experimental da UTAD, concilia a carreira acad\u00e9mica com a investiga\u00e7\u00e3o e a pr\u00e1tica enol\u00f3gica nas empresas Alves de Sousa e Menin Wine Company. A vit\u00f3ria surge ap\u00f3s quatro nomea\u00e7\u00f5es, reconhecendo o trabalho desenvolvido na academia e no setor produtivo. Os Pr\u00e9mios W, criados por An\u00edbal Jos\u00e9 Coutinho, distinguem os melhores em v\u00e1rias categorias da enologia portuguesa; em 2025 houve mais de trezentos nomeados e dezenas de vencedores. A distin\u00e7\u00e3o refor\u00e7a a posi\u00e7\u00e3o da UTAD como institui\u00e7\u00e3o de refer\u00eancia na forma\u00e7\u00e3o em viticultura e enologia, evidenciando a liga\u00e7\u00e3o entre investiga\u00e7\u00e3o, educa\u00e7\u00e3o e pr\u00e1tica profissional.\" \/>\n<meta property=\"og:url\" content=\"https:\/\/portaltela.pt\/noticias\/2026\/02\/01\/professor-da-utad-distinguido-como-jovem-enologo-do-ano-em-portugal\/\" \/>\n<meta property=\"og:site_name\" content=\"Portal Tela Portugal\" \/>\n<meta property=\"article:published_time\" content=\"2026-02-01T09:10:00+00:00\" \/>\n<meta name=\"author\" content=\"Telinha\" \/>\n<meta name=\"twitter:card\" content=\"summary_large_image\" \/>\n<meta name=\"twitter:label1\" content=\"Escrito por\" \/>\n\t<meta name=\"twitter:data1\" content=\"Telinha\" \/>\n\t<meta name=\"twitter:label2\" content=\"Tempo estimado de leitura\" \/>\n\t<meta name=\"twitter:data2\" content=\"1 minuto\" \/>\n<script type=\"application\/ld+json\" class=\"yoast-schema-graph\">{\"@context\":\"https:\/\/schema.org\",\"@graph\":[{\"@type\":\"Article\",\"@id\":\"https:\/\/portaltela.pt\/noticias\/2026\/02\/01\/professor-da-utad-distinguido-como-jovem-enologo-do-ano-em-portugal\/#article\",\"isPartOf\":{\"@id\":\"https:\/\/portaltela.pt\/noticias\/2026\/02\/01\/professor-da-utad-distinguido-como-jovem-enologo-do-ano-em-portugal\/\"},\"author\":{\"name\":\"Telinha\",\"@id\":\"https:\/\/portaltela.pt\/#\/schema\/person\/c4278d4a6028830caff9ee44b42d32ed\"},\"headline\":\"Professor da UTAD distinguido como Jovem En\u00f3logo do Ano em Portugal\",\"datePublished\":\"2026-02-01T09:10:00+00:00\",\"mainEntityOfPage\":{\"@id\":\"https:\/\/portaltela.pt\/noticias\/2026\/02\/01\/professor-da-utad-distinguido-como-jovem-enologo-do-ano-em-portugal\/\"},\"wordCount\":259,\"image\":{\"@id\":\"https:\/\/portaltela.pt\/noticias\/2026\/02\/01\/professor-da-utad-distinguido-como-jovem-enologo-do-ano-em-portugal\/#primaryimage\"},\"thumbnailUrl\":\"https:\/\/portaltela.pt\/s.01k8rhncp4jt1\/2026\/02\/unnamed-file-28.jpg\",\"keywords\":[\"investiga\u00e7\u00e3o\",\"parcerias internacionais\",\"universidades\",\"UTAD\",\"vinhos\",\"viticultura\"],\"articleSection\":[\"Not\u00edcias\"],\"inLanguage\":\"pt-PT\"},{\"@type\":\"WebPage\",\"@id\":\"https:\/\/portaltela.pt\/noticias\/2026\/02\/01\/professor-da-utad-distinguido-como-jovem-enologo-do-ano-em-portugal\/\",\"url\":\"https:\/\/portaltela.pt\/noticias\/2026\/02\/01\/professor-da-utad-distinguido-como-jovem-enologo-do-ano-em-portugal\/\",\"name\":\"Professor da UTAD distinguido como Jovem En\u00f3logo do Ano em Portugal - Portal Tela Portugal\",\"isPartOf\":{\"@id\":\"https:\/\/portaltela.pt\/#website\"},\"primaryImageOfPage\":{\"@id\":\"https:\/\/portaltela.pt\/noticias\/2026\/02\/01\/professor-da-utad-distinguido-como-jovem-enologo-do-ano-em-portugal\/#primaryimage\"},\"image\":{\"@id\":\"https:\/\/portaltela.pt\/noticias\/2026\/02\/01\/professor-da-utad-distinguido-como-jovem-enologo-do-ano-em-portugal\/#primaryimage\"},\"thumbnailUrl\":\"https:\/\/portaltela.pt\/s.01k8rhncp4jt1\/2026\/02\/unnamed-file-28.jpg\",\"datePublished\":\"2026-02-01T09:10:00+00:00\",\"author\":{\"@id\":\"https:\/\/portaltela.pt\/#\/schema\/person\/c4278d4a6028830caff9ee44b42d32ed\"},\"breadcrumb\":{\"@id\":\"https:\/\/portaltela.pt\/noticias\/2026\/02\/01\/professor-da-utad-distinguido-como-jovem-enologo-do-ano-em-portugal\/#breadcrumb\"},\"inLanguage\":\"pt-PT\",\"potentialAction\":[{\"@type\":\"ReadAction\",\"target\":[\"https:\/\/portaltela.pt\/noticias\/2026\/02\/01\/professor-da-utad-distinguido-como-jovem-enologo-do-ano-em-portugal\/\"]}]},{\"@type\":\"ImageObject\",\"inLanguage\":\"pt-PT\",\"@id\":\"https:\/\/portaltela.pt\/noticias\/2026\/02\/01\/professor-da-utad-distinguido-como-jovem-enologo-do-ano-em-portugal\/#primaryimage\",\"url\":\"https:\/\/portaltela.pt\/s.01k8rhncp4jt1\/2026\/02\/unnamed-file-28.jpg\",\"contentUrl\":\"https:\/\/portaltela.pt\/s.01k8rhncp4jt1\/2026\/02\/unnamed-file-28.jpg\",\"width\":796,\"height\":448,\"caption\":\"Professor da UTAD distinguido como Jovem En\u00f3logo do Ano em Portugal\"},{\"@type\":\"BreadcrumbList\",\"@id\":\"https:\/\/portaltela.pt\/noticias\/2026\/02\/01\/professor-da-utad-distinguido-como-jovem-enologo-do-ano-em-portugal\/#breadcrumb\",\"itemListElement\":[{\"@type\":\"ListItem\",\"position\":1,\"name\":\"In\u00edcio\",\"item\":\"https:\/\/portaltela.pt\/\"},{\"@type\":\"ListItem\",\"position\":2,\"name\":\"Professor da UTAD distinguido como Jovem En\u00f3logo do Ano em Portugal\"}]},{\"@type\":\"WebSite\",\"@id\":\"https:\/\/portaltela.pt\/#website\",\"url\":\"https:\/\/portaltela.pt\/\",\"name\":\"Portal Tela Portugal\",\"description\":\"\",\"potentialAction\":[{\"@type\":\"SearchAction\",\"target\":{\"@type\":\"EntryPoint\",\"urlTemplate\":\"https:\/\/portaltela.pt\/?s={search_term_string}\"},\"query-input\":{\"@type\":\"PropertyValueSpecification\",\"valueRequired\":true,\"valueName\":\"search_term_string\"}}],\"inLanguage\":\"pt-PT\"},{\"@type\":\"Person\",\"@id\":\"https:\/\/portaltela.pt\/#\/schema\/person\/c4278d4a6028830caff9ee44b42d32ed\",\"name\":\"Telinha\",\"image\":{\"@type\":\"ImageObject\",\"inLanguage\":\"pt-PT\",\"@id\":\"https:\/\/portaltela.pt\/s.01k8rhncp4jt1\/2025\/11\/talking-bot-125x125.png\",\"url\":\"https:\/\/portaltela.pt\/s.01k8rhncp4jt1\/2025\/11\/talking-bot-125x125.png\",\"contentUrl\":\"https:\/\/portaltela.pt\/s.01k8rhncp4jt1\/2025\/11\/talking-bot-125x125.png\",\"caption\":\"Telinha\"},\"sameAs\":[\"https:\/\/portaltela.pt\/\"],\"url\":\"https:\/\/portaltela.pt\/por\/367410592786\/\"}]}<\/script>\n<!-- \/ Yoast SEO plugin. -->","yoast_head_json":{"title":"Professor da UTAD distinguido como Jovem En\u00f3logo do Ano em Portugal - Portal Tela Portugal","robots":{"index":"index","follow":"follow","max-snippet":"max-snippet:-1","max-image-preview":"max-image-preview:large","max-video-preview":"max-video-preview:-1"},"og_locale":"pt_PT","og_type":"article","og_title":"Professor da UTAD distinguido como Jovem En\u00f3logo do Ano em Portugal - Portal Tela Portugal","og_description":"Tiago Alves de Sousa, docente da Universidade de Tr\u00e1s-os-Montes e Alto Douro (UTAD), foi o vencedor do pr\u00e9mio Jovem En\u00f3logo do Ano nos W Awards 2025. Respons\u00e1vel pela Adega-laborat\u00f3rio Experimental da UTAD, concilia a carreira acad\u00e9mica com a investiga\u00e7\u00e3o e a pr\u00e1tica enol\u00f3gica nas empresas Alves de Sousa e Menin Wine Company. A vit\u00f3ria surge ap\u00f3s quatro nomea\u00e7\u00f5es, reconhecendo o trabalho desenvolvido na academia e no setor produtivo. Os Pr\u00e9mios W, criados por An\u00edbal Jos\u00e9 Coutinho, distinguem os melhores em v\u00e1rias categorias da enologia portuguesa; em 2025 houve mais de trezentos nomeados e dezenas de vencedores. A distin\u00e7\u00e3o refor\u00e7a a posi\u00e7\u00e3o da UTAD como institui\u00e7\u00e3o de refer\u00eancia na forma\u00e7\u00e3o em viticultura e enologia, evidenciando a liga\u00e7\u00e3o entre investiga\u00e7\u00e3o, educa\u00e7\u00e3o e pr\u00e1tica profissional.","og_url":"https:\/\/portaltela.pt\/noticias\/2026\/02\/01\/professor-da-utad-distinguido-como-jovem-enologo-do-ano-em-portugal\/","og_site_name":"Portal Tela Portugal","article_published_time":"2026-02-01T09:10:00+00:00","author":"Telinha","twitter_card":"summary_large_image","twitter_misc":{"Escrito por":"Telinha","Tempo estimado de leitura":"1 minuto"},"schema":{"@context":"https:\/\/schema.org","@graph":[{"@type":"Article","@id":"https:\/\/portaltela.pt\/noticias\/2026\/02\/01\/professor-da-utad-distinguido-como-jovem-enologo-do-ano-em-portugal\/#article","isPartOf":{"@id":"https:\/\/portaltela.pt\/noticias\/2026\/02\/01\/professor-da-utad-distinguido-como-jovem-enologo-do-ano-em-portugal\/"},"author":{"name":"Telinha","@id":"https:\/\/portaltela.pt\/#\/schema\/person\/c4278d4a6028830caff9ee44b42d32ed"},"headline":"Professor da UTAD distinguido como Jovem En\u00f3logo do Ano em Portugal","datePublished":"2026-02-01T09:10:00+00:00","mainEntityOfPage":{"@id":"https:\/\/portaltela.pt\/noticias\/2026\/02\/01\/professor-da-utad-distinguido-como-jovem-enologo-do-ano-em-portugal\/"},"wordCount":259,"image":{"@id":"https:\/\/portaltela.pt\/noticias\/2026\/02\/01\/professor-da-utad-distinguido-como-jovem-enologo-do-ano-em-portugal\/#primaryimage"},"thumbnailUrl":"https:\/\/portaltela.pt\/s.01k8rhncp4jt1\/2026\/02\/unnamed-file-28.jpg","keywords":["investiga\u00e7\u00e3o","parcerias internacionais","universidades","UTAD","vinhos","viticultura"],"articleSection":["Not\u00edcias"],"inLanguage":"pt-PT"},{"@type":"WebPage","@id":"https:\/\/portaltela.pt\/noticias\/2026\/02\/01\/professor-da-utad-distinguido-como-jovem-enologo-do-ano-em-portugal\/","url":"https:\/\/portaltela.pt\/noticias\/2026\/02\/01\/professor-da-utad-distinguido-como-jovem-enologo-do-ano-em-portugal\/","name":"Professor da UTAD distinguido como Jovem En\u00f3logo do Ano em Portugal - Portal Tela Portugal","isPartOf":{"@id":"https:\/\/portaltela.pt\/#website"},"primaryImageOfPage":{"@id":"https:\/\/portaltela.pt\/noticias\/2026\/02\/01\/professor-da-utad-distinguido-como-jovem-enologo-do-ano-em-portugal\/#primaryimage"},"image":{"@id":"https:\/\/portaltela.pt\/noticias\/2026\/02\/01\/professor-da-utad-distinguido-como-jovem-enologo-do-ano-em-portugal\/#primaryimage"},"thumbnailUrl":"https:\/\/portaltela.pt\/s.01k8rhncp4jt1\/2026\/02\/unnamed-file-28.jpg","datePublished":"2026-02-01T09:10:00+00:00","author":{"@id":"https:\/\/portaltela.pt\/#\/schema\/person\/c4278d4a6028830caff9ee44b42d32ed"},"breadcrumb":{"@id":"https:\/\/portaltela.pt\/noticias\/2026\/02\/01\/professor-da-utad-distinguido-como-jovem-enologo-do-ano-em-portugal\/#breadcrumb"},"inLanguage":"pt-PT","potentialAction":[{"@type":"ReadAction","target":["https:\/\/portaltela.pt\/noticias\/2026\/02\/01\/professor-da-utad-distinguido-como-jovem-enologo-do-ano-em-portugal\/"]}]},{"@type":"ImageObject","inLanguage":"pt-PT","@id":"https:\/\/portaltela.pt\/noticias\/2026\/02\/01\/professor-da-utad-distinguido-como-jovem-enologo-do-ano-em-portugal\/#primaryimage","url":"https:\/\/portaltela.pt\/s.01k8rhncp4jt1\/2026\/02\/unnamed-file-28.jpg","contentUrl":"https:\/\/portaltela.pt\/s.01k8rhncp4jt1\/2026\/02\/unnamed-file-28.jpg","width":796,"height":448,"caption":"Professor da UTAD distinguido como Jovem En\u00f3logo do Ano em Portugal"},{"@type":"BreadcrumbList","@id":"https:\/\/portaltela.pt\/noticias\/2026\/02\/01\/professor-da-utad-distinguido-como-jovem-enologo-do-ano-em-portugal\/#breadcrumb","itemListElement":[{"@type":"ListItem","position":1,"name":"In\u00edcio","item":"https:\/\/portaltela.pt\/"},{"@type":"ListItem","position":2,"name":"Professor da UTAD distinguido como Jovem En\u00f3logo do Ano em Portugal"}]},{"@type":"WebSite","@id":"https:\/\/portaltela.pt\/#website","url":"https:\/\/portaltela.pt\/","name":"Portal Tela Portugal","description":"","potentialAction":[{"@type":"SearchAction","target":{"@type":"EntryPoint","urlTemplate":"https:\/\/portaltela.pt\/?s={search_term_string}"},"query-input":{"@type":"PropertyValueSpecification","valueRequired":true,"valueName":"search_term_string"}}],"inLanguage":"pt-PT"},{"@type":"Person","@id":"https:\/\/portaltela.pt\/#\/schema\/person\/c4278d4a6028830caff9ee44b42d32ed","name":"Telinha","image":{"@type":"ImageObject","inLanguage":"pt-PT","@id":"https:\/\/portaltela.pt\/s.01k8rhncp4jt1\/2025\/11\/talking-bot-125x125.png","url":"https:\/\/portaltela.pt\/s.01k8rhncp4jt1\/2025\/11\/talking-bot-125x125.png","contentUrl":"https:\/\/portaltela.pt\/s.01k8rhncp4jt1\/2025\/11\/talking-bot-125x125.png","caption":"Telinha"},"sameAs":["https:\/\/portaltela.pt\/"],"url":"https:\/\/portaltela.pt\/por\/367410592786\/"}]}},"_links":{"self":[{"href":"https:\/\/portaltela.pt\/api\/wp\/v2\/posts\/188138","targetHints":{"allow":["GET"]}}],"collection":[{"href":"https:\/\/portaltela.pt\/api\/wp\/v2\/posts"}],"about":[{"href":"https:\/\/portaltela.pt\/api\/wp\/v2\/types\/post"}],"author":[{"embeddable":true,"href":"https:\/\/portaltela.pt\/api\/wp\/v2\/users\/2"}],"replies":[{"embeddable":true,"href":"https:\/\/portaltela.pt\/api\/wp\/v2\/comments?post=188138"}],"version-history":[{"count":0,"href":"https:\/\/portaltela.pt\/api\/wp\/v2\/posts\/188138\/revisions"}],"wp:featuredmedia":[{"embeddable":true,"href":"https:\/\/portaltela.pt\/api\/wp\/v2\/media\/188140"}],"wp:attachment":[{"href":"https:\/\/portaltela.pt\/api\/wp\/v2\/media?parent=188138"}],"wp:term":[{"taxonomy":"category","embeddable":true,"href":"https:\/\/portaltela.pt\/api\/wp\/v2\/categories?post=188138"},{"taxonomy":"post_tag","embeddable":true,"href":"https:\/\/portaltela.pt\/api\/wp\/v2\/tags?post=188138"}],"curies":[{"name":"wp","href":"https:\/\/api.w.org\/{rel}","templated":true}]}}