{"id":188127,"date":"2026-02-01T06:00:00","date_gmt":"2026-02-01T09:00:00","guid":{"rendered":"https:\/\/portaltela.pt\/noticias\/2026\/02\/01\/feira-de-docaria-conventual-de-vila-vicosa-encerra-este-domingo-com-concertos\/"},"modified":"2026-02-01T06:00:00","modified_gmt":"2026-02-01T09:00:00","slug":"feira-de-docaria-conventual-de-vila-vicosa-encerra-este-domingo-com-concertos","status":"publish","type":"post","link":"https:\/\/portaltela.pt\/noticias\/2026\/02\/01\/feira-de-docaria-conventual-de-vila-vicosa-encerra-este-domingo-com-concertos\/","title":{"rendered":"Feira de Do\u00e7aria Conventual de Vila Vi\u00e7osa encerra este domingo com concertos"},"content":{"rendered":"<p>A III Feira de Do\u00e7aria Conventual \u00abLurdes Ramos\u00bb encerra-se este domingo, 1 de fevereiro, no Claustro do Convento dos Agostinhos, em Vila Vi\u00e7osa. O evento oferece um programa voltado para fam\u00edlias e crian\u00e7as, com anima\u00e7\u00e3o musical e atividades l\u00fadicas. A iniciativa \u00e9 organizada pelo Munic\u00edpio de Vila Vi\u00e7osa, com entrada gratuita.<\/p>\n<p>As portas abrem \u00e0s 10h00, recebendo o p\u00fablico no espa\u00e7o do claustro. No per\u00edodo da tarde, a partir das 14h00, crian\u00e7as podem aprender a fazer bolachas e biscoitos, numa atividade dedicada aos mais novos. A componente de propostas para fam\u00edlias inclui tamb\u00e9m pintura facial.<\/p>\n<h3>Programa\u00e7\u00e3o de domingo<\/h3>\n<p>A anima\u00e7\u00e3o musical est\u00e1 prevista para come\u00e7ar \u00e0s 15h30, com a atua\u00e7\u00e3o do grupo Alentejo na Voz Canta Alentejo. O encerramento oficial da feira est\u00e1 marcado para as 18h30, mantendo o objetivo de promover a tradi\u00e7\u00e3o da do\u00e7aria conventual no concelho.<\/p>\n<p>A iniciativa decorre desde sexta-feira e mant\u00e9m o formato aberto ao p\u00fablico sem custos de entrada, refor\u00e7ando o car\u00e1ter comunit\u00e1rio da mostra. A organiza\u00e7\u00e3o enfatiza a continuidade da tradi\u00e7\u00e3o local atrav\u00e9s de atividades familiares e art\u00edsticas.<\/p>\n","protected":false},"excerpt":{"rendered":"<ul>\n<li>A III Feira de Do\u00e7aria Conventual \u00abLurdes Ramos\u00bb termina este domingo, 1 de fevereiro, no Claustro do Convento dos Agostinhos, em Vila Vi\u00e7osa, com entrada gratuita.<\/li>\n<li>A abertura do recinto est\u00e1 marcada para as 10h00.<\/li>\n<li>Pelas 14h00, h\u00e1 uma atividade infantil para aprender a fazer bolachas e biscoitos, com pinturas faciais.<\/li>\n<li>A anima\u00e7\u00e3o musical come\u00e7a \u00e0s 15h30, com o grupo Alentejo na Voz Canta Alentejo, e o encerramento est\u00e1 previsto para as 18h30.<\/li>\n<li>A feira decorre desde sexta-feira e promove a tradi\u00e7\u00e3o da do\u00e7aria conventual no concelho.<\/li>\n<\/ul>\n","protected":false},"author":2,"featured_media":188129,"comment_status":"closed","ping_status":"closed","sticky":false,"template":"","format":"standard","meta":{"footnotes":""},"categories":[1],"tags":[883,4892,145,638,3731,148],"class_list":["post-188127","post","type-post","status-publish","format-standard","has-post-thumbnail","hentry","category-noticias","tag-alentejo","tag-conciertos","tag-cultura","tag-docaria","tag-eventos","tag-familias"],"yoast_head":"<!-- This site is optimized with the Yoast SEO plugin v27.2 - https:\/\/yoast.com\/product\/yoast-seo-wordpress\/ -->\n<title>Feira de Do\u00e7aria Conventual de Vila Vi\u00e7osa encerra este domingo com concertos - Portal Tela Portugal<\/title>\n<meta name=\"robots\" content=\"index, follow, max-snippet:-1, max-image-preview:large, max-video-preview:-1\" \/>\n<meta property=\"og:locale\" content=\"pt_PT\" \/>\n<meta property=\"og:type\" content=\"article\" \/>\n<meta property=\"og:title\" content=\"Feira de Do\u00e7aria Conventual de Vila Vi\u00e7osa encerra este domingo com concertos - Portal Tela Portugal\" \/>\n<meta property=\"og:description\" content=\"A III Feira de Do\u00e7aria Conventual \u00abLurdes Ramos\u00bb termina este domingo, 1 de fevereiro, no Claustro do Convento dos Agostinhos, em Vila Vi\u00e7osa, com entrada gratuita. A abertura do recinto est\u00e1 marcada para as 10h00. Pelas 14h00, h\u00e1 uma atividade infantil para aprender a fazer bolachas e biscoitos, com pinturas faciais. A anima\u00e7\u00e3o musical come\u00e7a \u00e0s 15h30, com o grupo Alentejo na Voz Canta Alentejo, e o encerramento est\u00e1 previsto para as 18h30. A feira decorre desde sexta-feira e promove a tradi\u00e7\u00e3o da do\u00e7aria conventual no concelho.\" \/>\n<meta property=\"og:url\" content=\"https:\/\/portaltela.pt\/noticias\/2026\/02\/01\/feira-de-docaria-conventual-de-vila-vicosa-encerra-este-domingo-com-concertos\/\" \/>\n<meta property=\"og:site_name\" content=\"Portal Tela Portugal\" \/>\n<meta property=\"article:published_time\" content=\"2026-02-01T09:00:00+00:00\" \/>\n<meta name=\"author\" content=\"Telinha\" \/>\n<meta name=\"twitter:card\" content=\"summary_large_image\" \/>\n<meta name=\"twitter:label1\" content=\"Escrito por\" \/>\n\t<meta name=\"twitter:data1\" content=\"Telinha\" \/>\n\t<meta name=\"twitter:label2\" content=\"Tempo estimado de leitura\" \/>\n\t<meta name=\"twitter:data2\" content=\"1 minuto\" \/>\n<script type=\"application\/ld+json\" class=\"yoast-schema-graph\">{\"@context\":\"https:\/\/schema.org\",\"@graph\":[{\"@type\":\"Article\",\"@id\":\"https:\/\/portaltela.pt\/noticias\/2026\/02\/01\/feira-de-docaria-conventual-de-vila-vicosa-encerra-este-domingo-com-concertos\/#article\",\"isPartOf\":{\"@id\":\"https:\/\/portaltela.pt\/noticias\/2026\/02\/01\/feira-de-docaria-conventual-de-vila-vicosa-encerra-este-domingo-com-concertos\/\"},\"author\":{\"name\":\"Telinha\",\"@id\":\"https:\/\/portaltela.pt\/#\/schema\/person\/c4278d4a6028830caff9ee44b42d32ed\"},\"headline\":\"Feira de Do\u00e7aria Conventual de Vila Vi\u00e7osa encerra este domingo com concertos\",\"datePublished\":\"2026-02-01T09:00:00+00:00\",\"mainEntityOfPage\":{\"@id\":\"https:\/\/portaltela.pt\/noticias\/2026\/02\/01\/feira-de-docaria-conventual-de-vila-vicosa-encerra-este-domingo-com-concertos\/\"},\"wordCount\":216,\"image\":{\"@id\":\"https:\/\/portaltela.pt\/noticias\/2026\/02\/01\/feira-de-docaria-conventual-de-vila-vicosa-encerra-este-domingo-com-concertos\/#primaryimage\"},\"thumbnailUrl\":\"https:\/\/portaltela.pt\/s.01k8rhncp4jt1\/2026\/02\/imagem_odigital-2025-11-15T232353.855.jpg\",\"keywords\":[\"Alentejo\",\"conciertos\",\"cultura\",\"do\u00e7aria\",\"eventos\",\"fam\u00edlias\"],\"articleSection\":[\"Not\u00edcias\"],\"inLanguage\":\"pt-PT\"},{\"@type\":\"WebPage\",\"@id\":\"https:\/\/portaltela.pt\/noticias\/2026\/02\/01\/feira-de-docaria-conventual-de-vila-vicosa-encerra-este-domingo-com-concertos\/\",\"url\":\"https:\/\/portaltela.pt\/noticias\/2026\/02\/01\/feira-de-docaria-conventual-de-vila-vicosa-encerra-este-domingo-com-concertos\/\",\"name\":\"Feira de Do\u00e7aria Conventual de Vila Vi\u00e7osa encerra este domingo com concertos - Portal Tela Portugal\",\"isPartOf\":{\"@id\":\"https:\/\/portaltela.pt\/#website\"},\"primaryImageOfPage\":{\"@id\":\"https:\/\/portaltela.pt\/noticias\/2026\/02\/01\/feira-de-docaria-conventual-de-vila-vicosa-encerra-este-domingo-com-concertos\/#primaryimage\"},\"image\":{\"@id\":\"https:\/\/portaltela.pt\/noticias\/2026\/02\/01\/feira-de-docaria-conventual-de-vila-vicosa-encerra-este-domingo-com-concertos\/#primaryimage\"},\"thumbnailUrl\":\"https:\/\/portaltela.pt\/s.01k8rhncp4jt1\/2026\/02\/imagem_odigital-2025-11-15T232353.855.jpg\",\"datePublished\":\"2026-02-01T09:00:00+00:00\",\"author\":{\"@id\":\"https:\/\/portaltela.pt\/#\/schema\/person\/c4278d4a6028830caff9ee44b42d32ed\"},\"breadcrumb\":{\"@id\":\"https:\/\/portaltela.pt\/noticias\/2026\/02\/01\/feira-de-docaria-conventual-de-vila-vicosa-encerra-este-domingo-com-concertos\/#breadcrumb\"},\"inLanguage\":\"pt-PT\",\"potentialAction\":[{\"@type\":\"ReadAction\",\"target\":[\"https:\/\/portaltela.pt\/noticias\/2026\/02\/01\/feira-de-docaria-conventual-de-vila-vicosa-encerra-este-domingo-com-concertos\/\"]}]},{\"@type\":\"ImageObject\",\"inLanguage\":\"pt-PT\",\"@id\":\"https:\/\/portaltela.pt\/noticias\/2026\/02\/01\/feira-de-docaria-conventual-de-vila-vicosa-encerra-este-domingo-com-concertos\/#primaryimage\",\"url\":\"https:\/\/portaltela.pt\/s.01k8rhncp4jt1\/2026\/02\/imagem_odigital-2025-11-15T232353.855.jpg\",\"contentUrl\":\"https:\/\/portaltela.pt\/s.01k8rhncp4jt1\/2026\/02\/imagem_odigital-2025-11-15T232353.855.jpg\",\"width\":796,\"height\":448,\"caption\":\"Do\u00e7aria conventual e palaciana volta a concurso em Alc\u00e1\u00e7ovas (Viana do Alentejo)\"},{\"@type\":\"BreadcrumbList\",\"@id\":\"https:\/\/portaltela.pt\/noticias\/2026\/02\/01\/feira-de-docaria-conventual-de-vila-vicosa-encerra-este-domingo-com-concertos\/#breadcrumb\",\"itemListElement\":[{\"@type\":\"ListItem\",\"position\":1,\"name\":\"In\u00edcio\",\"item\":\"https:\/\/portaltela.pt\/\"},{\"@type\":\"ListItem\",\"position\":2,\"name\":\"Feira de Do\u00e7aria Conventual de Vila Vi\u00e7osa encerra este domingo com concertos\"}]},{\"@type\":\"WebSite\",\"@id\":\"https:\/\/portaltela.pt\/#website\",\"url\":\"https:\/\/portaltela.pt\/\",\"name\":\"Portal Tela Portugal\",\"description\":\"\",\"potentialAction\":[{\"@type\":\"SearchAction\",\"target\":{\"@type\":\"EntryPoint\",\"urlTemplate\":\"https:\/\/portaltela.pt\/?s={search_term_string}\"},\"query-input\":{\"@type\":\"PropertyValueSpecification\",\"valueRequired\":true,\"valueName\":\"search_term_string\"}}],\"inLanguage\":\"pt-PT\"},{\"@type\":\"Person\",\"@id\":\"https:\/\/portaltela.pt\/#\/schema\/person\/c4278d4a6028830caff9ee44b42d32ed\",\"name\":\"Telinha\",\"image\":{\"@type\":\"ImageObject\",\"inLanguage\":\"pt-PT\",\"@id\":\"https:\/\/portaltela.pt\/s.01k8rhncp4jt1\/2025\/11\/talking-bot-125x125.png\",\"url\":\"https:\/\/portaltela.pt\/s.01k8rhncp4jt1\/2025\/11\/talking-bot-125x125.png\",\"contentUrl\":\"https:\/\/portaltela.pt\/s.01k8rhncp4jt1\/2025\/11\/talking-bot-125x125.png\",\"caption\":\"Telinha\"},\"sameAs\":[\"https:\/\/portaltela.pt\/\"],\"url\":\"https:\/\/portaltela.pt\/por\/367410592786\/\"}]}<\/script>\n<!-- \/ Yoast SEO plugin. -->","yoast_head_json":{"title":"Feira de Do\u00e7aria Conventual de Vila Vi\u00e7osa encerra este domingo com concertos - Portal Tela Portugal","robots":{"index":"index","follow":"follow","max-snippet":"max-snippet:-1","max-image-preview":"max-image-preview:large","max-video-preview":"max-video-preview:-1"},"og_locale":"pt_PT","og_type":"article","og_title":"Feira de Do\u00e7aria Conventual de Vila Vi\u00e7osa encerra este domingo com concertos - Portal Tela Portugal","og_description":"A III Feira de Do\u00e7aria Conventual \u00abLurdes Ramos\u00bb termina este domingo, 1 de fevereiro, no Claustro do Convento dos Agostinhos, em Vila Vi\u00e7osa, com entrada gratuita. A abertura do recinto est\u00e1 marcada para as 10h00. Pelas 14h00, h\u00e1 uma atividade infantil para aprender a fazer bolachas e biscoitos, com pinturas faciais. A anima\u00e7\u00e3o musical come\u00e7a \u00e0s 15h30, com o grupo Alentejo na Voz Canta Alentejo, e o encerramento est\u00e1 previsto para as 18h30. A feira decorre desde sexta-feira e promove a tradi\u00e7\u00e3o da do\u00e7aria conventual no concelho.","og_url":"https:\/\/portaltela.pt\/noticias\/2026\/02\/01\/feira-de-docaria-conventual-de-vila-vicosa-encerra-este-domingo-com-concertos\/","og_site_name":"Portal Tela Portugal","article_published_time":"2026-02-01T09:00:00+00:00","author":"Telinha","twitter_card":"summary_large_image","twitter_misc":{"Escrito por":"Telinha","Tempo estimado de leitura":"1 minuto"},"schema":{"@context":"https:\/\/schema.org","@graph":[{"@type":"Article","@id":"https:\/\/portaltela.pt\/noticias\/2026\/02\/01\/feira-de-docaria-conventual-de-vila-vicosa-encerra-este-domingo-com-concertos\/#article","isPartOf":{"@id":"https:\/\/portaltela.pt\/noticias\/2026\/02\/01\/feira-de-docaria-conventual-de-vila-vicosa-encerra-este-domingo-com-concertos\/"},"author":{"name":"Telinha","@id":"https:\/\/portaltela.pt\/#\/schema\/person\/c4278d4a6028830caff9ee44b42d32ed"},"headline":"Feira de Do\u00e7aria Conventual de Vila Vi\u00e7osa encerra este domingo com concertos","datePublished":"2026-02-01T09:00:00+00:00","mainEntityOfPage":{"@id":"https:\/\/portaltela.pt\/noticias\/2026\/02\/01\/feira-de-docaria-conventual-de-vila-vicosa-encerra-este-domingo-com-concertos\/"},"wordCount":216,"image":{"@id":"https:\/\/portaltela.pt\/noticias\/2026\/02\/01\/feira-de-docaria-conventual-de-vila-vicosa-encerra-este-domingo-com-concertos\/#primaryimage"},"thumbnailUrl":"https:\/\/portaltela.pt\/s.01k8rhncp4jt1\/2026\/02\/imagem_odigital-2025-11-15T232353.855.jpg","keywords":["Alentejo","conciertos","cultura","do\u00e7aria","eventos","fam\u00edlias"],"articleSection":["Not\u00edcias"],"inLanguage":"pt-PT"},{"@type":"WebPage","@id":"https:\/\/portaltela.pt\/noticias\/2026\/02\/01\/feira-de-docaria-conventual-de-vila-vicosa-encerra-este-domingo-com-concertos\/","url":"https:\/\/portaltela.pt\/noticias\/2026\/02\/01\/feira-de-docaria-conventual-de-vila-vicosa-encerra-este-domingo-com-concertos\/","name":"Feira de Do\u00e7aria Conventual de Vila Vi\u00e7osa encerra este domingo com concertos - Portal Tela Portugal","isPartOf":{"@id":"https:\/\/portaltela.pt\/#website"},"primaryImageOfPage":{"@id":"https:\/\/portaltela.pt\/noticias\/2026\/02\/01\/feira-de-docaria-conventual-de-vila-vicosa-encerra-este-domingo-com-concertos\/#primaryimage"},"image":{"@id":"https:\/\/portaltela.pt\/noticias\/2026\/02\/01\/feira-de-docaria-conventual-de-vila-vicosa-encerra-este-domingo-com-concertos\/#primaryimage"},"thumbnailUrl":"https:\/\/portaltela.pt\/s.01k8rhncp4jt1\/2026\/02\/imagem_odigital-2025-11-15T232353.855.jpg","datePublished":"2026-02-01T09:00:00+00:00","author":{"@id":"https:\/\/portaltela.pt\/#\/schema\/person\/c4278d4a6028830caff9ee44b42d32ed"},"breadcrumb":{"@id":"https:\/\/portaltela.pt\/noticias\/2026\/02\/01\/feira-de-docaria-conventual-de-vila-vicosa-encerra-este-domingo-com-concertos\/#breadcrumb"},"inLanguage":"pt-PT","potentialAction":[{"@type":"ReadAction","target":["https:\/\/portaltela.pt\/noticias\/2026\/02\/01\/feira-de-docaria-conventual-de-vila-vicosa-encerra-este-domingo-com-concertos\/"]}]},{"@type":"ImageObject","inLanguage":"pt-PT","@id":"https:\/\/portaltela.pt\/noticias\/2026\/02\/01\/feira-de-docaria-conventual-de-vila-vicosa-encerra-este-domingo-com-concertos\/#primaryimage","url":"https:\/\/portaltela.pt\/s.01k8rhncp4jt1\/2026\/02\/imagem_odigital-2025-11-15T232353.855.jpg","contentUrl":"https:\/\/portaltela.pt\/s.01k8rhncp4jt1\/2026\/02\/imagem_odigital-2025-11-15T232353.855.jpg","width":796,"height":448,"caption":"Do\u00e7aria conventual e palaciana volta a concurso em Alc\u00e1\u00e7ovas (Viana do Alentejo)"},{"@type":"BreadcrumbList","@id":"https:\/\/portaltela.pt\/noticias\/2026\/02\/01\/feira-de-docaria-conventual-de-vila-vicosa-encerra-este-domingo-com-concertos\/#breadcrumb","itemListElement":[{"@type":"ListItem","position":1,"name":"In\u00edcio","item":"https:\/\/portaltela.pt\/"},{"@type":"ListItem","position":2,"name":"Feira de Do\u00e7aria Conventual de Vila Vi\u00e7osa encerra este domingo com concertos"}]},{"@type":"WebSite","@id":"https:\/\/portaltela.pt\/#website","url":"https:\/\/portaltela.pt\/","name":"Portal Tela Portugal","description":"","potentialAction":[{"@type":"SearchAction","target":{"@type":"EntryPoint","urlTemplate":"https:\/\/portaltela.pt\/?s={search_term_string}"},"query-input":{"@type":"PropertyValueSpecification","valueRequired":true,"valueName":"search_term_string"}}],"inLanguage":"pt-PT"},{"@type":"Person","@id":"https:\/\/portaltela.pt\/#\/schema\/person\/c4278d4a6028830caff9ee44b42d32ed","name":"Telinha","image":{"@type":"ImageObject","inLanguage":"pt-PT","@id":"https:\/\/portaltela.pt\/s.01k8rhncp4jt1\/2025\/11\/talking-bot-125x125.png","url":"https:\/\/portaltela.pt\/s.01k8rhncp4jt1\/2025\/11\/talking-bot-125x125.png","contentUrl":"https:\/\/portaltela.pt\/s.01k8rhncp4jt1\/2025\/11\/talking-bot-125x125.png","caption":"Telinha"},"sameAs":["https:\/\/portaltela.pt\/"],"url":"https:\/\/portaltela.pt\/por\/367410592786\/"}]}},"_links":{"self":[{"href":"https:\/\/portaltela.pt\/api\/wp\/v2\/posts\/188127","targetHints":{"allow":["GET"]}}],"collection":[{"href":"https:\/\/portaltela.pt\/api\/wp\/v2\/posts"}],"about":[{"href":"https:\/\/portaltela.pt\/api\/wp\/v2\/types\/post"}],"author":[{"embeddable":true,"href":"https:\/\/portaltela.pt\/api\/wp\/v2\/users\/2"}],"replies":[{"embeddable":true,"href":"https:\/\/portaltela.pt\/api\/wp\/v2\/comments?post=188127"}],"version-history":[{"count":0,"href":"https:\/\/portaltela.pt\/api\/wp\/v2\/posts\/188127\/revisions"}],"wp:featuredmedia":[{"embeddable":true,"href":"https:\/\/portaltela.pt\/api\/wp\/v2\/media\/188129"}],"wp:attachment":[{"href":"https:\/\/portaltela.pt\/api\/wp\/v2\/media?parent=188127"}],"wp:term":[{"taxonomy":"category","embeddable":true,"href":"https:\/\/portaltela.pt\/api\/wp\/v2\/categories?post=188127"},{"taxonomy":"post_tag","embeddable":true,"href":"https:\/\/portaltela.pt\/api\/wp\/v2\/tags?post=188127"}],"curies":[{"name":"wp","href":"https:\/\/api.w.org\/{rel}","templated":true}]}}