{"id":188021,"date":"2026-02-01T03:30:00","date_gmt":"2026-02-01T06:30:00","guid":{"rendered":"https:\/\/portaltela.pt\/noticias\/2026\/02\/01\/as-multiplas-faces-de-jose-veloso-de-castro\/"},"modified":"2026-02-01T03:30:00","modified_gmt":"2026-02-01T06:30:00","slug":"as-multiplas-faces-de-jose-veloso-de-castro","status":"publish","type":"post","link":"https:\/\/portaltela.pt\/noticias\/2026\/02\/01\/as-multiplas-faces-de-jose-veloso-de-castro\/","title":{"rendered":"As m\u00faltiplas faces de Jos\u00e9 Veloso de Castro"},"content":{"rendered":"<p>Jos\u00e9 Veloso de Castro, militar de carreira, nasceu em Braga em 1869 e viveu grande parte da vida adulta em Angola. Morreu em Lisboa em 1930, deixando numerosos registos das suas v\u00e1rias fases de vida.<\/p>\n<p>Ao longo da sua exist\u00eancia percorreu tr\u00eas modelos de Estado, sem p\u00f4r em causa a legitimidade do imp\u00e9rio portugu\u00eas. A sua vida cruzou-se com per\u00edodos de monarquia, rep\u00fablica e regimes autorit\u00e1rios.<\/p>\n<p>Na altura da morte, o pa\u00eds encontrava-se sob a Presid\u00eancia de \u00d3scar Carmona e regia-se pela ditadura da Uni\u00e3o Nacional, anterior ao surgimento do Estado Novo com Salazar. Veloso de Castro testemunhou a transi\u00e7\u00e3o entre estes sistemas.<\/p>\n","protected":false},"excerpt":{"rendered":"<ul>\n<li>Jos\u00e9 Veloso de Castro nasceu em Braga em 1869 e foi militar de carreira.<\/li>\n<li>Viveu grande parte da vida adulta em Angola e morreu em Lisboa, em 1930.<\/li>\n<li>Na passagem da monarquia para a Rep\u00fablica, em 1910, encontrava-se a residir em Angola.<\/li>\n<li>O pa\u00eds vivia ent\u00e3o a ditadura da Uni\u00e3o Nacional, sob o governo de Carmona, antes do Estado Novo.<\/li>\n<li>Veloso de Castro acompanhou a transi\u00e7\u00e3o entre tr\u00eas modelos de Estado, sem p\u00f4r em causa a legitimidade do imp\u00e9rio portugu\u00eas.<\/li>\n<\/ul>\n","protected":false},"author":2,"featured_media":188024,"comment_status":"closed","ping_status":"closed","sticky":false,"template":"","format":"standard","meta":{"footnotes":""},"categories":[1],"tags":[4837,1207,299,3588,40,1014],"class_list":["post-188021","post","type-post","status-publish","format-standard","has-post-thumbnail","hentry","category-noticias","tag-angola","tag-braga","tag-historia","tag-personalidade","tag-pessoas","tag-portugal"],"yoast_head":"<!-- This site is optimized with the Yoast SEO plugin v27.2 - https:\/\/yoast.com\/product\/yoast-seo-wordpress\/ -->\n<title>As m\u00faltiplas faces de Jos\u00e9 Veloso de Castro - Portal Tela Portugal<\/title>\n<meta name=\"robots\" content=\"index, follow, max-snippet:-1, max-image-preview:large, max-video-preview:-1\" \/>\n<meta property=\"og:locale\" content=\"pt_PT\" \/>\n<meta property=\"og:type\" content=\"article\" \/>\n<meta property=\"og:title\" content=\"As m\u00faltiplas faces de Jos\u00e9 Veloso de Castro - Portal Tela Portugal\" \/>\n<meta property=\"og:description\" content=\"Jos\u00e9 Veloso de Castro nasceu em Braga em 1869 e foi militar de carreira. Viveu grande parte da vida adulta em Angola e morreu em Lisboa, em 1930. Na passagem da monarquia para a Rep\u00fablica, em 1910, encontrava-se a residir em Angola. O pa\u00eds vivia ent\u00e3o a ditadura da Uni\u00e3o Nacional, sob o governo de Carmona, antes do Estado Novo. Veloso de Castro acompanhou a transi\u00e7\u00e3o entre tr\u00eas modelos de Estado, sem p\u00f4r em causa a legitimidade do imp\u00e9rio portugu\u00eas.\" \/>\n<meta property=\"og:url\" content=\"https:\/\/portaltela.pt\/noticias\/2026\/02\/01\/as-multiplas-faces-de-jose-veloso-de-castro\/\" \/>\n<meta property=\"og:site_name\" content=\"Portal Tela Portugal\" \/>\n<meta property=\"article:published_time\" content=\"2026-02-01T06:30:00+00:00\" \/>\n<meta name=\"author\" content=\"Telinha\" \/>\n<meta name=\"twitter:card\" content=\"summary_large_image\" \/>\n<meta name=\"twitter:label1\" content=\"Escrito por\" \/>\n\t<meta name=\"twitter:data1\" content=\"Telinha\" \/>\n\t<meta name=\"twitter:label2\" content=\"Tempo estimado de leitura\" \/>\n\t<meta name=\"twitter:data2\" content=\"1 minuto\" \/>\n<script type=\"application\/ld+json\" class=\"yoast-schema-graph\">{\"@context\":\"https:\/\/schema.org\",\"@graph\":[{\"@type\":\"Article\",\"@id\":\"https:\/\/portaltela.pt\/noticias\/2026\/02\/01\/as-multiplas-faces-de-jose-veloso-de-castro\/#article\",\"isPartOf\":{\"@id\":\"https:\/\/portaltela.pt\/noticias\/2026\/02\/01\/as-multiplas-faces-de-jose-veloso-de-castro\/\"},\"author\":{\"name\":\"Telinha\",\"@id\":\"https:\/\/portaltela.pt\/#\/schema\/person\/c4278d4a6028830caff9ee44b42d32ed\"},\"headline\":\"As m\u00faltiplas faces de Jos\u00e9 Veloso de Castro\",\"datePublished\":\"2026-02-01T06:30:00+00:00\",\"mainEntityOfPage\":{\"@id\":\"https:\/\/portaltela.pt\/noticias\/2026\/02\/01\/as-multiplas-faces-de-jose-veloso-de-castro\/\"},\"wordCount\":123,\"image\":{\"@id\":\"https:\/\/portaltela.pt\/noticias\/2026\/02\/01\/as-multiplas-faces-de-jose-veloso-de-castro\/#primaryimage\"},\"thumbnailUrl\":\"https:\/\/portaltela.pt\/s.01k8rhncp4jt1\/2026\/02\/2063398.jpg\",\"keywords\":[\"Angola\",\"Braga\",\"hist\u00f3ria\",\"personalidade\",\"pessoas\",\"Portugal\"],\"articleSection\":[\"Not\u00edcias\"],\"inLanguage\":\"pt-PT\"},{\"@type\":\"WebPage\",\"@id\":\"https:\/\/portaltela.pt\/noticias\/2026\/02\/01\/as-multiplas-faces-de-jose-veloso-de-castro\/\",\"url\":\"https:\/\/portaltela.pt\/noticias\/2026\/02\/01\/as-multiplas-faces-de-jose-veloso-de-castro\/\",\"name\":\"As m\u00faltiplas faces de Jos\u00e9 Veloso de Castro - Portal Tela Portugal\",\"isPartOf\":{\"@id\":\"https:\/\/portaltela.pt\/#website\"},\"primaryImageOfPage\":{\"@id\":\"https:\/\/portaltela.pt\/noticias\/2026\/02\/01\/as-multiplas-faces-de-jose-veloso-de-castro\/#primaryimage\"},\"image\":{\"@id\":\"https:\/\/portaltela.pt\/noticias\/2026\/02\/01\/as-multiplas-faces-de-jose-veloso-de-castro\/#primaryimage\"},\"thumbnailUrl\":\"https:\/\/portaltela.pt\/s.01k8rhncp4jt1\/2026\/02\/2063398.jpg\",\"datePublished\":\"2026-02-01T06:30:00+00:00\",\"author\":{\"@id\":\"https:\/\/portaltela.pt\/#\/schema\/person\/c4278d4a6028830caff9ee44b42d32ed\"},\"breadcrumb\":{\"@id\":\"https:\/\/portaltela.pt\/noticias\/2026\/02\/01\/as-multiplas-faces-de-jose-veloso-de-castro\/#breadcrumb\"},\"inLanguage\":\"pt-PT\",\"potentialAction\":[{\"@type\":\"ReadAction\",\"target\":[\"https:\/\/portaltela.pt\/noticias\/2026\/02\/01\/as-multiplas-faces-de-jose-veloso-de-castro\/\"]}]},{\"@type\":\"ImageObject\",\"inLanguage\":\"pt-PT\",\"@id\":\"https:\/\/portaltela.pt\/noticias\/2026\/02\/01\/as-multiplas-faces-de-jose-veloso-de-castro\/#primaryimage\",\"url\":\"https:\/\/portaltela.pt\/s.01k8rhncp4jt1\/2026\/02\/2063398.jpg\",\"contentUrl\":\"https:\/\/portaltela.pt\/s.01k8rhncp4jt1\/2026\/02\/2063398.jpg\",\"width\":796,\"height\":448,\"caption\":\"Jos\u00e9 Veloso de Castro em Angola, em 1910, num dos seus mais meticulosos auto-retratos, onde se fotografa rodeado dos instrumentos e dos s\u00edmbolos que dominavam a sua vida\"},{\"@type\":\"BreadcrumbList\",\"@id\":\"https:\/\/portaltela.pt\/noticias\/2026\/02\/01\/as-multiplas-faces-de-jose-veloso-de-castro\/#breadcrumb\",\"itemListElement\":[{\"@type\":\"ListItem\",\"position\":1,\"name\":\"In\u00edcio\",\"item\":\"https:\/\/portaltela.pt\/\"},{\"@type\":\"ListItem\",\"position\":2,\"name\":\"As m\u00faltiplas faces de Jos\u00e9 Veloso de Castro\"}]},{\"@type\":\"WebSite\",\"@id\":\"https:\/\/portaltela.pt\/#website\",\"url\":\"https:\/\/portaltela.pt\/\",\"name\":\"Portal Tela Portugal\",\"description\":\"\",\"potentialAction\":[{\"@type\":\"SearchAction\",\"target\":{\"@type\":\"EntryPoint\",\"urlTemplate\":\"https:\/\/portaltela.pt\/?s={search_term_string}\"},\"query-input\":{\"@type\":\"PropertyValueSpecification\",\"valueRequired\":true,\"valueName\":\"search_term_string\"}}],\"inLanguage\":\"pt-PT\"},{\"@type\":\"Person\",\"@id\":\"https:\/\/portaltela.pt\/#\/schema\/person\/c4278d4a6028830caff9ee44b42d32ed\",\"name\":\"Telinha\",\"image\":{\"@type\":\"ImageObject\",\"inLanguage\":\"pt-PT\",\"@id\":\"https:\/\/portaltela.pt\/s.01k8rhncp4jt1\/2025\/11\/talking-bot-125x125.png\",\"url\":\"https:\/\/portaltela.pt\/s.01k8rhncp4jt1\/2025\/11\/talking-bot-125x125.png\",\"contentUrl\":\"https:\/\/portaltela.pt\/s.01k8rhncp4jt1\/2025\/11\/talking-bot-125x125.png\",\"caption\":\"Telinha\"},\"sameAs\":[\"https:\/\/portaltela.pt\/\"],\"url\":\"https:\/\/portaltela.pt\/por\/367410592786\/\"}]}<\/script>\n<!-- \/ Yoast SEO plugin. -->","yoast_head_json":{"title":"As m\u00faltiplas faces de Jos\u00e9 Veloso de Castro - Portal Tela Portugal","robots":{"index":"index","follow":"follow","max-snippet":"max-snippet:-1","max-image-preview":"max-image-preview:large","max-video-preview":"max-video-preview:-1"},"og_locale":"pt_PT","og_type":"article","og_title":"As m\u00faltiplas faces de Jos\u00e9 Veloso de Castro - Portal Tela Portugal","og_description":"Jos\u00e9 Veloso de Castro nasceu em Braga em 1869 e foi militar de carreira. Viveu grande parte da vida adulta em Angola e morreu em Lisboa, em 1930. Na passagem da monarquia para a Rep\u00fablica, em 1910, encontrava-se a residir em Angola. O pa\u00eds vivia ent\u00e3o a ditadura da Uni\u00e3o Nacional, sob o governo de Carmona, antes do Estado Novo. Veloso de Castro acompanhou a transi\u00e7\u00e3o entre tr\u00eas modelos de Estado, sem p\u00f4r em causa a legitimidade do imp\u00e9rio portugu\u00eas.","og_url":"https:\/\/portaltela.pt\/noticias\/2026\/02\/01\/as-multiplas-faces-de-jose-veloso-de-castro\/","og_site_name":"Portal Tela Portugal","article_published_time":"2026-02-01T06:30:00+00:00","author":"Telinha","twitter_card":"summary_large_image","twitter_misc":{"Escrito por":"Telinha","Tempo estimado de leitura":"1 minuto"},"schema":{"@context":"https:\/\/schema.org","@graph":[{"@type":"Article","@id":"https:\/\/portaltela.pt\/noticias\/2026\/02\/01\/as-multiplas-faces-de-jose-veloso-de-castro\/#article","isPartOf":{"@id":"https:\/\/portaltela.pt\/noticias\/2026\/02\/01\/as-multiplas-faces-de-jose-veloso-de-castro\/"},"author":{"name":"Telinha","@id":"https:\/\/portaltela.pt\/#\/schema\/person\/c4278d4a6028830caff9ee44b42d32ed"},"headline":"As m\u00faltiplas faces de Jos\u00e9 Veloso de Castro","datePublished":"2026-02-01T06:30:00+00:00","mainEntityOfPage":{"@id":"https:\/\/portaltela.pt\/noticias\/2026\/02\/01\/as-multiplas-faces-de-jose-veloso-de-castro\/"},"wordCount":123,"image":{"@id":"https:\/\/portaltela.pt\/noticias\/2026\/02\/01\/as-multiplas-faces-de-jose-veloso-de-castro\/#primaryimage"},"thumbnailUrl":"https:\/\/portaltela.pt\/s.01k8rhncp4jt1\/2026\/02\/2063398.jpg","keywords":["Angola","Braga","hist\u00f3ria","personalidade","pessoas","Portugal"],"articleSection":["Not\u00edcias"],"inLanguage":"pt-PT"},{"@type":"WebPage","@id":"https:\/\/portaltela.pt\/noticias\/2026\/02\/01\/as-multiplas-faces-de-jose-veloso-de-castro\/","url":"https:\/\/portaltela.pt\/noticias\/2026\/02\/01\/as-multiplas-faces-de-jose-veloso-de-castro\/","name":"As m\u00faltiplas faces de Jos\u00e9 Veloso de Castro - Portal Tela Portugal","isPartOf":{"@id":"https:\/\/portaltela.pt\/#website"},"primaryImageOfPage":{"@id":"https:\/\/portaltela.pt\/noticias\/2026\/02\/01\/as-multiplas-faces-de-jose-veloso-de-castro\/#primaryimage"},"image":{"@id":"https:\/\/portaltela.pt\/noticias\/2026\/02\/01\/as-multiplas-faces-de-jose-veloso-de-castro\/#primaryimage"},"thumbnailUrl":"https:\/\/portaltela.pt\/s.01k8rhncp4jt1\/2026\/02\/2063398.jpg","datePublished":"2026-02-01T06:30:00+00:00","author":{"@id":"https:\/\/portaltela.pt\/#\/schema\/person\/c4278d4a6028830caff9ee44b42d32ed"},"breadcrumb":{"@id":"https:\/\/portaltela.pt\/noticias\/2026\/02\/01\/as-multiplas-faces-de-jose-veloso-de-castro\/#breadcrumb"},"inLanguage":"pt-PT","potentialAction":[{"@type":"ReadAction","target":["https:\/\/portaltela.pt\/noticias\/2026\/02\/01\/as-multiplas-faces-de-jose-veloso-de-castro\/"]}]},{"@type":"ImageObject","inLanguage":"pt-PT","@id":"https:\/\/portaltela.pt\/noticias\/2026\/02\/01\/as-multiplas-faces-de-jose-veloso-de-castro\/#primaryimage","url":"https:\/\/portaltela.pt\/s.01k8rhncp4jt1\/2026\/02\/2063398.jpg","contentUrl":"https:\/\/portaltela.pt\/s.01k8rhncp4jt1\/2026\/02\/2063398.jpg","width":796,"height":448,"caption":"Jos\u00e9 Veloso de Castro em Angola, em 1910, num dos seus mais meticulosos auto-retratos, onde se fotografa rodeado dos instrumentos e dos s\u00edmbolos que dominavam a sua vida"},{"@type":"BreadcrumbList","@id":"https:\/\/portaltela.pt\/noticias\/2026\/02\/01\/as-multiplas-faces-de-jose-veloso-de-castro\/#breadcrumb","itemListElement":[{"@type":"ListItem","position":1,"name":"In\u00edcio","item":"https:\/\/portaltela.pt\/"},{"@type":"ListItem","position":2,"name":"As m\u00faltiplas faces de Jos\u00e9 Veloso de Castro"}]},{"@type":"WebSite","@id":"https:\/\/portaltela.pt\/#website","url":"https:\/\/portaltela.pt\/","name":"Portal Tela Portugal","description":"","potentialAction":[{"@type":"SearchAction","target":{"@type":"EntryPoint","urlTemplate":"https:\/\/portaltela.pt\/?s={search_term_string}"},"query-input":{"@type":"PropertyValueSpecification","valueRequired":true,"valueName":"search_term_string"}}],"inLanguage":"pt-PT"},{"@type":"Person","@id":"https:\/\/portaltela.pt\/#\/schema\/person\/c4278d4a6028830caff9ee44b42d32ed","name":"Telinha","image":{"@type":"ImageObject","inLanguage":"pt-PT","@id":"https:\/\/portaltela.pt\/s.01k8rhncp4jt1\/2025\/11\/talking-bot-125x125.png","url":"https:\/\/portaltela.pt\/s.01k8rhncp4jt1\/2025\/11\/talking-bot-125x125.png","contentUrl":"https:\/\/portaltela.pt\/s.01k8rhncp4jt1\/2025\/11\/talking-bot-125x125.png","caption":"Telinha"},"sameAs":["https:\/\/portaltela.pt\/"],"url":"https:\/\/portaltela.pt\/por\/367410592786\/"}]}},"_links":{"self":[{"href":"https:\/\/portaltela.pt\/api\/wp\/v2\/posts\/188021","targetHints":{"allow":["GET"]}}],"collection":[{"href":"https:\/\/portaltela.pt\/api\/wp\/v2\/posts"}],"about":[{"href":"https:\/\/portaltela.pt\/api\/wp\/v2\/types\/post"}],"author":[{"embeddable":true,"href":"https:\/\/portaltela.pt\/api\/wp\/v2\/users\/2"}],"replies":[{"embeddable":true,"href":"https:\/\/portaltela.pt\/api\/wp\/v2\/comments?post=188021"}],"version-history":[{"count":0,"href":"https:\/\/portaltela.pt\/api\/wp\/v2\/posts\/188021\/revisions"}],"wp:featuredmedia":[{"embeddable":true,"href":"https:\/\/portaltela.pt\/api\/wp\/v2\/media\/188024"}],"wp:attachment":[{"href":"https:\/\/portaltela.pt\/api\/wp\/v2\/media?parent=188021"}],"wp:term":[{"taxonomy":"category","embeddable":true,"href":"https:\/\/portaltela.pt\/api\/wp\/v2\/categories?post=188021"},{"taxonomy":"post_tag","embeddable":true,"href":"https:\/\/portaltela.pt\/api\/wp\/v2\/tags?post=188021"}],"curies":[{"name":"wp","href":"https:\/\/api.w.org\/{rel}","templated":true}]}}