{"id":187994,"date":"2026-02-01T03:30:00","date_gmt":"2026-02-01T06:30:00","guid":{"rendered":"https:\/\/portaltela.pt\/noticias\/2026\/02\/01\/patricia-hayes-fotografias-coloniais-sao-piores-e-melhores-do-que-pensamos\/"},"modified":"2026-02-01T03:30:00","modified_gmt":"2026-02-01T06:30:00","slug":"patricia-hayes-fotografias-coloniais-sao-piores-e-melhores-do-que-pensamos","status":"publish","type":"post","link":"https:\/\/portaltela.pt\/noticias\/2026\/02\/01\/patricia-hayes-fotografias-coloniais-sao-piores-e-melhores-do-que-pensamos\/","title":{"rendered":"Patricia Hayes: fotografias coloniais s\u00e3o piores e melhores do que pensamos"},"content":{"rendered":"<p>Patricia Hayes, historiadora sul-africana, defende que a discuss\u00e3o sobre Jos\u00e9 Veloso de Castro deve ser debatida. A perspetiva surge de uma vida dedicada \u00e0 hist\u00f3ria africana e \u00e0s suas imagens entre \u00e9pocas coloniais e modernas.<\/p>\n<p>Durante a transi\u00e7\u00e3o dos anos 1980 para os 1990, Hayes recolhia mem\u00f3rias orais na Nam\u00edbia e em Angola sobre conflitos entre portugueses e Ovambo, especialmente os Cuamato. Em Luanda, viu o \u00c1lbum Cuamato, com fotos de Veloso de Castro.<\/p>\n<p>As fotografias mostraram-se uma \u201creportagem\u201d de retalia\u00e7\u00e3o militar de 1907, ap\u00f3s a vit\u00f3ria Cuamato de 1904. Hayes passou a explorar arquivos fotogr\u00e1ficos e a sua relev\u00e2ncia para a hist\u00f3ria da visualidade na Nam\u00edbia.<\/p>\n<h3>Exposi\u00e7\u00e3o, arquivo e di\u00e1logo hist\u00f3rico<\/h3>\n<p>A professora da Universidade do Cabo Ocidental (UCO) tem destacado a import\u00e2ncia de compreender imagens coloniais no \u00e2mbito da Hist\u00f3ria Visual. O estudo resultou em The Colonising Camera (1998) e no seu doutoramento em Cambridge.<\/p>\n<p>Hayes, nascida no Zimbabwe, lidera a c\u00e1tedra de Hist\u00f3ria Visual e Teoria no Centro de Investiga\u00e7\u00e3o em Humanidades da UCO. A especialista analisa a exposi\u00e7\u00e3o no Museu Militar sobre Veloso de Castro, j\u00e1 visitada, como ferramenta para desafiar vis\u00f5es da era colonial em Portugal.<\/p>\n","protected":false},"excerpt":{"rendered":"<ul>\n<li>Patricia Hayes \u00e9 uma acad\u00e9mica sul-africana que estuda a hist\u00f3ria africana e as suas representa\u00e7\u00f5es visuais ao longo de tempos coloniais e p\u00f3s-coloniais.<\/li>\n<li>Na d\u00e9cada de oitenta para noventa, recolheu relatos de tradi\u00e7\u00e3o oral no Norte da Nam\u00edbia e no Sul de Angola sobre guerras entre os portugueses e o povo Ovambo, em especial os Cuamato.<\/li>\n<li>Em Luanda, viu o \u00c1lbum Cuamato, composto por fotografias tiradas pelo major Jos\u00e9 Veloso de Castro, que documenta a campanha de retalia\u00e7\u00e3o de 1907 contra os Cuamato, ap\u00f3s a derrota de 1904.<\/li>\n<li>O interesse levou-a a estudar a obra fotogr\u00e1fica de Veloso e Castro no contexto da hist\u00f3ria da representa\u00e7\u00e3o visual na Nam\u00edbia, resultando no livro The Colonising Camera (1998) e no doutoramento em Cambridge; \u00e9 hoje professora catedr\u00e1tica na Universidade do Cabo Ocidental.<\/li>\n<li>Hayes defende que a exposi\u00e7\u00e3o sobre Veloso e Castro, no Museu Militar, pode contribuir para contrariar a afasia colonial em Portugal.<\/li>\n<\/ul>\n","protected":false},"author":2,"featured_media":187996,"comment_status":"closed","ping_status":"closed","sticky":false,"template":"","format":"standard","meta":{"footnotes":""},"categories":[1],"tags":[1868,3093,247,299,3685,1175],"class_list":["post-187994","post","type-post","status-publish","format-standard","has-post-thumbnail","hentry","category-noticias","tag-arquivos","tag-colonias","tag-fotografia","tag-historia","tag-historia-disciplinar","tag-patrimonio-cultural"],"yoast_head":"<!-- This site is optimized with the Yoast SEO plugin v27.2 - https:\/\/yoast.com\/product\/yoast-seo-wordpress\/ -->\n<title>Patricia Hayes: fotografias coloniais s\u00e3o piores e melhores do que pensamos - Portal Tela Portugal<\/title>\n<meta name=\"robots\" content=\"index, follow, max-snippet:-1, max-image-preview:large, max-video-preview:-1\" \/>\n<meta property=\"og:locale\" content=\"pt_PT\" \/>\n<meta property=\"og:type\" content=\"article\" \/>\n<meta property=\"og:title\" content=\"Patricia Hayes: fotografias coloniais s\u00e3o piores e melhores do que pensamos - Portal Tela Portugal\" \/>\n<meta property=\"og:description\" content=\"Patricia Hayes \u00e9 uma acad\u00e9mica sul-africana que estuda a hist\u00f3ria africana e as suas representa\u00e7\u00f5es visuais ao longo de tempos coloniais e p\u00f3s-coloniais. Na d\u00e9cada de oitenta para noventa, recolheu relatos de tradi\u00e7\u00e3o oral no Norte da Nam\u00edbia e no Sul de Angola sobre guerras entre os portugueses e o povo Ovambo, em especial os Cuamato. Em Luanda, viu o \u00c1lbum Cuamato, composto por fotografias tiradas pelo major Jos\u00e9 Veloso de Castro, que documenta a campanha de retalia\u00e7\u00e3o de 1907 contra os Cuamato, ap\u00f3s a derrota de 1904. O interesse levou-a a estudar a obra fotogr\u00e1fica de Veloso e Castro no contexto da hist\u00f3ria da representa\u00e7\u00e3o visual na Nam\u00edbia, resultando no livro The Colonising Camera (1998) e no doutoramento em Cambridge; \u00e9 hoje professora catedr\u00e1tica na Universidade do Cabo Ocidental. Hayes defende que a exposi\u00e7\u00e3o sobre Veloso e Castro, no Museu Militar, pode contribuir para contrariar a afasia colonial em Portugal.\" \/>\n<meta property=\"og:url\" content=\"https:\/\/portaltela.pt\/noticias\/2026\/02\/01\/patricia-hayes-fotografias-coloniais-sao-piores-e-melhores-do-que-pensamos\/\" \/>\n<meta property=\"og:site_name\" content=\"Portal Tela Portugal\" \/>\n<meta property=\"article:published_time\" content=\"2026-02-01T06:30:00+00:00\" \/>\n<meta name=\"author\" content=\"Telinha\" \/>\n<meta name=\"twitter:card\" content=\"summary_large_image\" \/>\n<meta name=\"twitter:label1\" content=\"Escrito por\" \/>\n\t<meta name=\"twitter:data1\" content=\"Telinha\" \/>\n\t<meta name=\"twitter:label2\" content=\"Tempo estimado de leitura\" \/>\n\t<meta name=\"twitter:data2\" content=\"1 minuto\" \/>\n<script type=\"application\/ld+json\" class=\"yoast-schema-graph\">{\"@context\":\"https:\/\/schema.org\",\"@graph\":[{\"@type\":\"Article\",\"@id\":\"https:\/\/portaltela.pt\/noticias\/2026\/02\/01\/patricia-hayes-fotografias-coloniais-sao-piores-e-melhores-do-que-pensamos\/#article\",\"isPartOf\":{\"@id\":\"https:\/\/portaltela.pt\/noticias\/2026\/02\/01\/patricia-hayes-fotografias-coloniais-sao-piores-e-melhores-do-que-pensamos\/\"},\"author\":{\"name\":\"Telinha\",\"@id\":\"https:\/\/portaltela.pt\/#\/schema\/person\/c4278d4a6028830caff9ee44b42d32ed\"},\"headline\":\"Patricia Hayes: fotografias coloniais s\u00e3o piores e melhores do que pensamos\",\"datePublished\":\"2026-02-01T06:30:00+00:00\",\"mainEntityOfPage\":{\"@id\":\"https:\/\/portaltela.pt\/noticias\/2026\/02\/01\/patricia-hayes-fotografias-coloniais-sao-piores-e-melhores-do-que-pensamos\/\"},\"wordCount\":219,\"image\":{\"@id\":\"https:\/\/portaltela.pt\/noticias\/2026\/02\/01\/patricia-hayes-fotografias-coloniais-sao-piores-e-melhores-do-que-pensamos\/#primaryimage\"},\"thumbnailUrl\":\"https:\/\/portaltela.pt\/s.01k8rhncp4jt1\/2026\/02\/2063391.jpg\",\"keywords\":[\"arquivos\",\"col\u00f3nias\",\"fotografia\",\"hist\u00f3ria\",\"hist\u00f3ria disciplinar\",\"Patrim\u00f3nio Cultural\"],\"articleSection\":[\"Not\u00edcias\"],\"inLanguage\":\"pt-PT\"},{\"@type\":\"WebPage\",\"@id\":\"https:\/\/portaltela.pt\/noticias\/2026\/02\/01\/patricia-hayes-fotografias-coloniais-sao-piores-e-melhores-do-que-pensamos\/\",\"url\":\"https:\/\/portaltela.pt\/noticias\/2026\/02\/01\/patricia-hayes-fotografias-coloniais-sao-piores-e-melhores-do-que-pensamos\/\",\"name\":\"Patricia Hayes: fotografias coloniais s\u00e3o piores e melhores do que pensamos - Portal Tela Portugal\",\"isPartOf\":{\"@id\":\"https:\/\/portaltela.pt\/#website\"},\"primaryImageOfPage\":{\"@id\":\"https:\/\/portaltela.pt\/noticias\/2026\/02\/01\/patricia-hayes-fotografias-coloniais-sao-piores-e-melhores-do-que-pensamos\/#primaryimage\"},\"image\":{\"@id\":\"https:\/\/portaltela.pt\/noticias\/2026\/02\/01\/patricia-hayes-fotografias-coloniais-sao-piores-e-melhores-do-que-pensamos\/#primaryimage\"},\"thumbnailUrl\":\"https:\/\/portaltela.pt\/s.01k8rhncp4jt1\/2026\/02\/2063391.jpg\",\"datePublished\":\"2026-02-01T06:30:00+00:00\",\"author\":{\"@id\":\"https:\/\/portaltela.pt\/#\/schema\/person\/c4278d4a6028830caff9ee44b42d32ed\"},\"breadcrumb\":{\"@id\":\"https:\/\/portaltela.pt\/noticias\/2026\/02\/01\/patricia-hayes-fotografias-coloniais-sao-piores-e-melhores-do-que-pensamos\/#breadcrumb\"},\"inLanguage\":\"pt-PT\",\"potentialAction\":[{\"@type\":\"ReadAction\",\"target\":[\"https:\/\/portaltela.pt\/noticias\/2026\/02\/01\/patricia-hayes-fotografias-coloniais-sao-piores-e-melhores-do-que-pensamos\/\"]}]},{\"@type\":\"ImageObject\",\"inLanguage\":\"pt-PT\",\"@id\":\"https:\/\/portaltela.pt\/noticias\/2026\/02\/01\/patricia-hayes-fotografias-coloniais-sao-piores-e-melhores-do-que-pensamos\/#primaryimage\",\"url\":\"https:\/\/portaltela.pt\/s.01k8rhncp4jt1\/2026\/02\/2063391.jpg\",\"contentUrl\":\"https:\/\/portaltela.pt\/s.01k8rhncp4jt1\/2026\/02\/2063391.jpg\",\"width\":796,\"height\":448,\"caption\":\"P\u00e1gina do \u00e1lbum que cont\u00e9m mais de duas mil fotografias de Jos\u00e9 Veloso de Castro (na sua grande maioria captadas em Angola no in\u00edcio do s\u00e9culo XX) e que est\u00e1 \u00e0 guarda do Arquivo Hist\u00f3rico Militar, em Lisboa\"},{\"@type\":\"BreadcrumbList\",\"@id\":\"https:\/\/portaltela.pt\/noticias\/2026\/02\/01\/patricia-hayes-fotografias-coloniais-sao-piores-e-melhores-do-que-pensamos\/#breadcrumb\",\"itemListElement\":[{\"@type\":\"ListItem\",\"position\":1,\"name\":\"In\u00edcio\",\"item\":\"https:\/\/portaltela.pt\/\"},{\"@type\":\"ListItem\",\"position\":2,\"name\":\"Patricia Hayes: fotografias coloniais s\u00e3o piores e melhores do que pensamos\"}]},{\"@type\":\"WebSite\",\"@id\":\"https:\/\/portaltela.pt\/#website\",\"url\":\"https:\/\/portaltela.pt\/\",\"name\":\"Portal Tela Portugal\",\"description\":\"\",\"potentialAction\":[{\"@type\":\"SearchAction\",\"target\":{\"@type\":\"EntryPoint\",\"urlTemplate\":\"https:\/\/portaltela.pt\/?s={search_term_string}\"},\"query-input\":{\"@type\":\"PropertyValueSpecification\",\"valueRequired\":true,\"valueName\":\"search_term_string\"}}],\"inLanguage\":\"pt-PT\"},{\"@type\":\"Person\",\"@id\":\"https:\/\/portaltela.pt\/#\/schema\/person\/c4278d4a6028830caff9ee44b42d32ed\",\"name\":\"Telinha\",\"image\":{\"@type\":\"ImageObject\",\"inLanguage\":\"pt-PT\",\"@id\":\"https:\/\/portaltela.pt\/s.01k8rhncp4jt1\/2025\/11\/talking-bot-125x125.png\",\"url\":\"https:\/\/portaltela.pt\/s.01k8rhncp4jt1\/2025\/11\/talking-bot-125x125.png\",\"contentUrl\":\"https:\/\/portaltela.pt\/s.01k8rhncp4jt1\/2025\/11\/talking-bot-125x125.png\",\"caption\":\"Telinha\"},\"sameAs\":[\"https:\/\/portaltela.pt\/\"],\"url\":\"https:\/\/portaltela.pt\/por\/367410592786\/\"}]}<\/script>\n<!-- \/ Yoast SEO plugin. -->","yoast_head_json":{"title":"Patricia Hayes: fotografias coloniais s\u00e3o piores e melhores do que pensamos - Portal Tela Portugal","robots":{"index":"index","follow":"follow","max-snippet":"max-snippet:-1","max-image-preview":"max-image-preview:large","max-video-preview":"max-video-preview:-1"},"og_locale":"pt_PT","og_type":"article","og_title":"Patricia Hayes: fotografias coloniais s\u00e3o piores e melhores do que pensamos - Portal Tela Portugal","og_description":"Patricia Hayes \u00e9 uma acad\u00e9mica sul-africana que estuda a hist\u00f3ria africana e as suas representa\u00e7\u00f5es visuais ao longo de tempos coloniais e p\u00f3s-coloniais. Na d\u00e9cada de oitenta para noventa, recolheu relatos de tradi\u00e7\u00e3o oral no Norte da Nam\u00edbia e no Sul de Angola sobre guerras entre os portugueses e o povo Ovambo, em especial os Cuamato. Em Luanda, viu o \u00c1lbum Cuamato, composto por fotografias tiradas pelo major Jos\u00e9 Veloso de Castro, que documenta a campanha de retalia\u00e7\u00e3o de 1907 contra os Cuamato, ap\u00f3s a derrota de 1904. O interesse levou-a a estudar a obra fotogr\u00e1fica de Veloso e Castro no contexto da hist\u00f3ria da representa\u00e7\u00e3o visual na Nam\u00edbia, resultando no livro The Colonising Camera (1998) e no doutoramento em Cambridge; \u00e9 hoje professora catedr\u00e1tica na Universidade do Cabo Ocidental. Hayes defende que a exposi\u00e7\u00e3o sobre Veloso e Castro, no Museu Militar, pode contribuir para contrariar a afasia colonial em Portugal.","og_url":"https:\/\/portaltela.pt\/noticias\/2026\/02\/01\/patricia-hayes-fotografias-coloniais-sao-piores-e-melhores-do-que-pensamos\/","og_site_name":"Portal Tela Portugal","article_published_time":"2026-02-01T06:30:00+00:00","author":"Telinha","twitter_card":"summary_large_image","twitter_misc":{"Escrito por":"Telinha","Tempo estimado de leitura":"1 minuto"},"schema":{"@context":"https:\/\/schema.org","@graph":[{"@type":"Article","@id":"https:\/\/portaltela.pt\/noticias\/2026\/02\/01\/patricia-hayes-fotografias-coloniais-sao-piores-e-melhores-do-que-pensamos\/#article","isPartOf":{"@id":"https:\/\/portaltela.pt\/noticias\/2026\/02\/01\/patricia-hayes-fotografias-coloniais-sao-piores-e-melhores-do-que-pensamos\/"},"author":{"name":"Telinha","@id":"https:\/\/portaltela.pt\/#\/schema\/person\/c4278d4a6028830caff9ee44b42d32ed"},"headline":"Patricia Hayes: fotografias coloniais s\u00e3o piores e melhores do que pensamos","datePublished":"2026-02-01T06:30:00+00:00","mainEntityOfPage":{"@id":"https:\/\/portaltela.pt\/noticias\/2026\/02\/01\/patricia-hayes-fotografias-coloniais-sao-piores-e-melhores-do-que-pensamos\/"},"wordCount":219,"image":{"@id":"https:\/\/portaltela.pt\/noticias\/2026\/02\/01\/patricia-hayes-fotografias-coloniais-sao-piores-e-melhores-do-que-pensamos\/#primaryimage"},"thumbnailUrl":"https:\/\/portaltela.pt\/s.01k8rhncp4jt1\/2026\/02\/2063391.jpg","keywords":["arquivos","col\u00f3nias","fotografia","hist\u00f3ria","hist\u00f3ria disciplinar","Patrim\u00f3nio Cultural"],"articleSection":["Not\u00edcias"],"inLanguage":"pt-PT"},{"@type":"WebPage","@id":"https:\/\/portaltela.pt\/noticias\/2026\/02\/01\/patricia-hayes-fotografias-coloniais-sao-piores-e-melhores-do-que-pensamos\/","url":"https:\/\/portaltela.pt\/noticias\/2026\/02\/01\/patricia-hayes-fotografias-coloniais-sao-piores-e-melhores-do-que-pensamos\/","name":"Patricia Hayes: fotografias coloniais s\u00e3o piores e melhores do que pensamos - Portal Tela Portugal","isPartOf":{"@id":"https:\/\/portaltela.pt\/#website"},"primaryImageOfPage":{"@id":"https:\/\/portaltela.pt\/noticias\/2026\/02\/01\/patricia-hayes-fotografias-coloniais-sao-piores-e-melhores-do-que-pensamos\/#primaryimage"},"image":{"@id":"https:\/\/portaltela.pt\/noticias\/2026\/02\/01\/patricia-hayes-fotografias-coloniais-sao-piores-e-melhores-do-que-pensamos\/#primaryimage"},"thumbnailUrl":"https:\/\/portaltela.pt\/s.01k8rhncp4jt1\/2026\/02\/2063391.jpg","datePublished":"2026-02-01T06:30:00+00:00","author":{"@id":"https:\/\/portaltela.pt\/#\/schema\/person\/c4278d4a6028830caff9ee44b42d32ed"},"breadcrumb":{"@id":"https:\/\/portaltela.pt\/noticias\/2026\/02\/01\/patricia-hayes-fotografias-coloniais-sao-piores-e-melhores-do-que-pensamos\/#breadcrumb"},"inLanguage":"pt-PT","potentialAction":[{"@type":"ReadAction","target":["https:\/\/portaltela.pt\/noticias\/2026\/02\/01\/patricia-hayes-fotografias-coloniais-sao-piores-e-melhores-do-que-pensamos\/"]}]},{"@type":"ImageObject","inLanguage":"pt-PT","@id":"https:\/\/portaltela.pt\/noticias\/2026\/02\/01\/patricia-hayes-fotografias-coloniais-sao-piores-e-melhores-do-que-pensamos\/#primaryimage","url":"https:\/\/portaltela.pt\/s.01k8rhncp4jt1\/2026\/02\/2063391.jpg","contentUrl":"https:\/\/portaltela.pt\/s.01k8rhncp4jt1\/2026\/02\/2063391.jpg","width":796,"height":448,"caption":"P\u00e1gina do \u00e1lbum que cont\u00e9m mais de duas mil fotografias de Jos\u00e9 Veloso de Castro (na sua grande maioria captadas em Angola no in\u00edcio do s\u00e9culo XX) e que est\u00e1 \u00e0 guarda do Arquivo Hist\u00f3rico Militar, em Lisboa"},{"@type":"BreadcrumbList","@id":"https:\/\/portaltela.pt\/noticias\/2026\/02\/01\/patricia-hayes-fotografias-coloniais-sao-piores-e-melhores-do-que-pensamos\/#breadcrumb","itemListElement":[{"@type":"ListItem","position":1,"name":"In\u00edcio","item":"https:\/\/portaltela.pt\/"},{"@type":"ListItem","position":2,"name":"Patricia Hayes: fotografias coloniais s\u00e3o piores e melhores do que pensamos"}]},{"@type":"WebSite","@id":"https:\/\/portaltela.pt\/#website","url":"https:\/\/portaltela.pt\/","name":"Portal Tela Portugal","description":"","potentialAction":[{"@type":"SearchAction","target":{"@type":"EntryPoint","urlTemplate":"https:\/\/portaltela.pt\/?s={search_term_string}"},"query-input":{"@type":"PropertyValueSpecification","valueRequired":true,"valueName":"search_term_string"}}],"inLanguage":"pt-PT"},{"@type":"Person","@id":"https:\/\/portaltela.pt\/#\/schema\/person\/c4278d4a6028830caff9ee44b42d32ed","name":"Telinha","image":{"@type":"ImageObject","inLanguage":"pt-PT","@id":"https:\/\/portaltela.pt\/s.01k8rhncp4jt1\/2025\/11\/talking-bot-125x125.png","url":"https:\/\/portaltela.pt\/s.01k8rhncp4jt1\/2025\/11\/talking-bot-125x125.png","contentUrl":"https:\/\/portaltela.pt\/s.01k8rhncp4jt1\/2025\/11\/talking-bot-125x125.png","caption":"Telinha"},"sameAs":["https:\/\/portaltela.pt\/"],"url":"https:\/\/portaltela.pt\/por\/367410592786\/"}]}},"_links":{"self":[{"href":"https:\/\/portaltela.pt\/api\/wp\/v2\/posts\/187994","targetHints":{"allow":["GET"]}}],"collection":[{"href":"https:\/\/portaltela.pt\/api\/wp\/v2\/posts"}],"about":[{"href":"https:\/\/portaltela.pt\/api\/wp\/v2\/types\/post"}],"author":[{"embeddable":true,"href":"https:\/\/portaltela.pt\/api\/wp\/v2\/users\/2"}],"replies":[{"embeddable":true,"href":"https:\/\/portaltela.pt\/api\/wp\/v2\/comments?post=187994"}],"version-history":[{"count":0,"href":"https:\/\/portaltela.pt\/api\/wp\/v2\/posts\/187994\/revisions"}],"wp:featuredmedia":[{"embeddable":true,"href":"https:\/\/portaltela.pt\/api\/wp\/v2\/media\/187996"}],"wp:attachment":[{"href":"https:\/\/portaltela.pt\/api\/wp\/v2\/media?parent=187994"}],"wp:term":[{"taxonomy":"category","embeddable":true,"href":"https:\/\/portaltela.pt\/api\/wp\/v2\/categories?post=187994"},{"taxonomy":"post_tag","embeddable":true,"href":"https:\/\/portaltela.pt\/api\/wp\/v2\/tags?post=187994"}],"curies":[{"name":"wp","href":"https:\/\/api.w.org\/{rel}","templated":true}]}}