{"id":187988,"date":"2026-02-01T04:39:00","date_gmt":"2026-02-01T07:39:00","guid":{"rendered":"https:\/\/portaltela.pt\/noticias\/2026\/02\/01\/morita-recebe-credito-para-a-titularidade\/"},"modified":"2026-02-01T04:39:00","modified_gmt":"2026-02-01T07:39:00","slug":"morita-recebe-credito-para-a-titularidade","status":"publish","type":"post","link":"https:\/\/portaltela.pt\/desporto\/futebol\/2026\/02\/01\/morita-recebe-credito-para-a-titularidade\/","title":{"rendered":"Morita recebe cr\u00e9dito para a titularidade"},"content":{"rendered":"<p>A equipa t\u00e9cnica de Rui Borges prepara altera\u00e7\u00f5es no onze para a sess\u00e3o desta tarde, ap\u00f3s a vit\u00f3ria em Bilbau que gerou desgaste no plantel. A gest\u00e3o do grupo passa a ganhar import\u00e2ncia para manter o rendimento ao longo da competi\u00e7\u00e3o.<\/p>\n<p>A principal novidade pode ser o regresso de Morita \u00e0 titularidade. O japon\u00eas tem sido op\u00e7\u00e3o recorrente e aparece como pe\u00e7a central na evolu\u00e7\u00e3o do conjunto, num contexto de redu\u00e7\u00e3o de op\u00e7\u00f5es devido \u00e0s les\u00f5es.<\/p>\n<p>O foco da decis\u00e3o recai sobre a adapta\u00e7\u00e3o t\u00e1tica e a forma f\u00edsica do plantel, com Borges a privilegiar uma gest\u00e3o cautelosa para evitar novas quebras. O objetivo \u00e9 manter o desempenho sem sobrecarregar jogadores-chave.<\/p>\n<p>A equipa enfrenta uma janela de jogos exigente, o que justifica a aposta em rostos j\u00e1 conhecidos que conhecem o regime de treino e o estilo de jogo adotado. Morita surge, assim, como elemento fiel ao plano proposto pelo t\u00e9cnico.<\/p>\n","protected":false},"excerpt":{"rendered":"<ul>\n<li>Rui Borges pode gerir o plantel de forma mais eficiente \u00e0 medida que surgem mais les\u00f5es, reduzindo op\u00e7\u00f5es dispon\u00edveis.<\/li>\n<li>Depois da vit\u00f3ria em Bilbau, s\u00e3o esperadas altera\u00e7\u00f5es no onze titular para o jogo desta tarde.<\/li>\n<li>Morita dever\u00e1 regressar \u00e0 titularidade, sendo a principal novidade da equipa.<\/li>\n<li>O desgaste causado pela vit\u00f3ria anterior \u00e9 citado como fator para ajustar a estrat\u00e9gia e a rota\u00e7\u00e3o.<\/li>\n<li>O conjunto japon\u00eas de Morita surge em crescendo no contexto da \u00e9poca.<\/li>\n<\/ul>\n","protected":false},"author":2,"featured_media":187989,"comment_status":"closed","ping_status":"closed","sticky":false,"template":"","format":"standard","meta":{"footnotes":""},"categories":[21,24],"tags":[32,1747,242,2538,3286,2635],"class_list":["post-187988","post","type-post","status-publish","format-standard","has-post-thumbnail","hentry","category-desporto","category-futebol","tag-futebol","tag-futebol-profissional","tag-jogadores","tag-lesoes","tag-morita","tag-rui-borges"],"yoast_head":"<!-- This site is optimized with the Yoast SEO plugin v27.2 - https:\/\/yoast.com\/product\/yoast-seo-wordpress\/ -->\n<title>Morita recebe cr\u00e9dito para a titularidade - Portal Tela Portugal<\/title>\n<meta name=\"robots\" content=\"index, follow, max-snippet:-1, max-image-preview:large, max-video-preview:-1\" \/>\n<meta property=\"og:locale\" content=\"pt_PT\" \/>\n<meta property=\"og:type\" content=\"article\" \/>\n<meta property=\"og:title\" content=\"Morita recebe cr\u00e9dito para a titularidade - Portal Tela Portugal\" \/>\n<meta property=\"og:description\" content=\"Rui Borges pode gerir o plantel de forma mais eficiente \u00e0 medida que surgem mais les\u00f5es, reduzindo op\u00e7\u00f5es dispon\u00edveis. Depois da vit\u00f3ria em Bilbau, s\u00e3o esperadas altera\u00e7\u00f5es no onze titular para o jogo desta tarde. Morita dever\u00e1 regressar \u00e0 titularidade, sendo a principal novidade da equipa. O desgaste causado pela vit\u00f3ria anterior \u00e9 citado como fator para ajustar a estrat\u00e9gia e a rota\u00e7\u00e3o. O conjunto japon\u00eas de Morita surge em crescendo no contexto da \u00e9poca.\" \/>\n<meta property=\"og:url\" content=\"https:\/\/portaltela.pt\/noticias\/2026\/02\/01\/morita-recebe-credito-para-a-titularidade\/\" \/>\n<meta property=\"og:site_name\" content=\"Portal Tela Portugal\" \/>\n<meta property=\"article:published_time\" content=\"2026-02-01T07:39:00+00:00\" \/>\n<meta name=\"author\" content=\"Telinha\" \/>\n<meta name=\"twitter:card\" content=\"summary_large_image\" \/>\n<meta name=\"twitter:label1\" content=\"Escrito por\" \/>\n\t<meta name=\"twitter:data1\" content=\"Telinha\" \/>\n\t<meta name=\"twitter:label2\" content=\"Tempo estimado de leitura\" \/>\n\t<meta name=\"twitter:data2\" content=\"1 minuto\" \/>\n<script type=\"application\/ld+json\" class=\"yoast-schema-graph\">{\"@context\":\"https:\/\/schema.org\",\"@graph\":[{\"@type\":\"Article\",\"@id\":\"https:\/\/portaltela.pt\/noticias\/2026\/02\/01\/morita-recebe-credito-para-a-titularidade\/#article\",\"isPartOf\":{\"@id\":\"https:\/\/portaltela.pt\/noticias\/2026\/02\/01\/morita-recebe-credito-para-a-titularidade\/\"},\"author\":{\"name\":\"Telinha\",\"@id\":\"https:\/\/portaltela.pt\/#\/schema\/person\/c4278d4a6028830caff9ee44b42d32ed\"},\"headline\":\"Morita recebe cr\u00e9dito para a titularidade\",\"datePublished\":\"2026-02-01T07:39:00+00:00\",\"mainEntityOfPage\":{\"@id\":\"https:\/\/portaltela.pt\/noticias\/2026\/02\/01\/morita-recebe-credito-para-a-titularidade\/\"},\"wordCount\":177,\"image\":{\"@id\":\"https:\/\/portaltela.pt\/noticias\/2026\/02\/01\/morita-recebe-credito-para-a-titularidade\/#primaryimage\"},\"thumbnailUrl\":\"https:\/\/portaltela.pt\/s.01k8rhncp4jt1\/2026\/02\/img_920x518uu2025-10-05-09-20-37-2394034.jpg\",\"keywords\":[\"futebol\",\"Futebol Profissional\",\"jogadores\",\"les\u00f5es\",\"Morita\",\"Rui Borges\"],\"articleSection\":[\"Desporto\",\"Futebol\"],\"inLanguage\":\"pt-PT\"},{\"@type\":\"WebPage\",\"@id\":\"https:\/\/portaltela.pt\/noticias\/2026\/02\/01\/morita-recebe-credito-para-a-titularidade\/\",\"url\":\"https:\/\/portaltela.pt\/noticias\/2026\/02\/01\/morita-recebe-credito-para-a-titularidade\/\",\"name\":\"Morita recebe cr\u00e9dito para a titularidade - Portal Tela Portugal\",\"isPartOf\":{\"@id\":\"https:\/\/portaltela.pt\/#website\"},\"primaryImageOfPage\":{\"@id\":\"https:\/\/portaltela.pt\/noticias\/2026\/02\/01\/morita-recebe-credito-para-a-titularidade\/#primaryimage\"},\"image\":{\"@id\":\"https:\/\/portaltela.pt\/noticias\/2026\/02\/01\/morita-recebe-credito-para-a-titularidade\/#primaryimage\"},\"thumbnailUrl\":\"https:\/\/portaltela.pt\/s.01k8rhncp4jt1\/2026\/02\/img_920x518uu2025-10-05-09-20-37-2394034.jpg\",\"datePublished\":\"2026-02-01T07:39:00+00:00\",\"author\":{\"@id\":\"https:\/\/portaltela.pt\/#\/schema\/person\/c4278d4a6028830caff9ee44b42d32ed\"},\"breadcrumb\":{\"@id\":\"https:\/\/portaltela.pt\/noticias\/2026\/02\/01\/morita-recebe-credito-para-a-titularidade\/#breadcrumb\"},\"inLanguage\":\"pt-PT\",\"potentialAction\":[{\"@type\":\"ReadAction\",\"target\":[\"https:\/\/portaltela.pt\/noticias\/2026\/02\/01\/morita-recebe-credito-para-a-titularidade\/\"]}]},{\"@type\":\"ImageObject\",\"inLanguage\":\"pt-PT\",\"@id\":\"https:\/\/portaltela.pt\/noticias\/2026\/02\/01\/morita-recebe-credito-para-a-titularidade\/#primaryimage\",\"url\":\"https:\/\/portaltela.pt\/s.01k8rhncp4jt1\/2026\/02\/img_920x518uu2025-10-05-09-20-37-2394034.jpg\",\"contentUrl\":\"https:\/\/portaltela.pt\/s.01k8rhncp4jt1\/2026\/02\/img_920x518uu2025-10-05-09-20-37-2394034.jpg\",\"width\":796,\"height\":448,\"caption\":\"Morita\"},{\"@type\":\"BreadcrumbList\",\"@id\":\"https:\/\/portaltela.pt\/noticias\/2026\/02\/01\/morita-recebe-credito-para-a-titularidade\/#breadcrumb\",\"itemListElement\":[{\"@type\":\"ListItem\",\"position\":1,\"name\":\"In\u00edcio\",\"item\":\"https:\/\/portaltela.pt\/\"},{\"@type\":\"ListItem\",\"position\":2,\"name\":\"Morita recebe cr\u00e9dito para a titularidade\"}]},{\"@type\":\"WebSite\",\"@id\":\"https:\/\/portaltela.pt\/#website\",\"url\":\"https:\/\/portaltela.pt\/\",\"name\":\"Portal Tela Portugal\",\"description\":\"\",\"potentialAction\":[{\"@type\":\"SearchAction\",\"target\":{\"@type\":\"EntryPoint\",\"urlTemplate\":\"https:\/\/portaltela.pt\/?s={search_term_string}\"},\"query-input\":{\"@type\":\"PropertyValueSpecification\",\"valueRequired\":true,\"valueName\":\"search_term_string\"}}],\"inLanguage\":\"pt-PT\"},{\"@type\":\"Person\",\"@id\":\"https:\/\/portaltela.pt\/#\/schema\/person\/c4278d4a6028830caff9ee44b42d32ed\",\"name\":\"Telinha\",\"image\":{\"@type\":\"ImageObject\",\"inLanguage\":\"pt-PT\",\"@id\":\"https:\/\/portaltela.pt\/s.01k8rhncp4jt1\/2025\/11\/talking-bot-125x125.png\",\"url\":\"https:\/\/portaltela.pt\/s.01k8rhncp4jt1\/2025\/11\/talking-bot-125x125.png\",\"contentUrl\":\"https:\/\/portaltela.pt\/s.01k8rhncp4jt1\/2025\/11\/talking-bot-125x125.png\",\"caption\":\"Telinha\"},\"sameAs\":[\"https:\/\/portaltela.pt\/\"],\"url\":\"https:\/\/portaltela.pt\/por\/367410592786\/\"}]}<\/script>\n<!-- \/ Yoast SEO plugin. -->","yoast_head_json":{"title":"Morita recebe cr\u00e9dito para a titularidade - Portal Tela Portugal","robots":{"index":"index","follow":"follow","max-snippet":"max-snippet:-1","max-image-preview":"max-image-preview:large","max-video-preview":"max-video-preview:-1"},"og_locale":"pt_PT","og_type":"article","og_title":"Morita recebe cr\u00e9dito para a titularidade - Portal Tela Portugal","og_description":"Rui Borges pode gerir o plantel de forma mais eficiente \u00e0 medida que surgem mais les\u00f5es, reduzindo op\u00e7\u00f5es dispon\u00edveis. Depois da vit\u00f3ria em Bilbau, s\u00e3o esperadas altera\u00e7\u00f5es no onze titular para o jogo desta tarde. Morita dever\u00e1 regressar \u00e0 titularidade, sendo a principal novidade da equipa. O desgaste causado pela vit\u00f3ria anterior \u00e9 citado como fator para ajustar a estrat\u00e9gia e a rota\u00e7\u00e3o. O conjunto japon\u00eas de Morita surge em crescendo no contexto da \u00e9poca.","og_url":"https:\/\/portaltela.pt\/noticias\/2026\/02\/01\/morita-recebe-credito-para-a-titularidade\/","og_site_name":"Portal Tela Portugal","article_published_time":"2026-02-01T07:39:00+00:00","author":"Telinha","twitter_card":"summary_large_image","twitter_misc":{"Escrito por":"Telinha","Tempo estimado de leitura":"1 minuto"},"schema":{"@context":"https:\/\/schema.org","@graph":[{"@type":"Article","@id":"https:\/\/portaltela.pt\/noticias\/2026\/02\/01\/morita-recebe-credito-para-a-titularidade\/#article","isPartOf":{"@id":"https:\/\/portaltela.pt\/noticias\/2026\/02\/01\/morita-recebe-credito-para-a-titularidade\/"},"author":{"name":"Telinha","@id":"https:\/\/portaltela.pt\/#\/schema\/person\/c4278d4a6028830caff9ee44b42d32ed"},"headline":"Morita recebe cr\u00e9dito para a titularidade","datePublished":"2026-02-01T07:39:00+00:00","mainEntityOfPage":{"@id":"https:\/\/portaltela.pt\/noticias\/2026\/02\/01\/morita-recebe-credito-para-a-titularidade\/"},"wordCount":177,"image":{"@id":"https:\/\/portaltela.pt\/noticias\/2026\/02\/01\/morita-recebe-credito-para-a-titularidade\/#primaryimage"},"thumbnailUrl":"https:\/\/portaltela.pt\/s.01k8rhncp4jt1\/2026\/02\/img_920x518uu2025-10-05-09-20-37-2394034.jpg","keywords":["futebol","Futebol Profissional","jogadores","les\u00f5es","Morita","Rui Borges"],"articleSection":["Desporto","Futebol"],"inLanguage":"pt-PT"},{"@type":"WebPage","@id":"https:\/\/portaltela.pt\/noticias\/2026\/02\/01\/morita-recebe-credito-para-a-titularidade\/","url":"https:\/\/portaltela.pt\/noticias\/2026\/02\/01\/morita-recebe-credito-para-a-titularidade\/","name":"Morita recebe cr\u00e9dito para a titularidade - Portal Tela Portugal","isPartOf":{"@id":"https:\/\/portaltela.pt\/#website"},"primaryImageOfPage":{"@id":"https:\/\/portaltela.pt\/noticias\/2026\/02\/01\/morita-recebe-credito-para-a-titularidade\/#primaryimage"},"image":{"@id":"https:\/\/portaltela.pt\/noticias\/2026\/02\/01\/morita-recebe-credito-para-a-titularidade\/#primaryimage"},"thumbnailUrl":"https:\/\/portaltela.pt\/s.01k8rhncp4jt1\/2026\/02\/img_920x518uu2025-10-05-09-20-37-2394034.jpg","datePublished":"2026-02-01T07:39:00+00:00","author":{"@id":"https:\/\/portaltela.pt\/#\/schema\/person\/c4278d4a6028830caff9ee44b42d32ed"},"breadcrumb":{"@id":"https:\/\/portaltela.pt\/noticias\/2026\/02\/01\/morita-recebe-credito-para-a-titularidade\/#breadcrumb"},"inLanguage":"pt-PT","potentialAction":[{"@type":"ReadAction","target":["https:\/\/portaltela.pt\/noticias\/2026\/02\/01\/morita-recebe-credito-para-a-titularidade\/"]}]},{"@type":"ImageObject","inLanguage":"pt-PT","@id":"https:\/\/portaltela.pt\/noticias\/2026\/02\/01\/morita-recebe-credito-para-a-titularidade\/#primaryimage","url":"https:\/\/portaltela.pt\/s.01k8rhncp4jt1\/2026\/02\/img_920x518uu2025-10-05-09-20-37-2394034.jpg","contentUrl":"https:\/\/portaltela.pt\/s.01k8rhncp4jt1\/2026\/02\/img_920x518uu2025-10-05-09-20-37-2394034.jpg","width":796,"height":448,"caption":"Morita"},{"@type":"BreadcrumbList","@id":"https:\/\/portaltela.pt\/noticias\/2026\/02\/01\/morita-recebe-credito-para-a-titularidade\/#breadcrumb","itemListElement":[{"@type":"ListItem","position":1,"name":"In\u00edcio","item":"https:\/\/portaltela.pt\/"},{"@type":"ListItem","position":2,"name":"Morita recebe cr\u00e9dito para a titularidade"}]},{"@type":"WebSite","@id":"https:\/\/portaltela.pt\/#website","url":"https:\/\/portaltela.pt\/","name":"Portal Tela Portugal","description":"","potentialAction":[{"@type":"SearchAction","target":{"@type":"EntryPoint","urlTemplate":"https:\/\/portaltela.pt\/?s={search_term_string}"},"query-input":{"@type":"PropertyValueSpecification","valueRequired":true,"valueName":"search_term_string"}}],"inLanguage":"pt-PT"},{"@type":"Person","@id":"https:\/\/portaltela.pt\/#\/schema\/person\/c4278d4a6028830caff9ee44b42d32ed","name":"Telinha","image":{"@type":"ImageObject","inLanguage":"pt-PT","@id":"https:\/\/portaltela.pt\/s.01k8rhncp4jt1\/2025\/11\/talking-bot-125x125.png","url":"https:\/\/portaltela.pt\/s.01k8rhncp4jt1\/2025\/11\/talking-bot-125x125.png","contentUrl":"https:\/\/portaltela.pt\/s.01k8rhncp4jt1\/2025\/11\/talking-bot-125x125.png","caption":"Telinha"},"sameAs":["https:\/\/portaltela.pt\/"],"url":"https:\/\/portaltela.pt\/por\/367410592786\/"}]}},"_links":{"self":[{"href":"https:\/\/portaltela.pt\/api\/wp\/v2\/posts\/187988","targetHints":{"allow":["GET"]}}],"collection":[{"href":"https:\/\/portaltela.pt\/api\/wp\/v2\/posts"}],"about":[{"href":"https:\/\/portaltela.pt\/api\/wp\/v2\/types\/post"}],"author":[{"embeddable":true,"href":"https:\/\/portaltela.pt\/api\/wp\/v2\/users\/2"}],"replies":[{"embeddable":true,"href":"https:\/\/portaltela.pt\/api\/wp\/v2\/comments?post=187988"}],"version-history":[{"count":0,"href":"https:\/\/portaltela.pt\/api\/wp\/v2\/posts\/187988\/revisions"}],"wp:featuredmedia":[{"embeddable":true,"href":"https:\/\/portaltela.pt\/api\/wp\/v2\/media\/187989"}],"wp:attachment":[{"href":"https:\/\/portaltela.pt\/api\/wp\/v2\/media?parent=187988"}],"wp:term":[{"taxonomy":"category","embeddable":true,"href":"https:\/\/portaltela.pt\/api\/wp\/v2\/categories?post=187988"},{"taxonomy":"post_tag","embeddable":true,"href":"https:\/\/portaltela.pt\/api\/wp\/v2\/tags?post=187988"}],"curies":[{"name":"wp","href":"https:\/\/api.w.org\/{rel}","templated":true}]}}