{"id":187964,"date":"2026-02-01T04:00:00","date_gmt":"2026-02-01T07:00:00","guid":{"rendered":"https:\/\/portaltela.pt\/noticias\/2026\/02\/01\/uls-leziria-assegura-emissao-de-atestados-medicos-para-voto-acompanhado\/"},"modified":"2026-02-01T04:00:00","modified_gmt":"2026-02-01T07:00:00","slug":"uls-leziria-assegura-emissao-de-atestados-medicos-para-voto-acompanhado","status":"publish","type":"post","link":"https:\/\/portaltela.pt\/noticias\/2026\/02\/01\/uls-leziria-assegura-emissao-de-atestados-medicos-para-voto-acompanhado\/","title":{"rendered":"ULS Lez\u00edria assegura emiss\u00e3o de atestados m\u00e9dicos para voto acompanhado"},"content":{"rendered":"<p>A Unidade Local de Sa\u00fade da Lez\u00edria (ULS Lez\u00edria) vai disponibilizar, no pr\u00f3ximo dia 8 de fevereiro, v\u00e1rios locais para emiss\u00e3o de atestados m\u00e9dicos destinados a cidad\u00e3os portadores de defici\u00eancia que, por incapacidade f\u00edsica, necessitem de votar acompanhados. O servi\u00e7o funciona entre as 8h00 e as 19h00.<\/p>\n<p>Os atestados podem ser emitidos nos centros de sa\u00fade de Almeirim, Alpiar\u00e7a, Cartaxo, Chamusca, Coruche, Goleg\u00e3, Rio Maior, Salvaterra de Magos e Santar\u00e9m. Os utentes devem levar documento de identifica\u00e7\u00e3o e o n\u00famero de utente.<\/p>\n<p>Quem necessite pode tamb\u00e9m obter o atestado antes do dia da elei\u00e7\u00e3o, via consulta na Unidade de Sa\u00fade P\u00fablica, em Santar\u00e9m. O local fica na Avenida Jos\u00e9 Saramago, 17, 1\u00ba andar.<\/p>\n<p>O atendimento na Unidade de Sa\u00fade P\u00fablica realiza-se de segunda a sexta-feira, entre as 9h00 e as 12h00 e entre as 14h30 e as 16h00. O contacto para marca\u00e7\u00e3o \u00e9 o 243 359 050.<\/p>\n<p>A iniciativa visa facilitar o voto acompanhado para pessoas com defici\u00eancia que, por incapacidade f\u00edsica, necessitam de apoio durante o ato eleitoral, assegurando acesso igual \u00e0 vota\u00e7\u00e3o.<\/p>\n","protected":false},"excerpt":{"rendered":"<ul>\n<li>A Unidade Local de Sa\u00fade da Lez\u00edria vai emitir atestados m\u00e9dicos para voto acompanhado no dia oito de fevereiro, das oito horas \u00e0s dezenove horas, em v\u00e1rios centros de sa\u00fade.<\/li>\n<li>Locais de emiss\u00e3o no distrito: Almeirim, Alpiar\u00e7a, Cartaxo, Chamusca, Coruche, Goleg\u00e3, Rio Maior, Salvaterra de Magos e Santar\u00e9m.<\/li>\n<li>O documento tamb\u00e9m pode ser obtido antes da elei\u00e7\u00e3o, mediante consulta na Unidade de Sa\u00fade P\u00fablica, em Santar\u00e9m, na Avenida Jos\u00e9 Saramago, n\u00famero vinte e sete, primeiro andar.<\/li>\n<li>Atendimento na Unidade de Sa\u00fade P\u00fablica de Santar\u00e9m: de segunda a sexta-feira, entre as nove e as doze horas e entre as catorze e as dezasseis horas; telefone de contacto \u00e9 o 243 359 050.<\/li>\n<\/ul>\n","protected":false},"author":2,"featured_media":187965,"comment_status":"closed","ping_status":"closed","sticky":false,"template":"","format":"standard","meta":{"footnotes":""},"categories":[1],"tags":[3772,1457,2696,68,898,271],"class_list":["post-187964","post","type-post","status-publish","format-standard","has-post-thumbnail","hentry","category-noticias","tag-acessibilidade","tag-almeirim","tag-cartaxo","tag-eleicoes","tag-santarem","tag-saude-publica"],"yoast_head":"<!-- This site is optimized with the Yoast SEO plugin v27.2 - https:\/\/yoast.com\/product\/yoast-seo-wordpress\/ -->\n<title>ULS Lez\u00edria assegura emiss\u00e3o de atestados m\u00e9dicos para voto acompanhado - Portal Tela Portugal<\/title>\n<meta name=\"robots\" content=\"index, follow, max-snippet:-1, max-image-preview:large, max-video-preview:-1\" \/>\n<meta property=\"og:locale\" content=\"pt_PT\" \/>\n<meta property=\"og:type\" content=\"article\" \/>\n<meta property=\"og:title\" content=\"ULS Lez\u00edria assegura emiss\u00e3o de atestados m\u00e9dicos para voto acompanhado - Portal Tela Portugal\" \/>\n<meta property=\"og:description\" content=\"A Unidade Local de Sa\u00fade da Lez\u00edria vai emitir atestados m\u00e9dicos para voto acompanhado no dia oito de fevereiro, das oito horas \u00e0s dezenove horas, em v\u00e1rios centros de sa\u00fade. Locais de emiss\u00e3o no distrito: Almeirim, Alpiar\u00e7a, Cartaxo, Chamusca, Coruche, Goleg\u00e3, Rio Maior, Salvaterra de Magos e Santar\u00e9m. O documento tamb\u00e9m pode ser obtido antes da elei\u00e7\u00e3o, mediante consulta na Unidade de Sa\u00fade P\u00fablica, em Santar\u00e9m, na Avenida Jos\u00e9 Saramago, n\u00famero vinte e sete, primeiro andar. Atendimento na Unidade de Sa\u00fade P\u00fablica de Santar\u00e9m: de segunda a sexta-feira, entre as nove e as doze horas e entre as catorze e as dezasseis horas; telefone de contacto \u00e9 o 243 359 050.\" \/>\n<meta property=\"og:url\" content=\"https:\/\/portaltela.pt\/noticias\/2026\/02\/01\/uls-leziria-assegura-emissao-de-atestados-medicos-para-voto-acompanhado\/\" \/>\n<meta property=\"og:site_name\" content=\"Portal Tela Portugal\" \/>\n<meta property=\"article:published_time\" content=\"2026-02-01T07:00:00+00:00\" \/>\n<meta name=\"author\" content=\"Telinha\" \/>\n<meta name=\"twitter:card\" content=\"summary_large_image\" \/>\n<meta name=\"twitter:label1\" content=\"Escrito por\" \/>\n\t<meta name=\"twitter:data1\" content=\"Telinha\" \/>\n\t<meta name=\"twitter:label2\" content=\"Tempo estimado de leitura\" \/>\n\t<meta name=\"twitter:data2\" content=\"1 minuto\" \/>\n<script type=\"application\/ld+json\" class=\"yoast-schema-graph\">{\"@context\":\"https:\/\/schema.org\",\"@graph\":[{\"@type\":\"Article\",\"@id\":\"https:\/\/portaltela.pt\/noticias\/2026\/02\/01\/uls-leziria-assegura-emissao-de-atestados-medicos-para-voto-acompanhado\/#article\",\"isPartOf\":{\"@id\":\"https:\/\/portaltela.pt\/noticias\/2026\/02\/01\/uls-leziria-assegura-emissao-de-atestados-medicos-para-voto-acompanhado\/\"},\"author\":{\"name\":\"Telinha\",\"@id\":\"https:\/\/portaltela.pt\/#\/schema\/person\/c4278d4a6028830caff9ee44b42d32ed\"},\"headline\":\"ULS Lez\u00edria assegura emiss\u00e3o de atestados m\u00e9dicos para voto acompanhado\",\"datePublished\":\"2026-02-01T07:00:00+00:00\",\"mainEntityOfPage\":{\"@id\":\"https:\/\/portaltela.pt\/noticias\/2026\/02\/01\/uls-leziria-assegura-emissao-de-atestados-medicos-para-voto-acompanhado\/\"},\"wordCount\":206,\"image\":{\"@id\":\"https:\/\/portaltela.pt\/noticias\/2026\/02\/01\/uls-leziria-assegura-emissao-de-atestados-medicos-para-voto-acompanhado\/#primaryimage\"},\"thumbnailUrl\":\"https:\/\/portaltela.pt\/s.01k8rhncp4jt1\/2026\/02\/Eleicoes_Votar_Legislativas_18052025-23.jpg\",\"keywords\":[\"acessibilidade\",\"Almeirim\",\"Cartaxo\",\"elei\u00e7\u00f5es\",\"Santar\u00e9m\",\"sa\u00fade p\u00fablica\"],\"articleSection\":[\"Not\u00edcias\"],\"inLanguage\":\"pt-PT\"},{\"@type\":\"WebPage\",\"@id\":\"https:\/\/portaltela.pt\/noticias\/2026\/02\/01\/uls-leziria-assegura-emissao-de-atestados-medicos-para-voto-acompanhado\/\",\"url\":\"https:\/\/portaltela.pt\/noticias\/2026\/02\/01\/uls-leziria-assegura-emissao-de-atestados-medicos-para-voto-acompanhado\/\",\"name\":\"ULS Lez\u00edria assegura emiss\u00e3o de atestados m\u00e9dicos para voto acompanhado - Portal Tela Portugal\",\"isPartOf\":{\"@id\":\"https:\/\/portaltela.pt\/#website\"},\"primaryImageOfPage\":{\"@id\":\"https:\/\/portaltela.pt\/noticias\/2026\/02\/01\/uls-leziria-assegura-emissao-de-atestados-medicos-para-voto-acompanhado\/#primaryimage\"},\"image\":{\"@id\":\"https:\/\/portaltela.pt\/noticias\/2026\/02\/01\/uls-leziria-assegura-emissao-de-atestados-medicos-para-voto-acompanhado\/#primaryimage\"},\"thumbnailUrl\":\"https:\/\/portaltela.pt\/s.01k8rhncp4jt1\/2026\/02\/Eleicoes_Votar_Legislativas_18052025-23.jpg\",\"datePublished\":\"2026-02-01T07:00:00+00:00\",\"author\":{\"@id\":\"https:\/\/portaltela.pt\/#\/schema\/person\/c4278d4a6028830caff9ee44b42d32ed\"},\"breadcrumb\":{\"@id\":\"https:\/\/portaltela.pt\/noticias\/2026\/02\/01\/uls-leziria-assegura-emissao-de-atestados-medicos-para-voto-acompanhado\/#breadcrumb\"},\"inLanguage\":\"pt-PT\",\"potentialAction\":[{\"@type\":\"ReadAction\",\"target\":[\"https:\/\/portaltela.pt\/noticias\/2026\/02\/01\/uls-leziria-assegura-emissao-de-atestados-medicos-para-voto-acompanhado\/\"]}]},{\"@type\":\"ImageObject\",\"inLanguage\":\"pt-PT\",\"@id\":\"https:\/\/portaltela.pt\/noticias\/2026\/02\/01\/uls-leziria-assegura-emissao-de-atestados-medicos-para-voto-acompanhado\/#primaryimage\",\"url\":\"https:\/\/portaltela.pt\/s.01k8rhncp4jt1\/2026\/02\/Eleicoes_Votar_Legislativas_18052025-23.jpg\",\"contentUrl\":\"https:\/\/portaltela.pt\/s.01k8rhncp4jt1\/2026\/02\/Eleicoes_Votar_Legislativas_18052025-23.jpg\",\"width\":796,\"height\":448,\"caption\":\"Todos os boletins dos emigrantes registados, Chega \u00e9 o mais votado\"},{\"@type\":\"BreadcrumbList\",\"@id\":\"https:\/\/portaltela.pt\/noticias\/2026\/02\/01\/uls-leziria-assegura-emissao-de-atestados-medicos-para-voto-acompanhado\/#breadcrumb\",\"itemListElement\":[{\"@type\":\"ListItem\",\"position\":1,\"name\":\"In\u00edcio\",\"item\":\"https:\/\/portaltela.pt\/\"},{\"@type\":\"ListItem\",\"position\":2,\"name\":\"ULS Lez\u00edria assegura emiss\u00e3o de atestados m\u00e9dicos para voto acompanhado\"}]},{\"@type\":\"WebSite\",\"@id\":\"https:\/\/portaltela.pt\/#website\",\"url\":\"https:\/\/portaltela.pt\/\",\"name\":\"Portal Tela Portugal\",\"description\":\"\",\"potentialAction\":[{\"@type\":\"SearchAction\",\"target\":{\"@type\":\"EntryPoint\",\"urlTemplate\":\"https:\/\/portaltela.pt\/?s={search_term_string}\"},\"query-input\":{\"@type\":\"PropertyValueSpecification\",\"valueRequired\":true,\"valueName\":\"search_term_string\"}}],\"inLanguage\":\"pt-PT\"},{\"@type\":\"Person\",\"@id\":\"https:\/\/portaltela.pt\/#\/schema\/person\/c4278d4a6028830caff9ee44b42d32ed\",\"name\":\"Telinha\",\"image\":{\"@type\":\"ImageObject\",\"inLanguage\":\"pt-PT\",\"@id\":\"https:\/\/portaltela.pt\/s.01k8rhncp4jt1\/2025\/11\/talking-bot-125x125.png\",\"url\":\"https:\/\/portaltela.pt\/s.01k8rhncp4jt1\/2025\/11\/talking-bot-125x125.png\",\"contentUrl\":\"https:\/\/portaltela.pt\/s.01k8rhncp4jt1\/2025\/11\/talking-bot-125x125.png\",\"caption\":\"Telinha\"},\"sameAs\":[\"https:\/\/portaltela.pt\/\"],\"url\":\"https:\/\/portaltela.pt\/por\/367410592786\/\"}]}<\/script>\n<!-- \/ Yoast SEO plugin. -->","yoast_head_json":{"title":"ULS Lez\u00edria assegura emiss\u00e3o de atestados m\u00e9dicos para voto acompanhado - Portal Tela Portugal","robots":{"index":"index","follow":"follow","max-snippet":"max-snippet:-1","max-image-preview":"max-image-preview:large","max-video-preview":"max-video-preview:-1"},"og_locale":"pt_PT","og_type":"article","og_title":"ULS Lez\u00edria assegura emiss\u00e3o de atestados m\u00e9dicos para voto acompanhado - Portal Tela Portugal","og_description":"A Unidade Local de Sa\u00fade da Lez\u00edria vai emitir atestados m\u00e9dicos para voto acompanhado no dia oito de fevereiro, das oito horas \u00e0s dezenove horas, em v\u00e1rios centros de sa\u00fade. Locais de emiss\u00e3o no distrito: Almeirim, Alpiar\u00e7a, Cartaxo, Chamusca, Coruche, Goleg\u00e3, Rio Maior, Salvaterra de Magos e Santar\u00e9m. O documento tamb\u00e9m pode ser obtido antes da elei\u00e7\u00e3o, mediante consulta na Unidade de Sa\u00fade P\u00fablica, em Santar\u00e9m, na Avenida Jos\u00e9 Saramago, n\u00famero vinte e sete, primeiro andar. Atendimento na Unidade de Sa\u00fade P\u00fablica de Santar\u00e9m: de segunda a sexta-feira, entre as nove e as doze horas e entre as catorze e as dezasseis horas; telefone de contacto \u00e9 o 243 359 050.","og_url":"https:\/\/portaltela.pt\/noticias\/2026\/02\/01\/uls-leziria-assegura-emissao-de-atestados-medicos-para-voto-acompanhado\/","og_site_name":"Portal Tela Portugal","article_published_time":"2026-02-01T07:00:00+00:00","author":"Telinha","twitter_card":"summary_large_image","twitter_misc":{"Escrito por":"Telinha","Tempo estimado de leitura":"1 minuto"},"schema":{"@context":"https:\/\/schema.org","@graph":[{"@type":"Article","@id":"https:\/\/portaltela.pt\/noticias\/2026\/02\/01\/uls-leziria-assegura-emissao-de-atestados-medicos-para-voto-acompanhado\/#article","isPartOf":{"@id":"https:\/\/portaltela.pt\/noticias\/2026\/02\/01\/uls-leziria-assegura-emissao-de-atestados-medicos-para-voto-acompanhado\/"},"author":{"name":"Telinha","@id":"https:\/\/portaltela.pt\/#\/schema\/person\/c4278d4a6028830caff9ee44b42d32ed"},"headline":"ULS Lez\u00edria assegura emiss\u00e3o de atestados m\u00e9dicos para voto acompanhado","datePublished":"2026-02-01T07:00:00+00:00","mainEntityOfPage":{"@id":"https:\/\/portaltela.pt\/noticias\/2026\/02\/01\/uls-leziria-assegura-emissao-de-atestados-medicos-para-voto-acompanhado\/"},"wordCount":206,"image":{"@id":"https:\/\/portaltela.pt\/noticias\/2026\/02\/01\/uls-leziria-assegura-emissao-de-atestados-medicos-para-voto-acompanhado\/#primaryimage"},"thumbnailUrl":"https:\/\/portaltela.pt\/s.01k8rhncp4jt1\/2026\/02\/Eleicoes_Votar_Legislativas_18052025-23.jpg","keywords":["acessibilidade","Almeirim","Cartaxo","elei\u00e7\u00f5es","Santar\u00e9m","sa\u00fade p\u00fablica"],"articleSection":["Not\u00edcias"],"inLanguage":"pt-PT"},{"@type":"WebPage","@id":"https:\/\/portaltela.pt\/noticias\/2026\/02\/01\/uls-leziria-assegura-emissao-de-atestados-medicos-para-voto-acompanhado\/","url":"https:\/\/portaltela.pt\/noticias\/2026\/02\/01\/uls-leziria-assegura-emissao-de-atestados-medicos-para-voto-acompanhado\/","name":"ULS Lez\u00edria assegura emiss\u00e3o de atestados m\u00e9dicos para voto acompanhado - Portal Tela Portugal","isPartOf":{"@id":"https:\/\/portaltela.pt\/#website"},"primaryImageOfPage":{"@id":"https:\/\/portaltela.pt\/noticias\/2026\/02\/01\/uls-leziria-assegura-emissao-de-atestados-medicos-para-voto-acompanhado\/#primaryimage"},"image":{"@id":"https:\/\/portaltela.pt\/noticias\/2026\/02\/01\/uls-leziria-assegura-emissao-de-atestados-medicos-para-voto-acompanhado\/#primaryimage"},"thumbnailUrl":"https:\/\/portaltela.pt\/s.01k8rhncp4jt1\/2026\/02\/Eleicoes_Votar_Legislativas_18052025-23.jpg","datePublished":"2026-02-01T07:00:00+00:00","author":{"@id":"https:\/\/portaltela.pt\/#\/schema\/person\/c4278d4a6028830caff9ee44b42d32ed"},"breadcrumb":{"@id":"https:\/\/portaltela.pt\/noticias\/2026\/02\/01\/uls-leziria-assegura-emissao-de-atestados-medicos-para-voto-acompanhado\/#breadcrumb"},"inLanguage":"pt-PT","potentialAction":[{"@type":"ReadAction","target":["https:\/\/portaltela.pt\/noticias\/2026\/02\/01\/uls-leziria-assegura-emissao-de-atestados-medicos-para-voto-acompanhado\/"]}]},{"@type":"ImageObject","inLanguage":"pt-PT","@id":"https:\/\/portaltela.pt\/noticias\/2026\/02\/01\/uls-leziria-assegura-emissao-de-atestados-medicos-para-voto-acompanhado\/#primaryimage","url":"https:\/\/portaltela.pt\/s.01k8rhncp4jt1\/2026\/02\/Eleicoes_Votar_Legislativas_18052025-23.jpg","contentUrl":"https:\/\/portaltela.pt\/s.01k8rhncp4jt1\/2026\/02\/Eleicoes_Votar_Legislativas_18052025-23.jpg","width":796,"height":448,"caption":"Todos os boletins dos emigrantes registados, Chega \u00e9 o mais votado"},{"@type":"BreadcrumbList","@id":"https:\/\/portaltela.pt\/noticias\/2026\/02\/01\/uls-leziria-assegura-emissao-de-atestados-medicos-para-voto-acompanhado\/#breadcrumb","itemListElement":[{"@type":"ListItem","position":1,"name":"In\u00edcio","item":"https:\/\/portaltela.pt\/"},{"@type":"ListItem","position":2,"name":"ULS Lez\u00edria assegura emiss\u00e3o de atestados m\u00e9dicos para voto acompanhado"}]},{"@type":"WebSite","@id":"https:\/\/portaltela.pt\/#website","url":"https:\/\/portaltela.pt\/","name":"Portal Tela Portugal","description":"","potentialAction":[{"@type":"SearchAction","target":{"@type":"EntryPoint","urlTemplate":"https:\/\/portaltela.pt\/?s={search_term_string}"},"query-input":{"@type":"PropertyValueSpecification","valueRequired":true,"valueName":"search_term_string"}}],"inLanguage":"pt-PT"},{"@type":"Person","@id":"https:\/\/portaltela.pt\/#\/schema\/person\/c4278d4a6028830caff9ee44b42d32ed","name":"Telinha","image":{"@type":"ImageObject","inLanguage":"pt-PT","@id":"https:\/\/portaltela.pt\/s.01k8rhncp4jt1\/2025\/11\/talking-bot-125x125.png","url":"https:\/\/portaltela.pt\/s.01k8rhncp4jt1\/2025\/11\/talking-bot-125x125.png","contentUrl":"https:\/\/portaltela.pt\/s.01k8rhncp4jt1\/2025\/11\/talking-bot-125x125.png","caption":"Telinha"},"sameAs":["https:\/\/portaltela.pt\/"],"url":"https:\/\/portaltela.pt\/por\/367410592786\/"}]}},"_links":{"self":[{"href":"https:\/\/portaltela.pt\/api\/wp\/v2\/posts\/187964","targetHints":{"allow":["GET"]}}],"collection":[{"href":"https:\/\/portaltela.pt\/api\/wp\/v2\/posts"}],"about":[{"href":"https:\/\/portaltela.pt\/api\/wp\/v2\/types\/post"}],"author":[{"embeddable":true,"href":"https:\/\/portaltela.pt\/api\/wp\/v2\/users\/2"}],"replies":[{"embeddable":true,"href":"https:\/\/portaltela.pt\/api\/wp\/v2\/comments?post=187964"}],"version-history":[{"count":0,"href":"https:\/\/portaltela.pt\/api\/wp\/v2\/posts\/187964\/revisions"}],"wp:featuredmedia":[{"embeddable":true,"href":"https:\/\/portaltela.pt\/api\/wp\/v2\/media\/187965"}],"wp:attachment":[{"href":"https:\/\/portaltela.pt\/api\/wp\/v2\/media?parent=187964"}],"wp:term":[{"taxonomy":"category","embeddable":true,"href":"https:\/\/portaltela.pt\/api\/wp\/v2\/categories?post=187964"},{"taxonomy":"post_tag","embeddable":true,"href":"https:\/\/portaltela.pt\/api\/wp\/v2\/tags?post=187964"}],"curies":[{"name":"wp","href":"https:\/\/api.w.org\/{rel}","templated":true}]}}