{"id":187943,"date":"2026-02-01T03:08:00","date_gmt":"2026-02-01T06:08:00","guid":{"rendered":"https:\/\/portaltela.pt\/noticias\/2026\/02\/01\/empresa-angolana-abre-casa-de-caridade-as-quintas-feiras-para-ajudar\/"},"modified":"2026-02-01T03:08:00","modified_gmt":"2026-02-01T06:08:00","slug":"empresa-angolana-abre-casa-de-caridade-as-quintas-feiras-para-ajudar","status":"publish","type":"post","link":"https:\/\/portaltela.pt\/noticias\/2026\/02\/01\/empresa-angolana-abre-casa-de-caridade-as-quintas-feiras-para-ajudar\/","title":{"rendered":"Empresa angolana abre casa de caridade \u00e0s quintas-feiras para ajudar"},"content":{"rendered":"<p>Uma empresa de seguran\u00e7a privada em Luanda transformou-se, \u00e0s quintas-feiras, numa casa de caridade que distribui p\u00e3o a centenas de pessoas carenciadas. Ex-militares, idosos, jovens e crian\u00e7as convergem para o bairro Vila Alice, a partir das 13h, para receber uma merenda de 10 p\u00e3es por pessoa, em frente \u00e0 empresa na rua Jo\u00e3o de Deus. O gesto ocorre semanalmente, desde 2022, e pretende mitigar a fome enquanto se criticam, de forma geral, as autoridades pela despistada assist\u00eancia social.<\/p>\n<p>Mais de 300 pessoas s\u00e3o atendidas a cada quinta-feira, com assist\u00eancia que n\u00e3o se limita a Luanda mas tamb\u00e9m se estende a outras prov\u00edncias, como Huambo. Os benefici\u00e1rios chegam por ordem de chegada, ocupando parte da via de sentido \u00fanico e aguardando pela abertura das portas. A entrega \u00e9 feita pela equipa da empresa, que troca as armas por sacos de p\u00e3o nesse dia.<\/p>\n<h3>Quem est\u00e1 envolvido<\/h3>\n<p>Entre os beneficiados est\u00e3o antigos combatentes das FAPLA, fam\u00edlias com crian\u00e7as ao colo e moradores de v\u00e1rios bairros da capital. A dire\u00e7\u00e3o da empresa de seguran\u00e7a, representada por Concei\u00e7\u00e3o Andr\u00e9 Francisco, comenta que a iniciativa j\u00e1 dura quase uma d\u00e9cada e que o n\u00famero de pessoas assistidas tem aumentado ao longo dos anos.<\/p>\n<h3>Como funciona a distribui\u00e7\u00e3o<\/h3>\n<p>A empresa afirma ter adaptado a quantidade de p\u00e3o em fun\u00e7\u00e3o da procura. Inicialmente distribu\u00eda 20 p\u00e3es por pessoa, mas reduziu para 10 para conseguir atender a todos os que batem \u00e0 porta. A atividade \u00e9 financiada pelos lucros da pr\u00f3pria empresa, que tamb\u00e9m utiliza parte do alimento para colaborar com outras regi\u00f5es do pa\u00eds.<\/p>\n<h3>Rea\u00e7\u00f5es e contexto<\/h3>\n<p>Os participantes destacam a import\u00e2ncia da ajuda, associando-a a uma resposta pr\u00e1tica \u00e0s dificuldades alimentares. Diversos utentes apelam \u00e0 continuidade e \u00e0 expans\u00e3o de iniciativas semelhantes, enquanto reclamam da falta de apoio institucional compat\u00edvel com a necessidade: a situa\u00e7\u00e3o \u00e9 descrita como marcada por dificuldades constantes e car\u00eancia alimentar.<\/p>\n<h3>Perspetivas da organiza\u00e7\u00e3o<\/h3>\n<p>A dire\u00e7\u00e3o operacional da Riansil Seguran\u00e7a indica que a pr\u00e1tica n\u00e3o \u00e9 apenas uma resposta local, mas uma origem de apoio que j\u00e1 se estende a outras zonas do pa\u00eds. Conforme o respons\u00e1vel, o modelo de distribui\u00e7\u00e3o baseia-se no que a empresa consegue angariar, com a ideia de que a solidariedade tamb\u00e9m envolve a equipa, que participa na a\u00e7\u00e3o.<\/p>\n","protected":false},"excerpt":{"rendered":"<ul>\n<li>Toda quinta-feira, em Luanda, mais de 300 pessoas carenciadas recebem p\u00e3es numa a\u00e7\u00e3o de caridade promovida pela empresa de seguran\u00e7a privada Riansil Seguran\u00e7a, na Vila Alice.<\/li>\n<li>A distribui\u00e7\u00e3o tem in\u00edcio por volta das 13:00, junto \u00e0 rua Jo\u00e3o de Deus, com os benefici\u00e1rios, incluindo ex-militares, idosos, jovens e crian\u00e7as, \u00e0 entrada e em v\u00e1rias filas.<\/li>\n<li>A merenda consiste em dez p\u00e3es por pessoa, independentemente da idade; anteriormente eram distribu\u00eddos vinte p\u00e3es, mas a empresa ajustou a quantidade devido ao aumento da procura.<\/li>\n<li>A iniciativa, que come\u00e7ou h\u00e1 quase uma d\u00e9cada, \u00e9 destacada como forma de mitigar a fome enquanto os benefici\u00e1rios criticam o que consideram abandono por parte das autoridades.<\/li>\n<li>O diretor operativo da empresa, Concei\u00e7\u00e3o Andr\u00e9 Francisco, explicou que a a\u00e7\u00e3o resulta dos lucros da empresa e que, al\u00e9m de p\u00e3o, h\u00e1 distribui\u00e7\u00f5es em outras prov\u00ednias, incluindo arroz em alguns casos.<\/li>\n<\/ul>\n","protected":false},"author":2,"featured_media":187945,"comment_status":"closed","ping_status":"closed","sticky":false,"template":"","format":"standard","meta":{"footnotes":""},"categories":[1],"tags":[1084,3820,4837,2172,2721,4071],"class_list":["post-187943","post","type-post","status-publish","format-standard","has-post-thumbnail","hentry","category-noticias","tag-acao-social","tag-acoes-comunitarias","tag-angola","tag-assistencia-social","tag-luanda","tag-solidariedade-social"],"yoast_head":"<!-- This site is optimized with the Yoast SEO plugin v27.2 - https:\/\/yoast.com\/product\/yoast-seo-wordpress\/ -->\n<title>Empresa angolana abre casa de caridade \u00e0s quintas-feiras para ajudar - Portal Tela Portugal<\/title>\n<meta name=\"robots\" content=\"index, follow, max-snippet:-1, max-image-preview:large, max-video-preview:-1\" \/>\n<meta property=\"og:locale\" content=\"pt_PT\" \/>\n<meta property=\"og:type\" content=\"article\" \/>\n<meta property=\"og:title\" content=\"Empresa angolana abre casa de caridade \u00e0s quintas-feiras para ajudar - Portal Tela Portugal\" \/>\n<meta property=\"og:description\" content=\"Toda quinta-feira, em Luanda, mais de 300 pessoas carenciadas recebem p\u00e3es numa a\u00e7\u00e3o de caridade promovida pela empresa de seguran\u00e7a privada Riansil Seguran\u00e7a, na Vila Alice. A distribui\u00e7\u00e3o tem in\u00edcio por volta das 13:00, junto \u00e0 rua Jo\u00e3o de Deus, com os benefici\u00e1rios, incluindo ex-militares, idosos, jovens e crian\u00e7as, \u00e0 entrada e em v\u00e1rias filas. A merenda consiste em dez p\u00e3es por pessoa, independentemente da idade; anteriormente eram distribu\u00eddos vinte p\u00e3es, mas a empresa ajustou a quantidade devido ao aumento da procura. A iniciativa, que come\u00e7ou h\u00e1 quase uma d\u00e9cada, \u00e9 destacada como forma de mitigar a fome enquanto os benefici\u00e1rios criticam o que consideram abandono por parte das autoridades. O diretor operativo da empresa, Concei\u00e7\u00e3o Andr\u00e9 Francisco, explicou que a a\u00e7\u00e3o resulta dos lucros da empresa e que, al\u00e9m de p\u00e3o, h\u00e1 distribui\u00e7\u00f5es em outras prov\u00ednias, incluindo arroz em alguns casos.\" \/>\n<meta property=\"og:url\" content=\"https:\/\/portaltela.pt\/noticias\/2026\/02\/01\/empresa-angolana-abre-casa-de-caridade-as-quintas-feiras-para-ajudar\/\" \/>\n<meta property=\"og:site_name\" content=\"Portal Tela Portugal\" \/>\n<meta property=\"article:published_time\" content=\"2026-02-01T06:08:00+00:00\" \/>\n<meta name=\"author\" content=\"Telinha\" \/>\n<meta name=\"twitter:card\" content=\"summary_large_image\" \/>\n<meta name=\"twitter:label1\" content=\"Escrito por\" \/>\n\t<meta name=\"twitter:data1\" content=\"Telinha\" \/>\n\t<meta name=\"twitter:label2\" content=\"Tempo estimado de leitura\" \/>\n\t<meta name=\"twitter:data2\" content=\"2 minutos\" \/>\n<script type=\"application\/ld+json\" class=\"yoast-schema-graph\">{\"@context\":\"https:\/\/schema.org\",\"@graph\":[{\"@type\":\"Article\",\"@id\":\"https:\/\/portaltela.pt\/noticias\/2026\/02\/01\/empresa-angolana-abre-casa-de-caridade-as-quintas-feiras-para-ajudar\/#article\",\"isPartOf\":{\"@id\":\"https:\/\/portaltela.pt\/noticias\/2026\/02\/01\/empresa-angolana-abre-casa-de-caridade-as-quintas-feiras-para-ajudar\/\"},\"author\":{\"name\":\"Telinha\",\"@id\":\"https:\/\/portaltela.pt\/#\/schema\/person\/c4278d4a6028830caff9ee44b42d32ed\"},\"headline\":\"Empresa angolana abre casa de caridade \u00e0s quintas-feiras para ajudar\",\"datePublished\":\"2026-02-01T06:08:00+00:00\",\"mainEntityOfPage\":{\"@id\":\"https:\/\/portaltela.pt\/noticias\/2026\/02\/01\/empresa-angolana-abre-casa-de-caridade-as-quintas-feiras-para-ajudar\/\"},\"wordCount\":416,\"image\":{\"@id\":\"https:\/\/portaltela.pt\/noticias\/2026\/02\/01\/empresa-angolana-abre-casa-de-caridade-as-quintas-feiras-para-ajudar\/#primaryimage\"},\"thumbnailUrl\":\"https:\/\/portaltela.pt\/s.01k8rhncp4jt1\/2026\/02\/unnamed-file-6.jpg\",\"keywords\":[\"A\u00e7\u00e3o Social\",\"a\u00e7\u00f5es comunit\u00e1rias\",\"Angola\",\"assist\u00eancia social\",\"Luanda\",\"Solidariedade Social\"],\"articleSection\":[\"Not\u00edcias\"],\"inLanguage\":\"pt-PT\"},{\"@type\":\"WebPage\",\"@id\":\"https:\/\/portaltela.pt\/noticias\/2026\/02\/01\/empresa-angolana-abre-casa-de-caridade-as-quintas-feiras-para-ajudar\/\",\"url\":\"https:\/\/portaltela.pt\/noticias\/2026\/02\/01\/empresa-angolana-abre-casa-de-caridade-as-quintas-feiras-para-ajudar\/\",\"name\":\"Empresa angolana abre casa de caridade \u00e0s quintas-feiras para ajudar - Portal Tela Portugal\",\"isPartOf\":{\"@id\":\"https:\/\/portaltela.pt\/#website\"},\"primaryImageOfPage\":{\"@id\":\"https:\/\/portaltela.pt\/noticias\/2026\/02\/01\/empresa-angolana-abre-casa-de-caridade-as-quintas-feiras-para-ajudar\/#primaryimage\"},\"image\":{\"@id\":\"https:\/\/portaltela.pt\/noticias\/2026\/02\/01\/empresa-angolana-abre-casa-de-caridade-as-quintas-feiras-para-ajudar\/#primaryimage\"},\"thumbnailUrl\":\"https:\/\/portaltela.pt\/s.01k8rhncp4jt1\/2026\/02\/unnamed-file-6.jpg\",\"datePublished\":\"2026-02-01T06:08:00+00:00\",\"author\":{\"@id\":\"https:\/\/portaltela.pt\/#\/schema\/person\/c4278d4a6028830caff9ee44b42d32ed\"},\"breadcrumb\":{\"@id\":\"https:\/\/portaltela.pt\/noticias\/2026\/02\/01\/empresa-angolana-abre-casa-de-caridade-as-quintas-feiras-para-ajudar\/#breadcrumb\"},\"inLanguage\":\"pt-PT\",\"potentialAction\":[{\"@type\":\"ReadAction\",\"target\":[\"https:\/\/portaltela.pt\/noticias\/2026\/02\/01\/empresa-angolana-abre-casa-de-caridade-as-quintas-feiras-para-ajudar\/\"]}]},{\"@type\":\"ImageObject\",\"inLanguage\":\"pt-PT\",\"@id\":\"https:\/\/portaltela.pt\/noticias\/2026\/02\/01\/empresa-angolana-abre-casa-de-caridade-as-quintas-feiras-para-ajudar\/#primaryimage\",\"url\":\"https:\/\/portaltela.pt\/s.01k8rhncp4jt1\/2026\/02\/unnamed-file-6.jpg\",\"contentUrl\":\"https:\/\/portaltela.pt\/s.01k8rhncp4jt1\/2026\/02\/unnamed-file-6.jpg\",\"width\":796,\"height\":448,\"caption\":\"Empresa angolana \u00e9 casa de caridade \u00e0s 5.\u00aa-feiras para ajudar\"},{\"@type\":\"BreadcrumbList\",\"@id\":\"https:\/\/portaltela.pt\/noticias\/2026\/02\/01\/empresa-angolana-abre-casa-de-caridade-as-quintas-feiras-para-ajudar\/#breadcrumb\",\"itemListElement\":[{\"@type\":\"ListItem\",\"position\":1,\"name\":\"In\u00edcio\",\"item\":\"https:\/\/portaltela.pt\/\"},{\"@type\":\"ListItem\",\"position\":2,\"name\":\"Empresa angolana abre casa de caridade \u00e0s quintas-feiras para ajudar\"}]},{\"@type\":\"WebSite\",\"@id\":\"https:\/\/portaltela.pt\/#website\",\"url\":\"https:\/\/portaltela.pt\/\",\"name\":\"Portal Tela Portugal\",\"description\":\"\",\"potentialAction\":[{\"@type\":\"SearchAction\",\"target\":{\"@type\":\"EntryPoint\",\"urlTemplate\":\"https:\/\/portaltela.pt\/?s={search_term_string}\"},\"query-input\":{\"@type\":\"PropertyValueSpecification\",\"valueRequired\":true,\"valueName\":\"search_term_string\"}}],\"inLanguage\":\"pt-PT\"},{\"@type\":\"Person\",\"@id\":\"https:\/\/portaltela.pt\/#\/schema\/person\/c4278d4a6028830caff9ee44b42d32ed\",\"name\":\"Telinha\",\"image\":{\"@type\":\"ImageObject\",\"inLanguage\":\"pt-PT\",\"@id\":\"https:\/\/portaltela.pt\/s.01k8rhncp4jt1\/2025\/11\/talking-bot-125x125.png\",\"url\":\"https:\/\/portaltela.pt\/s.01k8rhncp4jt1\/2025\/11\/talking-bot-125x125.png\",\"contentUrl\":\"https:\/\/portaltela.pt\/s.01k8rhncp4jt1\/2025\/11\/talking-bot-125x125.png\",\"caption\":\"Telinha\"},\"sameAs\":[\"https:\/\/portaltela.pt\/\"],\"url\":\"https:\/\/portaltela.pt\/por\/367410592786\/\"}]}<\/script>\n<!-- \/ Yoast SEO plugin. -->","yoast_head_json":{"title":"Empresa angolana abre casa de caridade \u00e0s quintas-feiras para ajudar - Portal Tela Portugal","robots":{"index":"index","follow":"follow","max-snippet":"max-snippet:-1","max-image-preview":"max-image-preview:large","max-video-preview":"max-video-preview:-1"},"og_locale":"pt_PT","og_type":"article","og_title":"Empresa angolana abre casa de caridade \u00e0s quintas-feiras para ajudar - Portal Tela Portugal","og_description":"Toda quinta-feira, em Luanda, mais de 300 pessoas carenciadas recebem p\u00e3es numa a\u00e7\u00e3o de caridade promovida pela empresa de seguran\u00e7a privada Riansil Seguran\u00e7a, na Vila Alice. A distribui\u00e7\u00e3o tem in\u00edcio por volta das 13:00, junto \u00e0 rua Jo\u00e3o de Deus, com os benefici\u00e1rios, incluindo ex-militares, idosos, jovens e crian\u00e7as, \u00e0 entrada e em v\u00e1rias filas. A merenda consiste em dez p\u00e3es por pessoa, independentemente da idade; anteriormente eram distribu\u00eddos vinte p\u00e3es, mas a empresa ajustou a quantidade devido ao aumento da procura. A iniciativa, que come\u00e7ou h\u00e1 quase uma d\u00e9cada, \u00e9 destacada como forma de mitigar a fome enquanto os benefici\u00e1rios criticam o que consideram abandono por parte das autoridades. O diretor operativo da empresa, Concei\u00e7\u00e3o Andr\u00e9 Francisco, explicou que a a\u00e7\u00e3o resulta dos lucros da empresa e que, al\u00e9m de p\u00e3o, h\u00e1 distribui\u00e7\u00f5es em outras prov\u00ednias, incluindo arroz em alguns casos.","og_url":"https:\/\/portaltela.pt\/noticias\/2026\/02\/01\/empresa-angolana-abre-casa-de-caridade-as-quintas-feiras-para-ajudar\/","og_site_name":"Portal Tela Portugal","article_published_time":"2026-02-01T06:08:00+00:00","author":"Telinha","twitter_card":"summary_large_image","twitter_misc":{"Escrito por":"Telinha","Tempo estimado de leitura":"2 minutos"},"schema":{"@context":"https:\/\/schema.org","@graph":[{"@type":"Article","@id":"https:\/\/portaltela.pt\/noticias\/2026\/02\/01\/empresa-angolana-abre-casa-de-caridade-as-quintas-feiras-para-ajudar\/#article","isPartOf":{"@id":"https:\/\/portaltela.pt\/noticias\/2026\/02\/01\/empresa-angolana-abre-casa-de-caridade-as-quintas-feiras-para-ajudar\/"},"author":{"name":"Telinha","@id":"https:\/\/portaltela.pt\/#\/schema\/person\/c4278d4a6028830caff9ee44b42d32ed"},"headline":"Empresa angolana abre casa de caridade \u00e0s quintas-feiras para ajudar","datePublished":"2026-02-01T06:08:00+00:00","mainEntityOfPage":{"@id":"https:\/\/portaltela.pt\/noticias\/2026\/02\/01\/empresa-angolana-abre-casa-de-caridade-as-quintas-feiras-para-ajudar\/"},"wordCount":416,"image":{"@id":"https:\/\/portaltela.pt\/noticias\/2026\/02\/01\/empresa-angolana-abre-casa-de-caridade-as-quintas-feiras-para-ajudar\/#primaryimage"},"thumbnailUrl":"https:\/\/portaltela.pt\/s.01k8rhncp4jt1\/2026\/02\/unnamed-file-6.jpg","keywords":["A\u00e7\u00e3o Social","a\u00e7\u00f5es comunit\u00e1rias","Angola","assist\u00eancia social","Luanda","Solidariedade Social"],"articleSection":["Not\u00edcias"],"inLanguage":"pt-PT"},{"@type":"WebPage","@id":"https:\/\/portaltela.pt\/noticias\/2026\/02\/01\/empresa-angolana-abre-casa-de-caridade-as-quintas-feiras-para-ajudar\/","url":"https:\/\/portaltela.pt\/noticias\/2026\/02\/01\/empresa-angolana-abre-casa-de-caridade-as-quintas-feiras-para-ajudar\/","name":"Empresa angolana abre casa de caridade \u00e0s quintas-feiras para ajudar - Portal Tela Portugal","isPartOf":{"@id":"https:\/\/portaltela.pt\/#website"},"primaryImageOfPage":{"@id":"https:\/\/portaltela.pt\/noticias\/2026\/02\/01\/empresa-angolana-abre-casa-de-caridade-as-quintas-feiras-para-ajudar\/#primaryimage"},"image":{"@id":"https:\/\/portaltela.pt\/noticias\/2026\/02\/01\/empresa-angolana-abre-casa-de-caridade-as-quintas-feiras-para-ajudar\/#primaryimage"},"thumbnailUrl":"https:\/\/portaltela.pt\/s.01k8rhncp4jt1\/2026\/02\/unnamed-file-6.jpg","datePublished":"2026-02-01T06:08:00+00:00","author":{"@id":"https:\/\/portaltela.pt\/#\/schema\/person\/c4278d4a6028830caff9ee44b42d32ed"},"breadcrumb":{"@id":"https:\/\/portaltela.pt\/noticias\/2026\/02\/01\/empresa-angolana-abre-casa-de-caridade-as-quintas-feiras-para-ajudar\/#breadcrumb"},"inLanguage":"pt-PT","potentialAction":[{"@type":"ReadAction","target":["https:\/\/portaltela.pt\/noticias\/2026\/02\/01\/empresa-angolana-abre-casa-de-caridade-as-quintas-feiras-para-ajudar\/"]}]},{"@type":"ImageObject","inLanguage":"pt-PT","@id":"https:\/\/portaltela.pt\/noticias\/2026\/02\/01\/empresa-angolana-abre-casa-de-caridade-as-quintas-feiras-para-ajudar\/#primaryimage","url":"https:\/\/portaltela.pt\/s.01k8rhncp4jt1\/2026\/02\/unnamed-file-6.jpg","contentUrl":"https:\/\/portaltela.pt\/s.01k8rhncp4jt1\/2026\/02\/unnamed-file-6.jpg","width":796,"height":448,"caption":"Empresa angolana \u00e9 casa de caridade \u00e0s 5.\u00aa-feiras para ajudar"},{"@type":"BreadcrumbList","@id":"https:\/\/portaltela.pt\/noticias\/2026\/02\/01\/empresa-angolana-abre-casa-de-caridade-as-quintas-feiras-para-ajudar\/#breadcrumb","itemListElement":[{"@type":"ListItem","position":1,"name":"In\u00edcio","item":"https:\/\/portaltela.pt\/"},{"@type":"ListItem","position":2,"name":"Empresa angolana abre casa de caridade \u00e0s quintas-feiras para ajudar"}]},{"@type":"WebSite","@id":"https:\/\/portaltela.pt\/#website","url":"https:\/\/portaltela.pt\/","name":"Portal Tela Portugal","description":"","potentialAction":[{"@type":"SearchAction","target":{"@type":"EntryPoint","urlTemplate":"https:\/\/portaltela.pt\/?s={search_term_string}"},"query-input":{"@type":"PropertyValueSpecification","valueRequired":true,"valueName":"search_term_string"}}],"inLanguage":"pt-PT"},{"@type":"Person","@id":"https:\/\/portaltela.pt\/#\/schema\/person\/c4278d4a6028830caff9ee44b42d32ed","name":"Telinha","image":{"@type":"ImageObject","inLanguage":"pt-PT","@id":"https:\/\/portaltela.pt\/s.01k8rhncp4jt1\/2025\/11\/talking-bot-125x125.png","url":"https:\/\/portaltela.pt\/s.01k8rhncp4jt1\/2025\/11\/talking-bot-125x125.png","contentUrl":"https:\/\/portaltela.pt\/s.01k8rhncp4jt1\/2025\/11\/talking-bot-125x125.png","caption":"Telinha"},"sameAs":["https:\/\/portaltela.pt\/"],"url":"https:\/\/portaltela.pt\/por\/367410592786\/"}]}},"_links":{"self":[{"href":"https:\/\/portaltela.pt\/api\/wp\/v2\/posts\/187943","targetHints":{"allow":["GET"]}}],"collection":[{"href":"https:\/\/portaltela.pt\/api\/wp\/v2\/posts"}],"about":[{"href":"https:\/\/portaltela.pt\/api\/wp\/v2\/types\/post"}],"author":[{"embeddable":true,"href":"https:\/\/portaltela.pt\/api\/wp\/v2\/users\/2"}],"replies":[{"embeddable":true,"href":"https:\/\/portaltela.pt\/api\/wp\/v2\/comments?post=187943"}],"version-history":[{"count":0,"href":"https:\/\/portaltela.pt\/api\/wp\/v2\/posts\/187943\/revisions"}],"wp:featuredmedia":[{"embeddable":true,"href":"https:\/\/portaltela.pt\/api\/wp\/v2\/media\/187945"}],"wp:attachment":[{"href":"https:\/\/portaltela.pt\/api\/wp\/v2\/media?parent=187943"}],"wp:term":[{"taxonomy":"category","embeddable":true,"href":"https:\/\/portaltela.pt\/api\/wp\/v2\/categories?post=187943"},{"taxonomy":"post_tag","embeddable":true,"href":"https:\/\/portaltela.pt\/api\/wp\/v2\/tags?post=187943"}],"curies":[{"name":"wp","href":"https:\/\/api.w.org\/{rel}","templated":true}]}}