{"id":187936,"date":"2026-02-01T02:32:52","date_gmt":"2026-02-01T05:32:52","guid":{"rendered":"https:\/\/portaltela.pt\/noticias\/2026\/02\/01\/casa-da-cerca-revisita-32-anos-de-desenho-em-uma-colecao-1993-2025\/"},"modified":"2026-02-01T02:32:52","modified_gmt":"2026-02-01T05:32:52","slug":"casa-da-cerca-revisita-32-anos-de-desenho-em-uma-colecao-1993-2025","status":"publish","type":"post","link":"https:\/\/portaltela.pt\/noticias\/2026\/02\/01\/casa-da-cerca-revisita-32-anos-de-desenho-em-uma-colecao-1993-2025\/","title":{"rendered":"Casa da Cerca revisita 32 anos de desenho em &#8216;Uma Cole\u00e7\u00e3o&#8217; (1993\u20132025)"},"content":{"rendered":"<p>A Casa da Cerca \u2013 Centro de Arte Contempor\u00e2nea, em Almada, inaugurou a 31 de janeiro de 2026 a exposi\u00e7\u00e3o \u201cUma Cole\u00e7\u00e3o: onde o desenho acontece (1993\u20132025)\u201d. A mostra revisita 32 anos de acervo e programa\u00e7\u00e3o dedicados ao desenho, destacando o desenho como pr\u00e1tica aut\u00f3noma e espa\u00e7o de experimenta\u00e7\u00e3o.<\/p>\n<p>Os trabalhos est\u00e3o patente na Galeria Principal e na Cisterna, organizados em quatro n\u00facleos que agrupam obras por afinidades conceptuais, formais e sens\u00edveis. A leitura \u00e9 subjetiva, partindo de um acervo constru\u00eddo entre 1993, ano de abertura, e 2025.<\/p>\n<p>A exposi\u00e7\u00e3o parte da pr\u00f3pria Casa da Cerca enquanto lugar f\u00edsico, simb\u00f3lico e temporal onde o desenho acontece. Desde a abertura, Rog\u00e9rio Ribeiro liderou o projecto cultural com foco espec\u00edfico nesta linguagem.<\/p>\n<h3>Em foco: o projeto e a conce\u00e7\u00e3o<\/h3>\n<p>O objetivo \u00e9 evidenciar a continuidade de uma pol\u00edtica cultural que encara o desenho n\u00e3o como etapa preparat\u00f3ria, mas como origem e possibilidade. Re\u00fane autores de v\u00e1rias gera\u00e7\u00f5es e abordagens, unidos pela insist\u00eancia no tra\u00e7o, na linha e no tempo do fazer.<\/p>\n<p>Entre as refer\u00eancias destaca-se Maria Keil, com estudos que fazem parte da leitura associada \u00e0 exposi\u00e7\u00e3o, como a tinta-da-china sobre papel da obra para Vendedora Ambulante, dos anos 50.<\/p>\n<h3>A temporada de exposi\u00e7\u00f5es na Casa da Cerca<\/h3>\n<p>Para al\u00e9m de \u201cUma Cole\u00e7\u00e3o\u201d, a temporada inclui \u201cUma Casa Para Todos \/ A Home for All\u201d, de Movana Chen, na Galeria do P\u00e1tio, com instala\u00e7\u00f5es escult\u00f3ricas e participa\u00e7\u00e3o comunit\u00e1ria. Tamb\u00e9m integra \u201cAr.Co \u2013 Edi\u00e7\u00f5es\u201d na Sala de Leitura do Centro de Documenta\u00e7\u00e3o Mestre Rog\u00e9rio Ribeiro.<\/p>\n<p>A mostra fica patente at\u00e9 junho de 2026, com entrada gratuita. O espa\u00e7o fica na Rua da Cerca, 2800-050 Almada (Casa da Cerca). Hor\u00e1rios: 1 abril a 31 outubro, das 10h15 \u00e0s 20h; 1 novembro a 31 mar\u00e7o, das 10h15 \u00e0s 17h30, encerrando aos feriados.<\/p>\n","protected":false},"excerpt":{"rendered":"<ul>\n<li>A C\u00e2mara Municipal de Almada inaugurou, a 31 de janeiro de 2026, a exposi\u00e7\u00e3o \u201cUma Cole\u00e7\u00e3o: onde o desenho acontece (1993\u20132025)\u201d na Casa da Cerca, com entrada gratuita.<\/li>\n<li>A mostra, patente na Galeria Principal e na Cisterna, organizada em quatro n\u00facle, revisitande a cole\u00e7\u00e3o constru\u00edda desde 1993 at\u00e9 2025 para apresentar o desenho como pr\u00e1tica aut\u00f3noma.<\/li>\n<li>O projeto centra-se na Casa da Cerca como espa\u00e7o f\u00edsico e temporal onde o desenho acontece, consolidando uma pol\u00edtica cultural que considera o tra\u00e7o, a linha e o tempo do fazer como origem e possibilidade.<\/li>\n<li>Entre as refer\u00eancias, destaca-se Maria Keil, com a refer\u00eancia \u201cpara Vendedora Ambulante\u201d (anos 50), apresentada como imagem associada \u00e0 exposi\u00e7\u00e3o.<\/li>\n<li>Al\u00e9m da exposi\u00e7\u00e3o principal, a temporada inclui \u201cUma Casa Para Todos \/ A Home for All\u201d de Movana Chen e \u201cAr.Co \u2013 Edi\u00e7\u00f5es\u201d na Sala de Leitura, dedicadas a instala\u00e7\u00f5es participativas e livros de artista, respetivamente.<\/li>\n<\/ul>\n","protected":false},"author":2,"featured_media":187937,"comment_status":"closed","ping_status":"closed","sticky":false,"template":"","format":"standard","meta":{"footnotes":""},"categories":[1],"tags":[1373,70,145,1397,2923,2954],"class_list":["post-187936","post","type-post","status-publish","format-standard","has-post-thumbnail","hentry","category-noticias","tag-almada","tag-arte","tag-cultura","tag-exposicoes","tag-galerias-arquivos","tag-museus-e-monumentos-de-portugal"],"yoast_head":"<!-- This site is optimized with the Yoast SEO plugin v27.2 - https:\/\/yoast.com\/product\/yoast-seo-wordpress\/ -->\n<title>Casa da Cerca revisita 32 anos de desenho em &#039;Uma Cole\u00e7\u00e3o&#039; (1993\u20132025) - Portal Tela Portugal<\/title>\n<meta name=\"robots\" content=\"index, follow, max-snippet:-1, max-image-preview:large, max-video-preview:-1\" \/>\n<meta property=\"og:locale\" content=\"pt_PT\" \/>\n<meta property=\"og:type\" content=\"article\" \/>\n<meta property=\"og:title\" content=\"Casa da Cerca revisita 32 anos de desenho em &#039;Uma Cole\u00e7\u00e3o&#039; (1993\u20132025) - Portal Tela Portugal\" \/>\n<meta property=\"og:description\" content=\"A C\u00e2mara Municipal de Almada inaugurou, a 31 de janeiro de 2026, a exposi\u00e7\u00e3o \u201cUma Cole\u00e7\u00e3o: onde o desenho acontece (1993\u20132025)\u201d na Casa da Cerca, com entrada gratuita. A mostra, patente na Galeria Principal e na Cisterna, organizada em quatro n\u00facle, revisitande a cole\u00e7\u00e3o constru\u00edda desde 1993 at\u00e9 2025 para apresentar o desenho como pr\u00e1tica aut\u00f3noma. O projeto centra-se na Casa da Cerca como espa\u00e7o f\u00edsico e temporal onde o desenho acontece, consolidando uma pol\u00edtica cultural que considera o tra\u00e7o, a linha e o tempo do fazer como origem e possibilidade. Entre as refer\u00eancias, destaca-se Maria Keil, com a refer\u00eancia \u201cpara Vendedora Ambulante\u201d (anos 50), apresentada como imagem associada \u00e0 exposi\u00e7\u00e3o. Al\u00e9m da exposi\u00e7\u00e3o principal, a temporada inclui \u201cUma Casa Para Todos \/ A Home for All\u201d de Movana Chen e \u201cAr.Co \u2013 Edi\u00e7\u00f5es\u201d na Sala de Leitura, dedicadas a instala\u00e7\u00f5es participativas e livros de artista, respetivamente.\" \/>\n<meta property=\"og:url\" content=\"https:\/\/portaltela.pt\/noticias\/2026\/02\/01\/casa-da-cerca-revisita-32-anos-de-desenho-em-uma-colecao-1993-2025\/\" \/>\n<meta property=\"og:site_name\" content=\"Portal Tela Portugal\" \/>\n<meta property=\"article:published_time\" content=\"2026-02-01T05:32:52+00:00\" \/>\n<meta name=\"author\" content=\"Telinha\" \/>\n<meta name=\"twitter:card\" content=\"summary_large_image\" \/>\n<meta name=\"twitter:label1\" content=\"Escrito por\" \/>\n\t<meta name=\"twitter:data1\" content=\"Telinha\" \/>\n\t<meta name=\"twitter:label2\" content=\"Tempo estimado de leitura\" \/>\n\t<meta name=\"twitter:data2\" content=\"2 minutos\" \/>\n<script type=\"application\/ld+json\" class=\"yoast-schema-graph\">{\"@context\":\"https:\/\/schema.org\",\"@graph\":[{\"@type\":\"Article\",\"@id\":\"https:\/\/portaltela.pt\/noticias\/2026\/02\/01\/casa-da-cerca-revisita-32-anos-de-desenho-em-uma-colecao-1993-2025\/#article\",\"isPartOf\":{\"@id\":\"https:\/\/portaltela.pt\/noticias\/2026\/02\/01\/casa-da-cerca-revisita-32-anos-de-desenho-em-uma-colecao-1993-2025\/\"},\"author\":{\"name\":\"Telinha\",\"@id\":\"https:\/\/portaltela.pt\/#\/schema\/person\/c4278d4a6028830caff9ee44b42d32ed\"},\"headline\":\"Casa da Cerca revisita 32 anos de desenho em &#8216;Uma Cole\u00e7\u00e3o&#8217; (1993\u20132025)\",\"datePublished\":\"2026-02-01T05:32:52+00:00\",\"mainEntityOfPage\":{\"@id\":\"https:\/\/portaltela.pt\/noticias\/2026\/02\/01\/casa-da-cerca-revisita-32-anos-de-desenho-em-uma-colecao-1993-2025\/\"},\"wordCount\":335,\"image\":{\"@id\":\"https:\/\/portaltela.pt\/noticias\/2026\/02\/01\/casa-da-cerca-revisita-32-anos-de-desenho-em-uma-colecao-1993-2025\/#primaryimage\"},\"thumbnailUrl\":\"https:\/\/portaltela.pt\/s.01k8rhncp4jt1\/2026\/02\/unnamed-file-5.jpg\",\"keywords\":[\"Almada\",\"arte\",\"cultura\",\"exposi\u00e7\u00f5es\",\"galerias\/arquivos\",\"Museus e Monumentos de Portugal\"],\"articleSection\":[\"Not\u00edcias\"],\"inLanguage\":\"pt-PT\"},{\"@type\":\"WebPage\",\"@id\":\"https:\/\/portaltela.pt\/noticias\/2026\/02\/01\/casa-da-cerca-revisita-32-anos-de-desenho-em-uma-colecao-1993-2025\/\",\"url\":\"https:\/\/portaltela.pt\/noticias\/2026\/02\/01\/casa-da-cerca-revisita-32-anos-de-desenho-em-uma-colecao-1993-2025\/\",\"name\":\"Casa da Cerca revisita 32 anos de desenho em 'Uma Cole\u00e7\u00e3o' (1993\u20132025) - Portal Tela Portugal\",\"isPartOf\":{\"@id\":\"https:\/\/portaltela.pt\/#website\"},\"primaryImageOfPage\":{\"@id\":\"https:\/\/portaltela.pt\/noticias\/2026\/02\/01\/casa-da-cerca-revisita-32-anos-de-desenho-em-uma-colecao-1993-2025\/#primaryimage\"},\"image\":{\"@id\":\"https:\/\/portaltela.pt\/noticias\/2026\/02\/01\/casa-da-cerca-revisita-32-anos-de-desenho-em-uma-colecao-1993-2025\/#primaryimage\"},\"thumbnailUrl\":\"https:\/\/portaltela.pt\/s.01k8rhncp4jt1\/2026\/02\/unnamed-file-5.jpg\",\"datePublished\":\"2026-02-01T05:32:52+00:00\",\"author\":{\"@id\":\"https:\/\/portaltela.pt\/#\/schema\/person\/c4278d4a6028830caff9ee44b42d32ed\"},\"breadcrumb\":{\"@id\":\"https:\/\/portaltela.pt\/noticias\/2026\/02\/01\/casa-da-cerca-revisita-32-anos-de-desenho-em-uma-colecao-1993-2025\/#breadcrumb\"},\"inLanguage\":\"pt-PT\",\"potentialAction\":[{\"@type\":\"ReadAction\",\"target\":[\"https:\/\/portaltela.pt\/noticias\/2026\/02\/01\/casa-da-cerca-revisita-32-anos-de-desenho-em-uma-colecao-1993-2025\/\"]}]},{\"@type\":\"ImageObject\",\"inLanguage\":\"pt-PT\",\"@id\":\"https:\/\/portaltela.pt\/noticias\/2026\/02\/01\/casa-da-cerca-revisita-32-anos-de-desenho-em-uma-colecao-1993-2025\/#primaryimage\",\"url\":\"https:\/\/portaltela.pt\/s.01k8rhncp4jt1\/2026\/02\/unnamed-file-5.jpg\",\"contentUrl\":\"https:\/\/portaltela.pt\/s.01k8rhncp4jt1\/2026\/02\/unnamed-file-5.jpg\",\"width\":796,\"height\":448,\"caption\":\"Casa da Cerca revisita 32 anos de desenho em \u201cUma Cole\u00e7\u00e3o: onde o desenho acontece (1993\u20132025)\u201d\"},{\"@type\":\"BreadcrumbList\",\"@id\":\"https:\/\/portaltela.pt\/noticias\/2026\/02\/01\/casa-da-cerca-revisita-32-anos-de-desenho-em-uma-colecao-1993-2025\/#breadcrumb\",\"itemListElement\":[{\"@type\":\"ListItem\",\"position\":1,\"name\":\"In\u00edcio\",\"item\":\"https:\/\/portaltela.pt\/\"},{\"@type\":\"ListItem\",\"position\":2,\"name\":\"Casa da Cerca revisita 32 anos de desenho em &#8216;Uma Cole\u00e7\u00e3o&#8217; (1993\u20132025)\"}]},{\"@type\":\"WebSite\",\"@id\":\"https:\/\/portaltela.pt\/#website\",\"url\":\"https:\/\/portaltela.pt\/\",\"name\":\"Portal Tela Portugal\",\"description\":\"\",\"potentialAction\":[{\"@type\":\"SearchAction\",\"target\":{\"@type\":\"EntryPoint\",\"urlTemplate\":\"https:\/\/portaltela.pt\/?s={search_term_string}\"},\"query-input\":{\"@type\":\"PropertyValueSpecification\",\"valueRequired\":true,\"valueName\":\"search_term_string\"}}],\"inLanguage\":\"pt-PT\"},{\"@type\":\"Person\",\"@id\":\"https:\/\/portaltela.pt\/#\/schema\/person\/c4278d4a6028830caff9ee44b42d32ed\",\"name\":\"Telinha\",\"image\":{\"@type\":\"ImageObject\",\"inLanguage\":\"pt-PT\",\"@id\":\"https:\/\/portaltela.pt\/s.01k8rhncp4jt1\/2025\/11\/talking-bot-125x125.png\",\"url\":\"https:\/\/portaltela.pt\/s.01k8rhncp4jt1\/2025\/11\/talking-bot-125x125.png\",\"contentUrl\":\"https:\/\/portaltela.pt\/s.01k8rhncp4jt1\/2025\/11\/talking-bot-125x125.png\",\"caption\":\"Telinha\"},\"sameAs\":[\"https:\/\/portaltela.pt\/\"],\"url\":\"https:\/\/portaltela.pt\/por\/367410592786\/\"}]}<\/script>\n<!-- \/ Yoast SEO plugin. -->","yoast_head_json":{"title":"Casa da Cerca revisita 32 anos de desenho em 'Uma Cole\u00e7\u00e3o' (1993\u20132025) - Portal Tela Portugal","robots":{"index":"index","follow":"follow","max-snippet":"max-snippet:-1","max-image-preview":"max-image-preview:large","max-video-preview":"max-video-preview:-1"},"og_locale":"pt_PT","og_type":"article","og_title":"Casa da Cerca revisita 32 anos de desenho em 'Uma Cole\u00e7\u00e3o' (1993\u20132025) - Portal Tela Portugal","og_description":"A C\u00e2mara Municipal de Almada inaugurou, a 31 de janeiro de 2026, a exposi\u00e7\u00e3o \u201cUma Cole\u00e7\u00e3o: onde o desenho acontece (1993\u20132025)\u201d na Casa da Cerca, com entrada gratuita. A mostra, patente na Galeria Principal e na Cisterna, organizada em quatro n\u00facle, revisitande a cole\u00e7\u00e3o constru\u00edda desde 1993 at\u00e9 2025 para apresentar o desenho como pr\u00e1tica aut\u00f3noma. O projeto centra-se na Casa da Cerca como espa\u00e7o f\u00edsico e temporal onde o desenho acontece, consolidando uma pol\u00edtica cultural que considera o tra\u00e7o, a linha e o tempo do fazer como origem e possibilidade. Entre as refer\u00eancias, destaca-se Maria Keil, com a refer\u00eancia \u201cpara Vendedora Ambulante\u201d (anos 50), apresentada como imagem associada \u00e0 exposi\u00e7\u00e3o. Al\u00e9m da exposi\u00e7\u00e3o principal, a temporada inclui \u201cUma Casa Para Todos \/ A Home for All\u201d de Movana Chen e \u201cAr.Co \u2013 Edi\u00e7\u00f5es\u201d na Sala de Leitura, dedicadas a instala\u00e7\u00f5es participativas e livros de artista, respetivamente.","og_url":"https:\/\/portaltela.pt\/noticias\/2026\/02\/01\/casa-da-cerca-revisita-32-anos-de-desenho-em-uma-colecao-1993-2025\/","og_site_name":"Portal Tela Portugal","article_published_time":"2026-02-01T05:32:52+00:00","author":"Telinha","twitter_card":"summary_large_image","twitter_misc":{"Escrito por":"Telinha","Tempo estimado de leitura":"2 minutos"},"schema":{"@context":"https:\/\/schema.org","@graph":[{"@type":"Article","@id":"https:\/\/portaltela.pt\/noticias\/2026\/02\/01\/casa-da-cerca-revisita-32-anos-de-desenho-em-uma-colecao-1993-2025\/#article","isPartOf":{"@id":"https:\/\/portaltela.pt\/noticias\/2026\/02\/01\/casa-da-cerca-revisita-32-anos-de-desenho-em-uma-colecao-1993-2025\/"},"author":{"name":"Telinha","@id":"https:\/\/portaltela.pt\/#\/schema\/person\/c4278d4a6028830caff9ee44b42d32ed"},"headline":"Casa da Cerca revisita 32 anos de desenho em &#8216;Uma Cole\u00e7\u00e3o&#8217; (1993\u20132025)","datePublished":"2026-02-01T05:32:52+00:00","mainEntityOfPage":{"@id":"https:\/\/portaltela.pt\/noticias\/2026\/02\/01\/casa-da-cerca-revisita-32-anos-de-desenho-em-uma-colecao-1993-2025\/"},"wordCount":335,"image":{"@id":"https:\/\/portaltela.pt\/noticias\/2026\/02\/01\/casa-da-cerca-revisita-32-anos-de-desenho-em-uma-colecao-1993-2025\/#primaryimage"},"thumbnailUrl":"https:\/\/portaltela.pt\/s.01k8rhncp4jt1\/2026\/02\/unnamed-file-5.jpg","keywords":["Almada","arte","cultura","exposi\u00e7\u00f5es","galerias\/arquivos","Museus e Monumentos de Portugal"],"articleSection":["Not\u00edcias"],"inLanguage":"pt-PT"},{"@type":"WebPage","@id":"https:\/\/portaltela.pt\/noticias\/2026\/02\/01\/casa-da-cerca-revisita-32-anos-de-desenho-em-uma-colecao-1993-2025\/","url":"https:\/\/portaltela.pt\/noticias\/2026\/02\/01\/casa-da-cerca-revisita-32-anos-de-desenho-em-uma-colecao-1993-2025\/","name":"Casa da Cerca revisita 32 anos de desenho em 'Uma Cole\u00e7\u00e3o' (1993\u20132025) - Portal Tela Portugal","isPartOf":{"@id":"https:\/\/portaltela.pt\/#website"},"primaryImageOfPage":{"@id":"https:\/\/portaltela.pt\/noticias\/2026\/02\/01\/casa-da-cerca-revisita-32-anos-de-desenho-em-uma-colecao-1993-2025\/#primaryimage"},"image":{"@id":"https:\/\/portaltela.pt\/noticias\/2026\/02\/01\/casa-da-cerca-revisita-32-anos-de-desenho-em-uma-colecao-1993-2025\/#primaryimage"},"thumbnailUrl":"https:\/\/portaltela.pt\/s.01k8rhncp4jt1\/2026\/02\/unnamed-file-5.jpg","datePublished":"2026-02-01T05:32:52+00:00","author":{"@id":"https:\/\/portaltela.pt\/#\/schema\/person\/c4278d4a6028830caff9ee44b42d32ed"},"breadcrumb":{"@id":"https:\/\/portaltela.pt\/noticias\/2026\/02\/01\/casa-da-cerca-revisita-32-anos-de-desenho-em-uma-colecao-1993-2025\/#breadcrumb"},"inLanguage":"pt-PT","potentialAction":[{"@type":"ReadAction","target":["https:\/\/portaltela.pt\/noticias\/2026\/02\/01\/casa-da-cerca-revisita-32-anos-de-desenho-em-uma-colecao-1993-2025\/"]}]},{"@type":"ImageObject","inLanguage":"pt-PT","@id":"https:\/\/portaltela.pt\/noticias\/2026\/02\/01\/casa-da-cerca-revisita-32-anos-de-desenho-em-uma-colecao-1993-2025\/#primaryimage","url":"https:\/\/portaltela.pt\/s.01k8rhncp4jt1\/2026\/02\/unnamed-file-5.jpg","contentUrl":"https:\/\/portaltela.pt\/s.01k8rhncp4jt1\/2026\/02\/unnamed-file-5.jpg","width":796,"height":448,"caption":"Casa da Cerca revisita 32 anos de desenho em \u201cUma Cole\u00e7\u00e3o: onde o desenho acontece (1993\u20132025)\u201d"},{"@type":"BreadcrumbList","@id":"https:\/\/portaltela.pt\/noticias\/2026\/02\/01\/casa-da-cerca-revisita-32-anos-de-desenho-em-uma-colecao-1993-2025\/#breadcrumb","itemListElement":[{"@type":"ListItem","position":1,"name":"In\u00edcio","item":"https:\/\/portaltela.pt\/"},{"@type":"ListItem","position":2,"name":"Casa da Cerca revisita 32 anos de desenho em &#8216;Uma Cole\u00e7\u00e3o&#8217; (1993\u20132025)"}]},{"@type":"WebSite","@id":"https:\/\/portaltela.pt\/#website","url":"https:\/\/portaltela.pt\/","name":"Portal Tela Portugal","description":"","potentialAction":[{"@type":"SearchAction","target":{"@type":"EntryPoint","urlTemplate":"https:\/\/portaltela.pt\/?s={search_term_string}"},"query-input":{"@type":"PropertyValueSpecification","valueRequired":true,"valueName":"search_term_string"}}],"inLanguage":"pt-PT"},{"@type":"Person","@id":"https:\/\/portaltela.pt\/#\/schema\/person\/c4278d4a6028830caff9ee44b42d32ed","name":"Telinha","image":{"@type":"ImageObject","inLanguage":"pt-PT","@id":"https:\/\/portaltela.pt\/s.01k8rhncp4jt1\/2025\/11\/talking-bot-125x125.png","url":"https:\/\/portaltela.pt\/s.01k8rhncp4jt1\/2025\/11\/talking-bot-125x125.png","contentUrl":"https:\/\/portaltela.pt\/s.01k8rhncp4jt1\/2025\/11\/talking-bot-125x125.png","caption":"Telinha"},"sameAs":["https:\/\/portaltela.pt\/"],"url":"https:\/\/portaltela.pt\/por\/367410592786\/"}]}},"_links":{"self":[{"href":"https:\/\/portaltela.pt\/api\/wp\/v2\/posts\/187936","targetHints":{"allow":["GET"]}}],"collection":[{"href":"https:\/\/portaltela.pt\/api\/wp\/v2\/posts"}],"about":[{"href":"https:\/\/portaltela.pt\/api\/wp\/v2\/types\/post"}],"author":[{"embeddable":true,"href":"https:\/\/portaltela.pt\/api\/wp\/v2\/users\/2"}],"replies":[{"embeddable":true,"href":"https:\/\/portaltela.pt\/api\/wp\/v2\/comments?post=187936"}],"version-history":[{"count":0,"href":"https:\/\/portaltela.pt\/api\/wp\/v2\/posts\/187936\/revisions"}],"wp:featuredmedia":[{"embeddable":true,"href":"https:\/\/portaltela.pt\/api\/wp\/v2\/media\/187937"}],"wp:attachment":[{"href":"https:\/\/portaltela.pt\/api\/wp\/v2\/media?parent=187936"}],"wp:term":[{"taxonomy":"category","embeddable":true,"href":"https:\/\/portaltela.pt\/api\/wp\/v2\/categories?post=187936"},{"taxonomy":"post_tag","embeddable":true,"href":"https:\/\/portaltela.pt\/api\/wp\/v2\/tags?post=187936"}],"curies":[{"name":"wp","href":"https:\/\/api.w.org\/{rel}","templated":true}]}}