{"id":187927,"date":"2026-02-01T02:00:00","date_gmt":"2026-02-01T05:00:00","guid":{"rendered":"https:\/\/portaltela.pt\/noticias\/2026\/02\/01\/camioes-eletricos-renault-trucks-e-hugelshofer-vao-alem-da-autonomia-teorica\/"},"modified":"2026-02-01T02:00:00","modified_gmt":"2026-02-01T05:00:00","slug":"camioes-eletricos-renault-trucks-e-hugelshofer-vao-alem-da-autonomia-teorica","status":"publish","type":"post","link":"https:\/\/portaltela.pt\/noticias\/2026\/02\/01\/camioes-eletricos-renault-trucks-e-hugelshofer-vao-alem-da-autonomia-teorica\/","title":{"rendered":"Cami\u00f5es el\u00e9tricos Renault Trucks e Hugelshofer v\u00e3o al\u00e9m da autonomia te\u00f3rica"},"content":{"rendered":"<p>A Renault Trucks e a Hugelshofer Logistik demonstraram, com um caso pr\u00e1tico, que a eletrifica\u00e7\u00e3o do transporte pesado pode superar a autonomia te\u00f3rica. Um cami\u00e3o Renault Trucks E-Tech T da frota Hugelshofer percorreu 1.007 km num \u00fanico dia, gra\u00e7as a uma gest\u00e3o integrada de rotas, carregamentos interm\u00e9dios e organiza\u00e7\u00e3o do trabalho, sem depender de baterias maiores.<\/p>\n<p>O que aconteceu envolve a utiliza\u00e7\u00e3o de um cami\u00e3o el\u00e9trico da Renault Trucks, num servi\u00e7o di\u00e1rio da Hugelshofer Logistik. O trajeto, planeado para maximizar o tempo de opera\u00e7\u00e3o, s\u00f3 foi poss\u00edvel com uma estrat\u00e9gia de recargas bem distribu\u00edda ao longo do dia.<\/p>\n<p>Quem est\u00e1 envolvido s\u00e3o a Renault Trucks, integrada no Grupo AB Volvo, e a Hugelshofer Logistik AG, transportadora su\u00ed\u00e7a que opera uma frota de 220 cami\u00f5es, dos quais 80 s\u00e3o el\u00e9tricos, com cerca de 150 motoristas a trabalhar diariamente. O estudo mostra a aplica\u00e7\u00e3o pr\u00e1tica da eletrifica\u00e7\u00e3o na log\u00edstica.<\/p>\n<p>Quando ocorreu n\u00e3o foi especificado no relato, mas o caso \u00e9 apresentado como demonstra\u00e7\u00e3o recente de funcionamento em cen\u00e1rio real, dentro da opera\u00e7\u00e3o di\u00e1ria da empresa na Su\u00ed\u00e7a.<\/p>\n<p>Onde aconteceu a demonstra\u00e7\u00e3o? Na frota da Hugelshofer Logistik e na infraestrutura associada, com foco na unidade de Frauenfeld, Su\u00ed\u00e7a, onde est\u00e1 instalada uma rede de carregamento r\u00e1pida para apoiar a opera\u00e7\u00e3o.<\/p>\n<p>Por que isto \u00e9 relevante? Porque a estrat\u00e9gia de gest\u00e3o de baterias, de planeamento de rotas e de recargas permitiu que cada ve\u00edculo percorresse mais de 600 km por dia em condi\u00e7\u00f5es normais, apesar de uma autonomia nominal de cerca de 300 km. O caso refor\u00e7a que a correta dimensiona\u00e7\u00e3o da bateria pode ser mais decisiva que a simples amplia\u00e7\u00e3o da capacidade.<\/p>\n<p>Infraestrutura de carregamento instalada<\/p>\n<p>Na unidade de Frauenfeld, existem 30 postos de carregamento r\u00e1pido com pot\u00eancia at\u00e9 480 kW, capazes de servir at\u00e9 100 cami\u00f5es por dia. Um sistema fotovoltaico gera cerca de 1,2 milh\u00f5es de kWh por ano, apoiado por tr\u00eas transformadores dedicados que asseguram a estabilidade da rede. Aproximadamente 95% dos carregamentos ocorrem no dep\u00f3sito, aumentando a previsibilidade de custos.<\/p>\n<p>Contexto econ\u00f3mico e regulat\u00f3rio<\/p>\n<p>A Hugelshofer Logistik revela custos operacionais de cami\u00f5es el\u00e9ctricos em torno de 30% inferiores aos de modelos a diesel. Benef\u00edcios na taxa rodovi\u00e1ria LSVA contribuem para a competitividade. O Governo su\u00ed\u00e7o anunciou um programa de investimento de 20 milh\u00f5es de francos entre 2026 e 2030, para expandir a infraestrutura de carregamento de pesados.<\/p>\n<p>Dados de eletrifica\u00e7\u00e3o na Su\u00ed\u00e7a<\/p>\n<p>Nos primeiros onze meses de 2025, 14,7% dos ve\u00edculos com mais de 16 toneladas matriculados no pa\u00eds eram el\u00e9tricos, quase oito vezes a m\u00e9dia europeia, estimada em 1,9%. Este contexto evidencia o avan\u00e7o da mobilidade el\u00e9ctrica pesada na Su\u00ed\u00e7a, impulsionado por decis\u00f5es de opera\u00e7\u00e3o, infraestruturas e apoio p\u00fablico.<\/p>\n<p>Para a Renault Trucks, a eletrifica\u00e7\u00e3o \u00e9 a principal via para descarbonizar o transporte rodovi\u00e1rio de mercadorias. O caso su\u00ed\u00e7o \u00e9 apresentado como demonstra\u00e7\u00e3o de que a transi\u00e7\u00e3o avan\u00e7a mais rapidamente quando ve\u00edculos, redes e pol\u00edticas p\u00fablicas caminham em simult\u00e2neo.<\/p>\n","protected":false},"excerpt":{"rendered":"<ul>\n<li>A Renault Trucks e a Hugelshofer Logistik demonstraram que cami\u00f5es el\u00e9tricos podem ir al\u00e9m da autonomia te\u00f3rica, com um E-Tech T a percorrer 1.007 km num \u00fanico dia em opera\u00e7\u00f5es reais.<\/li>\n<li>A frota Hugelshofer inclui 80 ve\u00edculos el\u00e9tricos num total de 220 cami\u00f5es, operados por cerca de 150 motoristas, com planeamento de rotas e carregamentos interm\u00e9dios para aumentar o tempo \u00fatil de opera\u00e7\u00e3o.<\/li>\n<li>A abordagem exige duas pessoas por ve\u00edculo: pausas para carregamento interm\u00e9dio durante as paragens regulamentares e carregamento completo \u00e0 noite, permitindo mais de 600 km di\u00e1rios por ve\u00edculo.<\/li>\n<li>A infraestrutura de carregamento em Frauenfeld conta com 30 postos r\u00e1pidos de at\u00e9 480 kW, apoio de um sistema fotovoltaico de cerca de 1,2 milh\u00f5es de kWh por ano e tr\u00eas transformadores dedicados, com 95% dos carregamentos a ocorrer no dep\u00f3sito.<\/li>\n<li>Na Su\u00ed\u00e7a, os cami\u00f5es el\u00e9tricos beneficiam de custos operacionais cerca de 30% inferiores aos Diesel, com vantagens na taxa rodovi\u00e1ria LSVA, e o pa\u00eds prepara investimento de 20 milh\u00f5es de francos su\u00ed\u00e7os (2026-2030) para ampliar a infraestrutura de carregamento; em 2025, 14,7% dos ve\u00edculos acima de 16 toneladas eram el\u00e9tricos, quase o dobro da m\u00e9dia europeia.<\/li>\n<\/ul>\n","protected":false},"author":2,"featured_media":187928,"comment_status":"closed","ping_status":"closed","sticky":false,"template":"","format":"standard","meta":{"footnotes":""},"categories":[1],"tags":[1054,4542,1615,961,2110,2991],"class_list":["post-187927","post","type-post","status-publish","format-standard","has-post-thumbnail","hentry","category-noticias","tag-descarbonizacao-territorial","tag-energia-electrica","tag-infraestrutura","tag-logistica","tag-mobilidade","tag-suica"],"yoast_head":"<!-- This site is optimized with the Yoast SEO plugin v27.2 - https:\/\/yoast.com\/product\/yoast-seo-wordpress\/ -->\n<title>Cami\u00f5es el\u00e9tricos Renault Trucks e Hugelshofer v\u00e3o al\u00e9m da autonomia te\u00f3rica - Portal Tela Portugal<\/title>\n<meta name=\"robots\" content=\"index, follow, max-snippet:-1, max-image-preview:large, max-video-preview:-1\" \/>\n<meta property=\"og:locale\" content=\"pt_PT\" \/>\n<meta property=\"og:type\" content=\"article\" \/>\n<meta property=\"og:title\" content=\"Cami\u00f5es el\u00e9tricos Renault Trucks e Hugelshofer v\u00e3o al\u00e9m da autonomia te\u00f3rica - Portal Tela Portugal\" \/>\n<meta property=\"og:description\" content=\"A Renault Trucks e a Hugelshofer Logistik demonstraram que cami\u00f5es el\u00e9tricos podem ir al\u00e9m da autonomia te\u00f3rica, com um E-Tech T a percorrer 1.007 km num \u00fanico dia em opera\u00e7\u00f5es reais. A frota Hugelshofer inclui 80 ve\u00edculos el\u00e9tricos num total de 220 cami\u00f5es, operados por cerca de 150 motoristas, com planeamento de rotas e carregamentos interm\u00e9dios para aumentar o tempo \u00fatil de opera\u00e7\u00e3o. A abordagem exige duas pessoas por ve\u00edculo: pausas para carregamento interm\u00e9dio durante as paragens regulamentares e carregamento completo \u00e0 noite, permitindo mais de 600 km di\u00e1rios por ve\u00edculo. A infraestrutura de carregamento em Frauenfeld conta com 30 postos r\u00e1pidos de at\u00e9 480 kW, apoio de um sistema fotovoltaico de cerca de 1,2 milh\u00f5es de kWh por ano e tr\u00eas transformadores dedicados, com 95% dos carregamentos a ocorrer no dep\u00f3sito. Na Su\u00ed\u00e7a, os cami\u00f5es el\u00e9tricos beneficiam de custos operacionais cerca de 30% inferiores aos Diesel, com vantagens na taxa rodovi\u00e1ria LSVA, e o pa\u00eds prepara investimento de 20 milh\u00f5es de francos su\u00ed\u00e7os (2026-2030) para ampliar a infraestrutura de carregamento; em 2025, 14,7% dos ve\u00edculos acima de 16 toneladas eram el\u00e9tricos, quase o dobro da m\u00e9dia europeia.\" \/>\n<meta property=\"og:url\" content=\"https:\/\/portaltela.pt\/noticias\/2026\/02\/01\/camioes-eletricos-renault-trucks-e-hugelshofer-vao-alem-da-autonomia-teorica\/\" \/>\n<meta property=\"og:site_name\" content=\"Portal Tela Portugal\" \/>\n<meta property=\"article:published_time\" content=\"2026-02-01T05:00:00+00:00\" \/>\n<meta name=\"author\" content=\"Telinha\" \/>\n<meta name=\"twitter:card\" content=\"summary_large_image\" \/>\n<meta name=\"twitter:label1\" content=\"Escrito por\" \/>\n\t<meta name=\"twitter:data1\" content=\"Telinha\" \/>\n\t<meta name=\"twitter:label2\" content=\"Tempo estimado de leitura\" \/>\n\t<meta name=\"twitter:data2\" content=\"3 minutos\" \/>\n<script type=\"application\/ld+json\" class=\"yoast-schema-graph\">{\"@context\":\"https:\/\/schema.org\",\"@graph\":[{\"@type\":\"Article\",\"@id\":\"https:\/\/portaltela.pt\/noticias\/2026\/02\/01\/camioes-eletricos-renault-trucks-e-hugelshofer-vao-alem-da-autonomia-teorica\/#article\",\"isPartOf\":{\"@id\":\"https:\/\/portaltela.pt\/noticias\/2026\/02\/01\/camioes-eletricos-renault-trucks-e-hugelshofer-vao-alem-da-autonomia-teorica\/\"},\"author\":{\"name\":\"Telinha\",\"@id\":\"https:\/\/portaltela.pt\/#\/schema\/person\/c4278d4a6028830caff9ee44b42d32ed\"},\"headline\":\"Cami\u00f5es el\u00e9tricos Renault Trucks e Hugelshofer v\u00e3o al\u00e9m da autonomia te\u00f3rica\",\"datePublished\":\"2026-02-01T05:00:00+00:00\",\"mainEntityOfPage\":{\"@id\":\"https:\/\/portaltela.pt\/noticias\/2026\/02\/01\/camioes-eletricos-renault-trucks-e-hugelshofer-vao-alem-da-autonomia-teorica\/\"},\"wordCount\":553,\"image\":{\"@id\":\"https:\/\/portaltela.pt\/noticias\/2026\/02\/01\/camioes-eletricos-renault-trucks-e-hugelshofer-vao-alem-da-autonomia-teorica\/#primaryimage\"},\"thumbnailUrl\":\"https:\/\/portaltela.pt\/s.01k8rhncp4jt1\/2026\/02\/Renault-Trucks-x-Hugelshofer-1-red.jpg\",\"keywords\":[\"descarboniza\u00e7\u00e3o territorial\",\"energia el\u00e9ctrica\",\"infraestrutura\",\"Log\u00edstica\",\"mobilidade\",\"Su\u00ed\u00e7a\"],\"articleSection\":[\"Not\u00edcias\"],\"inLanguage\":\"pt-PT\"},{\"@type\":\"WebPage\",\"@id\":\"https:\/\/portaltela.pt\/noticias\/2026\/02\/01\/camioes-eletricos-renault-trucks-e-hugelshofer-vao-alem-da-autonomia-teorica\/\",\"url\":\"https:\/\/portaltela.pt\/noticias\/2026\/02\/01\/camioes-eletricos-renault-trucks-e-hugelshofer-vao-alem-da-autonomia-teorica\/\",\"name\":\"Cami\u00f5es el\u00e9tricos Renault Trucks e Hugelshofer v\u00e3o al\u00e9m da autonomia te\u00f3rica - Portal Tela Portugal\",\"isPartOf\":{\"@id\":\"https:\/\/portaltela.pt\/#website\"},\"primaryImageOfPage\":{\"@id\":\"https:\/\/portaltela.pt\/noticias\/2026\/02\/01\/camioes-eletricos-renault-trucks-e-hugelshofer-vao-alem-da-autonomia-teorica\/#primaryimage\"},\"image\":{\"@id\":\"https:\/\/portaltela.pt\/noticias\/2026\/02\/01\/camioes-eletricos-renault-trucks-e-hugelshofer-vao-alem-da-autonomia-teorica\/#primaryimage\"},\"thumbnailUrl\":\"https:\/\/portaltela.pt\/s.01k8rhncp4jt1\/2026\/02\/Renault-Trucks-x-Hugelshofer-1-red.jpg\",\"datePublished\":\"2026-02-01T05:00:00+00:00\",\"author\":{\"@id\":\"https:\/\/portaltela.pt\/#\/schema\/person\/c4278d4a6028830caff9ee44b42d32ed\"},\"breadcrumb\":{\"@id\":\"https:\/\/portaltela.pt\/noticias\/2026\/02\/01\/camioes-eletricos-renault-trucks-e-hugelshofer-vao-alem-da-autonomia-teorica\/#breadcrumb\"},\"inLanguage\":\"pt-PT\",\"potentialAction\":[{\"@type\":\"ReadAction\",\"target\":[\"https:\/\/portaltela.pt\/noticias\/2026\/02\/01\/camioes-eletricos-renault-trucks-e-hugelshofer-vao-alem-da-autonomia-teorica\/\"]}]},{\"@type\":\"ImageObject\",\"inLanguage\":\"pt-PT\",\"@id\":\"https:\/\/portaltela.pt\/noticias\/2026\/02\/01\/camioes-eletricos-renault-trucks-e-hugelshofer-vao-alem-da-autonomia-teorica\/#primaryimage\",\"url\":\"https:\/\/portaltela.pt\/s.01k8rhncp4jt1\/2026\/02\/Renault-Trucks-x-Hugelshofer-1-red.jpg\",\"contentUrl\":\"https:\/\/portaltela.pt\/s.01k8rhncp4jt1\/2026\/02\/Renault-Trucks-x-Hugelshofer-1-red.jpg\",\"width\":796,\"height\":448,\"caption\":\"Renault Trucks e Hugelshofer mostram como os cami\u00f5es el\u00e9tricos podem ir al\u00e9m da autonomia te\u00f3rica\"},{\"@type\":\"BreadcrumbList\",\"@id\":\"https:\/\/portaltela.pt\/noticias\/2026\/02\/01\/camioes-eletricos-renault-trucks-e-hugelshofer-vao-alem-da-autonomia-teorica\/#breadcrumb\",\"itemListElement\":[{\"@type\":\"ListItem\",\"position\":1,\"name\":\"In\u00edcio\",\"item\":\"https:\/\/portaltela.pt\/\"},{\"@type\":\"ListItem\",\"position\":2,\"name\":\"Cami\u00f5es el\u00e9tricos Renault Trucks e Hugelshofer v\u00e3o al\u00e9m da autonomia te\u00f3rica\"}]},{\"@type\":\"WebSite\",\"@id\":\"https:\/\/portaltela.pt\/#website\",\"url\":\"https:\/\/portaltela.pt\/\",\"name\":\"Portal Tela Portugal\",\"description\":\"\",\"potentialAction\":[{\"@type\":\"SearchAction\",\"target\":{\"@type\":\"EntryPoint\",\"urlTemplate\":\"https:\/\/portaltela.pt\/?s={search_term_string}\"},\"query-input\":{\"@type\":\"PropertyValueSpecification\",\"valueRequired\":true,\"valueName\":\"search_term_string\"}}],\"inLanguage\":\"pt-PT\"},{\"@type\":\"Person\",\"@id\":\"https:\/\/portaltela.pt\/#\/schema\/person\/c4278d4a6028830caff9ee44b42d32ed\",\"name\":\"Telinha\",\"image\":{\"@type\":\"ImageObject\",\"inLanguage\":\"pt-PT\",\"@id\":\"https:\/\/portaltela.pt\/s.01k8rhncp4jt1\/2025\/11\/talking-bot-125x125.png\",\"url\":\"https:\/\/portaltela.pt\/s.01k8rhncp4jt1\/2025\/11\/talking-bot-125x125.png\",\"contentUrl\":\"https:\/\/portaltela.pt\/s.01k8rhncp4jt1\/2025\/11\/talking-bot-125x125.png\",\"caption\":\"Telinha\"},\"sameAs\":[\"https:\/\/portaltela.pt\/\"],\"url\":\"https:\/\/portaltela.pt\/por\/367410592786\/\"}]}<\/script>\n<!-- \/ Yoast SEO plugin. -->","yoast_head_json":{"title":"Cami\u00f5es el\u00e9tricos Renault Trucks e Hugelshofer v\u00e3o al\u00e9m da autonomia te\u00f3rica - Portal Tela Portugal","robots":{"index":"index","follow":"follow","max-snippet":"max-snippet:-1","max-image-preview":"max-image-preview:large","max-video-preview":"max-video-preview:-1"},"og_locale":"pt_PT","og_type":"article","og_title":"Cami\u00f5es el\u00e9tricos Renault Trucks e Hugelshofer v\u00e3o al\u00e9m da autonomia te\u00f3rica - Portal Tela Portugal","og_description":"A Renault Trucks e a Hugelshofer Logistik demonstraram que cami\u00f5es el\u00e9tricos podem ir al\u00e9m da autonomia te\u00f3rica, com um E-Tech T a percorrer 1.007 km num \u00fanico dia em opera\u00e7\u00f5es reais. A frota Hugelshofer inclui 80 ve\u00edculos el\u00e9tricos num total de 220 cami\u00f5es, operados por cerca de 150 motoristas, com planeamento de rotas e carregamentos interm\u00e9dios para aumentar o tempo \u00fatil de opera\u00e7\u00e3o. A abordagem exige duas pessoas por ve\u00edculo: pausas para carregamento interm\u00e9dio durante as paragens regulamentares e carregamento completo \u00e0 noite, permitindo mais de 600 km di\u00e1rios por ve\u00edculo. A infraestrutura de carregamento em Frauenfeld conta com 30 postos r\u00e1pidos de at\u00e9 480 kW, apoio de um sistema fotovoltaico de cerca de 1,2 milh\u00f5es de kWh por ano e tr\u00eas transformadores dedicados, com 95% dos carregamentos a ocorrer no dep\u00f3sito. Na Su\u00ed\u00e7a, os cami\u00f5es el\u00e9tricos beneficiam de custos operacionais cerca de 30% inferiores aos Diesel, com vantagens na taxa rodovi\u00e1ria LSVA, e o pa\u00eds prepara investimento de 20 milh\u00f5es de francos su\u00ed\u00e7os (2026-2030) para ampliar a infraestrutura de carregamento; em 2025, 14,7% dos ve\u00edculos acima de 16 toneladas eram el\u00e9tricos, quase o dobro da m\u00e9dia europeia.","og_url":"https:\/\/portaltela.pt\/noticias\/2026\/02\/01\/camioes-eletricos-renault-trucks-e-hugelshofer-vao-alem-da-autonomia-teorica\/","og_site_name":"Portal Tela Portugal","article_published_time":"2026-02-01T05:00:00+00:00","author":"Telinha","twitter_card":"summary_large_image","twitter_misc":{"Escrito por":"Telinha","Tempo estimado de leitura":"3 minutos"},"schema":{"@context":"https:\/\/schema.org","@graph":[{"@type":"Article","@id":"https:\/\/portaltela.pt\/noticias\/2026\/02\/01\/camioes-eletricos-renault-trucks-e-hugelshofer-vao-alem-da-autonomia-teorica\/#article","isPartOf":{"@id":"https:\/\/portaltela.pt\/noticias\/2026\/02\/01\/camioes-eletricos-renault-trucks-e-hugelshofer-vao-alem-da-autonomia-teorica\/"},"author":{"name":"Telinha","@id":"https:\/\/portaltela.pt\/#\/schema\/person\/c4278d4a6028830caff9ee44b42d32ed"},"headline":"Cami\u00f5es el\u00e9tricos Renault Trucks e Hugelshofer v\u00e3o al\u00e9m da autonomia te\u00f3rica","datePublished":"2026-02-01T05:00:00+00:00","mainEntityOfPage":{"@id":"https:\/\/portaltela.pt\/noticias\/2026\/02\/01\/camioes-eletricos-renault-trucks-e-hugelshofer-vao-alem-da-autonomia-teorica\/"},"wordCount":553,"image":{"@id":"https:\/\/portaltela.pt\/noticias\/2026\/02\/01\/camioes-eletricos-renault-trucks-e-hugelshofer-vao-alem-da-autonomia-teorica\/#primaryimage"},"thumbnailUrl":"https:\/\/portaltela.pt\/s.01k8rhncp4jt1\/2026\/02\/Renault-Trucks-x-Hugelshofer-1-red.jpg","keywords":["descarboniza\u00e7\u00e3o territorial","energia el\u00e9ctrica","infraestrutura","Log\u00edstica","mobilidade","Su\u00ed\u00e7a"],"articleSection":["Not\u00edcias"],"inLanguage":"pt-PT"},{"@type":"WebPage","@id":"https:\/\/portaltela.pt\/noticias\/2026\/02\/01\/camioes-eletricos-renault-trucks-e-hugelshofer-vao-alem-da-autonomia-teorica\/","url":"https:\/\/portaltela.pt\/noticias\/2026\/02\/01\/camioes-eletricos-renault-trucks-e-hugelshofer-vao-alem-da-autonomia-teorica\/","name":"Cami\u00f5es el\u00e9tricos Renault Trucks e Hugelshofer v\u00e3o al\u00e9m da autonomia te\u00f3rica - Portal Tela Portugal","isPartOf":{"@id":"https:\/\/portaltela.pt\/#website"},"primaryImageOfPage":{"@id":"https:\/\/portaltela.pt\/noticias\/2026\/02\/01\/camioes-eletricos-renault-trucks-e-hugelshofer-vao-alem-da-autonomia-teorica\/#primaryimage"},"image":{"@id":"https:\/\/portaltela.pt\/noticias\/2026\/02\/01\/camioes-eletricos-renault-trucks-e-hugelshofer-vao-alem-da-autonomia-teorica\/#primaryimage"},"thumbnailUrl":"https:\/\/portaltela.pt\/s.01k8rhncp4jt1\/2026\/02\/Renault-Trucks-x-Hugelshofer-1-red.jpg","datePublished":"2026-02-01T05:00:00+00:00","author":{"@id":"https:\/\/portaltela.pt\/#\/schema\/person\/c4278d4a6028830caff9ee44b42d32ed"},"breadcrumb":{"@id":"https:\/\/portaltela.pt\/noticias\/2026\/02\/01\/camioes-eletricos-renault-trucks-e-hugelshofer-vao-alem-da-autonomia-teorica\/#breadcrumb"},"inLanguage":"pt-PT","potentialAction":[{"@type":"ReadAction","target":["https:\/\/portaltela.pt\/noticias\/2026\/02\/01\/camioes-eletricos-renault-trucks-e-hugelshofer-vao-alem-da-autonomia-teorica\/"]}]},{"@type":"ImageObject","inLanguage":"pt-PT","@id":"https:\/\/portaltela.pt\/noticias\/2026\/02\/01\/camioes-eletricos-renault-trucks-e-hugelshofer-vao-alem-da-autonomia-teorica\/#primaryimage","url":"https:\/\/portaltela.pt\/s.01k8rhncp4jt1\/2026\/02\/Renault-Trucks-x-Hugelshofer-1-red.jpg","contentUrl":"https:\/\/portaltela.pt\/s.01k8rhncp4jt1\/2026\/02\/Renault-Trucks-x-Hugelshofer-1-red.jpg","width":796,"height":448,"caption":"Renault Trucks e Hugelshofer mostram como os cami\u00f5es el\u00e9tricos podem ir al\u00e9m da autonomia te\u00f3rica"},{"@type":"BreadcrumbList","@id":"https:\/\/portaltela.pt\/noticias\/2026\/02\/01\/camioes-eletricos-renault-trucks-e-hugelshofer-vao-alem-da-autonomia-teorica\/#breadcrumb","itemListElement":[{"@type":"ListItem","position":1,"name":"In\u00edcio","item":"https:\/\/portaltela.pt\/"},{"@type":"ListItem","position":2,"name":"Cami\u00f5es el\u00e9tricos Renault Trucks e Hugelshofer v\u00e3o al\u00e9m da autonomia te\u00f3rica"}]},{"@type":"WebSite","@id":"https:\/\/portaltela.pt\/#website","url":"https:\/\/portaltela.pt\/","name":"Portal Tela Portugal","description":"","potentialAction":[{"@type":"SearchAction","target":{"@type":"EntryPoint","urlTemplate":"https:\/\/portaltela.pt\/?s={search_term_string}"},"query-input":{"@type":"PropertyValueSpecification","valueRequired":true,"valueName":"search_term_string"}}],"inLanguage":"pt-PT"},{"@type":"Person","@id":"https:\/\/portaltela.pt\/#\/schema\/person\/c4278d4a6028830caff9ee44b42d32ed","name":"Telinha","image":{"@type":"ImageObject","inLanguage":"pt-PT","@id":"https:\/\/portaltela.pt\/s.01k8rhncp4jt1\/2025\/11\/talking-bot-125x125.png","url":"https:\/\/portaltela.pt\/s.01k8rhncp4jt1\/2025\/11\/talking-bot-125x125.png","contentUrl":"https:\/\/portaltela.pt\/s.01k8rhncp4jt1\/2025\/11\/talking-bot-125x125.png","caption":"Telinha"},"sameAs":["https:\/\/portaltela.pt\/"],"url":"https:\/\/portaltela.pt\/por\/367410592786\/"}]}},"_links":{"self":[{"href":"https:\/\/portaltela.pt\/api\/wp\/v2\/posts\/187927","targetHints":{"allow":["GET"]}}],"collection":[{"href":"https:\/\/portaltela.pt\/api\/wp\/v2\/posts"}],"about":[{"href":"https:\/\/portaltela.pt\/api\/wp\/v2\/types\/post"}],"author":[{"embeddable":true,"href":"https:\/\/portaltela.pt\/api\/wp\/v2\/users\/2"}],"replies":[{"embeddable":true,"href":"https:\/\/portaltela.pt\/api\/wp\/v2\/comments?post=187927"}],"version-history":[{"count":0,"href":"https:\/\/portaltela.pt\/api\/wp\/v2\/posts\/187927\/revisions"}],"wp:featuredmedia":[{"embeddable":true,"href":"https:\/\/portaltela.pt\/api\/wp\/v2\/media\/187928"}],"wp:attachment":[{"href":"https:\/\/portaltela.pt\/api\/wp\/v2\/media?parent=187927"}],"wp:term":[{"taxonomy":"category","embeddable":true,"href":"https:\/\/portaltela.pt\/api\/wp\/v2\/categories?post=187927"},{"taxonomy":"post_tag","embeddable":true,"href":"https:\/\/portaltela.pt\/api\/wp\/v2\/tags?post=187927"}],"curies":[{"name":"wp","href":"https:\/\/api.w.org\/{rel}","templated":true}]}}