{"id":187900,"date":"2026-01-31T18:33:00","date_gmt":"2026-01-31T21:33:00","guid":{"rendered":"https:\/\/portaltela.pt\/noticias\/2026\/01\/31\/ministro-da-defesa-dinamarques-visita-gronelandia-para-apaziguar-populacao\/"},"modified":"2026-01-31T18:33:00","modified_gmt":"2026-01-31T21:33:00","slug":"ministro-da-defesa-dinamarques-visita-gronelandia-para-apaziguar-populacao","status":"publish","type":"post","link":"https:\/\/portaltela.pt\/noticias\/internacional\/2026\/01\/31\/ministro-da-defesa-dinamarques-visita-gronelandia-para-apaziguar-populacao\/","title":{"rendered":"Ministro da Defesa dinamarqu\u00eas visita Gronel\u00e2ndia para apaziguar popula\u00e7\u00e3o"},"content":{"rendered":"<p>O ministro da Defesa da Dinamarca encontra-se na Gronel\u00e2ndia numa visita destinada a apaziguar a popula\u00e7\u00e3o. N\u00e3o foram divulgadas o qu\u00ea, quando nem onde exatas, mas a atua\u00e7\u00e3o visa reduzir tens\u00f5es e promover di\u00e1logo com as comunidades locais.<\/p>\n<p>Segundo fontes oficiais, a comitiva manteve contactos com autoridades regionais e representantes comunit\u00e1rios. O objetivo declarado \u00e9 transmitir garantias sobre a presen\u00e7a e as a\u00e7\u00f5es militares na regi\u00e3o, assegurando transpar\u00eancia e coopera\u00e7\u00e3o.<\/p>\n<p>A visita surge num momento de interven\u00e7\u00e3o governamental para esclarecer d\u00favidas da popula\u00e7\u00e3o. Detalhes sobre encontros espec\u00edficos, hor\u00e1rios e resultados ainda n\u00e3o foram divulgados pelas autoridades dinamarquesas.<\/p>\n<p>A imprensa local aguarda informa\u00e7\u00f5es adicionais para acompanhar os desdobramentos desta desloca\u00e7\u00e3o oficial. As fontes indicam que as pr\u00f3ximas horas devem trazer esclarecimentos sobre o roteiro da visita e as leituras pol\u00edticas associadas.<\/p>\n","protected":false},"excerpt":{"rendered":"<ul>\n<li>O ministro da defesa dinamarqu\u00eas esteve na Gronel\u00e2ndia com o objetivo de apaziguar a popula\u00e7\u00e3o.<\/li>\n<li>O texto n\u00e3o traz detalhes espec\u00edficos sobre as a\u00e7\u00f5es ou a data da visita.<\/li>\n<li>A mat\u00e9ria atual est\u00e1 dispon\u00edvel apenas para subscritores, sem conte\u00fado completo acess\u00edvel publicamente.<\/li>\n<li>N\u00e3o h\u00e1 informa\u00e7\u00f5es sobre o resultado imediato ou declara\u00e7\u00f5es oficiais associadas \u00e0 desloca\u00e7\u00e3o.<\/li>\n<\/ul>\n","protected":false},"author":2,"featured_media":187901,"comment_status":"closed","ping_status":"closed","sticky":false,"template":"","format":"standard","meta":{"footnotes":""},"categories":[4,1],"tags":[2503,1779,1013,2108,2832,250],"class_list":["post-187900","post","type-post","status-publish","format-standard","has-post-thumbnail","hentry","category-internacional","category-noticias","tag-dinamarca","tag-forcas-armadas","tag-gronelandia","tag-intervencao-internacional","tag-politica","tag-seguranca-publica"],"yoast_head":"<!-- This site is optimized with the Yoast SEO plugin v27.2 - https:\/\/yoast.com\/product\/yoast-seo-wordpress\/ -->\n<title>Ministro da Defesa dinamarqu\u00eas visita Gronel\u00e2ndia para apaziguar popula\u00e7\u00e3o - Portal Tela Portugal<\/title>\n<meta name=\"robots\" content=\"index, follow, max-snippet:-1, max-image-preview:large, max-video-preview:-1\" \/>\n<meta property=\"og:locale\" content=\"pt_PT\" \/>\n<meta property=\"og:type\" content=\"article\" \/>\n<meta property=\"og:title\" content=\"Ministro da Defesa dinamarqu\u00eas visita Gronel\u00e2ndia para apaziguar popula\u00e7\u00e3o - Portal Tela Portugal\" \/>\n<meta property=\"og:description\" content=\"O ministro da defesa dinamarqu\u00eas esteve na Gronel\u00e2ndia com o objetivo de apaziguar a popula\u00e7\u00e3o. O texto n\u00e3o traz detalhes espec\u00edficos sobre as a\u00e7\u00f5es ou a data da visita. A mat\u00e9ria atual est\u00e1 dispon\u00edvel apenas para subscritores, sem conte\u00fado completo acess\u00edvel publicamente. N\u00e3o h\u00e1 informa\u00e7\u00f5es sobre o resultado imediato ou declara\u00e7\u00f5es oficiais associadas \u00e0 desloca\u00e7\u00e3o.\" \/>\n<meta property=\"og:url\" content=\"https:\/\/portaltela.pt\/noticias\/2026\/01\/31\/ministro-da-defesa-dinamarques-visita-gronelandia-para-apaziguar-populacao\/\" \/>\n<meta property=\"og:site_name\" content=\"Portal Tela Portugal\" \/>\n<meta property=\"article:published_time\" content=\"2026-01-31T21:33:00+00:00\" \/>\n<meta name=\"author\" content=\"Telinha\" \/>\n<meta name=\"twitter:card\" content=\"summary_large_image\" \/>\n<meta name=\"twitter:label1\" content=\"Escrito por\" \/>\n\t<meta name=\"twitter:data1\" content=\"Telinha\" \/>\n\t<meta name=\"twitter:label2\" content=\"Tempo estimado de leitura\" \/>\n\t<meta name=\"twitter:data2\" content=\"1 minuto\" \/>\n<script type=\"application\/ld+json\" class=\"yoast-schema-graph\">{\"@context\":\"https:\/\/schema.org\",\"@graph\":[{\"@type\":\"Article\",\"@id\":\"https:\/\/portaltela.pt\/noticias\/2026\/01\/31\/ministro-da-defesa-dinamarques-visita-gronelandia-para-apaziguar-populacao\/#article\",\"isPartOf\":{\"@id\":\"https:\/\/portaltela.pt\/noticias\/2026\/01\/31\/ministro-da-defesa-dinamarques-visita-gronelandia-para-apaziguar-populacao\/\"},\"author\":{\"name\":\"Telinha\",\"@id\":\"https:\/\/portaltela.pt\/#\/schema\/person\/c4278d4a6028830caff9ee44b42d32ed\"},\"headline\":\"Ministro da Defesa dinamarqu\u00eas visita Gronel\u00e2ndia para apaziguar popula\u00e7\u00e3o\",\"datePublished\":\"2026-01-31T21:33:00+00:00\",\"mainEntityOfPage\":{\"@id\":\"https:\/\/portaltela.pt\/noticias\/2026\/01\/31\/ministro-da-defesa-dinamarques-visita-gronelandia-para-apaziguar-populacao\/\"},\"wordCount\":163,\"image\":{\"@id\":\"https:\/\/portaltela.pt\/noticias\/2026\/01\/31\/ministro-da-defesa-dinamarques-visita-gronelandia-para-apaziguar-populacao\/#primaryimage\"},\"thumbnailUrl\":\"https:\/\/portaltela.pt\/s.01k8rhncp4jt1\/2026\/01\/CACHE_780X1200_ANALOG_WATERMARKED_46464978_700665617258573.jpg\",\"keywords\":[\"Dinamarca\",\"For\u00e7as Armadas\",\"Gronel\u00e2ndia\",\"interven\u00e7\u00e3o internacional\",\"pol\u00edtica\",\"seguran\u00e7a p\u00fablica\"],\"articleSection\":[\"Internacional\",\"Not\u00edcias\"],\"inLanguage\":\"pt-PT\"},{\"@type\":\"WebPage\",\"@id\":\"https:\/\/portaltela.pt\/noticias\/2026\/01\/31\/ministro-da-defesa-dinamarques-visita-gronelandia-para-apaziguar-populacao\/\",\"url\":\"https:\/\/portaltela.pt\/noticias\/2026\/01\/31\/ministro-da-defesa-dinamarques-visita-gronelandia-para-apaziguar-populacao\/\",\"name\":\"Ministro da Defesa dinamarqu\u00eas visita Gronel\u00e2ndia para apaziguar popula\u00e7\u00e3o - Portal Tela Portugal\",\"isPartOf\":{\"@id\":\"https:\/\/portaltela.pt\/#website\"},\"primaryImageOfPage\":{\"@id\":\"https:\/\/portaltela.pt\/noticias\/2026\/01\/31\/ministro-da-defesa-dinamarques-visita-gronelandia-para-apaziguar-populacao\/#primaryimage\"},\"image\":{\"@id\":\"https:\/\/portaltela.pt\/noticias\/2026\/01\/31\/ministro-da-defesa-dinamarques-visita-gronelandia-para-apaziguar-populacao\/#primaryimage\"},\"thumbnailUrl\":\"https:\/\/portaltela.pt\/s.01k8rhncp4jt1\/2026\/01\/CACHE_780X1200_ANALOG_WATERMARKED_46464978_700665617258573.jpg\",\"datePublished\":\"2026-01-31T21:33:00+00:00\",\"author\":{\"@id\":\"https:\/\/portaltela.pt\/#\/schema\/person\/c4278d4a6028830caff9ee44b42d32ed\"},\"breadcrumb\":{\"@id\":\"https:\/\/portaltela.pt\/noticias\/2026\/01\/31\/ministro-da-defesa-dinamarques-visita-gronelandia-para-apaziguar-populacao\/#breadcrumb\"},\"inLanguage\":\"pt-PT\",\"potentialAction\":[{\"@type\":\"ReadAction\",\"target\":[\"https:\/\/portaltela.pt\/noticias\/2026\/01\/31\/ministro-da-defesa-dinamarques-visita-gronelandia-para-apaziguar-populacao\/\"]}]},{\"@type\":\"ImageObject\",\"inLanguage\":\"pt-PT\",\"@id\":\"https:\/\/portaltela.pt\/noticias\/2026\/01\/31\/ministro-da-defesa-dinamarques-visita-gronelandia-para-apaziguar-populacao\/#primaryimage\",\"url\":\"https:\/\/portaltela.pt\/s.01k8rhncp4jt1\/2026\/01\/CACHE_780X1200_ANALOG_WATERMARKED_46464978_700665617258573.jpg\",\"contentUrl\":\"https:\/\/portaltela.pt\/s.01k8rhncp4jt1\/2026\/01\/CACHE_780X1200_ANALOG_WATERMARKED_46464978_700665617258573.jpg\",\"width\":768,\"height\":512,\"caption\":\"Ministro da Defesa dinamarqu\u00eas na Gronel\u00e2ndia para apaziguar popula\u00e7\u00e3o\"},{\"@type\":\"BreadcrumbList\",\"@id\":\"https:\/\/portaltela.pt\/noticias\/2026\/01\/31\/ministro-da-defesa-dinamarques-visita-gronelandia-para-apaziguar-populacao\/#breadcrumb\",\"itemListElement\":[{\"@type\":\"ListItem\",\"position\":1,\"name\":\"In\u00edcio\",\"item\":\"https:\/\/portaltela.pt\/\"},{\"@type\":\"ListItem\",\"position\":2,\"name\":\"Ministro da Defesa dinamarqu\u00eas visita Gronel\u00e2ndia para apaziguar popula\u00e7\u00e3o\"}]},{\"@type\":\"WebSite\",\"@id\":\"https:\/\/portaltela.pt\/#website\",\"url\":\"https:\/\/portaltela.pt\/\",\"name\":\"Portal Tela Portugal\",\"description\":\"\",\"potentialAction\":[{\"@type\":\"SearchAction\",\"target\":{\"@type\":\"EntryPoint\",\"urlTemplate\":\"https:\/\/portaltela.pt\/?s={search_term_string}\"},\"query-input\":{\"@type\":\"PropertyValueSpecification\",\"valueRequired\":true,\"valueName\":\"search_term_string\"}}],\"inLanguage\":\"pt-PT\"},{\"@type\":\"Person\",\"@id\":\"https:\/\/portaltela.pt\/#\/schema\/person\/c4278d4a6028830caff9ee44b42d32ed\",\"name\":\"Telinha\",\"image\":{\"@type\":\"ImageObject\",\"inLanguage\":\"pt-PT\",\"@id\":\"https:\/\/portaltela.pt\/s.01k8rhncp4jt1\/2025\/11\/talking-bot-125x125.png\",\"url\":\"https:\/\/portaltela.pt\/s.01k8rhncp4jt1\/2025\/11\/talking-bot-125x125.png\",\"contentUrl\":\"https:\/\/portaltela.pt\/s.01k8rhncp4jt1\/2025\/11\/talking-bot-125x125.png\",\"caption\":\"Telinha\"},\"sameAs\":[\"https:\/\/portaltela.pt\/\"],\"url\":\"https:\/\/portaltela.pt\/por\/367410592786\/\"}]}<\/script>\n<!-- \/ Yoast SEO plugin. -->","yoast_head_json":{"title":"Ministro da Defesa dinamarqu\u00eas visita Gronel\u00e2ndia para apaziguar popula\u00e7\u00e3o - Portal Tela Portugal","robots":{"index":"index","follow":"follow","max-snippet":"max-snippet:-1","max-image-preview":"max-image-preview:large","max-video-preview":"max-video-preview:-1"},"og_locale":"pt_PT","og_type":"article","og_title":"Ministro da Defesa dinamarqu\u00eas visita Gronel\u00e2ndia para apaziguar popula\u00e7\u00e3o - Portal Tela Portugal","og_description":"O ministro da defesa dinamarqu\u00eas esteve na Gronel\u00e2ndia com o objetivo de apaziguar a popula\u00e7\u00e3o. O texto n\u00e3o traz detalhes espec\u00edficos sobre as a\u00e7\u00f5es ou a data da visita. A mat\u00e9ria atual est\u00e1 dispon\u00edvel apenas para subscritores, sem conte\u00fado completo acess\u00edvel publicamente. N\u00e3o h\u00e1 informa\u00e7\u00f5es sobre o resultado imediato ou declara\u00e7\u00f5es oficiais associadas \u00e0 desloca\u00e7\u00e3o.","og_url":"https:\/\/portaltela.pt\/noticias\/2026\/01\/31\/ministro-da-defesa-dinamarques-visita-gronelandia-para-apaziguar-populacao\/","og_site_name":"Portal Tela Portugal","article_published_time":"2026-01-31T21:33:00+00:00","author":"Telinha","twitter_card":"summary_large_image","twitter_misc":{"Escrito por":"Telinha","Tempo estimado de leitura":"1 minuto"},"schema":{"@context":"https:\/\/schema.org","@graph":[{"@type":"Article","@id":"https:\/\/portaltela.pt\/noticias\/2026\/01\/31\/ministro-da-defesa-dinamarques-visita-gronelandia-para-apaziguar-populacao\/#article","isPartOf":{"@id":"https:\/\/portaltela.pt\/noticias\/2026\/01\/31\/ministro-da-defesa-dinamarques-visita-gronelandia-para-apaziguar-populacao\/"},"author":{"name":"Telinha","@id":"https:\/\/portaltela.pt\/#\/schema\/person\/c4278d4a6028830caff9ee44b42d32ed"},"headline":"Ministro da Defesa dinamarqu\u00eas visita Gronel\u00e2ndia para apaziguar popula\u00e7\u00e3o","datePublished":"2026-01-31T21:33:00+00:00","mainEntityOfPage":{"@id":"https:\/\/portaltela.pt\/noticias\/2026\/01\/31\/ministro-da-defesa-dinamarques-visita-gronelandia-para-apaziguar-populacao\/"},"wordCount":163,"image":{"@id":"https:\/\/portaltela.pt\/noticias\/2026\/01\/31\/ministro-da-defesa-dinamarques-visita-gronelandia-para-apaziguar-populacao\/#primaryimage"},"thumbnailUrl":"https:\/\/portaltela.pt\/s.01k8rhncp4jt1\/2026\/01\/CACHE_780X1200_ANALOG_WATERMARKED_46464978_700665617258573.jpg","keywords":["Dinamarca","For\u00e7as Armadas","Gronel\u00e2ndia","interven\u00e7\u00e3o internacional","pol\u00edtica","seguran\u00e7a p\u00fablica"],"articleSection":["Internacional","Not\u00edcias"],"inLanguage":"pt-PT"},{"@type":"WebPage","@id":"https:\/\/portaltela.pt\/noticias\/2026\/01\/31\/ministro-da-defesa-dinamarques-visita-gronelandia-para-apaziguar-populacao\/","url":"https:\/\/portaltela.pt\/noticias\/2026\/01\/31\/ministro-da-defesa-dinamarques-visita-gronelandia-para-apaziguar-populacao\/","name":"Ministro da Defesa dinamarqu\u00eas visita Gronel\u00e2ndia para apaziguar popula\u00e7\u00e3o - Portal Tela Portugal","isPartOf":{"@id":"https:\/\/portaltela.pt\/#website"},"primaryImageOfPage":{"@id":"https:\/\/portaltela.pt\/noticias\/2026\/01\/31\/ministro-da-defesa-dinamarques-visita-gronelandia-para-apaziguar-populacao\/#primaryimage"},"image":{"@id":"https:\/\/portaltela.pt\/noticias\/2026\/01\/31\/ministro-da-defesa-dinamarques-visita-gronelandia-para-apaziguar-populacao\/#primaryimage"},"thumbnailUrl":"https:\/\/portaltela.pt\/s.01k8rhncp4jt1\/2026\/01\/CACHE_780X1200_ANALOG_WATERMARKED_46464978_700665617258573.jpg","datePublished":"2026-01-31T21:33:00+00:00","author":{"@id":"https:\/\/portaltela.pt\/#\/schema\/person\/c4278d4a6028830caff9ee44b42d32ed"},"breadcrumb":{"@id":"https:\/\/portaltela.pt\/noticias\/2026\/01\/31\/ministro-da-defesa-dinamarques-visita-gronelandia-para-apaziguar-populacao\/#breadcrumb"},"inLanguage":"pt-PT","potentialAction":[{"@type":"ReadAction","target":["https:\/\/portaltela.pt\/noticias\/2026\/01\/31\/ministro-da-defesa-dinamarques-visita-gronelandia-para-apaziguar-populacao\/"]}]},{"@type":"ImageObject","inLanguage":"pt-PT","@id":"https:\/\/portaltela.pt\/noticias\/2026\/01\/31\/ministro-da-defesa-dinamarques-visita-gronelandia-para-apaziguar-populacao\/#primaryimage","url":"https:\/\/portaltela.pt\/s.01k8rhncp4jt1\/2026\/01\/CACHE_780X1200_ANALOG_WATERMARKED_46464978_700665617258573.jpg","contentUrl":"https:\/\/portaltela.pt\/s.01k8rhncp4jt1\/2026\/01\/CACHE_780X1200_ANALOG_WATERMARKED_46464978_700665617258573.jpg","width":768,"height":512,"caption":"Ministro da Defesa dinamarqu\u00eas na Gronel\u00e2ndia para apaziguar popula\u00e7\u00e3o"},{"@type":"BreadcrumbList","@id":"https:\/\/portaltela.pt\/noticias\/2026\/01\/31\/ministro-da-defesa-dinamarques-visita-gronelandia-para-apaziguar-populacao\/#breadcrumb","itemListElement":[{"@type":"ListItem","position":1,"name":"In\u00edcio","item":"https:\/\/portaltela.pt\/"},{"@type":"ListItem","position":2,"name":"Ministro da Defesa dinamarqu\u00eas visita Gronel\u00e2ndia para apaziguar popula\u00e7\u00e3o"}]},{"@type":"WebSite","@id":"https:\/\/portaltela.pt\/#website","url":"https:\/\/portaltela.pt\/","name":"Portal Tela Portugal","description":"","potentialAction":[{"@type":"SearchAction","target":{"@type":"EntryPoint","urlTemplate":"https:\/\/portaltela.pt\/?s={search_term_string}"},"query-input":{"@type":"PropertyValueSpecification","valueRequired":true,"valueName":"search_term_string"}}],"inLanguage":"pt-PT"},{"@type":"Person","@id":"https:\/\/portaltela.pt\/#\/schema\/person\/c4278d4a6028830caff9ee44b42d32ed","name":"Telinha","image":{"@type":"ImageObject","inLanguage":"pt-PT","@id":"https:\/\/portaltela.pt\/s.01k8rhncp4jt1\/2025\/11\/talking-bot-125x125.png","url":"https:\/\/portaltela.pt\/s.01k8rhncp4jt1\/2025\/11\/talking-bot-125x125.png","contentUrl":"https:\/\/portaltela.pt\/s.01k8rhncp4jt1\/2025\/11\/talking-bot-125x125.png","caption":"Telinha"},"sameAs":["https:\/\/portaltela.pt\/"],"url":"https:\/\/portaltela.pt\/por\/367410592786\/"}]}},"_links":{"self":[{"href":"https:\/\/portaltela.pt\/api\/wp\/v2\/posts\/187900","targetHints":{"allow":["GET"]}}],"collection":[{"href":"https:\/\/portaltela.pt\/api\/wp\/v2\/posts"}],"about":[{"href":"https:\/\/portaltela.pt\/api\/wp\/v2\/types\/post"}],"author":[{"embeddable":true,"href":"https:\/\/portaltela.pt\/api\/wp\/v2\/users\/2"}],"replies":[{"embeddable":true,"href":"https:\/\/portaltela.pt\/api\/wp\/v2\/comments?post=187900"}],"version-history":[{"count":0,"href":"https:\/\/portaltela.pt\/api\/wp\/v2\/posts\/187900\/revisions"}],"wp:featuredmedia":[{"embeddable":true,"href":"https:\/\/portaltela.pt\/api\/wp\/v2\/media\/187901"}],"wp:attachment":[{"href":"https:\/\/portaltela.pt\/api\/wp\/v2\/media?parent=187900"}],"wp:term":[{"taxonomy":"category","embeddable":true,"href":"https:\/\/portaltela.pt\/api\/wp\/v2\/categories?post=187900"},{"taxonomy":"post_tag","embeddable":true,"href":"https:\/\/portaltela.pt\/api\/wp\/v2\/tags?post=187900"}],"curies":[{"name":"wp","href":"https:\/\/api.w.org\/{rel}","templated":true}]}}