{"id":187877,"date":"2026-01-31T22:30:00","date_gmt":"2026-02-01T01:30:00","guid":{"rendered":"https:\/\/portaltela.pt\/noticias\/2026\/01\/31\/casal-de-idosos-vive-em-casa-sem-telhado-agua-e-eletricidade-em-leiria\/"},"modified":"2026-01-31T22:30:00","modified_gmt":"2026-02-01T01:30:00","slug":"casal-de-idosos-vive-em-casa-sem-telhado-agua-e-eletricidade-em-leiria","status":"publish","type":"post","link":"https:\/\/portaltela.pt\/noticias\/2026\/01\/31\/casal-de-idosos-vive-em-casa-sem-telhado-agua-e-eletricidade-em-leiria\/","title":{"rendered":"Casal de idosos vive em casa sem telhado, \u00e1gua e eletricidade em Leiria"},"content":{"rendered":"<p>Um casal de idosos em Leiria vive numa casa sem telhado, sem \u00e1gua e sem eletricidade. A queixa \u00e9 de que a autarquia local n\u00e3o lhes presta apoio, numa postura que contrasta com a assist\u00eancia que alegadamente receberam quando foram \u00e0s urnas, quando uma carrinha marcou presen\u00e7a para os buscar.<\/p>\n<p>O Sr. Rui Pardal tem 86 anos, a mulher 80. Ele sofre de cancro em fase terminal e permanece em casa, em condi\u00e7\u00f5es prec\u00e1rias, dependente de recursos b\u00e1sicos que n\u00e3o lhe s\u00e3o assegurados pela habita\u00e7\u00e3o.<\/p>\n<p>A resid\u00eancia est\u00e1 sem condi\u00e7\u00f5es de abrigo, com falta de \u00e1gua e luz, o que agrava a situa\u00e7\u00e3o de fragilidade do casal. As instala\u00e7\u00f5es comprometem a higiene e o conforto necess\u00e1rios para cuidados m\u00e9dicos em casa.<\/p>\n<p>Os envolvidos solicitam esclarecimentos das autoridades sobre as medidas de apoio social e de habita\u00e7\u00e3o que deveriam estar dispon\u00edveis, bem como a responsabilidade da autarquia para assegurar condi\u00e7\u00f5es m\u00ednimas de vida digna.<\/p>\n","protected":false},"excerpt":{"rendered":"<ul>\n<li>Em Leiria, um casal de idosos vive numa casa sem telhado, sem \u00e1gua e sem eletricidade.<\/li>\n<li>Rui Pardal, 86 anos, e a mulher, de 80, enfrentam doen\u00e7a oncol\u00f3gica em fase terminal em casa.<\/li>\n<li>O casal afirma n\u00e3o receber apoio da autarquia para as necessidades b\u00e1sicas.<\/li>\n<li>Alegam que, durante as elei\u00e7\u00f5es, foram buscar \u00e0 casa numa carrinha pela autarquia.<\/li>\n<li>N\u00e3o h\u00e1 detalhes dispon\u00edveis sobre respostas oficiais \u00e0 situa\u00e7\u00e3o.<\/li>\n<\/ul>\n","protected":false},"author":2,"featured_media":187885,"comment_status":"closed","ping_status":"closed","sticky":false,"template":"","format":"standard","meta":{"footnotes":""},"categories":[1],"tags":[2172,4590,150,1167,1385,4614],"class_list":["post-187877","post","type-post","status-publish","format-standard","has-post-thumbnail","hentry","category-noticias","tag-assistencia-social","tag-desabrigos","tag-habitacao","tag-habitacao-social","tag-leiria","tag-situacoes-sociais"],"yoast_head":"<!-- This site is optimized with the Yoast SEO plugin v27.2 - https:\/\/yoast.com\/product\/yoast-seo-wordpress\/ -->\n<title>Casal de idosos vive em casa sem telhado, \u00e1gua e eletricidade em Leiria - Portal Tela Portugal<\/title>\n<meta name=\"robots\" content=\"index, follow, max-snippet:-1, max-image-preview:large, max-video-preview:-1\" \/>\n<meta property=\"og:locale\" content=\"pt_PT\" \/>\n<meta property=\"og:type\" content=\"article\" \/>\n<meta property=\"og:title\" content=\"Casal de idosos vive em casa sem telhado, \u00e1gua e eletricidade em Leiria - Portal Tela Portugal\" \/>\n<meta property=\"og:description\" content=\"Em Leiria, um casal de idosos vive numa casa sem telhado, sem \u00e1gua e sem eletricidade. Rui Pardal, 86 anos, e a mulher, de 80, enfrentam doen\u00e7a oncol\u00f3gica em fase terminal em casa. O casal afirma n\u00e3o receber apoio da autarquia para as necessidades b\u00e1sicas. Alegam que, durante as elei\u00e7\u00f5es, foram buscar \u00e0 casa numa carrinha pela autarquia. N\u00e3o h\u00e1 detalhes dispon\u00edveis sobre respostas oficiais \u00e0 situa\u00e7\u00e3o.\" \/>\n<meta property=\"og:url\" content=\"https:\/\/portaltela.pt\/noticias\/2026\/01\/31\/casal-de-idosos-vive-em-casa-sem-telhado-agua-e-eletricidade-em-leiria\/\" \/>\n<meta property=\"og:site_name\" content=\"Portal Tela Portugal\" \/>\n<meta property=\"article:published_time\" content=\"2026-02-01T01:30:00+00:00\" \/>\n<meta name=\"author\" content=\"Telinha\" \/>\n<meta name=\"twitter:card\" content=\"summary_large_image\" \/>\n<meta name=\"twitter:label1\" content=\"Escrito por\" \/>\n\t<meta name=\"twitter:data1\" content=\"Telinha\" \/>\n\t<meta name=\"twitter:label2\" content=\"Tempo estimado de leitura\" \/>\n\t<meta name=\"twitter:data2\" content=\"1 minuto\" \/>\n<script type=\"application\/ld+json\" class=\"yoast-schema-graph\">{\"@context\":\"https:\/\/schema.org\",\"@graph\":[{\"@type\":\"Article\",\"@id\":\"https:\/\/portaltela.pt\/noticias\/2026\/01\/31\/casal-de-idosos-vive-em-casa-sem-telhado-agua-e-eletricidade-em-leiria\/#article\",\"isPartOf\":{\"@id\":\"https:\/\/portaltela.pt\/noticias\/2026\/01\/31\/casal-de-idosos-vive-em-casa-sem-telhado-agua-e-eletricidade-em-leiria\/\"},\"author\":{\"name\":\"Telinha\",\"@id\":\"https:\/\/portaltela.pt\/#\/schema\/person\/c4278d4a6028830caff9ee44b42d32ed\"},\"headline\":\"Casal de idosos vive em casa sem telhado, \u00e1gua e eletricidade em Leiria\",\"datePublished\":\"2026-02-01T01:30:00+00:00\",\"mainEntityOfPage\":{\"@id\":\"https:\/\/portaltela.pt\/noticias\/2026\/01\/31\/casal-de-idosos-vive-em-casa-sem-telhado-agua-e-eletricidade-em-leiria\/\"},\"wordCount\":182,\"image\":{\"@id\":\"https:\/\/portaltela.pt\/noticias\/2026\/01\/31\/casal-de-idosos-vive-em-casa-sem-telhado-agua-e-eletricidade-em-leiria\/#primaryimage\"},\"thumbnailUrl\":\"https:\/\/portaltela.pt\/s.01k8rhncp4jt1\/2026\/01\/img_1500x1000uu2026-01-31-22-07-39-2263893.jpg\",\"keywords\":[\"assist\u00eancia social\",\"desabrigos\",\"habita\u00e7\u00e3o\",\"habita\u00e7\u00e3o social\",\"Leiria\",\"situa\u00e7\u00f5es sociais\"],\"articleSection\":[\"Not\u00edcias\"],\"inLanguage\":\"pt-PT\"},{\"@type\":\"WebPage\",\"@id\":\"https:\/\/portaltela.pt\/noticias\/2026\/01\/31\/casal-de-idosos-vive-em-casa-sem-telhado-agua-e-eletricidade-em-leiria\/\",\"url\":\"https:\/\/portaltela.pt\/noticias\/2026\/01\/31\/casal-de-idosos-vive-em-casa-sem-telhado-agua-e-eletricidade-em-leiria\/\",\"name\":\"Casal de idosos vive em casa sem telhado, \u00e1gua e eletricidade em Leiria - Portal Tela Portugal\",\"isPartOf\":{\"@id\":\"https:\/\/portaltela.pt\/#website\"},\"primaryImageOfPage\":{\"@id\":\"https:\/\/portaltela.pt\/noticias\/2026\/01\/31\/casal-de-idosos-vive-em-casa-sem-telhado-agua-e-eletricidade-em-leiria\/#primaryimage\"},\"image\":{\"@id\":\"https:\/\/portaltela.pt\/noticias\/2026\/01\/31\/casal-de-idosos-vive-em-casa-sem-telhado-agua-e-eletricidade-em-leiria\/#primaryimage\"},\"thumbnailUrl\":\"https:\/\/portaltela.pt\/s.01k8rhncp4jt1\/2026\/01\/img_1500x1000uu2026-01-31-22-07-39-2263893.jpg\",\"datePublished\":\"2026-02-01T01:30:00+00:00\",\"author\":{\"@id\":\"https:\/\/portaltela.pt\/#\/schema\/person\/c4278d4a6028830caff9ee44b42d32ed\"},\"breadcrumb\":{\"@id\":\"https:\/\/portaltela.pt\/noticias\/2026\/01\/31\/casal-de-idosos-vive-em-casa-sem-telhado-agua-e-eletricidade-em-leiria\/#breadcrumb\"},\"inLanguage\":\"pt-PT\",\"potentialAction\":[{\"@type\":\"ReadAction\",\"target\":[\"https:\/\/portaltela.pt\/noticias\/2026\/01\/31\/casal-de-idosos-vive-em-casa-sem-telhado-agua-e-eletricidade-em-leiria\/\"]}]},{\"@type\":\"ImageObject\",\"inLanguage\":\"pt-PT\",\"@id\":\"https:\/\/portaltela.pt\/noticias\/2026\/01\/31\/casal-de-idosos-vive-em-casa-sem-telhado-agua-e-eletricidade-em-leiria\/#primaryimage\",\"url\":\"https:\/\/portaltela.pt\/s.01k8rhncp4jt1\/2026\/01\/img_1500x1000uu2026-01-31-22-07-39-2263893.jpg\",\"contentUrl\":\"https:\/\/portaltela.pt\/s.01k8rhncp4jt1\/2026\/01\/img_1500x1000uu2026-01-31-22-07-39-2263893.jpg\",\"width\":796,\"height\":448,\"caption\":\"Mulher de Rui Pardal \u00e9 doente oncol\u00f3gica em fase terminal\"},{\"@type\":\"BreadcrumbList\",\"@id\":\"https:\/\/portaltela.pt\/noticias\/2026\/01\/31\/casal-de-idosos-vive-em-casa-sem-telhado-agua-e-eletricidade-em-leiria\/#breadcrumb\",\"itemListElement\":[{\"@type\":\"ListItem\",\"position\":1,\"name\":\"In\u00edcio\",\"item\":\"https:\/\/portaltela.pt\/\"},{\"@type\":\"ListItem\",\"position\":2,\"name\":\"Casal de idosos vive em casa sem telhado, \u00e1gua e eletricidade em Leiria\"}]},{\"@type\":\"WebSite\",\"@id\":\"https:\/\/portaltela.pt\/#website\",\"url\":\"https:\/\/portaltela.pt\/\",\"name\":\"Portal Tela Portugal\",\"description\":\"\",\"potentialAction\":[{\"@type\":\"SearchAction\",\"target\":{\"@type\":\"EntryPoint\",\"urlTemplate\":\"https:\/\/portaltela.pt\/?s={search_term_string}\"},\"query-input\":{\"@type\":\"PropertyValueSpecification\",\"valueRequired\":true,\"valueName\":\"search_term_string\"}}],\"inLanguage\":\"pt-PT\"},{\"@type\":\"Person\",\"@id\":\"https:\/\/portaltela.pt\/#\/schema\/person\/c4278d4a6028830caff9ee44b42d32ed\",\"name\":\"Telinha\",\"image\":{\"@type\":\"ImageObject\",\"inLanguage\":\"pt-PT\",\"@id\":\"https:\/\/portaltela.pt\/s.01k8rhncp4jt1\/2025\/11\/talking-bot-125x125.png\",\"url\":\"https:\/\/portaltela.pt\/s.01k8rhncp4jt1\/2025\/11\/talking-bot-125x125.png\",\"contentUrl\":\"https:\/\/portaltela.pt\/s.01k8rhncp4jt1\/2025\/11\/talking-bot-125x125.png\",\"caption\":\"Telinha\"},\"sameAs\":[\"https:\/\/portaltela.pt\/\"],\"url\":\"https:\/\/portaltela.pt\/por\/367410592786\/\"}]}<\/script>\n<!-- \/ Yoast SEO plugin. -->","yoast_head_json":{"title":"Casal de idosos vive em casa sem telhado, \u00e1gua e eletricidade em Leiria - Portal Tela Portugal","robots":{"index":"index","follow":"follow","max-snippet":"max-snippet:-1","max-image-preview":"max-image-preview:large","max-video-preview":"max-video-preview:-1"},"og_locale":"pt_PT","og_type":"article","og_title":"Casal de idosos vive em casa sem telhado, \u00e1gua e eletricidade em Leiria - Portal Tela Portugal","og_description":"Em Leiria, um casal de idosos vive numa casa sem telhado, sem \u00e1gua e sem eletricidade. Rui Pardal, 86 anos, e a mulher, de 80, enfrentam doen\u00e7a oncol\u00f3gica em fase terminal em casa. O casal afirma n\u00e3o receber apoio da autarquia para as necessidades b\u00e1sicas. Alegam que, durante as elei\u00e7\u00f5es, foram buscar \u00e0 casa numa carrinha pela autarquia. N\u00e3o h\u00e1 detalhes dispon\u00edveis sobre respostas oficiais \u00e0 situa\u00e7\u00e3o.","og_url":"https:\/\/portaltela.pt\/noticias\/2026\/01\/31\/casal-de-idosos-vive-em-casa-sem-telhado-agua-e-eletricidade-em-leiria\/","og_site_name":"Portal Tela Portugal","article_published_time":"2026-02-01T01:30:00+00:00","author":"Telinha","twitter_card":"summary_large_image","twitter_misc":{"Escrito por":"Telinha","Tempo estimado de leitura":"1 minuto"},"schema":{"@context":"https:\/\/schema.org","@graph":[{"@type":"Article","@id":"https:\/\/portaltela.pt\/noticias\/2026\/01\/31\/casal-de-idosos-vive-em-casa-sem-telhado-agua-e-eletricidade-em-leiria\/#article","isPartOf":{"@id":"https:\/\/portaltela.pt\/noticias\/2026\/01\/31\/casal-de-idosos-vive-em-casa-sem-telhado-agua-e-eletricidade-em-leiria\/"},"author":{"name":"Telinha","@id":"https:\/\/portaltela.pt\/#\/schema\/person\/c4278d4a6028830caff9ee44b42d32ed"},"headline":"Casal de idosos vive em casa sem telhado, \u00e1gua e eletricidade em Leiria","datePublished":"2026-02-01T01:30:00+00:00","mainEntityOfPage":{"@id":"https:\/\/portaltela.pt\/noticias\/2026\/01\/31\/casal-de-idosos-vive-em-casa-sem-telhado-agua-e-eletricidade-em-leiria\/"},"wordCount":182,"image":{"@id":"https:\/\/portaltela.pt\/noticias\/2026\/01\/31\/casal-de-idosos-vive-em-casa-sem-telhado-agua-e-eletricidade-em-leiria\/#primaryimage"},"thumbnailUrl":"https:\/\/portaltela.pt\/s.01k8rhncp4jt1\/2026\/01\/img_1500x1000uu2026-01-31-22-07-39-2263893.jpg","keywords":["assist\u00eancia social","desabrigos","habita\u00e7\u00e3o","habita\u00e7\u00e3o social","Leiria","situa\u00e7\u00f5es sociais"],"articleSection":["Not\u00edcias"],"inLanguage":"pt-PT"},{"@type":"WebPage","@id":"https:\/\/portaltela.pt\/noticias\/2026\/01\/31\/casal-de-idosos-vive-em-casa-sem-telhado-agua-e-eletricidade-em-leiria\/","url":"https:\/\/portaltela.pt\/noticias\/2026\/01\/31\/casal-de-idosos-vive-em-casa-sem-telhado-agua-e-eletricidade-em-leiria\/","name":"Casal de idosos vive em casa sem telhado, \u00e1gua e eletricidade em Leiria - Portal Tela Portugal","isPartOf":{"@id":"https:\/\/portaltela.pt\/#website"},"primaryImageOfPage":{"@id":"https:\/\/portaltela.pt\/noticias\/2026\/01\/31\/casal-de-idosos-vive-em-casa-sem-telhado-agua-e-eletricidade-em-leiria\/#primaryimage"},"image":{"@id":"https:\/\/portaltela.pt\/noticias\/2026\/01\/31\/casal-de-idosos-vive-em-casa-sem-telhado-agua-e-eletricidade-em-leiria\/#primaryimage"},"thumbnailUrl":"https:\/\/portaltela.pt\/s.01k8rhncp4jt1\/2026\/01\/img_1500x1000uu2026-01-31-22-07-39-2263893.jpg","datePublished":"2026-02-01T01:30:00+00:00","author":{"@id":"https:\/\/portaltela.pt\/#\/schema\/person\/c4278d4a6028830caff9ee44b42d32ed"},"breadcrumb":{"@id":"https:\/\/portaltela.pt\/noticias\/2026\/01\/31\/casal-de-idosos-vive-em-casa-sem-telhado-agua-e-eletricidade-em-leiria\/#breadcrumb"},"inLanguage":"pt-PT","potentialAction":[{"@type":"ReadAction","target":["https:\/\/portaltela.pt\/noticias\/2026\/01\/31\/casal-de-idosos-vive-em-casa-sem-telhado-agua-e-eletricidade-em-leiria\/"]}]},{"@type":"ImageObject","inLanguage":"pt-PT","@id":"https:\/\/portaltela.pt\/noticias\/2026\/01\/31\/casal-de-idosos-vive-em-casa-sem-telhado-agua-e-eletricidade-em-leiria\/#primaryimage","url":"https:\/\/portaltela.pt\/s.01k8rhncp4jt1\/2026\/01\/img_1500x1000uu2026-01-31-22-07-39-2263893.jpg","contentUrl":"https:\/\/portaltela.pt\/s.01k8rhncp4jt1\/2026\/01\/img_1500x1000uu2026-01-31-22-07-39-2263893.jpg","width":796,"height":448,"caption":"Mulher de Rui Pardal \u00e9 doente oncol\u00f3gica em fase terminal"},{"@type":"BreadcrumbList","@id":"https:\/\/portaltela.pt\/noticias\/2026\/01\/31\/casal-de-idosos-vive-em-casa-sem-telhado-agua-e-eletricidade-em-leiria\/#breadcrumb","itemListElement":[{"@type":"ListItem","position":1,"name":"In\u00edcio","item":"https:\/\/portaltela.pt\/"},{"@type":"ListItem","position":2,"name":"Casal de idosos vive em casa sem telhado, \u00e1gua e eletricidade em Leiria"}]},{"@type":"WebSite","@id":"https:\/\/portaltela.pt\/#website","url":"https:\/\/portaltela.pt\/","name":"Portal Tela Portugal","description":"","potentialAction":[{"@type":"SearchAction","target":{"@type":"EntryPoint","urlTemplate":"https:\/\/portaltela.pt\/?s={search_term_string}"},"query-input":{"@type":"PropertyValueSpecification","valueRequired":true,"valueName":"search_term_string"}}],"inLanguage":"pt-PT"},{"@type":"Person","@id":"https:\/\/portaltela.pt\/#\/schema\/person\/c4278d4a6028830caff9ee44b42d32ed","name":"Telinha","image":{"@type":"ImageObject","inLanguage":"pt-PT","@id":"https:\/\/portaltela.pt\/s.01k8rhncp4jt1\/2025\/11\/talking-bot-125x125.png","url":"https:\/\/portaltela.pt\/s.01k8rhncp4jt1\/2025\/11\/talking-bot-125x125.png","contentUrl":"https:\/\/portaltela.pt\/s.01k8rhncp4jt1\/2025\/11\/talking-bot-125x125.png","caption":"Telinha"},"sameAs":["https:\/\/portaltela.pt\/"],"url":"https:\/\/portaltela.pt\/por\/367410592786\/"}]}},"_links":{"self":[{"href":"https:\/\/portaltela.pt\/api\/wp\/v2\/posts\/187877","targetHints":{"allow":["GET"]}}],"collection":[{"href":"https:\/\/portaltela.pt\/api\/wp\/v2\/posts"}],"about":[{"href":"https:\/\/portaltela.pt\/api\/wp\/v2\/types\/post"}],"author":[{"embeddable":true,"href":"https:\/\/portaltela.pt\/api\/wp\/v2\/users\/2"}],"replies":[{"embeddable":true,"href":"https:\/\/portaltela.pt\/api\/wp\/v2\/comments?post=187877"}],"version-history":[{"count":0,"href":"https:\/\/portaltela.pt\/api\/wp\/v2\/posts\/187877\/revisions"}],"wp:featuredmedia":[{"embeddable":true,"href":"https:\/\/portaltela.pt\/api\/wp\/v2\/media\/187885"}],"wp:attachment":[{"href":"https:\/\/portaltela.pt\/api\/wp\/v2\/media?parent=187877"}],"wp:term":[{"taxonomy":"category","embeddable":true,"href":"https:\/\/portaltela.pt\/api\/wp\/v2\/categories?post=187877"},{"taxonomy":"post_tag","embeddable":true,"href":"https:\/\/portaltela.pt\/api\/wp\/v2\/tags?post=187877"}],"curies":[{"name":"wp","href":"https:\/\/api.w.org\/{rel}","templated":true}]}}