{"id":187823,"date":"2026-01-31T21:35:50","date_gmt":"2026-02-01T00:35:50","guid":{"rendered":"https:\/\/portaltela.pt\/noticias\/2026\/01\/31\/anexos-com-veiculos-e-equipamentos-para-animais-afetados-por-incendio-em-aveiro\/"},"modified":"2026-01-31T21:35:50","modified_gmt":"2026-02-01T00:35:50","slug":"anexos-com-veiculos-e-equipamentos-para-animais-afetados-por-incendio-em-aveiro","status":"publish","type":"post","link":"https:\/\/portaltela.pt\/noticias\/2026\/01\/31\/anexos-com-veiculos-e-equipamentos-para-animais-afetados-por-incendio-em-aveiro\/","title":{"rendered":"Anexos com ve\u00edculos e equipamentos para animais afetados por inc\u00eandio em Aveiro"},"content":{"rendered":"<p>Inc\u00eandio consumiu anexos junto a uma habita\u00e7\u00e3o na Rua do Barreiro, freguesia de Eixo e Eirol, Aveiro, este s\u00e1bado \u00e0 noite. A ocorr\u00eancia foi debelada pelos Bombeiros Novos de Aveiro.<\/p>\n<p>No interior de um dos anexos estavam dois carros e uma moto, totalmente destru\u00eddos pelas chamas. O fogo alastrou a um anexo vizinho que guardava equipamentos para animais, como gaiolas de apicultura e coelheiras.<\/p>\n<p>Um homem foi transportado por precau\u00e7\u00e3o para o Hospital de Aveiro por inala\u00e7\u00e3o de fumo, considerado ferido leve. O alerta foi dado \u00e0s 20h38.<\/p>\n","protected":false},"excerpt":{"rendered":"<ul>\n<li>V\u00e1rios anexos junto a uma habita\u00e7\u00e3o, na Rua do Barreiro, freguesia de Eixo e Eirol, Aveiro, foram consumidos pelo fogo no s\u00e1bado \u00e0 noite.<\/li>\n<li>No interior de um dos anexos estavam guardados dois carros e uma mota, que ficaram totalmente destru\u00eddos.<\/li>\n<li>O inc\u00eandio espalhou-se a um anexo vizinho, onde estavam equipamentos para animais, como gaiolas de apicultura e coelheiras.<\/li>\n<li>Um homem foi transportado ao Hospital de Aveiro por precau\u00e7\u00e3o, devido \u00e0 inala\u00e7\u00e3o de fumo, considerado ferido leve.<\/li>\n<li>Os Bombeiros Novos de Aveiro deram rapidamente combate ao fogo, com o alerta a ocorrer \u00e0s 20h38.<\/li>\n<\/ul>\n","protected":false},"author":2,"featured_media":187824,"comment_status":"closed","ping_status":"closed","sticky":false,"template":"","format":"standard","meta":{"footnotes":""},"categories":[1],"tags":[3091,4065,1059,971,3449,1438],"class_list":["post-187823","post","type-post","status-publish","format-standard","has-post-thumbnail","hentry","category-noticias","tag-animais","tag-apicultura","tag-aveiro","tag-bombeiros","tag-feridos","tag-incendio"],"yoast_head":"<!-- This site is optimized with the Yoast SEO plugin v27.2 - https:\/\/yoast.com\/product\/yoast-seo-wordpress\/ -->\n<title>Anexos com ve\u00edculos e equipamentos para animais afetados por inc\u00eandio em Aveiro - Portal Tela Portugal<\/title>\n<meta name=\"robots\" content=\"index, follow, max-snippet:-1, max-image-preview:large, max-video-preview:-1\" \/>\n<meta property=\"og:locale\" content=\"pt_PT\" \/>\n<meta property=\"og:type\" content=\"article\" \/>\n<meta property=\"og:title\" content=\"Anexos com ve\u00edculos e equipamentos para animais afetados por inc\u00eandio em Aveiro - Portal Tela Portugal\" \/>\n<meta property=\"og:description\" content=\"V\u00e1rios anexos junto a uma habita\u00e7\u00e3o, na Rua do Barreiro, freguesia de Eixo e Eirol, Aveiro, foram consumidos pelo fogo no s\u00e1bado \u00e0 noite. No interior de um dos anexos estavam guardados dois carros e uma mota, que ficaram totalmente destru\u00eddos. O inc\u00eandio espalhou-se a um anexo vizinho, onde estavam equipamentos para animais, como gaiolas de apicultura e coelheiras. Um homem foi transportado ao Hospital de Aveiro por precau\u00e7\u00e3o, devido \u00e0 inala\u00e7\u00e3o de fumo, considerado ferido leve. Os Bombeiros Novos de Aveiro deram rapidamente combate ao fogo, com o alerta a ocorrer \u00e0s 20h38.\" \/>\n<meta property=\"og:url\" content=\"https:\/\/portaltela.pt\/noticias\/2026\/01\/31\/anexos-com-veiculos-e-equipamentos-para-animais-afetados-por-incendio-em-aveiro\/\" \/>\n<meta property=\"og:site_name\" content=\"Portal Tela Portugal\" \/>\n<meta property=\"article:published_time\" content=\"2026-02-01T00:35:50+00:00\" \/>\n<meta name=\"author\" content=\"Telinha\" \/>\n<meta name=\"twitter:card\" content=\"summary_large_image\" \/>\n<meta name=\"twitter:label1\" content=\"Escrito por\" \/>\n\t<meta name=\"twitter:data1\" content=\"Telinha\" \/>\n<script type=\"application\/ld+json\" class=\"yoast-schema-graph\">{\"@context\":\"https:\/\/schema.org\",\"@graph\":[{\"@type\":\"Article\",\"@id\":\"https:\/\/portaltela.pt\/noticias\/2026\/01\/31\/anexos-com-veiculos-e-equipamentos-para-animais-afetados-por-incendio-em-aveiro\/#article\",\"isPartOf\":{\"@id\":\"https:\/\/portaltela.pt\/noticias\/2026\/01\/31\/anexos-com-veiculos-e-equipamentos-para-animais-afetados-por-incendio-em-aveiro\/\"},\"author\":{\"name\":\"Telinha\",\"@id\":\"https:\/\/portaltela.pt\/#\/schema\/person\/c4278d4a6028830caff9ee44b42d32ed\"},\"headline\":\"Anexos com ve\u00edculos e equipamentos para animais afetados por inc\u00eandio em Aveiro\",\"datePublished\":\"2026-02-01T00:35:50+00:00\",\"mainEntityOfPage\":{\"@id\":\"https:\/\/portaltela.pt\/noticias\/2026\/01\/31\/anexos-com-veiculos-e-equipamentos-para-animais-afetados-por-incendio-em-aveiro\/\"},\"wordCount\":108,\"image\":{\"@id\":\"https:\/\/portaltela.pt\/noticias\/2026\/01\/31\/anexos-com-veiculos-e-equipamentos-para-animais-afetados-por-incendio-em-aveiro\/#primaryimage\"},\"thumbnailUrl\":\"https:\/\/portaltela.pt\/s.01k8rhncp4jt1\/2026\/01\/img_1280x721uu2022-09-29-15-18-00-1188683-7.jpg\",\"keywords\":[\"animais\",\"apicultura\",\"Aveiro\",\"bombeiros\",\"feridos\",\"inc\u00eandio\"],\"articleSection\":[\"Not\u00edcias\"],\"inLanguage\":\"pt-PT\"},{\"@type\":\"WebPage\",\"@id\":\"https:\/\/portaltela.pt\/noticias\/2026\/01\/31\/anexos-com-veiculos-e-equipamentos-para-animais-afetados-por-incendio-em-aveiro\/\",\"url\":\"https:\/\/portaltela.pt\/noticias\/2026\/01\/31\/anexos-com-veiculos-e-equipamentos-para-animais-afetados-por-incendio-em-aveiro\/\",\"name\":\"Anexos com ve\u00edculos e equipamentos para animais afetados por inc\u00eandio em Aveiro - Portal Tela Portugal\",\"isPartOf\":{\"@id\":\"https:\/\/portaltela.pt\/#website\"},\"primaryImageOfPage\":{\"@id\":\"https:\/\/portaltela.pt\/noticias\/2026\/01\/31\/anexos-com-veiculos-e-equipamentos-para-animais-afetados-por-incendio-em-aveiro\/#primaryimage\"},\"image\":{\"@id\":\"https:\/\/portaltela.pt\/noticias\/2026\/01\/31\/anexos-com-veiculos-e-equipamentos-para-animais-afetados-por-incendio-em-aveiro\/#primaryimage\"},\"thumbnailUrl\":\"https:\/\/portaltela.pt\/s.01k8rhncp4jt1\/2026\/01\/img_1280x721uu2022-09-29-15-18-00-1188683-7.jpg\",\"datePublished\":\"2026-02-01T00:35:50+00:00\",\"author\":{\"@id\":\"https:\/\/portaltela.pt\/#\/schema\/person\/c4278d4a6028830caff9ee44b42d32ed\"},\"breadcrumb\":{\"@id\":\"https:\/\/portaltela.pt\/noticias\/2026\/01\/31\/anexos-com-veiculos-e-equipamentos-para-animais-afetados-por-incendio-em-aveiro\/#breadcrumb\"},\"inLanguage\":\"pt-PT\",\"potentialAction\":[{\"@type\":\"ReadAction\",\"target\":[\"https:\/\/portaltela.pt\/noticias\/2026\/01\/31\/anexos-com-veiculos-e-equipamentos-para-animais-afetados-por-incendio-em-aveiro\/\"]}]},{\"@type\":\"ImageObject\",\"inLanguage\":\"pt-PT\",\"@id\":\"https:\/\/portaltela.pt\/noticias\/2026\/01\/31\/anexos-com-veiculos-e-equipamentos-para-animais-afetados-por-incendio-em-aveiro\/#primaryimage\",\"url\":\"https:\/\/portaltela.pt\/s.01k8rhncp4jt1\/2026\/01\/img_1280x721uu2022-09-29-15-18-00-1188683-7.jpg\",\"contentUrl\":\"https:\/\/portaltela.pt\/s.01k8rhncp4jt1\/2026\/01\/img_1280x721uu2022-09-29-15-18-00-1188683-7.jpg\",\"width\":796,\"height\":448,\"caption\":\"Bombeiros\"},{\"@type\":\"BreadcrumbList\",\"@id\":\"https:\/\/portaltela.pt\/noticias\/2026\/01\/31\/anexos-com-veiculos-e-equipamentos-para-animais-afetados-por-incendio-em-aveiro\/#breadcrumb\",\"itemListElement\":[{\"@type\":\"ListItem\",\"position\":1,\"name\":\"In\u00edcio\",\"item\":\"https:\/\/portaltela.pt\/\"},{\"@type\":\"ListItem\",\"position\":2,\"name\":\"Anexos com ve\u00edculos e equipamentos para animais afetados por inc\u00eandio em Aveiro\"}]},{\"@type\":\"WebSite\",\"@id\":\"https:\/\/portaltela.pt\/#website\",\"url\":\"https:\/\/portaltela.pt\/\",\"name\":\"Portal Tela Portugal\",\"description\":\"\",\"potentialAction\":[{\"@type\":\"SearchAction\",\"target\":{\"@type\":\"EntryPoint\",\"urlTemplate\":\"https:\/\/portaltela.pt\/?s={search_term_string}\"},\"query-input\":{\"@type\":\"PropertyValueSpecification\",\"valueRequired\":true,\"valueName\":\"search_term_string\"}}],\"inLanguage\":\"pt-PT\"},{\"@type\":\"Person\",\"@id\":\"https:\/\/portaltela.pt\/#\/schema\/person\/c4278d4a6028830caff9ee44b42d32ed\",\"name\":\"Telinha\",\"image\":{\"@type\":\"ImageObject\",\"inLanguage\":\"pt-PT\",\"@id\":\"https:\/\/portaltela.pt\/s.01k8rhncp4jt1\/2025\/11\/talking-bot-125x125.png\",\"url\":\"https:\/\/portaltela.pt\/s.01k8rhncp4jt1\/2025\/11\/talking-bot-125x125.png\",\"contentUrl\":\"https:\/\/portaltela.pt\/s.01k8rhncp4jt1\/2025\/11\/talking-bot-125x125.png\",\"caption\":\"Telinha\"},\"sameAs\":[\"https:\/\/portaltela.pt\/\"],\"url\":\"https:\/\/portaltela.pt\/por\/367410592786\/\"}]}<\/script>\n<!-- \/ Yoast SEO plugin. -->","yoast_head_json":{"title":"Anexos com ve\u00edculos e equipamentos para animais afetados por inc\u00eandio em Aveiro - Portal Tela Portugal","robots":{"index":"index","follow":"follow","max-snippet":"max-snippet:-1","max-image-preview":"max-image-preview:large","max-video-preview":"max-video-preview:-1"},"og_locale":"pt_PT","og_type":"article","og_title":"Anexos com ve\u00edculos e equipamentos para animais afetados por inc\u00eandio em Aveiro - Portal Tela Portugal","og_description":"V\u00e1rios anexos junto a uma habita\u00e7\u00e3o, na Rua do Barreiro, freguesia de Eixo e Eirol, Aveiro, foram consumidos pelo fogo no s\u00e1bado \u00e0 noite. No interior de um dos anexos estavam guardados dois carros e uma mota, que ficaram totalmente destru\u00eddos. O inc\u00eandio espalhou-se a um anexo vizinho, onde estavam equipamentos para animais, como gaiolas de apicultura e coelheiras. Um homem foi transportado ao Hospital de Aveiro por precau\u00e7\u00e3o, devido \u00e0 inala\u00e7\u00e3o de fumo, considerado ferido leve. Os Bombeiros Novos de Aveiro deram rapidamente combate ao fogo, com o alerta a ocorrer \u00e0s 20h38.","og_url":"https:\/\/portaltela.pt\/noticias\/2026\/01\/31\/anexos-com-veiculos-e-equipamentos-para-animais-afetados-por-incendio-em-aveiro\/","og_site_name":"Portal Tela Portugal","article_published_time":"2026-02-01T00:35:50+00:00","author":"Telinha","twitter_card":"summary_large_image","twitter_misc":{"Escrito por":"Telinha"},"schema":{"@context":"https:\/\/schema.org","@graph":[{"@type":"Article","@id":"https:\/\/portaltela.pt\/noticias\/2026\/01\/31\/anexos-com-veiculos-e-equipamentos-para-animais-afetados-por-incendio-em-aveiro\/#article","isPartOf":{"@id":"https:\/\/portaltela.pt\/noticias\/2026\/01\/31\/anexos-com-veiculos-e-equipamentos-para-animais-afetados-por-incendio-em-aveiro\/"},"author":{"name":"Telinha","@id":"https:\/\/portaltela.pt\/#\/schema\/person\/c4278d4a6028830caff9ee44b42d32ed"},"headline":"Anexos com ve\u00edculos e equipamentos para animais afetados por inc\u00eandio em Aveiro","datePublished":"2026-02-01T00:35:50+00:00","mainEntityOfPage":{"@id":"https:\/\/portaltela.pt\/noticias\/2026\/01\/31\/anexos-com-veiculos-e-equipamentos-para-animais-afetados-por-incendio-em-aveiro\/"},"wordCount":108,"image":{"@id":"https:\/\/portaltela.pt\/noticias\/2026\/01\/31\/anexos-com-veiculos-e-equipamentos-para-animais-afetados-por-incendio-em-aveiro\/#primaryimage"},"thumbnailUrl":"https:\/\/portaltela.pt\/s.01k8rhncp4jt1\/2026\/01\/img_1280x721uu2022-09-29-15-18-00-1188683-7.jpg","keywords":["animais","apicultura","Aveiro","bombeiros","feridos","inc\u00eandio"],"articleSection":["Not\u00edcias"],"inLanguage":"pt-PT"},{"@type":"WebPage","@id":"https:\/\/portaltela.pt\/noticias\/2026\/01\/31\/anexos-com-veiculos-e-equipamentos-para-animais-afetados-por-incendio-em-aveiro\/","url":"https:\/\/portaltela.pt\/noticias\/2026\/01\/31\/anexos-com-veiculos-e-equipamentos-para-animais-afetados-por-incendio-em-aveiro\/","name":"Anexos com ve\u00edculos e equipamentos para animais afetados por inc\u00eandio em Aveiro - Portal Tela Portugal","isPartOf":{"@id":"https:\/\/portaltela.pt\/#website"},"primaryImageOfPage":{"@id":"https:\/\/portaltela.pt\/noticias\/2026\/01\/31\/anexos-com-veiculos-e-equipamentos-para-animais-afetados-por-incendio-em-aveiro\/#primaryimage"},"image":{"@id":"https:\/\/portaltela.pt\/noticias\/2026\/01\/31\/anexos-com-veiculos-e-equipamentos-para-animais-afetados-por-incendio-em-aveiro\/#primaryimage"},"thumbnailUrl":"https:\/\/portaltela.pt\/s.01k8rhncp4jt1\/2026\/01\/img_1280x721uu2022-09-29-15-18-00-1188683-7.jpg","datePublished":"2026-02-01T00:35:50+00:00","author":{"@id":"https:\/\/portaltela.pt\/#\/schema\/person\/c4278d4a6028830caff9ee44b42d32ed"},"breadcrumb":{"@id":"https:\/\/portaltela.pt\/noticias\/2026\/01\/31\/anexos-com-veiculos-e-equipamentos-para-animais-afetados-por-incendio-em-aveiro\/#breadcrumb"},"inLanguage":"pt-PT","potentialAction":[{"@type":"ReadAction","target":["https:\/\/portaltela.pt\/noticias\/2026\/01\/31\/anexos-com-veiculos-e-equipamentos-para-animais-afetados-por-incendio-em-aveiro\/"]}]},{"@type":"ImageObject","inLanguage":"pt-PT","@id":"https:\/\/portaltela.pt\/noticias\/2026\/01\/31\/anexos-com-veiculos-e-equipamentos-para-animais-afetados-por-incendio-em-aveiro\/#primaryimage","url":"https:\/\/portaltela.pt\/s.01k8rhncp4jt1\/2026\/01\/img_1280x721uu2022-09-29-15-18-00-1188683-7.jpg","contentUrl":"https:\/\/portaltela.pt\/s.01k8rhncp4jt1\/2026\/01\/img_1280x721uu2022-09-29-15-18-00-1188683-7.jpg","width":796,"height":448,"caption":"Bombeiros"},{"@type":"BreadcrumbList","@id":"https:\/\/portaltela.pt\/noticias\/2026\/01\/31\/anexos-com-veiculos-e-equipamentos-para-animais-afetados-por-incendio-em-aveiro\/#breadcrumb","itemListElement":[{"@type":"ListItem","position":1,"name":"In\u00edcio","item":"https:\/\/portaltela.pt\/"},{"@type":"ListItem","position":2,"name":"Anexos com ve\u00edculos e equipamentos para animais afetados por inc\u00eandio em Aveiro"}]},{"@type":"WebSite","@id":"https:\/\/portaltela.pt\/#website","url":"https:\/\/portaltela.pt\/","name":"Portal Tela Portugal","description":"","potentialAction":[{"@type":"SearchAction","target":{"@type":"EntryPoint","urlTemplate":"https:\/\/portaltela.pt\/?s={search_term_string}"},"query-input":{"@type":"PropertyValueSpecification","valueRequired":true,"valueName":"search_term_string"}}],"inLanguage":"pt-PT"},{"@type":"Person","@id":"https:\/\/portaltela.pt\/#\/schema\/person\/c4278d4a6028830caff9ee44b42d32ed","name":"Telinha","image":{"@type":"ImageObject","inLanguage":"pt-PT","@id":"https:\/\/portaltela.pt\/s.01k8rhncp4jt1\/2025\/11\/talking-bot-125x125.png","url":"https:\/\/portaltela.pt\/s.01k8rhncp4jt1\/2025\/11\/talking-bot-125x125.png","contentUrl":"https:\/\/portaltela.pt\/s.01k8rhncp4jt1\/2025\/11\/talking-bot-125x125.png","caption":"Telinha"},"sameAs":["https:\/\/portaltela.pt\/"],"url":"https:\/\/portaltela.pt\/por\/367410592786\/"}]}},"_links":{"self":[{"href":"https:\/\/portaltela.pt\/api\/wp\/v2\/posts\/187823","targetHints":{"allow":["GET"]}}],"collection":[{"href":"https:\/\/portaltela.pt\/api\/wp\/v2\/posts"}],"about":[{"href":"https:\/\/portaltela.pt\/api\/wp\/v2\/types\/post"}],"author":[{"embeddable":true,"href":"https:\/\/portaltela.pt\/api\/wp\/v2\/users\/2"}],"replies":[{"embeddable":true,"href":"https:\/\/portaltela.pt\/api\/wp\/v2\/comments?post=187823"}],"version-history":[{"count":0,"href":"https:\/\/portaltela.pt\/api\/wp\/v2\/posts\/187823\/revisions"}],"wp:featuredmedia":[{"embeddable":true,"href":"https:\/\/portaltela.pt\/api\/wp\/v2\/media\/187824"}],"wp:attachment":[{"href":"https:\/\/portaltela.pt\/api\/wp\/v2\/media?parent=187823"}],"wp:term":[{"taxonomy":"category","embeddable":true,"href":"https:\/\/portaltela.pt\/api\/wp\/v2\/categories?post=187823"},{"taxonomy":"post_tag","embeddable":true,"href":"https:\/\/portaltela.pt\/api\/wp\/v2\/tags?post=187823"}],"curies":[{"name":"wp","href":"https:\/\/api.w.org\/{rel}","templated":true}]}}