{"id":187753,"date":"2026-01-31T20:15:00","date_gmt":"2026-01-31T23:15:00","guid":{"rendered":"https:\/\/portaltela.pt\/noticias\/2026\/01\/31\/cidade-do-vinho-2025-eleva-vila-vicosa-e-esgota-hoteis-afirma-autarca\/"},"modified":"2026-01-31T20:15:00","modified_gmt":"2026-01-31T23:15:00","slug":"cidade-do-vinho-2025-eleva-vila-vicosa-e-esgota-hoteis-afirma-autarca","status":"publish","type":"post","link":"https:\/\/portaltela.pt\/noticias\/2026\/01\/31\/cidade-do-vinho-2025-eleva-vila-vicosa-e-esgota-hoteis-afirma-autarca\/","title":{"rendered":"Cidade do Vinho 2025 eleva Vila Vi\u00e7osa e esgota hot\u00e9is, afirma autarca"},"content":{"rendered":"<p>Vila Vi\u00e7osa ganhou visibilidade e esgotou hot\u00e9is gra\u00e7as \u00e0 Cidade do Vinho 2025, organiza\u00e7\u00e3o promovida pela AMPV. O balan\u00e7o \u00e9 do presidente da C\u00e2mara, In\u00e1cio Esperan\u00e7a, que sublinha os ganhos para o territ\u00f3rio e para a tradi\u00e7\u00e3o vitivin\u00edcola local.<\/p>\n<p>A autarquia destaca que Vila Vi\u00e7osa \u00e9 associada ao m\u00e1rmore e ao turismo, mas a Cidade do Vinho revelou uma outra dimens\u00e3o do concelho. Ainda que haja poucos produtores, o feedback do setor foi positivo e o projeto abriu portas de promo\u00e7\u00e3o espec\u00edficas.<\/p>\n<h3>Impacto tur\u00edstico e ocupa\u00e7\u00e3o hoteleira<\/h3>\n<p>Esperan\u00e7a afirma que a capital do vinho contribuiu para uma evolu\u00e7\u00e3o tur\u00edstica sustentada, com programa\u00e7\u00e3o que gerou movimento em v\u00e1rios momentos. Alguns eventos chegaram a esgotar a oferta hoteleira da regi\u00e3o.<\/p>\n<p>A iniciativa impulsionou a promo\u00e7\u00e3o internacional dos vinhos locais, facilitando apresenta\u00e7\u00f5es em It\u00e1lia, A\u00e7ores, Porto, Lisboa e Madrid. Promover a produ\u00e7\u00e3o vin\u00edcola ajuda tamb\u00e9m a promover o territ\u00f3rio como um todo.<\/p>\n<h3>Tradi\u00e7\u00e3o e coopera\u00e7\u00e3o intermunicipal<\/h3>\n<p>O autarca recorda a forte liga\u00e7\u00e3o hist\u00f3rica de Vila Vi\u00e7osa ao vinho, ligada aos Duques de Bragan\u00e7a, com lagares preservados no territ\u00f3rio. O foco futuro passa pela continuidade da coopera\u00e7\u00e3o entre munic\u00edpios vizinhos.<\/p>\n<p>A edi\u00e7\u00e3o de 2025 reuniu Alandroal, Borba, Estremoz, Redondo e Vila Vi\u00e7osa, promovida pela AMPV. A gala de encerramento teve lugar em Estremoz, marcando o fim desta edi\u00e7\u00e3o e a transi\u00e7\u00e3o para a pr\u00f3xima regi\u00e3o.<\/p>\n","protected":false},"excerpt":{"rendered":"<ul>\n<li>Vila Vi\u00e7osa ganhou visibilidade e esgotou hot\u00e9is com a Cidade do Vinho 2025, segundo o presidente da C\u00e2mara, In\u00e1cio Esperan\u00e7a.<\/li>\n<li>O autarca disse que a iniciativa ajudou a promover o territ\u00f3rio al\u00e9m do m\u00e1rmore e do turismo, destacando a dimens\u00e3o v\u00ednica.<\/li>\n<li>A programa\u00e7\u00e3o da Cidade do Vinho contribuiu para uma evolu\u00e7\u00e3o tur\u00edstica sustentada, com eventos a impactar a ocupa\u00e7\u00e3o local.<\/li>\n<li>A a\u00e7\u00e3o permitiu aos produtores apresentar vinhos em novos mercados, nomeadamente It\u00e1lia, A\u00e7ores, Porto, Lisboa e Madrid.<\/li>\n<li>O projeto juntou os concelhos de Alandroal, Borba, Estremoz, Redondo e Vila Vi\u00e7osa, promovido pela Associa\u00e7\u00e3o dos Munic\u00edpios Portugueses do Vinho, com uma gala de encerramento em Estremoz.<\/li>\n<\/ul>\n","protected":false},"author":2,"featured_media":0,"comment_status":"closed","ping_status":"closed","sticky":false,"template":"","format":"standard","meta":{"footnotes":""},"categories":[1],"tags":[883,1098,169,4750,779,3508],"class_list":["post-187753","post","type-post","status-publish","format-standard","hentry","category-noticias","tag-alentejo","tag-estremoz","tag-turismo","tag-vila-vicosa","tag-vinhos","tag-vitivinicultura"],"yoast_head":"<!-- This site is optimized with the Yoast SEO plugin v27.2 - https:\/\/yoast.com\/product\/yoast-seo-wordpress\/ -->\n<title>Cidade do Vinho 2025 eleva Vila Vi\u00e7osa e esgota hot\u00e9is, afirma autarca - Portal Tela Portugal<\/title>\n<meta name=\"robots\" content=\"index, follow, max-snippet:-1, max-image-preview:large, max-video-preview:-1\" \/>\n<meta property=\"og:locale\" content=\"pt_PT\" \/>\n<meta property=\"og:type\" content=\"article\" \/>\n<meta property=\"og:title\" content=\"Cidade do Vinho 2025 eleva Vila Vi\u00e7osa e esgota hot\u00e9is, afirma autarca - Portal Tela Portugal\" \/>\n<meta property=\"og:description\" content=\"Vila Vi\u00e7osa ganhou visibilidade e esgotou hot\u00e9is com a Cidade do Vinho 2025, segundo o presidente da C\u00e2mara, In\u00e1cio Esperan\u00e7a. O autarca disse que a iniciativa ajudou a promover o territ\u00f3rio al\u00e9m do m\u00e1rmore e do turismo, destacando a dimens\u00e3o v\u00ednica. A programa\u00e7\u00e3o da Cidade do Vinho contribuiu para uma evolu\u00e7\u00e3o tur\u00edstica sustentada, com eventos a impactar a ocupa\u00e7\u00e3o local. A a\u00e7\u00e3o permitiu aos produtores apresentar vinhos em novos mercados, nomeadamente It\u00e1lia, A\u00e7ores, Porto, Lisboa e Madrid. O projeto juntou os concelhos de Alandroal, Borba, Estremoz, Redondo e Vila Vi\u00e7osa, promovido pela Associa\u00e7\u00e3o dos Munic\u00edpios Portugueses do Vinho, com uma gala de encerramento em Estremoz.\" \/>\n<meta property=\"og:url\" content=\"https:\/\/portaltela.pt\/noticias\/2026\/01\/31\/cidade-do-vinho-2025-eleva-vila-vicosa-e-esgota-hoteis-afirma-autarca\/\" \/>\n<meta property=\"og:site_name\" content=\"Portal Tela Portugal\" \/>\n<meta property=\"article:published_time\" content=\"2026-01-31T23:15:00+00:00\" \/>\n<meta name=\"author\" content=\"Telinha\" \/>\n<meta name=\"twitter:card\" content=\"summary_large_image\" \/>\n<meta name=\"twitter:label1\" content=\"Escrito por\" \/>\n\t<meta name=\"twitter:data1\" content=\"Telinha\" \/>\n\t<meta name=\"twitter:label2\" content=\"Tempo estimado de leitura\" \/>\n\t<meta name=\"twitter:data2\" content=\"1 minuto\" \/>\n<script type=\"application\/ld+json\" class=\"yoast-schema-graph\">{\"@context\":\"https:\/\/schema.org\",\"@graph\":[{\"@type\":\"Article\",\"@id\":\"https:\/\/portaltela.pt\/noticias\/2026\/01\/31\/cidade-do-vinho-2025-eleva-vila-vicosa-e-esgota-hoteis-afirma-autarca\/#article\",\"isPartOf\":{\"@id\":\"https:\/\/portaltela.pt\/noticias\/2026\/01\/31\/cidade-do-vinho-2025-eleva-vila-vicosa-e-esgota-hoteis-afirma-autarca\/\"},\"author\":{\"name\":\"Telinha\",\"@id\":\"https:\/\/portaltela.pt\/#\/schema\/person\/c4278d4a6028830caff9ee44b42d32ed\"},\"headline\":\"Cidade do Vinho 2025 eleva Vila Vi\u00e7osa e esgota hot\u00e9is, afirma autarca\",\"datePublished\":\"2026-01-31T23:15:00+00:00\",\"mainEntityOfPage\":{\"@id\":\"https:\/\/portaltela.pt\/noticias\/2026\/01\/31\/cidade-do-vinho-2025-eleva-vila-vicosa-e-esgota-hoteis-afirma-autarca\/\"},\"wordCount\":276,\"keywords\":[\"Alentejo\",\"Estremoz\",\"turismo\",\"Vila Vi\u00e7osa\",\"vinhos\",\"vitivinicultura\"],\"articleSection\":[\"Not\u00edcias\"],\"inLanguage\":\"pt-PT\"},{\"@type\":\"WebPage\",\"@id\":\"https:\/\/portaltela.pt\/noticias\/2026\/01\/31\/cidade-do-vinho-2025-eleva-vila-vicosa-e-esgota-hoteis-afirma-autarca\/\",\"url\":\"https:\/\/portaltela.pt\/noticias\/2026\/01\/31\/cidade-do-vinho-2025-eleva-vila-vicosa-e-esgota-hoteis-afirma-autarca\/\",\"name\":\"Cidade do Vinho 2025 eleva Vila Vi\u00e7osa e esgota hot\u00e9is, afirma autarca - Portal Tela Portugal\",\"isPartOf\":{\"@id\":\"https:\/\/portaltela.pt\/#website\"},\"datePublished\":\"2026-01-31T23:15:00+00:00\",\"author\":{\"@id\":\"https:\/\/portaltela.pt\/#\/schema\/person\/c4278d4a6028830caff9ee44b42d32ed\"},\"breadcrumb\":{\"@id\":\"https:\/\/portaltela.pt\/noticias\/2026\/01\/31\/cidade-do-vinho-2025-eleva-vila-vicosa-e-esgota-hoteis-afirma-autarca\/#breadcrumb\"},\"inLanguage\":\"pt-PT\",\"potentialAction\":[{\"@type\":\"ReadAction\",\"target\":[\"https:\/\/portaltela.pt\/noticias\/2026\/01\/31\/cidade-do-vinho-2025-eleva-vila-vicosa-e-esgota-hoteis-afirma-autarca\/\"]}]},{\"@type\":\"BreadcrumbList\",\"@id\":\"https:\/\/portaltela.pt\/noticias\/2026\/01\/31\/cidade-do-vinho-2025-eleva-vila-vicosa-e-esgota-hoteis-afirma-autarca\/#breadcrumb\",\"itemListElement\":[{\"@type\":\"ListItem\",\"position\":1,\"name\":\"In\u00edcio\",\"item\":\"https:\/\/portaltela.pt\/\"},{\"@type\":\"ListItem\",\"position\":2,\"name\":\"Cidade do Vinho 2025 eleva Vila Vi\u00e7osa e esgota hot\u00e9is, afirma autarca\"}]},{\"@type\":\"WebSite\",\"@id\":\"https:\/\/portaltela.pt\/#website\",\"url\":\"https:\/\/portaltela.pt\/\",\"name\":\"Portal Tela Portugal\",\"description\":\"\",\"potentialAction\":[{\"@type\":\"SearchAction\",\"target\":{\"@type\":\"EntryPoint\",\"urlTemplate\":\"https:\/\/portaltela.pt\/?s={search_term_string}\"},\"query-input\":{\"@type\":\"PropertyValueSpecification\",\"valueRequired\":true,\"valueName\":\"search_term_string\"}}],\"inLanguage\":\"pt-PT\"},{\"@type\":\"Person\",\"@id\":\"https:\/\/portaltela.pt\/#\/schema\/person\/c4278d4a6028830caff9ee44b42d32ed\",\"name\":\"Telinha\",\"image\":{\"@type\":\"ImageObject\",\"inLanguage\":\"pt-PT\",\"@id\":\"https:\/\/portaltela.pt\/s.01k8rhncp4jt1\/2025\/11\/talking-bot-125x125.png\",\"url\":\"https:\/\/portaltela.pt\/s.01k8rhncp4jt1\/2025\/11\/talking-bot-125x125.png\",\"contentUrl\":\"https:\/\/portaltela.pt\/s.01k8rhncp4jt1\/2025\/11\/talking-bot-125x125.png\",\"caption\":\"Telinha\"},\"sameAs\":[\"https:\/\/portaltela.pt\/\"],\"url\":\"https:\/\/portaltela.pt\/por\/367410592786\/\"}]}<\/script>\n<!-- \/ Yoast SEO plugin. -->","yoast_head_json":{"title":"Cidade do Vinho 2025 eleva Vila Vi\u00e7osa e esgota hot\u00e9is, afirma autarca - Portal Tela Portugal","robots":{"index":"index","follow":"follow","max-snippet":"max-snippet:-1","max-image-preview":"max-image-preview:large","max-video-preview":"max-video-preview:-1"},"og_locale":"pt_PT","og_type":"article","og_title":"Cidade do Vinho 2025 eleva Vila Vi\u00e7osa e esgota hot\u00e9is, afirma autarca - Portal Tela Portugal","og_description":"Vila Vi\u00e7osa ganhou visibilidade e esgotou hot\u00e9is com a Cidade do Vinho 2025, segundo o presidente da C\u00e2mara, In\u00e1cio Esperan\u00e7a. O autarca disse que a iniciativa ajudou a promover o territ\u00f3rio al\u00e9m do m\u00e1rmore e do turismo, destacando a dimens\u00e3o v\u00ednica. A programa\u00e7\u00e3o da Cidade do Vinho contribuiu para uma evolu\u00e7\u00e3o tur\u00edstica sustentada, com eventos a impactar a ocupa\u00e7\u00e3o local. A a\u00e7\u00e3o permitiu aos produtores apresentar vinhos em novos mercados, nomeadamente It\u00e1lia, A\u00e7ores, Porto, Lisboa e Madrid. O projeto juntou os concelhos de Alandroal, Borba, Estremoz, Redondo e Vila Vi\u00e7osa, promovido pela Associa\u00e7\u00e3o dos Munic\u00edpios Portugueses do Vinho, com uma gala de encerramento em Estremoz.","og_url":"https:\/\/portaltela.pt\/noticias\/2026\/01\/31\/cidade-do-vinho-2025-eleva-vila-vicosa-e-esgota-hoteis-afirma-autarca\/","og_site_name":"Portal Tela Portugal","article_published_time":"2026-01-31T23:15:00+00:00","author":"Telinha","twitter_card":"summary_large_image","twitter_misc":{"Escrito por":"Telinha","Tempo estimado de leitura":"1 minuto"},"schema":{"@context":"https:\/\/schema.org","@graph":[{"@type":"Article","@id":"https:\/\/portaltela.pt\/noticias\/2026\/01\/31\/cidade-do-vinho-2025-eleva-vila-vicosa-e-esgota-hoteis-afirma-autarca\/#article","isPartOf":{"@id":"https:\/\/portaltela.pt\/noticias\/2026\/01\/31\/cidade-do-vinho-2025-eleva-vila-vicosa-e-esgota-hoteis-afirma-autarca\/"},"author":{"name":"Telinha","@id":"https:\/\/portaltela.pt\/#\/schema\/person\/c4278d4a6028830caff9ee44b42d32ed"},"headline":"Cidade do Vinho 2025 eleva Vila Vi\u00e7osa e esgota hot\u00e9is, afirma autarca","datePublished":"2026-01-31T23:15:00+00:00","mainEntityOfPage":{"@id":"https:\/\/portaltela.pt\/noticias\/2026\/01\/31\/cidade-do-vinho-2025-eleva-vila-vicosa-e-esgota-hoteis-afirma-autarca\/"},"wordCount":276,"keywords":["Alentejo","Estremoz","turismo","Vila Vi\u00e7osa","vinhos","vitivinicultura"],"articleSection":["Not\u00edcias"],"inLanguage":"pt-PT"},{"@type":"WebPage","@id":"https:\/\/portaltela.pt\/noticias\/2026\/01\/31\/cidade-do-vinho-2025-eleva-vila-vicosa-e-esgota-hoteis-afirma-autarca\/","url":"https:\/\/portaltela.pt\/noticias\/2026\/01\/31\/cidade-do-vinho-2025-eleva-vila-vicosa-e-esgota-hoteis-afirma-autarca\/","name":"Cidade do Vinho 2025 eleva Vila Vi\u00e7osa e esgota hot\u00e9is, afirma autarca - Portal Tela Portugal","isPartOf":{"@id":"https:\/\/portaltela.pt\/#website"},"datePublished":"2026-01-31T23:15:00+00:00","author":{"@id":"https:\/\/portaltela.pt\/#\/schema\/person\/c4278d4a6028830caff9ee44b42d32ed"},"breadcrumb":{"@id":"https:\/\/portaltela.pt\/noticias\/2026\/01\/31\/cidade-do-vinho-2025-eleva-vila-vicosa-e-esgota-hoteis-afirma-autarca\/#breadcrumb"},"inLanguage":"pt-PT","potentialAction":[{"@type":"ReadAction","target":["https:\/\/portaltela.pt\/noticias\/2026\/01\/31\/cidade-do-vinho-2025-eleva-vila-vicosa-e-esgota-hoteis-afirma-autarca\/"]}]},{"@type":"BreadcrumbList","@id":"https:\/\/portaltela.pt\/noticias\/2026\/01\/31\/cidade-do-vinho-2025-eleva-vila-vicosa-e-esgota-hoteis-afirma-autarca\/#breadcrumb","itemListElement":[{"@type":"ListItem","position":1,"name":"In\u00edcio","item":"https:\/\/portaltela.pt\/"},{"@type":"ListItem","position":2,"name":"Cidade do Vinho 2025 eleva Vila Vi\u00e7osa e esgota hot\u00e9is, afirma autarca"}]},{"@type":"WebSite","@id":"https:\/\/portaltela.pt\/#website","url":"https:\/\/portaltela.pt\/","name":"Portal Tela Portugal","description":"","potentialAction":[{"@type":"SearchAction","target":{"@type":"EntryPoint","urlTemplate":"https:\/\/portaltela.pt\/?s={search_term_string}"},"query-input":{"@type":"PropertyValueSpecification","valueRequired":true,"valueName":"search_term_string"}}],"inLanguage":"pt-PT"},{"@type":"Person","@id":"https:\/\/portaltela.pt\/#\/schema\/person\/c4278d4a6028830caff9ee44b42d32ed","name":"Telinha","image":{"@type":"ImageObject","inLanguage":"pt-PT","@id":"https:\/\/portaltela.pt\/s.01k8rhncp4jt1\/2025\/11\/talking-bot-125x125.png","url":"https:\/\/portaltela.pt\/s.01k8rhncp4jt1\/2025\/11\/talking-bot-125x125.png","contentUrl":"https:\/\/portaltela.pt\/s.01k8rhncp4jt1\/2025\/11\/talking-bot-125x125.png","caption":"Telinha"},"sameAs":["https:\/\/portaltela.pt\/"],"url":"https:\/\/portaltela.pt\/por\/367410592786\/"}]}},"_links":{"self":[{"href":"https:\/\/portaltela.pt\/api\/wp\/v2\/posts\/187753","targetHints":{"allow":["GET"]}}],"collection":[{"href":"https:\/\/portaltela.pt\/api\/wp\/v2\/posts"}],"about":[{"href":"https:\/\/portaltela.pt\/api\/wp\/v2\/types\/post"}],"author":[{"embeddable":true,"href":"https:\/\/portaltela.pt\/api\/wp\/v2\/users\/2"}],"replies":[{"embeddable":true,"href":"https:\/\/portaltela.pt\/api\/wp\/v2\/comments?post=187753"}],"version-history":[{"count":0,"href":"https:\/\/portaltela.pt\/api\/wp\/v2\/posts\/187753\/revisions"}],"wp:attachment":[{"href":"https:\/\/portaltela.pt\/api\/wp\/v2\/media?parent=187753"}],"wp:term":[{"taxonomy":"category","embeddable":true,"href":"https:\/\/portaltela.pt\/api\/wp\/v2\/categories?post=187753"},{"taxonomy":"post_tag","embeddable":true,"href":"https:\/\/portaltela.pt\/api\/wp\/v2\/tags?post=187753"}],"curies":[{"name":"wp","href":"https:\/\/api.w.org\/{rel}","templated":true}]}}