{"id":187718,"date":"2026-01-31T20:00:00","date_gmt":"2026-01-31T23:00:00","guid":{"rendered":"https:\/\/portaltela.pt\/noticias\/2026\/01\/31\/cidade-do-vinho-2025-encerra-com-esgotamento-de-eventos-e-foco-na-qualidade\/"},"modified":"2026-01-31T20:00:00","modified_gmt":"2026-01-31T23:00:00","slug":"cidade-do-vinho-2025-encerra-com-esgotamento-de-eventos-e-foco-na-qualidade","status":"publish","type":"post","link":"https:\/\/portaltela.pt\/noticias\/2026\/01\/31\/cidade-do-vinho-2025-encerra-com-esgotamento-de-eventos-e-foco-na-qualidade\/","title":{"rendered":"Cidade do Vinho 2025 encerra com esgotamento de eventos e foco na qualidade"},"content":{"rendered":"<p>O projeto Cidade do Vinho 2025, promovido por cinco munic\u00edpios da Serra de Ossa, encerrou com todos os eventos esgotados, destacando-se pela aposta na qualidade. A iniciativa reuniu Redondo, Alandroal, Borba, Estremoz e Vila Vi\u00e7osa, com foco no enoturismo, na gastronomia e na hospitalidade regional.<\/p>\n<p>O presidente da C\u00e2mara de Redondo, David Galego, afirmou que o balanceamento entre vinho, gastronomia e turismo autenticou o territ\u00f3rio. O objetivo foi promover experi\u00eancias locais de alta qualidade, refor\u00e7ando a imagem do concelho.<\/p>\n<p>As a\u00e7\u00f5es ocorreram ao longo de 2025, com uma gala de encerramento em Estremoz. A organiza\u00e7\u00e3o envolve a Associa\u00e7\u00e3o dos Munic\u00edpios Portugueses do Vinho (AMPV), o Turismo do Alentejo e a Comiss\u00e3o Vitivin\u00edcola Regional Alentejana (CVRA).<\/p>\n<h3>Desdobramentos e dinamismo regional<\/h3>\n<p>A procura por eventos do programa tem atingido n\u00edveis elevados, com v\u00e1rias iniciativas a esgotarem rapidamente as reservas. Em particular, o ciclo Tascas, Castas e Cantigas registou esgotos em duas edi\u00e7\u00f5es pela procura crescente.<\/p>\n<p>Segundo o autarca, a estrat\u00e9gia n\u00e3o visa turismo de massas, mas atrair visitantes di\u00e1rios para o enoturismo, valorizando a autenticidade de cada territ\u00f3rio. A promo\u00e7\u00e3o foi corroborada por relatos de visitantes obtidos na promo\u00e7\u00e3o pr\u00e9via.<\/p>\n<h3>Desafios e legado do projeto<\/h3>\n<p>O presidente apontou dificuldades econ\u00f3micas do setor vitivin\u00edcola, nomeadamente exporta\u00e7\u00f5es e pre\u00e7os para grandes produtores, sugerindo a necessidade de maior abertura a mercados externos. Ainda assim, afirmou que a qualidade dos vinhos das adegas locais tem apresentado melhoria em rela\u00e7\u00e3o ao ano anterior.<\/p>\n<p>Para Galego, o legado da Cidade do Vinho reside na valoriza\u00e7\u00e3o da escala local, na liga\u00e7\u00e3o entre vinho, adegas, tasquinhas e a gastronomia t\u00edpica. O foco \u00e9 manter a participa\u00e7\u00e3o di\u00e1ria de visitantes no enoturismo, consolidando o Alentejo como destino reconhecido para al\u00e9m da regi\u00e3o.<\/p>\n","protected":false},"excerpt":{"rendered":"<ul>\n<li>A iniciativa Cidade do Vinho 2025, promovida pela AMPV e com cinco concelhos envolvidos, teve eventos esgotados e refor\u00e7ou o foco na qualidade, hospitalidade e enoturismo na Serra de Ossa.<\/li>\n<li>O presidente da C\u00e2mara de Redondo, David Galego, disse que o projeto teve impacto na proje\u00e7\u00e3o do concelho e na valoriza\u00e7\u00e3o do vinho, da gastronomia e do enoturismo local.<\/li>\n<li>A aposta levou a experi\u00eancias ligadas \u00e0 autenticidade do territ\u00f3rio, destacando a hospitalidade, a comida e o vinho como marcas do Redondo.<\/li>\n<li>A colabora\u00e7\u00e3o entre os munic\u00edpios de Alandroal, Borba, Estremoz, Redondo e Vila Vi\u00e7osa, com apoio de entidades como Turismo do Alentejo e CVRA, foi apresentada como vantagem estrat\u00e9gica.<\/li>\n<li>A procura pelo enoturismo tem aumentado, com reservas esgotadas em eventos como Tascas, Castas e Cantigas, e a realiza\u00e7\u00e3o de duas edi\u00e7\u00f5es devido \u00e0 procura, sem objetivo de turismo de massa.<\/li>\n<\/ul>\n","protected":false},"author":2,"featured_media":187745,"comment_status":"closed","ping_status":"closed","sticky":false,"template":"","format":"standard","meta":{"footnotes":""},"categories":[1],"tags":[883,4070,3727,1098,219,4750],"class_list":["post-187718","post","type-post","status-publish","format-standard","has-post-thumbnail","hentry","category-noticias","tag-alentejo","tag-borba","tag-enoturismo","tag-estremoz","tag-gastronomia","tag-vila-vicosa"],"yoast_head":"<!-- This site is optimized with the Yoast SEO plugin v27.2 - https:\/\/yoast.com\/product\/yoast-seo-wordpress\/ -->\n<title>Cidade do Vinho 2025 encerra com esgotamento de eventos e foco na qualidade - Portal Tela Portugal<\/title>\n<meta name=\"robots\" content=\"index, follow, max-snippet:-1, max-image-preview:large, max-video-preview:-1\" \/>\n<meta property=\"og:locale\" content=\"pt_PT\" \/>\n<meta property=\"og:type\" content=\"article\" \/>\n<meta property=\"og:title\" content=\"Cidade do Vinho 2025 encerra com esgotamento de eventos e foco na qualidade - Portal Tela Portugal\" \/>\n<meta property=\"og:description\" content=\"A iniciativa Cidade do Vinho 2025, promovida pela AMPV e com cinco concelhos envolvidos, teve eventos esgotados e refor\u00e7ou o foco na qualidade, hospitalidade e enoturismo na Serra de Ossa. O presidente da C\u00e2mara de Redondo, David Galego, disse que o projeto teve impacto na proje\u00e7\u00e3o do concelho e na valoriza\u00e7\u00e3o do vinho, da gastronomia e do enoturismo local. A aposta levou a experi\u00eancias ligadas \u00e0 autenticidade do territ\u00f3rio, destacando a hospitalidade, a comida e o vinho como marcas do Redondo. A colabora\u00e7\u00e3o entre os munic\u00edpios de Alandroal, Borba, Estremoz, Redondo e Vila Vi\u00e7osa, com apoio de entidades como Turismo do Alentejo e CVRA, foi apresentada como vantagem estrat\u00e9gica. A procura pelo enoturismo tem aumentado, com reservas esgotadas em eventos como Tascas, Castas e Cantigas, e a realiza\u00e7\u00e3o de duas edi\u00e7\u00f5es devido \u00e0 procura, sem objetivo de turismo de massa.\" \/>\n<meta property=\"og:url\" content=\"https:\/\/portaltela.pt\/noticias\/2026\/01\/31\/cidade-do-vinho-2025-encerra-com-esgotamento-de-eventos-e-foco-na-qualidade\/\" \/>\n<meta property=\"og:site_name\" content=\"Portal Tela Portugal\" \/>\n<meta property=\"article:published_time\" content=\"2026-01-31T23:00:00+00:00\" \/>\n<meta name=\"author\" content=\"Telinha\" \/>\n<meta name=\"twitter:card\" content=\"summary_large_image\" \/>\n<meta name=\"twitter:label1\" content=\"Escrito por\" \/>\n\t<meta name=\"twitter:data1\" content=\"Telinha\" \/>\n\t<meta name=\"twitter:label2\" content=\"Tempo estimado de leitura\" \/>\n\t<meta name=\"twitter:data2\" content=\"2 minutos\" \/>\n<script type=\"application\/ld+json\" class=\"yoast-schema-graph\">{\"@context\":\"https:\/\/schema.org\",\"@graph\":[{\"@type\":\"Article\",\"@id\":\"https:\/\/portaltela.pt\/noticias\/2026\/01\/31\/cidade-do-vinho-2025-encerra-com-esgotamento-de-eventos-e-foco-na-qualidade\/#article\",\"isPartOf\":{\"@id\":\"https:\/\/portaltela.pt\/noticias\/2026\/01\/31\/cidade-do-vinho-2025-encerra-com-esgotamento-de-eventos-e-foco-na-qualidade\/\"},\"author\":{\"name\":\"Telinha\",\"@id\":\"https:\/\/portaltela.pt\/#\/schema\/person\/c4278d4a6028830caff9ee44b42d32ed\"},\"headline\":\"Cidade do Vinho 2025 encerra com esgotamento de eventos e foco na qualidade\",\"datePublished\":\"2026-01-31T23:00:00+00:00\",\"mainEntityOfPage\":{\"@id\":\"https:\/\/portaltela.pt\/noticias\/2026\/01\/31\/cidade-do-vinho-2025-encerra-com-esgotamento-de-eventos-e-foco-na-qualidade\/\"},\"wordCount\":324,\"image\":{\"@id\":\"https:\/\/portaltela.pt\/noticias\/2026\/01\/31\/cidade-do-vinho-2025-encerra-com-esgotamento-de-eventos-e-foco-na-qualidade\/#primaryimage\"},\"thumbnailUrl\":\"https:\/\/portaltela.pt\/s.01k8rhncp4jt1\/2026\/01\/unnamed-file-6406.jpg\",\"keywords\":[\"Alentejo\",\"Borba\",\"enoturismo\",\"Estremoz\",\"gastronomia\",\"Vila Vi\u00e7osa\"],\"articleSection\":[\"Not\u00edcias\"],\"inLanguage\":\"pt-PT\"},{\"@type\":\"WebPage\",\"@id\":\"https:\/\/portaltela.pt\/noticias\/2026\/01\/31\/cidade-do-vinho-2025-encerra-com-esgotamento-de-eventos-e-foco-na-qualidade\/\",\"url\":\"https:\/\/portaltela.pt\/noticias\/2026\/01\/31\/cidade-do-vinho-2025-encerra-com-esgotamento-de-eventos-e-foco-na-qualidade\/\",\"name\":\"Cidade do Vinho 2025 encerra com esgotamento de eventos e foco na qualidade - Portal Tela Portugal\",\"isPartOf\":{\"@id\":\"https:\/\/portaltela.pt\/#website\"},\"primaryImageOfPage\":{\"@id\":\"https:\/\/portaltela.pt\/noticias\/2026\/01\/31\/cidade-do-vinho-2025-encerra-com-esgotamento-de-eventos-e-foco-na-qualidade\/#primaryimage\"},\"image\":{\"@id\":\"https:\/\/portaltela.pt\/noticias\/2026\/01\/31\/cidade-do-vinho-2025-encerra-com-esgotamento-de-eventos-e-foco-na-qualidade\/#primaryimage\"},\"thumbnailUrl\":\"https:\/\/portaltela.pt\/s.01k8rhncp4jt1\/2026\/01\/unnamed-file-6406.jpg\",\"datePublished\":\"2026-01-31T23:00:00+00:00\",\"author\":{\"@id\":\"https:\/\/portaltela.pt\/#\/schema\/person\/c4278d4a6028830caff9ee44b42d32ed\"},\"breadcrumb\":{\"@id\":\"https:\/\/portaltela.pt\/noticias\/2026\/01\/31\/cidade-do-vinho-2025-encerra-com-esgotamento-de-eventos-e-foco-na-qualidade\/#breadcrumb\"},\"inLanguage\":\"pt-PT\",\"potentialAction\":[{\"@type\":\"ReadAction\",\"target\":[\"https:\/\/portaltela.pt\/noticias\/2026\/01\/31\/cidade-do-vinho-2025-encerra-com-esgotamento-de-eventos-e-foco-na-qualidade\/\"]}]},{\"@type\":\"ImageObject\",\"inLanguage\":\"pt-PT\",\"@id\":\"https:\/\/portaltela.pt\/noticias\/2026\/01\/31\/cidade-do-vinho-2025-encerra-com-esgotamento-de-eventos-e-foco-na-qualidade\/#primaryimage\",\"url\":\"https:\/\/portaltela.pt\/s.01k8rhncp4jt1\/2026\/01\/unnamed-file-6406.jpg\",\"contentUrl\":\"https:\/\/portaltela.pt\/s.01k8rhncp4jt1\/2026\/01\/unnamed-file-6406.jpg\",\"width\":796,\"height\":448,\"caption\":\"Redondo encerra Cidade do Vinho 2025 com eventos esgotados e foco na qualidade\"},{\"@type\":\"BreadcrumbList\",\"@id\":\"https:\/\/portaltela.pt\/noticias\/2026\/01\/31\/cidade-do-vinho-2025-encerra-com-esgotamento-de-eventos-e-foco-na-qualidade\/#breadcrumb\",\"itemListElement\":[{\"@type\":\"ListItem\",\"position\":1,\"name\":\"In\u00edcio\",\"item\":\"https:\/\/portaltela.pt\/\"},{\"@type\":\"ListItem\",\"position\":2,\"name\":\"Cidade do Vinho 2025 encerra com esgotamento de eventos e foco na qualidade\"}]},{\"@type\":\"WebSite\",\"@id\":\"https:\/\/portaltela.pt\/#website\",\"url\":\"https:\/\/portaltela.pt\/\",\"name\":\"Portal Tela Portugal\",\"description\":\"\",\"potentialAction\":[{\"@type\":\"SearchAction\",\"target\":{\"@type\":\"EntryPoint\",\"urlTemplate\":\"https:\/\/portaltela.pt\/?s={search_term_string}\"},\"query-input\":{\"@type\":\"PropertyValueSpecification\",\"valueRequired\":true,\"valueName\":\"search_term_string\"}}],\"inLanguage\":\"pt-PT\"},{\"@type\":\"Person\",\"@id\":\"https:\/\/portaltela.pt\/#\/schema\/person\/c4278d4a6028830caff9ee44b42d32ed\",\"name\":\"Telinha\",\"image\":{\"@type\":\"ImageObject\",\"inLanguage\":\"pt-PT\",\"@id\":\"https:\/\/portaltela.pt\/s.01k8rhncp4jt1\/2025\/11\/talking-bot-125x125.png\",\"url\":\"https:\/\/portaltela.pt\/s.01k8rhncp4jt1\/2025\/11\/talking-bot-125x125.png\",\"contentUrl\":\"https:\/\/portaltela.pt\/s.01k8rhncp4jt1\/2025\/11\/talking-bot-125x125.png\",\"caption\":\"Telinha\"},\"sameAs\":[\"https:\/\/portaltela.pt\/\"],\"url\":\"https:\/\/portaltela.pt\/por\/367410592786\/\"}]}<\/script>\n<!-- \/ Yoast SEO plugin. -->","yoast_head_json":{"title":"Cidade do Vinho 2025 encerra com esgotamento de eventos e foco na qualidade - Portal Tela Portugal","robots":{"index":"index","follow":"follow","max-snippet":"max-snippet:-1","max-image-preview":"max-image-preview:large","max-video-preview":"max-video-preview:-1"},"og_locale":"pt_PT","og_type":"article","og_title":"Cidade do Vinho 2025 encerra com esgotamento de eventos e foco na qualidade - Portal Tela Portugal","og_description":"A iniciativa Cidade do Vinho 2025, promovida pela AMPV e com cinco concelhos envolvidos, teve eventos esgotados e refor\u00e7ou o foco na qualidade, hospitalidade e enoturismo na Serra de Ossa. O presidente da C\u00e2mara de Redondo, David Galego, disse que o projeto teve impacto na proje\u00e7\u00e3o do concelho e na valoriza\u00e7\u00e3o do vinho, da gastronomia e do enoturismo local. A aposta levou a experi\u00eancias ligadas \u00e0 autenticidade do territ\u00f3rio, destacando a hospitalidade, a comida e o vinho como marcas do Redondo. A colabora\u00e7\u00e3o entre os munic\u00edpios de Alandroal, Borba, Estremoz, Redondo e Vila Vi\u00e7osa, com apoio de entidades como Turismo do Alentejo e CVRA, foi apresentada como vantagem estrat\u00e9gica. A procura pelo enoturismo tem aumentado, com reservas esgotadas em eventos como Tascas, Castas e Cantigas, e a realiza\u00e7\u00e3o de duas edi\u00e7\u00f5es devido \u00e0 procura, sem objetivo de turismo de massa.","og_url":"https:\/\/portaltela.pt\/noticias\/2026\/01\/31\/cidade-do-vinho-2025-encerra-com-esgotamento-de-eventos-e-foco-na-qualidade\/","og_site_name":"Portal Tela Portugal","article_published_time":"2026-01-31T23:00:00+00:00","author":"Telinha","twitter_card":"summary_large_image","twitter_misc":{"Escrito por":"Telinha","Tempo estimado de leitura":"2 minutos"},"schema":{"@context":"https:\/\/schema.org","@graph":[{"@type":"Article","@id":"https:\/\/portaltela.pt\/noticias\/2026\/01\/31\/cidade-do-vinho-2025-encerra-com-esgotamento-de-eventos-e-foco-na-qualidade\/#article","isPartOf":{"@id":"https:\/\/portaltela.pt\/noticias\/2026\/01\/31\/cidade-do-vinho-2025-encerra-com-esgotamento-de-eventos-e-foco-na-qualidade\/"},"author":{"name":"Telinha","@id":"https:\/\/portaltela.pt\/#\/schema\/person\/c4278d4a6028830caff9ee44b42d32ed"},"headline":"Cidade do Vinho 2025 encerra com esgotamento de eventos e foco na qualidade","datePublished":"2026-01-31T23:00:00+00:00","mainEntityOfPage":{"@id":"https:\/\/portaltela.pt\/noticias\/2026\/01\/31\/cidade-do-vinho-2025-encerra-com-esgotamento-de-eventos-e-foco-na-qualidade\/"},"wordCount":324,"image":{"@id":"https:\/\/portaltela.pt\/noticias\/2026\/01\/31\/cidade-do-vinho-2025-encerra-com-esgotamento-de-eventos-e-foco-na-qualidade\/#primaryimage"},"thumbnailUrl":"https:\/\/portaltela.pt\/s.01k8rhncp4jt1\/2026\/01\/unnamed-file-6406.jpg","keywords":["Alentejo","Borba","enoturismo","Estremoz","gastronomia","Vila Vi\u00e7osa"],"articleSection":["Not\u00edcias"],"inLanguage":"pt-PT"},{"@type":"WebPage","@id":"https:\/\/portaltela.pt\/noticias\/2026\/01\/31\/cidade-do-vinho-2025-encerra-com-esgotamento-de-eventos-e-foco-na-qualidade\/","url":"https:\/\/portaltela.pt\/noticias\/2026\/01\/31\/cidade-do-vinho-2025-encerra-com-esgotamento-de-eventos-e-foco-na-qualidade\/","name":"Cidade do Vinho 2025 encerra com esgotamento de eventos e foco na qualidade - Portal Tela Portugal","isPartOf":{"@id":"https:\/\/portaltela.pt\/#website"},"primaryImageOfPage":{"@id":"https:\/\/portaltela.pt\/noticias\/2026\/01\/31\/cidade-do-vinho-2025-encerra-com-esgotamento-de-eventos-e-foco-na-qualidade\/#primaryimage"},"image":{"@id":"https:\/\/portaltela.pt\/noticias\/2026\/01\/31\/cidade-do-vinho-2025-encerra-com-esgotamento-de-eventos-e-foco-na-qualidade\/#primaryimage"},"thumbnailUrl":"https:\/\/portaltela.pt\/s.01k8rhncp4jt1\/2026\/01\/unnamed-file-6406.jpg","datePublished":"2026-01-31T23:00:00+00:00","author":{"@id":"https:\/\/portaltela.pt\/#\/schema\/person\/c4278d4a6028830caff9ee44b42d32ed"},"breadcrumb":{"@id":"https:\/\/portaltela.pt\/noticias\/2026\/01\/31\/cidade-do-vinho-2025-encerra-com-esgotamento-de-eventos-e-foco-na-qualidade\/#breadcrumb"},"inLanguage":"pt-PT","potentialAction":[{"@type":"ReadAction","target":["https:\/\/portaltela.pt\/noticias\/2026\/01\/31\/cidade-do-vinho-2025-encerra-com-esgotamento-de-eventos-e-foco-na-qualidade\/"]}]},{"@type":"ImageObject","inLanguage":"pt-PT","@id":"https:\/\/portaltela.pt\/noticias\/2026\/01\/31\/cidade-do-vinho-2025-encerra-com-esgotamento-de-eventos-e-foco-na-qualidade\/#primaryimage","url":"https:\/\/portaltela.pt\/s.01k8rhncp4jt1\/2026\/01\/unnamed-file-6406.jpg","contentUrl":"https:\/\/portaltela.pt\/s.01k8rhncp4jt1\/2026\/01\/unnamed-file-6406.jpg","width":796,"height":448,"caption":"Redondo encerra Cidade do Vinho 2025 com eventos esgotados e foco na qualidade"},{"@type":"BreadcrumbList","@id":"https:\/\/portaltela.pt\/noticias\/2026\/01\/31\/cidade-do-vinho-2025-encerra-com-esgotamento-de-eventos-e-foco-na-qualidade\/#breadcrumb","itemListElement":[{"@type":"ListItem","position":1,"name":"In\u00edcio","item":"https:\/\/portaltela.pt\/"},{"@type":"ListItem","position":2,"name":"Cidade do Vinho 2025 encerra com esgotamento de eventos e foco na qualidade"}]},{"@type":"WebSite","@id":"https:\/\/portaltela.pt\/#website","url":"https:\/\/portaltela.pt\/","name":"Portal Tela Portugal","description":"","potentialAction":[{"@type":"SearchAction","target":{"@type":"EntryPoint","urlTemplate":"https:\/\/portaltela.pt\/?s={search_term_string}"},"query-input":{"@type":"PropertyValueSpecification","valueRequired":true,"valueName":"search_term_string"}}],"inLanguage":"pt-PT"},{"@type":"Person","@id":"https:\/\/portaltela.pt\/#\/schema\/person\/c4278d4a6028830caff9ee44b42d32ed","name":"Telinha","image":{"@type":"ImageObject","inLanguage":"pt-PT","@id":"https:\/\/portaltela.pt\/s.01k8rhncp4jt1\/2025\/11\/talking-bot-125x125.png","url":"https:\/\/portaltela.pt\/s.01k8rhncp4jt1\/2025\/11\/talking-bot-125x125.png","contentUrl":"https:\/\/portaltela.pt\/s.01k8rhncp4jt1\/2025\/11\/talking-bot-125x125.png","caption":"Telinha"},"sameAs":["https:\/\/portaltela.pt\/"],"url":"https:\/\/portaltela.pt\/por\/367410592786\/"}]}},"_links":{"self":[{"href":"https:\/\/portaltela.pt\/api\/wp\/v2\/posts\/187718","targetHints":{"allow":["GET"]}}],"collection":[{"href":"https:\/\/portaltela.pt\/api\/wp\/v2\/posts"}],"about":[{"href":"https:\/\/portaltela.pt\/api\/wp\/v2\/types\/post"}],"author":[{"embeddable":true,"href":"https:\/\/portaltela.pt\/api\/wp\/v2\/users\/2"}],"replies":[{"embeddable":true,"href":"https:\/\/portaltela.pt\/api\/wp\/v2\/comments?post=187718"}],"version-history":[{"count":0,"href":"https:\/\/portaltela.pt\/api\/wp\/v2\/posts\/187718\/revisions"}],"wp:featuredmedia":[{"embeddable":true,"href":"https:\/\/portaltela.pt\/api\/wp\/v2\/media\/187745"}],"wp:attachment":[{"href":"https:\/\/portaltela.pt\/api\/wp\/v2\/media?parent=187718"}],"wp:term":[{"taxonomy":"category","embeddable":true,"href":"https:\/\/portaltela.pt\/api\/wp\/v2\/categories?post=187718"},{"taxonomy":"post_tag","embeddable":true,"href":"https:\/\/portaltela.pt\/api\/wp\/v2\/tags?post=187718"}],"curies":[{"name":"wp","href":"https:\/\/api.w.org\/{rel}","templated":true}]}}