{"id":187717,"date":"2026-01-31T19:48:59","date_gmt":"2026-01-31T22:48:59","guid":{"rendered":"https:\/\/portaltela.pt\/noticias\/2026\/01\/31\/pj-detem-suspeito-do-homicidio-de-agente-imobiliaria-desaparecida-ha-12-dias\/"},"modified":"2026-01-31T19:48:59","modified_gmt":"2026-01-31T22:48:59","slug":"pj-detem-suspeito-do-homicidio-de-agente-imobiliaria-desaparecida-ha-12-dias","status":"publish","type":"post","link":"https:\/\/portaltela.pt\/noticias\/2026\/01\/31\/pj-detem-suspeito-do-homicidio-de-agente-imobiliaria-desaparecida-ha-12-dias\/","title":{"rendered":"PJ det\u00e9m suspeito do homic\u00eddio de agente imobili\u00e1ria desaparecida h\u00e1 12 dias"},"content":{"rendered":"<p>A Pol\u00edcia Judici\u00e1ria deteve na Lourinh\u00e3 o presum\u00edvel autor do homic\u00eddio da agente imobili\u00e1ria Maria Amaral, desaparecida desde 19 de janeiro. A opera\u00e7\u00e3o decorreu esta sexta-feira e foi dirigida pela Unidade Nacional de Contraterrorismo, no \u00e2mbito de uma investiga\u00e7\u00e3o c\u00e9lere que reuniu ind\u00edcios relevantes.<\/p>\n<p>Durante a a\u00e7\u00e3o, foi realizada uma busca domicili\u00e1ria na resid\u00eancia do detido. Foram recolhidos vest\u00edgios hem\u00e1ticos que refor\u00e7am as suspeitas na origem do crime e ajudam a consolidar o quadro probat\u00f3rio.<\/p>\n<p>Os investigadores prosseguem com dilig\u00eancias para localizar e levantar o cad\u00e1ver, cuja localiza\u00e7\u00e3o permanece indispon\u00edvel. As autoridades n\u00e3o avan\u00e7aram com detalhes sobre o local exatoito.<\/p>\n<p>O detido foi abrangido por um mandado de deten\u00e7\u00e3o fora de flagrante delito, emitido pelo magistrado do Minist\u00e9rio P\u00fablico respons\u00e1vel pelo caso. A atua\u00e7\u00e3o ocorreu sem incidentes de maior.<\/p>\n<p>O suspeito dever\u00e1 ser apresentado \u00e0 autoridade judici\u00e1ria competente para o primeiro interrogat\u00f3rio judicial, onde lhe poder\u00e3o ser aplicadas as medidas de coa\u00e7\u00e3o consideradas adequadas.<\/p>\n<p>A investiga\u00e7\u00e3o continua para esclarecer as circunst\u00e2ncias do homic\u00eddio, incluindo a linha de atua\u00e7\u00e3o que levou ao crime e a rela\u00e7\u00e3o entre as partes envolvidas.<\/p>\n","protected":false},"excerpt":{"rendered":"<ul>\n<li>A Pol\u00edcia Judici\u00e1ria deteve na Lourinh\u00e3 o presum\u00edvel autor do homic\u00eddio de Maria Amaral, agente imobili\u00e1ria desaparecida h\u00e1 12 dias.<\/li>\n<li>A deten\u00e7\u00e3o foi efetuada ao abrigo de um mandado de deten\u00e7\u00e3o fora de flagrante delito, emitido pelo magistrado do Minist\u00e9rio P\u00fablico.<\/li>\n<li>A opera\u00e7\u00e3o, conduzida pela Unidade Nacional de Contraterrorismo da PJ, permitiu recolher ind\u00edcios e provas que identificaram o suspeito.<\/li>\n<li>Em casa do detido foi realizada uma busca, com vest\u00edgios hem\u00e1ticos considerados relevantes para o inqu\u00e9rito.<\/li>\n<li>O cad\u00e1ver de Maria Amaral permanece oculto, sem local divulgado; o suspeito ser\u00e1 presente a autoridade judici\u00e1ria para o primeiro interrogat\u00f3rio, e a investiga\u00e7\u00e3o continua.<\/li>\n<\/ul>\n","protected":false},"author":2,"featured_media":187727,"comment_status":"closed","ping_status":"closed","sticky":false,"template":"","format":"standard","meta":{"footnotes":""},"categories":[1],"tags":[147,1345,217,1802,1014,4035],"class_list":["post-187717","post","type-post","status-publish","format-standard","has-post-thumbnail","hentry","category-noticias","tag-crime","tag-homicidio","tag-investigacao-criminal","tag-policia-judiciaria","tag-portugal","tag-unidade-nacional-de-contratterrorismo"],"yoast_head":"<!-- This site is optimized with the Yoast SEO plugin v27.2 - https:\/\/yoast.com\/product\/yoast-seo-wordpress\/ -->\n<title>PJ det\u00e9m suspeito do homic\u00eddio de agente imobili\u00e1ria desaparecida h\u00e1 12 dias - Portal Tela Portugal<\/title>\n<meta name=\"robots\" content=\"index, follow, max-snippet:-1, max-image-preview:large, max-video-preview:-1\" \/>\n<meta property=\"og:locale\" content=\"pt_PT\" \/>\n<meta property=\"og:type\" content=\"article\" \/>\n<meta property=\"og:title\" content=\"PJ det\u00e9m suspeito do homic\u00eddio de agente imobili\u00e1ria desaparecida h\u00e1 12 dias - Portal Tela Portugal\" \/>\n<meta property=\"og:description\" content=\"A Pol\u00edcia Judici\u00e1ria deteve na Lourinh\u00e3 o presum\u00edvel autor do homic\u00eddio de Maria Amaral, agente imobili\u00e1ria desaparecida h\u00e1 12 dias. A deten\u00e7\u00e3o foi efetuada ao abrigo de um mandado de deten\u00e7\u00e3o fora de flagrante delito, emitido pelo magistrado do Minist\u00e9rio P\u00fablico. A opera\u00e7\u00e3o, conduzida pela Unidade Nacional de Contraterrorismo da PJ, permitiu recolher ind\u00edcios e provas que identificaram o suspeito. Em casa do detido foi realizada uma busca, com vest\u00edgios hem\u00e1ticos considerados relevantes para o inqu\u00e9rito. O cad\u00e1ver de Maria Amaral permanece oculto, sem local divulgado; o suspeito ser\u00e1 presente a autoridade judici\u00e1ria para o primeiro interrogat\u00f3rio, e a investiga\u00e7\u00e3o continua.\" \/>\n<meta property=\"og:url\" content=\"https:\/\/portaltela.pt\/noticias\/2026\/01\/31\/pj-detem-suspeito-do-homicidio-de-agente-imobiliaria-desaparecida-ha-12-dias\/\" \/>\n<meta property=\"og:site_name\" content=\"Portal Tela Portugal\" \/>\n<meta property=\"article:published_time\" content=\"2026-01-31T22:48:59+00:00\" \/>\n<meta name=\"author\" content=\"Telinha\" \/>\n<meta name=\"twitter:card\" content=\"summary_large_image\" \/>\n<meta name=\"twitter:label1\" content=\"Escrito por\" \/>\n\t<meta name=\"twitter:data1\" content=\"Telinha\" \/>\n\t<meta name=\"twitter:label2\" content=\"Tempo estimado de leitura\" \/>\n\t<meta name=\"twitter:data2\" content=\"1 minuto\" \/>\n<script type=\"application\/ld+json\" class=\"yoast-schema-graph\">{\"@context\":\"https:\/\/schema.org\",\"@graph\":[{\"@type\":\"Article\",\"@id\":\"https:\/\/portaltela.pt\/noticias\/2026\/01\/31\/pj-detem-suspeito-do-homicidio-de-agente-imobiliaria-desaparecida-ha-12-dias\/#article\",\"isPartOf\":{\"@id\":\"https:\/\/portaltela.pt\/noticias\/2026\/01\/31\/pj-detem-suspeito-do-homicidio-de-agente-imobiliaria-desaparecida-ha-12-dias\/\"},\"author\":{\"name\":\"Telinha\",\"@id\":\"https:\/\/portaltela.pt\/#\/schema\/person\/c4278d4a6028830caff9ee44b42d32ed\"},\"headline\":\"PJ det\u00e9m suspeito do homic\u00eddio de agente imobili\u00e1ria desaparecida h\u00e1 12 dias\",\"datePublished\":\"2026-01-31T22:48:59+00:00\",\"mainEntityOfPage\":{\"@id\":\"https:\/\/portaltela.pt\/noticias\/2026\/01\/31\/pj-detem-suspeito-do-homicidio-de-agente-imobiliaria-desaparecida-ha-12-dias\/\"},\"wordCount\":227,\"image\":{\"@id\":\"https:\/\/portaltela.pt\/noticias\/2026\/01\/31\/pj-detem-suspeito-do-homicidio-de-agente-imobiliaria-desaparecida-ha-12-dias\/#primaryimage\"},\"thumbnailUrl\":\"https:\/\/portaltela.pt\/s.01k8rhncp4jt1\/2026\/01\/pj-01-5.jpg\",\"keywords\":[\"crime\",\"homic\u00eddio\",\"investiga\u00e7\u00e3o criminal\",\"Pol\u00edcia Judici\u00e1ria\",\"Portugal\",\"Unidade Nacional de Contratterrorismo\"],\"articleSection\":[\"Not\u00edcias\"],\"inLanguage\":\"pt-PT\"},{\"@type\":\"WebPage\",\"@id\":\"https:\/\/portaltela.pt\/noticias\/2026\/01\/31\/pj-detem-suspeito-do-homicidio-de-agente-imobiliaria-desaparecida-ha-12-dias\/\",\"url\":\"https:\/\/portaltela.pt\/noticias\/2026\/01\/31\/pj-detem-suspeito-do-homicidio-de-agente-imobiliaria-desaparecida-ha-12-dias\/\",\"name\":\"PJ det\u00e9m suspeito do homic\u00eddio de agente imobili\u00e1ria desaparecida h\u00e1 12 dias - Portal Tela Portugal\",\"isPartOf\":{\"@id\":\"https:\/\/portaltela.pt\/#website\"},\"primaryImageOfPage\":{\"@id\":\"https:\/\/portaltela.pt\/noticias\/2026\/01\/31\/pj-detem-suspeito-do-homicidio-de-agente-imobiliaria-desaparecida-ha-12-dias\/#primaryimage\"},\"image\":{\"@id\":\"https:\/\/portaltela.pt\/noticias\/2026\/01\/31\/pj-detem-suspeito-do-homicidio-de-agente-imobiliaria-desaparecida-ha-12-dias\/#primaryimage\"},\"thumbnailUrl\":\"https:\/\/portaltela.pt\/s.01k8rhncp4jt1\/2026\/01\/pj-01-5.jpg\",\"datePublished\":\"2026-01-31T22:48:59+00:00\",\"author\":{\"@id\":\"https:\/\/portaltela.pt\/#\/schema\/person\/c4278d4a6028830caff9ee44b42d32ed\"},\"breadcrumb\":{\"@id\":\"https:\/\/portaltela.pt\/noticias\/2026\/01\/31\/pj-detem-suspeito-do-homicidio-de-agente-imobiliaria-desaparecida-ha-12-dias\/#breadcrumb\"},\"inLanguage\":\"pt-PT\",\"potentialAction\":[{\"@type\":\"ReadAction\",\"target\":[\"https:\/\/portaltela.pt\/noticias\/2026\/01\/31\/pj-detem-suspeito-do-homicidio-de-agente-imobiliaria-desaparecida-ha-12-dias\/\"]}]},{\"@type\":\"ImageObject\",\"inLanguage\":\"pt-PT\",\"@id\":\"https:\/\/portaltela.pt\/noticias\/2026\/01\/31\/pj-detem-suspeito-do-homicidio-de-agente-imobiliaria-desaparecida-ha-12-dias\/#primaryimage\",\"url\":\"https:\/\/portaltela.pt\/s.01k8rhncp4jt1\/2026\/01\/pj-01-5.jpg\",\"contentUrl\":\"https:\/\/portaltela.pt\/s.01k8rhncp4jt1\/2026\/01\/pj-01-5.jpg\",\"width\":796,\"height\":448,\"caption\":\"Crimes de \u00f3dio: megaopera\u00e7\u00e3o da PJ termina com 37 detidos e 15 arguidos\"},{\"@type\":\"BreadcrumbList\",\"@id\":\"https:\/\/portaltela.pt\/noticias\/2026\/01\/31\/pj-detem-suspeito-do-homicidio-de-agente-imobiliaria-desaparecida-ha-12-dias\/#breadcrumb\",\"itemListElement\":[{\"@type\":\"ListItem\",\"position\":1,\"name\":\"In\u00edcio\",\"item\":\"https:\/\/portaltela.pt\/\"},{\"@type\":\"ListItem\",\"position\":2,\"name\":\"PJ det\u00e9m suspeito do homic\u00eddio de agente imobili\u00e1ria desaparecida h\u00e1 12 dias\"}]},{\"@type\":\"WebSite\",\"@id\":\"https:\/\/portaltela.pt\/#website\",\"url\":\"https:\/\/portaltela.pt\/\",\"name\":\"Portal Tela Portugal\",\"description\":\"\",\"potentialAction\":[{\"@type\":\"SearchAction\",\"target\":{\"@type\":\"EntryPoint\",\"urlTemplate\":\"https:\/\/portaltela.pt\/?s={search_term_string}\"},\"query-input\":{\"@type\":\"PropertyValueSpecification\",\"valueRequired\":true,\"valueName\":\"search_term_string\"}}],\"inLanguage\":\"pt-PT\"},{\"@type\":\"Person\",\"@id\":\"https:\/\/portaltela.pt\/#\/schema\/person\/c4278d4a6028830caff9ee44b42d32ed\",\"name\":\"Telinha\",\"image\":{\"@type\":\"ImageObject\",\"inLanguage\":\"pt-PT\",\"@id\":\"https:\/\/portaltela.pt\/s.01k8rhncp4jt1\/2025\/11\/talking-bot-125x125.png\",\"url\":\"https:\/\/portaltela.pt\/s.01k8rhncp4jt1\/2025\/11\/talking-bot-125x125.png\",\"contentUrl\":\"https:\/\/portaltela.pt\/s.01k8rhncp4jt1\/2025\/11\/talking-bot-125x125.png\",\"caption\":\"Telinha\"},\"sameAs\":[\"https:\/\/portaltela.pt\/\"],\"url\":\"https:\/\/portaltela.pt\/por\/367410592786\/\"}]}<\/script>\n<!-- \/ Yoast SEO plugin. -->","yoast_head_json":{"title":"PJ det\u00e9m suspeito do homic\u00eddio de agente imobili\u00e1ria desaparecida h\u00e1 12 dias - Portal Tela Portugal","robots":{"index":"index","follow":"follow","max-snippet":"max-snippet:-1","max-image-preview":"max-image-preview:large","max-video-preview":"max-video-preview:-1"},"og_locale":"pt_PT","og_type":"article","og_title":"PJ det\u00e9m suspeito do homic\u00eddio de agente imobili\u00e1ria desaparecida h\u00e1 12 dias - Portal Tela Portugal","og_description":"A Pol\u00edcia Judici\u00e1ria deteve na Lourinh\u00e3 o presum\u00edvel autor do homic\u00eddio de Maria Amaral, agente imobili\u00e1ria desaparecida h\u00e1 12 dias. A deten\u00e7\u00e3o foi efetuada ao abrigo de um mandado de deten\u00e7\u00e3o fora de flagrante delito, emitido pelo magistrado do Minist\u00e9rio P\u00fablico. A opera\u00e7\u00e3o, conduzida pela Unidade Nacional de Contraterrorismo da PJ, permitiu recolher ind\u00edcios e provas que identificaram o suspeito. Em casa do detido foi realizada uma busca, com vest\u00edgios hem\u00e1ticos considerados relevantes para o inqu\u00e9rito. O cad\u00e1ver de Maria Amaral permanece oculto, sem local divulgado; o suspeito ser\u00e1 presente a autoridade judici\u00e1ria para o primeiro interrogat\u00f3rio, e a investiga\u00e7\u00e3o continua.","og_url":"https:\/\/portaltela.pt\/noticias\/2026\/01\/31\/pj-detem-suspeito-do-homicidio-de-agente-imobiliaria-desaparecida-ha-12-dias\/","og_site_name":"Portal Tela Portugal","article_published_time":"2026-01-31T22:48:59+00:00","author":"Telinha","twitter_card":"summary_large_image","twitter_misc":{"Escrito por":"Telinha","Tempo estimado de leitura":"1 minuto"},"schema":{"@context":"https:\/\/schema.org","@graph":[{"@type":"Article","@id":"https:\/\/portaltela.pt\/noticias\/2026\/01\/31\/pj-detem-suspeito-do-homicidio-de-agente-imobiliaria-desaparecida-ha-12-dias\/#article","isPartOf":{"@id":"https:\/\/portaltela.pt\/noticias\/2026\/01\/31\/pj-detem-suspeito-do-homicidio-de-agente-imobiliaria-desaparecida-ha-12-dias\/"},"author":{"name":"Telinha","@id":"https:\/\/portaltela.pt\/#\/schema\/person\/c4278d4a6028830caff9ee44b42d32ed"},"headline":"PJ det\u00e9m suspeito do homic\u00eddio de agente imobili\u00e1ria desaparecida h\u00e1 12 dias","datePublished":"2026-01-31T22:48:59+00:00","mainEntityOfPage":{"@id":"https:\/\/portaltela.pt\/noticias\/2026\/01\/31\/pj-detem-suspeito-do-homicidio-de-agente-imobiliaria-desaparecida-ha-12-dias\/"},"wordCount":227,"image":{"@id":"https:\/\/portaltela.pt\/noticias\/2026\/01\/31\/pj-detem-suspeito-do-homicidio-de-agente-imobiliaria-desaparecida-ha-12-dias\/#primaryimage"},"thumbnailUrl":"https:\/\/portaltela.pt\/s.01k8rhncp4jt1\/2026\/01\/pj-01-5.jpg","keywords":["crime","homic\u00eddio","investiga\u00e7\u00e3o criminal","Pol\u00edcia Judici\u00e1ria","Portugal","Unidade Nacional de Contratterrorismo"],"articleSection":["Not\u00edcias"],"inLanguage":"pt-PT"},{"@type":"WebPage","@id":"https:\/\/portaltela.pt\/noticias\/2026\/01\/31\/pj-detem-suspeito-do-homicidio-de-agente-imobiliaria-desaparecida-ha-12-dias\/","url":"https:\/\/portaltela.pt\/noticias\/2026\/01\/31\/pj-detem-suspeito-do-homicidio-de-agente-imobiliaria-desaparecida-ha-12-dias\/","name":"PJ det\u00e9m suspeito do homic\u00eddio de agente imobili\u00e1ria desaparecida h\u00e1 12 dias - Portal Tela Portugal","isPartOf":{"@id":"https:\/\/portaltela.pt\/#website"},"primaryImageOfPage":{"@id":"https:\/\/portaltela.pt\/noticias\/2026\/01\/31\/pj-detem-suspeito-do-homicidio-de-agente-imobiliaria-desaparecida-ha-12-dias\/#primaryimage"},"image":{"@id":"https:\/\/portaltela.pt\/noticias\/2026\/01\/31\/pj-detem-suspeito-do-homicidio-de-agente-imobiliaria-desaparecida-ha-12-dias\/#primaryimage"},"thumbnailUrl":"https:\/\/portaltela.pt\/s.01k8rhncp4jt1\/2026\/01\/pj-01-5.jpg","datePublished":"2026-01-31T22:48:59+00:00","author":{"@id":"https:\/\/portaltela.pt\/#\/schema\/person\/c4278d4a6028830caff9ee44b42d32ed"},"breadcrumb":{"@id":"https:\/\/portaltela.pt\/noticias\/2026\/01\/31\/pj-detem-suspeito-do-homicidio-de-agente-imobiliaria-desaparecida-ha-12-dias\/#breadcrumb"},"inLanguage":"pt-PT","potentialAction":[{"@type":"ReadAction","target":["https:\/\/portaltela.pt\/noticias\/2026\/01\/31\/pj-detem-suspeito-do-homicidio-de-agente-imobiliaria-desaparecida-ha-12-dias\/"]}]},{"@type":"ImageObject","inLanguage":"pt-PT","@id":"https:\/\/portaltela.pt\/noticias\/2026\/01\/31\/pj-detem-suspeito-do-homicidio-de-agente-imobiliaria-desaparecida-ha-12-dias\/#primaryimage","url":"https:\/\/portaltela.pt\/s.01k8rhncp4jt1\/2026\/01\/pj-01-5.jpg","contentUrl":"https:\/\/portaltela.pt\/s.01k8rhncp4jt1\/2026\/01\/pj-01-5.jpg","width":796,"height":448,"caption":"Crimes de \u00f3dio: megaopera\u00e7\u00e3o da PJ termina com 37 detidos e 15 arguidos"},{"@type":"BreadcrumbList","@id":"https:\/\/portaltela.pt\/noticias\/2026\/01\/31\/pj-detem-suspeito-do-homicidio-de-agente-imobiliaria-desaparecida-ha-12-dias\/#breadcrumb","itemListElement":[{"@type":"ListItem","position":1,"name":"In\u00edcio","item":"https:\/\/portaltela.pt\/"},{"@type":"ListItem","position":2,"name":"PJ det\u00e9m suspeito do homic\u00eddio de agente imobili\u00e1ria desaparecida h\u00e1 12 dias"}]},{"@type":"WebSite","@id":"https:\/\/portaltela.pt\/#website","url":"https:\/\/portaltela.pt\/","name":"Portal Tela Portugal","description":"","potentialAction":[{"@type":"SearchAction","target":{"@type":"EntryPoint","urlTemplate":"https:\/\/portaltela.pt\/?s={search_term_string}"},"query-input":{"@type":"PropertyValueSpecification","valueRequired":true,"valueName":"search_term_string"}}],"inLanguage":"pt-PT"},{"@type":"Person","@id":"https:\/\/portaltela.pt\/#\/schema\/person\/c4278d4a6028830caff9ee44b42d32ed","name":"Telinha","image":{"@type":"ImageObject","inLanguage":"pt-PT","@id":"https:\/\/portaltela.pt\/s.01k8rhncp4jt1\/2025\/11\/talking-bot-125x125.png","url":"https:\/\/portaltela.pt\/s.01k8rhncp4jt1\/2025\/11\/talking-bot-125x125.png","contentUrl":"https:\/\/portaltela.pt\/s.01k8rhncp4jt1\/2025\/11\/talking-bot-125x125.png","caption":"Telinha"},"sameAs":["https:\/\/portaltela.pt\/"],"url":"https:\/\/portaltela.pt\/por\/367410592786\/"}]}},"_links":{"self":[{"href":"https:\/\/portaltela.pt\/api\/wp\/v2\/posts\/187717","targetHints":{"allow":["GET"]}}],"collection":[{"href":"https:\/\/portaltela.pt\/api\/wp\/v2\/posts"}],"about":[{"href":"https:\/\/portaltela.pt\/api\/wp\/v2\/types\/post"}],"author":[{"embeddable":true,"href":"https:\/\/portaltela.pt\/api\/wp\/v2\/users\/2"}],"replies":[{"embeddable":true,"href":"https:\/\/portaltela.pt\/api\/wp\/v2\/comments?post=187717"}],"version-history":[{"count":0,"href":"https:\/\/portaltela.pt\/api\/wp\/v2\/posts\/187717\/revisions"}],"wp:featuredmedia":[{"embeddable":true,"href":"https:\/\/portaltela.pt\/api\/wp\/v2\/media\/187727"}],"wp:attachment":[{"href":"https:\/\/portaltela.pt\/api\/wp\/v2\/media?parent=187717"}],"wp:term":[{"taxonomy":"category","embeddable":true,"href":"https:\/\/portaltela.pt\/api\/wp\/v2\/categories?post=187717"},{"taxonomy":"post_tag","embeddable":true,"href":"https:\/\/portaltela.pt\/api\/wp\/v2\/tags?post=187717"}],"curies":[{"name":"wp","href":"https:\/\/api.w.org\/{rel}","templated":true}]}}