{"id":187693,"date":"2026-01-31T19:30:00","date_gmt":"2026-01-31T22:30:00","guid":{"rendered":"https:\/\/portaltela.pt\/noticias\/2026\/01\/31\/pedro-esteves-destaca-rede-de-trabalho-no-balanco-do-vinho-2025-em-borba\/"},"modified":"2026-01-31T19:30:00","modified_gmt":"2026-01-31T22:30:00","slug":"pedro-esteves-destaca-rede-de-trabalho-no-balanco-do-vinho-2025-em-borba","status":"publish","type":"post","link":"https:\/\/portaltela.pt\/noticias\/2026\/01\/31\/pedro-esteves-destaca-rede-de-trabalho-no-balanco-do-vinho-2025-em-borba\/","title":{"rendered":"Pedro Esteves destaca rede de trabalho no balan\u00e7o do Vinho 2025 em Borba"},"content":{"rendered":"<p>O presidente da C\u00e2mara Municipal de Borba, Pedro Esteves, fez o balan\u00e7o final da iniciativa Cidade do Vinho 2025, destacando a valoriza\u00e7\u00e3o do vinho e a coopera\u00e7\u00e3o entre cinco munic\u00edpios. O objetivo foi mostrar o impacto da parceria na regi\u00e3o.<\/p>\n<p>Esteves afirmou que o balan\u00e7o \u00e9 muito positivo e que o projeto \u00e9 de continuidade, ressaltando que a iniciativa ultrapassa mandatos e executivos. A prioridade foi manter a coopera\u00e7\u00e3o entre as autarquias.<\/p>\n<p>A principal marca do ano foi o trabalho em rede entre Alandroal, Borba, Estremoz, Redondo e Vila Vi\u00e7osa, que, segundo o autarca, pode servir de base para o futuro da regi\u00e3o.<\/p>\n<h3>O valor do vinho como identidade local<\/h3>\n<p>O l\u00edder municipal destacou o vinho como produto identit\u00e1rio de Borba e elemento central da participa\u00e7\u00e3o no projeto, sublinhando a qualidade da produ\u00e7\u00e3o dos cinco concelhos.<\/p>\n<p>Borba est\u00e1 historicamente associada ao setor vitivin\u00edcola, segundo Pedro Esteves, que lembrou a capacidade regional de promover produtos de alto padr\u00e3o ao pa\u00eds e ao mundo.<\/p>\n<h3>Turismo e novos impactos<\/h3>\n<p>O presidente da C\u00e2mara destacou o potencial tur\u00edstico derivado do trabalho conjunto, indicando perspetivas para novas iniciativas entre os concelhos e a cria\u00e7\u00e3o de sinergias no setor.<\/p>\n<p>Ja existem preparativos para futuras a\u00e7\u00f5es no turismo entre os munic\u00edpios, com a expectativa de ampliar visitantes e incentivar atividades ligadas ao vinho.<\/p>\n<h3>Encerramento e continuidade regional<\/h3>\n<p>A ideia central defendida pelos autarcas \u00e9 manter a coopera\u00e7\u00e3o regional para fortalecer a regi\u00e3o, combinando esfor\u00e7os para ter mais peso em n\u00edvel distrital, regional e nacional.<\/p>\n<p>A iniciativa encerrou com gala em Estremoz, promovida pela Associa\u00e7\u00e3o dos Munic\u00edpios Portugueses do Vinho, dando continuidade \u00e0 colabora\u00e7\u00e3o entre os cinco munic\u00edpios.<\/p>\n","protected":false},"excerpt":{"rendered":"<ul>\n<li>O presidente da C\u00e2mara de Borba, Pedro Esteves, fez o balan\u00e7o final da Cidade do Vinho 2025, sublinhando a import\u00e2ncia da coopera\u00e7\u00e3o entre os cinco munic\u00edpios envolvidos.<\/li>\n<li>Certificou que o balan\u00e7o \u00e9 muito positivo e que o projeto \u00e9 de continuidade, ultrapassando mandatos e governos.<\/li>\n<li>O principal legado, segundo Esteves, \u00e9 o trabalho em rede entre Alandroal, Borba, Estremoz, Redondo e Vila Vi\u00e7osa.<\/li>\n<li>Borba refor\u00e7ou o vinho como marca identit\u00e1ria do concelho e elemento central da participa\u00e7\u00e3o no projeto, visando mostrar a qualidade da produ\u00e7\u00e3o aos visitantes.<\/li>\n<li>O autarca indicou potencial tur\u00edstico resultante do trabalho conjunto, com perspetivas para novas iniciativas entre os concelhos; a iniciativa encerrou com gala em Estremoz.<\/li>\n<\/ul>\n","protected":false},"author":2,"featured_media":187702,"comment_status":"closed","ping_status":"closed","sticky":false,"template":"","format":"standard","meta":{"footnotes":""},"categories":[1],"tags":[4979,4070,1098,4749,169,4750],"class_list":["post-187693","post","type-post","status-publish","format-standard","has-post-thumbnail","hentry","category-noticias","tag-alandroal","tag-borba","tag-estremoz","tag-redondo","tag-turismo","tag-vila-vicosa"],"yoast_head":"<!-- This site is optimized with the Yoast SEO plugin v27.2 - https:\/\/yoast.com\/product\/yoast-seo-wordpress\/ -->\n<title>Pedro Esteves destaca rede de trabalho no balan\u00e7o do Vinho 2025 em Borba - Portal Tela Portugal<\/title>\n<meta name=\"robots\" content=\"index, follow, max-snippet:-1, max-image-preview:large, max-video-preview:-1\" \/>\n<meta property=\"og:locale\" content=\"pt_PT\" \/>\n<meta property=\"og:type\" content=\"article\" \/>\n<meta property=\"og:title\" content=\"Pedro Esteves destaca rede de trabalho no balan\u00e7o do Vinho 2025 em Borba - Portal Tela Portugal\" \/>\n<meta property=\"og:description\" content=\"O presidente da C\u00e2mara de Borba, Pedro Esteves, fez o balan\u00e7o final da Cidade do Vinho 2025, sublinhando a import\u00e2ncia da coopera\u00e7\u00e3o entre os cinco munic\u00edpios envolvidos. Certificou que o balan\u00e7o \u00e9 muito positivo e que o projeto \u00e9 de continuidade, ultrapassando mandatos e governos. O principal legado, segundo Esteves, \u00e9 o trabalho em rede entre Alandroal, Borba, Estremoz, Redondo e Vila Vi\u00e7osa. Borba refor\u00e7ou o vinho como marca identit\u00e1ria do concelho e elemento central da participa\u00e7\u00e3o no projeto, visando mostrar a qualidade da produ\u00e7\u00e3o aos visitantes. O autarca indicou potencial tur\u00edstico resultante do trabalho conjunto, com perspetivas para novas iniciativas entre os concelhos; a iniciativa encerrou com gala em Estremoz.\" \/>\n<meta property=\"og:url\" content=\"https:\/\/portaltela.pt\/noticias\/2026\/01\/31\/pedro-esteves-destaca-rede-de-trabalho-no-balanco-do-vinho-2025-em-borba\/\" \/>\n<meta property=\"og:site_name\" content=\"Portal Tela Portugal\" \/>\n<meta property=\"article:published_time\" content=\"2026-01-31T22:30:00+00:00\" \/>\n<meta name=\"author\" content=\"Telinha\" \/>\n<meta name=\"twitter:card\" content=\"summary_large_image\" \/>\n<meta name=\"twitter:label1\" content=\"Escrito por\" \/>\n\t<meta name=\"twitter:data1\" content=\"Telinha\" \/>\n\t<meta name=\"twitter:label2\" content=\"Tempo estimado de leitura\" \/>\n\t<meta name=\"twitter:data2\" content=\"1 minuto\" \/>\n<script type=\"application\/ld+json\" class=\"yoast-schema-graph\">{\"@context\":\"https:\/\/schema.org\",\"@graph\":[{\"@type\":\"Article\",\"@id\":\"https:\/\/portaltela.pt\/noticias\/2026\/01\/31\/pedro-esteves-destaca-rede-de-trabalho-no-balanco-do-vinho-2025-em-borba\/#article\",\"isPartOf\":{\"@id\":\"https:\/\/portaltela.pt\/noticias\/2026\/01\/31\/pedro-esteves-destaca-rede-de-trabalho-no-balanco-do-vinho-2025-em-borba\/\"},\"author\":{\"name\":\"Telinha\",\"@id\":\"https:\/\/portaltela.pt\/#\/schema\/person\/c4278d4a6028830caff9ee44b42d32ed\"},\"headline\":\"Pedro Esteves destaca rede de trabalho no balan\u00e7o do Vinho 2025 em Borba\",\"datePublished\":\"2026-01-31T22:30:00+00:00\",\"mainEntityOfPage\":{\"@id\":\"https:\/\/portaltela.pt\/noticias\/2026\/01\/31\/pedro-esteves-destaca-rede-de-trabalho-no-balanco-do-vinho-2025-em-borba\/\"},\"wordCount\":308,\"image\":{\"@id\":\"https:\/\/portaltela.pt\/noticias\/2026\/01\/31\/pedro-esteves-destaca-rede-de-trabalho-no-balanco-do-vinho-2025-em-borba\/#primaryimage\"},\"thumbnailUrl\":\"https:\/\/portaltela.pt\/s.01k8rhncp4jt1\/2026\/01\/unnamed-file-6400.jpg\",\"keywords\":[\"Alandroal\",\"Borba\",\"Estremoz\",\"Redondo\",\"turismo\",\"Vila Vi\u00e7osa\"],\"articleSection\":[\"Not\u00edcias\"],\"inLanguage\":\"pt-PT\"},{\"@type\":\"WebPage\",\"@id\":\"https:\/\/portaltela.pt\/noticias\/2026\/01\/31\/pedro-esteves-destaca-rede-de-trabalho-no-balanco-do-vinho-2025-em-borba\/\",\"url\":\"https:\/\/portaltela.pt\/noticias\/2026\/01\/31\/pedro-esteves-destaca-rede-de-trabalho-no-balanco-do-vinho-2025-em-borba\/\",\"name\":\"Pedro Esteves destaca rede de trabalho no balan\u00e7o do Vinho 2025 em Borba - Portal Tela Portugal\",\"isPartOf\":{\"@id\":\"https:\/\/portaltela.pt\/#website\"},\"primaryImageOfPage\":{\"@id\":\"https:\/\/portaltela.pt\/noticias\/2026\/01\/31\/pedro-esteves-destaca-rede-de-trabalho-no-balanco-do-vinho-2025-em-borba\/#primaryimage\"},\"image\":{\"@id\":\"https:\/\/portaltela.pt\/noticias\/2026\/01\/31\/pedro-esteves-destaca-rede-de-trabalho-no-balanco-do-vinho-2025-em-borba\/#primaryimage\"},\"thumbnailUrl\":\"https:\/\/portaltela.pt\/s.01k8rhncp4jt1\/2026\/01\/unnamed-file-6400.jpg\",\"datePublished\":\"2026-01-31T22:30:00+00:00\",\"author\":{\"@id\":\"https:\/\/portaltela.pt\/#\/schema\/person\/c4278d4a6028830caff9ee44b42d32ed\"},\"breadcrumb\":{\"@id\":\"https:\/\/portaltela.pt\/noticias\/2026\/01\/31\/pedro-esteves-destaca-rede-de-trabalho-no-balanco-do-vinho-2025-em-borba\/#breadcrumb\"},\"inLanguage\":\"pt-PT\",\"potentialAction\":[{\"@type\":\"ReadAction\",\"target\":[\"https:\/\/portaltela.pt\/noticias\/2026\/01\/31\/pedro-esteves-destaca-rede-de-trabalho-no-balanco-do-vinho-2025-em-borba\/\"]}]},{\"@type\":\"ImageObject\",\"inLanguage\":\"pt-PT\",\"@id\":\"https:\/\/portaltela.pt\/noticias\/2026\/01\/31\/pedro-esteves-destaca-rede-de-trabalho-no-balanco-do-vinho-2025-em-borba\/#primaryimage\",\"url\":\"https:\/\/portaltela.pt\/s.01k8rhncp4jt1\/2026\/01\/unnamed-file-6400.jpg\",\"contentUrl\":\"https:\/\/portaltela.pt\/s.01k8rhncp4jt1\/2026\/01\/unnamed-file-6400.jpg\",\"width\":796,\"height\":448,\"caption\":\"Pedro Esteves destaca trabalho em rede no balan\u00e7o da Cidade do Vinho 2025 em Borba\"},{\"@type\":\"BreadcrumbList\",\"@id\":\"https:\/\/portaltela.pt\/noticias\/2026\/01\/31\/pedro-esteves-destaca-rede-de-trabalho-no-balanco-do-vinho-2025-em-borba\/#breadcrumb\",\"itemListElement\":[{\"@type\":\"ListItem\",\"position\":1,\"name\":\"In\u00edcio\",\"item\":\"https:\/\/portaltela.pt\/\"},{\"@type\":\"ListItem\",\"position\":2,\"name\":\"Pedro Esteves destaca rede de trabalho no balan\u00e7o do Vinho 2025 em Borba\"}]},{\"@type\":\"WebSite\",\"@id\":\"https:\/\/portaltela.pt\/#website\",\"url\":\"https:\/\/portaltela.pt\/\",\"name\":\"Portal Tela Portugal\",\"description\":\"\",\"potentialAction\":[{\"@type\":\"SearchAction\",\"target\":{\"@type\":\"EntryPoint\",\"urlTemplate\":\"https:\/\/portaltela.pt\/?s={search_term_string}\"},\"query-input\":{\"@type\":\"PropertyValueSpecification\",\"valueRequired\":true,\"valueName\":\"search_term_string\"}}],\"inLanguage\":\"pt-PT\"},{\"@type\":\"Person\",\"@id\":\"https:\/\/portaltela.pt\/#\/schema\/person\/c4278d4a6028830caff9ee44b42d32ed\",\"name\":\"Telinha\",\"image\":{\"@type\":\"ImageObject\",\"inLanguage\":\"pt-PT\",\"@id\":\"https:\/\/portaltela.pt\/s.01k8rhncp4jt1\/2025\/11\/talking-bot-125x125.png\",\"url\":\"https:\/\/portaltela.pt\/s.01k8rhncp4jt1\/2025\/11\/talking-bot-125x125.png\",\"contentUrl\":\"https:\/\/portaltela.pt\/s.01k8rhncp4jt1\/2025\/11\/talking-bot-125x125.png\",\"caption\":\"Telinha\"},\"sameAs\":[\"https:\/\/portaltela.pt\/\"],\"url\":\"https:\/\/portaltela.pt\/por\/367410592786\/\"}]}<\/script>\n<!-- \/ Yoast SEO plugin. -->","yoast_head_json":{"title":"Pedro Esteves destaca rede de trabalho no balan\u00e7o do Vinho 2025 em Borba - Portal Tela Portugal","robots":{"index":"index","follow":"follow","max-snippet":"max-snippet:-1","max-image-preview":"max-image-preview:large","max-video-preview":"max-video-preview:-1"},"og_locale":"pt_PT","og_type":"article","og_title":"Pedro Esteves destaca rede de trabalho no balan\u00e7o do Vinho 2025 em Borba - Portal Tela Portugal","og_description":"O presidente da C\u00e2mara de Borba, Pedro Esteves, fez o balan\u00e7o final da Cidade do Vinho 2025, sublinhando a import\u00e2ncia da coopera\u00e7\u00e3o entre os cinco munic\u00edpios envolvidos. Certificou que o balan\u00e7o \u00e9 muito positivo e que o projeto \u00e9 de continuidade, ultrapassando mandatos e governos. O principal legado, segundo Esteves, \u00e9 o trabalho em rede entre Alandroal, Borba, Estremoz, Redondo e Vila Vi\u00e7osa. Borba refor\u00e7ou o vinho como marca identit\u00e1ria do concelho e elemento central da participa\u00e7\u00e3o no projeto, visando mostrar a qualidade da produ\u00e7\u00e3o aos visitantes. O autarca indicou potencial tur\u00edstico resultante do trabalho conjunto, com perspetivas para novas iniciativas entre os concelhos; a iniciativa encerrou com gala em Estremoz.","og_url":"https:\/\/portaltela.pt\/noticias\/2026\/01\/31\/pedro-esteves-destaca-rede-de-trabalho-no-balanco-do-vinho-2025-em-borba\/","og_site_name":"Portal Tela Portugal","article_published_time":"2026-01-31T22:30:00+00:00","author":"Telinha","twitter_card":"summary_large_image","twitter_misc":{"Escrito por":"Telinha","Tempo estimado de leitura":"1 minuto"},"schema":{"@context":"https:\/\/schema.org","@graph":[{"@type":"Article","@id":"https:\/\/portaltela.pt\/noticias\/2026\/01\/31\/pedro-esteves-destaca-rede-de-trabalho-no-balanco-do-vinho-2025-em-borba\/#article","isPartOf":{"@id":"https:\/\/portaltela.pt\/noticias\/2026\/01\/31\/pedro-esteves-destaca-rede-de-trabalho-no-balanco-do-vinho-2025-em-borba\/"},"author":{"name":"Telinha","@id":"https:\/\/portaltela.pt\/#\/schema\/person\/c4278d4a6028830caff9ee44b42d32ed"},"headline":"Pedro Esteves destaca rede de trabalho no balan\u00e7o do Vinho 2025 em Borba","datePublished":"2026-01-31T22:30:00+00:00","mainEntityOfPage":{"@id":"https:\/\/portaltela.pt\/noticias\/2026\/01\/31\/pedro-esteves-destaca-rede-de-trabalho-no-balanco-do-vinho-2025-em-borba\/"},"wordCount":308,"image":{"@id":"https:\/\/portaltela.pt\/noticias\/2026\/01\/31\/pedro-esteves-destaca-rede-de-trabalho-no-balanco-do-vinho-2025-em-borba\/#primaryimage"},"thumbnailUrl":"https:\/\/portaltela.pt\/s.01k8rhncp4jt1\/2026\/01\/unnamed-file-6400.jpg","keywords":["Alandroal","Borba","Estremoz","Redondo","turismo","Vila Vi\u00e7osa"],"articleSection":["Not\u00edcias"],"inLanguage":"pt-PT"},{"@type":"WebPage","@id":"https:\/\/portaltela.pt\/noticias\/2026\/01\/31\/pedro-esteves-destaca-rede-de-trabalho-no-balanco-do-vinho-2025-em-borba\/","url":"https:\/\/portaltela.pt\/noticias\/2026\/01\/31\/pedro-esteves-destaca-rede-de-trabalho-no-balanco-do-vinho-2025-em-borba\/","name":"Pedro Esteves destaca rede de trabalho no balan\u00e7o do Vinho 2025 em Borba - Portal Tela Portugal","isPartOf":{"@id":"https:\/\/portaltela.pt\/#website"},"primaryImageOfPage":{"@id":"https:\/\/portaltela.pt\/noticias\/2026\/01\/31\/pedro-esteves-destaca-rede-de-trabalho-no-balanco-do-vinho-2025-em-borba\/#primaryimage"},"image":{"@id":"https:\/\/portaltela.pt\/noticias\/2026\/01\/31\/pedro-esteves-destaca-rede-de-trabalho-no-balanco-do-vinho-2025-em-borba\/#primaryimage"},"thumbnailUrl":"https:\/\/portaltela.pt\/s.01k8rhncp4jt1\/2026\/01\/unnamed-file-6400.jpg","datePublished":"2026-01-31T22:30:00+00:00","author":{"@id":"https:\/\/portaltela.pt\/#\/schema\/person\/c4278d4a6028830caff9ee44b42d32ed"},"breadcrumb":{"@id":"https:\/\/portaltela.pt\/noticias\/2026\/01\/31\/pedro-esteves-destaca-rede-de-trabalho-no-balanco-do-vinho-2025-em-borba\/#breadcrumb"},"inLanguage":"pt-PT","potentialAction":[{"@type":"ReadAction","target":["https:\/\/portaltela.pt\/noticias\/2026\/01\/31\/pedro-esteves-destaca-rede-de-trabalho-no-balanco-do-vinho-2025-em-borba\/"]}]},{"@type":"ImageObject","inLanguage":"pt-PT","@id":"https:\/\/portaltela.pt\/noticias\/2026\/01\/31\/pedro-esteves-destaca-rede-de-trabalho-no-balanco-do-vinho-2025-em-borba\/#primaryimage","url":"https:\/\/portaltela.pt\/s.01k8rhncp4jt1\/2026\/01\/unnamed-file-6400.jpg","contentUrl":"https:\/\/portaltela.pt\/s.01k8rhncp4jt1\/2026\/01\/unnamed-file-6400.jpg","width":796,"height":448,"caption":"Pedro Esteves destaca trabalho em rede no balan\u00e7o da Cidade do Vinho 2025 em Borba"},{"@type":"BreadcrumbList","@id":"https:\/\/portaltela.pt\/noticias\/2026\/01\/31\/pedro-esteves-destaca-rede-de-trabalho-no-balanco-do-vinho-2025-em-borba\/#breadcrumb","itemListElement":[{"@type":"ListItem","position":1,"name":"In\u00edcio","item":"https:\/\/portaltela.pt\/"},{"@type":"ListItem","position":2,"name":"Pedro Esteves destaca rede de trabalho no balan\u00e7o do Vinho 2025 em Borba"}]},{"@type":"WebSite","@id":"https:\/\/portaltela.pt\/#website","url":"https:\/\/portaltela.pt\/","name":"Portal Tela Portugal","description":"","potentialAction":[{"@type":"SearchAction","target":{"@type":"EntryPoint","urlTemplate":"https:\/\/portaltela.pt\/?s={search_term_string}"},"query-input":{"@type":"PropertyValueSpecification","valueRequired":true,"valueName":"search_term_string"}}],"inLanguage":"pt-PT"},{"@type":"Person","@id":"https:\/\/portaltela.pt\/#\/schema\/person\/c4278d4a6028830caff9ee44b42d32ed","name":"Telinha","image":{"@type":"ImageObject","inLanguage":"pt-PT","@id":"https:\/\/portaltela.pt\/s.01k8rhncp4jt1\/2025\/11\/talking-bot-125x125.png","url":"https:\/\/portaltela.pt\/s.01k8rhncp4jt1\/2025\/11\/talking-bot-125x125.png","contentUrl":"https:\/\/portaltela.pt\/s.01k8rhncp4jt1\/2025\/11\/talking-bot-125x125.png","caption":"Telinha"},"sameAs":["https:\/\/portaltela.pt\/"],"url":"https:\/\/portaltela.pt\/por\/367410592786\/"}]}},"_links":{"self":[{"href":"https:\/\/portaltela.pt\/api\/wp\/v2\/posts\/187693","targetHints":{"allow":["GET"]}}],"collection":[{"href":"https:\/\/portaltela.pt\/api\/wp\/v2\/posts"}],"about":[{"href":"https:\/\/portaltela.pt\/api\/wp\/v2\/types\/post"}],"author":[{"embeddable":true,"href":"https:\/\/portaltela.pt\/api\/wp\/v2\/users\/2"}],"replies":[{"embeddable":true,"href":"https:\/\/portaltela.pt\/api\/wp\/v2\/comments?post=187693"}],"version-history":[{"count":0,"href":"https:\/\/portaltela.pt\/api\/wp\/v2\/posts\/187693\/revisions"}],"wp:featuredmedia":[{"embeddable":true,"href":"https:\/\/portaltela.pt\/api\/wp\/v2\/media\/187702"}],"wp:attachment":[{"href":"https:\/\/portaltela.pt\/api\/wp\/v2\/media?parent=187693"}],"wp:term":[{"taxonomy":"category","embeddable":true,"href":"https:\/\/portaltela.pt\/api\/wp\/v2\/categories?post=187693"},{"taxonomy":"post_tag","embeddable":true,"href":"https:\/\/portaltela.pt\/api\/wp\/v2\/tags?post=187693"}],"curies":[{"name":"wp","href":"https:\/\/api.w.org\/{rel}","templated":true}]}}