{"id":187691,"date":"2026-01-31T19:35:00","date_gmt":"2026-01-31T22:35:00","guid":{"rendered":"https:\/\/portaltela.pt\/noticias\/2026\/01\/31\/rd-agueda-perde-em-ovar-jogo-marcado-por-adversidades-fora-de-campo\/"},"modified":"2026-01-31T19:35:00","modified_gmt":"2026-01-31T22:35:00","slug":"rd-agueda-perde-em-ovar-jogo-marcado-por-adversidades-fora-de-campo","status":"publish","type":"post","link":"https:\/\/portaltela.pt\/desporto\/futebol\/2026\/01\/31\/rd-agueda-perde-em-ovar-jogo-marcado-por-adversidades-fora-de-campo\/","title":{"rendered":"RD \u00c1gueda perde em Ovar: jogo marcado por adversidades fora de campo"},"content":{"rendered":"<p>O RD \u00c1gueda perdeu por 3-1 na desloca\u00e7\u00e3o ao terreno da Ovarense, em jogo da 20.\u00aa jornada do Campeonato SABSEG. A viagem ficou marcada pela avaria do autocarro \u00e0 entrada da A29, que exigiu solu\u00e7\u00e3o de recurso, resolvida com apoio da dire\u00e7\u00e3o do clube e de uma carrinha da Ovarense.<\/p>\n<p>No terreno, o RD \u00c1gueda entrou com atitude ofensiva, criando oportunidades cedo. Aos 10 minutos, Velhinho desperdi\u00e7ou sozinho. Aos 20, Esgueir\u00e3o tamb\u00e9m n\u00e3o foi eficaz. A Ovarense aproveitou a primeira ocasi\u00e3o para aparecer em vantagem e traduziu o dom\u00ednio em dois golos r\u00e1pidos.<\/p>\n<p>Antes do intervalo, Velhinho teve nova oportunidade de cabe\u00e7a, mas o marcador ficou 3-0 ap\u00f3s o contra-ataque vareiro. No regresso, o RD \u00c1gueda dominou o jogo e criou v\u00e1rias situa\u00e7\u00f5es de finaliza\u00e7\u00e3o, apesar de n\u00e3o alterar o resultado.<\/p>\n<p>Refor\u00e7ado o melhor do jogo, Apar\u00edcio e Phil estiveram perto de reduzir, e Apar\u00edcio acabou por ser derrubado isolado pelo guarda-redes, que viu cart\u00e3o vermelho. Guga obrigou defesa do suplente, e Apar\u00edcio marcou de grande penalidade a recarga, fechando o placar.<\/p>\n<p>O RD \u00c1gueda prepara-se agora para visitar o SC Espinho, atual segundo classificado, num desafio exigente que sucede \u00e0 derrota em Ovar. A equipa mostrou capacidade de responder na segunda parte, com crescimento exibicional.<\/p>\n<p>O clube salienta que o fim de semana tamb\u00e9m reserva o SC Fermentelos em jogo relevante para o campeonato, mantendo o interesse futebol\u00edstico no concelho de \u00c1gueda. O pr\u00f3ximo encontro coloca o RD \u00c1gueda frente a advers\u00e1rio de topo.<\/p>\n<h3>Antevis\u00e3o | SC Espinho x RD \u00c1gueda<\/h3>\n<p>O encontro em Espinho testa a regularidade da equipa aguedense, que j\u00e1 demonstrou argumento suficiente para discutir pontos com advers\u00e1rios mais fortes. A ideia \u00e9 manter intensidade, melhorar a finaliza\u00e7\u00e3o e reduzir erros defensivos.<\/p>\n<p>Para o RD \u00c1gueda, o desafio passa por manter o ritmo, explorar os espa\u00e7os defensivos do Espinho e buscar pontos fora de casa, contribuindo para a estabilidade na tabela. A atitude e a organiza\u00e7\u00e3o coletiva continuam a ser determinantes.<\/p>\n","protected":false},"excerpt":{"rendered":"<ul>\n<li>O Ovarense venceu o RD \u00c1gueda por 3-1, na 20.\u00aa jornada do Campeonato SABSEG, em Ovar.<\/li>\n<li>A desloca\u00e7\u00e3o do RD \u00c1gueda ficou marcada por uma avaria do autocarro \u00e0 entrada da A29, resolvida com viaturas do clube e com a colabora\u00e7\u00e3o da Ovarense.<\/li>\n<li>No primeiro tempo, a Ovarense abriu o marcador aos 14 minutos e ampliou aos 24, chegando ao intervalo com tr\u00eas zeros.<\/li>\n<li>Na segunda parte, o RD \u00c1gueda teve dom\u00ednio, viu Apar\u00edcio ser derrubado pelo guarda-redes advers\u00e1rio (expuls\u00e3o do guardi\u00e3o) e, aos 85 minutos, Apar\u00edcio fez o golo de honra.<\/li>\n<li>O RD \u00c1gueda segue para uma desloca\u00e7\u00e3o a Espinho, enquanto o SC Fermentelos joga no fim de semana; o clube prepara-se para manter a competitividade.<\/li>\n<\/ul>\n","protected":false},"author":2,"featured_media":187701,"comment_status":"closed","ping_status":"closed","sticky":false,"template":"","format":"standard","meta":{"footnotes":""},"categories":[21,24],"tags":[1062,227,152,1839,32,1155],"class_list":["post-187691","post","type-post","status-publish","format-standard","has-post-thumbnail","hentry","category-desporto","category-futebol","tag-agueda","tag-campeonato","tag-desporto","tag-espinho","tag-futebol","tag-regional"],"yoast_head":"<!-- This site is optimized with the Yoast SEO plugin v27.2 - https:\/\/yoast.com\/product\/yoast-seo-wordpress\/ -->\n<title>RD \u00c1gueda perde em Ovar: jogo marcado por adversidades fora de campo - Portal Tela Portugal<\/title>\n<meta name=\"robots\" content=\"index, follow, max-snippet:-1, max-image-preview:large, max-video-preview:-1\" \/>\n<meta property=\"og:locale\" content=\"pt_PT\" \/>\n<meta property=\"og:type\" content=\"article\" \/>\n<meta property=\"og:title\" content=\"RD \u00c1gueda perde em Ovar: jogo marcado por adversidades fora de campo - Portal Tela Portugal\" \/>\n<meta property=\"og:description\" content=\"O Ovarense venceu o RD \u00c1gueda por 3-1, na 20.\u00aa jornada do Campeonato SABSEG, em Ovar. A desloca\u00e7\u00e3o do RD \u00c1gueda ficou marcada por uma avaria do autocarro \u00e0 entrada da A29, resolvida com viaturas do clube e com a colabora\u00e7\u00e3o da Ovarense. No primeiro tempo, a Ovarense abriu o marcador aos 14 minutos e ampliou aos 24, chegando ao intervalo com tr\u00eas zeros. Na segunda parte, o RD \u00c1gueda teve dom\u00ednio, viu Apar\u00edcio ser derrubado pelo guarda-redes advers\u00e1rio (expuls\u00e3o do guardi\u00e3o) e, aos 85 minutos, Apar\u00edcio fez o golo de honra. O RD \u00c1gueda segue para uma desloca\u00e7\u00e3o a Espinho, enquanto o SC Fermentelos joga no fim de semana; o clube prepara-se para manter a competitividade.\" \/>\n<meta property=\"og:url\" content=\"https:\/\/portaltela.pt\/noticias\/2026\/01\/31\/rd-agueda-perde-em-ovar-jogo-marcado-por-adversidades-fora-de-campo\/\" \/>\n<meta property=\"og:site_name\" content=\"Portal Tela Portugal\" \/>\n<meta property=\"article:published_time\" content=\"2026-01-31T22:35:00+00:00\" \/>\n<meta name=\"author\" content=\"Telinha\" \/>\n<meta name=\"twitter:card\" content=\"summary_large_image\" \/>\n<meta name=\"twitter:label1\" content=\"Escrito por\" \/>\n\t<meta name=\"twitter:data1\" content=\"Telinha\" \/>\n\t<meta name=\"twitter:label2\" content=\"Tempo estimado de leitura\" \/>\n\t<meta name=\"twitter:data2\" content=\"2 minutos\" \/>\n<script type=\"application\/ld+json\" class=\"yoast-schema-graph\">{\"@context\":\"https:\/\/schema.org\",\"@graph\":[{\"@type\":\"Article\",\"@id\":\"https:\/\/portaltela.pt\/noticias\/2026\/01\/31\/rd-agueda-perde-em-ovar-jogo-marcado-por-adversidades-fora-de-campo\/#article\",\"isPartOf\":{\"@id\":\"https:\/\/portaltela.pt\/noticias\/2026\/01\/31\/rd-agueda-perde-em-ovar-jogo-marcado-por-adversidades-fora-de-campo\/\"},\"author\":{\"name\":\"Telinha\",\"@id\":\"https:\/\/portaltela.pt\/#\/schema\/person\/c4278d4a6028830caff9ee44b42d32ed\"},\"headline\":\"RD \u00c1gueda perde em Ovar: jogo marcado por adversidades fora de campo\",\"datePublished\":\"2026-01-31T22:35:00+00:00\",\"mainEntityOfPage\":{\"@id\":\"https:\/\/portaltela.pt\/noticias\/2026\/01\/31\/rd-agueda-perde-em-ovar-jogo-marcado-por-adversidades-fora-de-campo\/\"},\"wordCount\":360,\"image\":{\"@id\":\"https:\/\/portaltela.pt\/noticias\/2026\/01\/31\/rd-agueda-perde-em-ovar-jogo-marcado-por-adversidades-fora-de-campo\/#primaryimage\"},\"thumbnailUrl\":\"https:\/\/portaltela.pt\/s.01k8rhncp4jt1\/2026\/01\/WhatsApp-Image-2026-01-31-at-20.57.29.jpg\",\"keywords\":[\"\u00c1gueda\",\"campeonato\",\"desporto\",\"Espinho\",\"futebol\",\"Regional\"],\"articleSection\":[\"Desporto\",\"Futebol\"],\"inLanguage\":\"pt-PT\"},{\"@type\":\"WebPage\",\"@id\":\"https:\/\/portaltela.pt\/noticias\/2026\/01\/31\/rd-agueda-perde-em-ovar-jogo-marcado-por-adversidades-fora-de-campo\/\",\"url\":\"https:\/\/portaltela.pt\/noticias\/2026\/01\/31\/rd-agueda-perde-em-ovar-jogo-marcado-por-adversidades-fora-de-campo\/\",\"name\":\"RD \u00c1gueda perde em Ovar: jogo marcado por adversidades fora de campo - Portal Tela Portugal\",\"isPartOf\":{\"@id\":\"https:\/\/portaltela.pt\/#website\"},\"primaryImageOfPage\":{\"@id\":\"https:\/\/portaltela.pt\/noticias\/2026\/01\/31\/rd-agueda-perde-em-ovar-jogo-marcado-por-adversidades-fora-de-campo\/#primaryimage\"},\"image\":{\"@id\":\"https:\/\/portaltela.pt\/noticias\/2026\/01\/31\/rd-agueda-perde-em-ovar-jogo-marcado-por-adversidades-fora-de-campo\/#primaryimage\"},\"thumbnailUrl\":\"https:\/\/portaltela.pt\/s.01k8rhncp4jt1\/2026\/01\/WhatsApp-Image-2026-01-31-at-20.57.29.jpg\",\"datePublished\":\"2026-01-31T22:35:00+00:00\",\"author\":{\"@id\":\"https:\/\/portaltela.pt\/#\/schema\/person\/c4278d4a6028830caff9ee44b42d32ed\"},\"breadcrumb\":{\"@id\":\"https:\/\/portaltela.pt\/noticias\/2026\/01\/31\/rd-agueda-perde-em-ovar-jogo-marcado-por-adversidades-fora-de-campo\/#breadcrumb\"},\"inLanguage\":\"pt-PT\",\"potentialAction\":[{\"@type\":\"ReadAction\",\"target\":[\"https:\/\/portaltela.pt\/noticias\/2026\/01\/31\/rd-agueda-perde-em-ovar-jogo-marcado-por-adversidades-fora-de-campo\/\"]}]},{\"@type\":\"ImageObject\",\"inLanguage\":\"pt-PT\",\"@id\":\"https:\/\/portaltela.pt\/noticias\/2026\/01\/31\/rd-agueda-perde-em-ovar-jogo-marcado-por-adversidades-fora-de-campo\/#primaryimage\",\"url\":\"https:\/\/portaltela.pt\/s.01k8rhncp4jt1\/2026\/01\/WhatsApp-Image-2026-01-31-at-20.57.29.jpg\",\"contentUrl\":\"https:\/\/portaltela.pt\/s.01k8rhncp4jt1\/2026\/01\/WhatsApp-Image-2026-01-31-at-20.57.29.jpg\",\"width\":796,\"height\":448,\"caption\":\"RD \u00c1gueda perde em Ovar num jogo marcado por adversidades fora das quatro linhas\"},{\"@type\":\"BreadcrumbList\",\"@id\":\"https:\/\/portaltela.pt\/noticias\/2026\/01\/31\/rd-agueda-perde-em-ovar-jogo-marcado-por-adversidades-fora-de-campo\/#breadcrumb\",\"itemListElement\":[{\"@type\":\"ListItem\",\"position\":1,\"name\":\"In\u00edcio\",\"item\":\"https:\/\/portaltela.pt\/\"},{\"@type\":\"ListItem\",\"position\":2,\"name\":\"RD \u00c1gueda perde em Ovar: jogo marcado por adversidades fora de campo\"}]},{\"@type\":\"WebSite\",\"@id\":\"https:\/\/portaltela.pt\/#website\",\"url\":\"https:\/\/portaltela.pt\/\",\"name\":\"Portal Tela Portugal\",\"description\":\"\",\"potentialAction\":[{\"@type\":\"SearchAction\",\"target\":{\"@type\":\"EntryPoint\",\"urlTemplate\":\"https:\/\/portaltela.pt\/?s={search_term_string}\"},\"query-input\":{\"@type\":\"PropertyValueSpecification\",\"valueRequired\":true,\"valueName\":\"search_term_string\"}}],\"inLanguage\":\"pt-PT\"},{\"@type\":\"Person\",\"@id\":\"https:\/\/portaltela.pt\/#\/schema\/person\/c4278d4a6028830caff9ee44b42d32ed\",\"name\":\"Telinha\",\"image\":{\"@type\":\"ImageObject\",\"inLanguage\":\"pt-PT\",\"@id\":\"https:\/\/portaltela.pt\/s.01k8rhncp4jt1\/2025\/11\/talking-bot-125x125.png\",\"url\":\"https:\/\/portaltela.pt\/s.01k8rhncp4jt1\/2025\/11\/talking-bot-125x125.png\",\"contentUrl\":\"https:\/\/portaltela.pt\/s.01k8rhncp4jt1\/2025\/11\/talking-bot-125x125.png\",\"caption\":\"Telinha\"},\"sameAs\":[\"https:\/\/portaltela.pt\/\"],\"url\":\"https:\/\/portaltela.pt\/por\/367410592786\/\"}]}<\/script>\n<!-- \/ Yoast SEO plugin. -->","yoast_head_json":{"title":"RD \u00c1gueda perde em Ovar: jogo marcado por adversidades fora de campo - Portal Tela Portugal","robots":{"index":"index","follow":"follow","max-snippet":"max-snippet:-1","max-image-preview":"max-image-preview:large","max-video-preview":"max-video-preview:-1"},"og_locale":"pt_PT","og_type":"article","og_title":"RD \u00c1gueda perde em Ovar: jogo marcado por adversidades fora de campo - Portal Tela Portugal","og_description":"O Ovarense venceu o RD \u00c1gueda por 3-1, na 20.\u00aa jornada do Campeonato SABSEG, em Ovar. A desloca\u00e7\u00e3o do RD \u00c1gueda ficou marcada por uma avaria do autocarro \u00e0 entrada da A29, resolvida com viaturas do clube e com a colabora\u00e7\u00e3o da Ovarense. No primeiro tempo, a Ovarense abriu o marcador aos 14 minutos e ampliou aos 24, chegando ao intervalo com tr\u00eas zeros. Na segunda parte, o RD \u00c1gueda teve dom\u00ednio, viu Apar\u00edcio ser derrubado pelo guarda-redes advers\u00e1rio (expuls\u00e3o do guardi\u00e3o) e, aos 85 minutos, Apar\u00edcio fez o golo de honra. O RD \u00c1gueda segue para uma desloca\u00e7\u00e3o a Espinho, enquanto o SC Fermentelos joga no fim de semana; o clube prepara-se para manter a competitividade.","og_url":"https:\/\/portaltela.pt\/noticias\/2026\/01\/31\/rd-agueda-perde-em-ovar-jogo-marcado-por-adversidades-fora-de-campo\/","og_site_name":"Portal Tela Portugal","article_published_time":"2026-01-31T22:35:00+00:00","author":"Telinha","twitter_card":"summary_large_image","twitter_misc":{"Escrito por":"Telinha","Tempo estimado de leitura":"2 minutos"},"schema":{"@context":"https:\/\/schema.org","@graph":[{"@type":"Article","@id":"https:\/\/portaltela.pt\/noticias\/2026\/01\/31\/rd-agueda-perde-em-ovar-jogo-marcado-por-adversidades-fora-de-campo\/#article","isPartOf":{"@id":"https:\/\/portaltela.pt\/noticias\/2026\/01\/31\/rd-agueda-perde-em-ovar-jogo-marcado-por-adversidades-fora-de-campo\/"},"author":{"name":"Telinha","@id":"https:\/\/portaltela.pt\/#\/schema\/person\/c4278d4a6028830caff9ee44b42d32ed"},"headline":"RD \u00c1gueda perde em Ovar: jogo marcado por adversidades fora de campo","datePublished":"2026-01-31T22:35:00+00:00","mainEntityOfPage":{"@id":"https:\/\/portaltela.pt\/noticias\/2026\/01\/31\/rd-agueda-perde-em-ovar-jogo-marcado-por-adversidades-fora-de-campo\/"},"wordCount":360,"image":{"@id":"https:\/\/portaltela.pt\/noticias\/2026\/01\/31\/rd-agueda-perde-em-ovar-jogo-marcado-por-adversidades-fora-de-campo\/#primaryimage"},"thumbnailUrl":"https:\/\/portaltela.pt\/s.01k8rhncp4jt1\/2026\/01\/WhatsApp-Image-2026-01-31-at-20.57.29.jpg","keywords":["\u00c1gueda","campeonato","desporto","Espinho","futebol","Regional"],"articleSection":["Desporto","Futebol"],"inLanguage":"pt-PT"},{"@type":"WebPage","@id":"https:\/\/portaltela.pt\/noticias\/2026\/01\/31\/rd-agueda-perde-em-ovar-jogo-marcado-por-adversidades-fora-de-campo\/","url":"https:\/\/portaltela.pt\/noticias\/2026\/01\/31\/rd-agueda-perde-em-ovar-jogo-marcado-por-adversidades-fora-de-campo\/","name":"RD \u00c1gueda perde em Ovar: jogo marcado por adversidades fora de campo - Portal Tela Portugal","isPartOf":{"@id":"https:\/\/portaltela.pt\/#website"},"primaryImageOfPage":{"@id":"https:\/\/portaltela.pt\/noticias\/2026\/01\/31\/rd-agueda-perde-em-ovar-jogo-marcado-por-adversidades-fora-de-campo\/#primaryimage"},"image":{"@id":"https:\/\/portaltela.pt\/noticias\/2026\/01\/31\/rd-agueda-perde-em-ovar-jogo-marcado-por-adversidades-fora-de-campo\/#primaryimage"},"thumbnailUrl":"https:\/\/portaltela.pt\/s.01k8rhncp4jt1\/2026\/01\/WhatsApp-Image-2026-01-31-at-20.57.29.jpg","datePublished":"2026-01-31T22:35:00+00:00","author":{"@id":"https:\/\/portaltela.pt\/#\/schema\/person\/c4278d4a6028830caff9ee44b42d32ed"},"breadcrumb":{"@id":"https:\/\/portaltela.pt\/noticias\/2026\/01\/31\/rd-agueda-perde-em-ovar-jogo-marcado-por-adversidades-fora-de-campo\/#breadcrumb"},"inLanguage":"pt-PT","potentialAction":[{"@type":"ReadAction","target":["https:\/\/portaltela.pt\/noticias\/2026\/01\/31\/rd-agueda-perde-em-ovar-jogo-marcado-por-adversidades-fora-de-campo\/"]}]},{"@type":"ImageObject","inLanguage":"pt-PT","@id":"https:\/\/portaltela.pt\/noticias\/2026\/01\/31\/rd-agueda-perde-em-ovar-jogo-marcado-por-adversidades-fora-de-campo\/#primaryimage","url":"https:\/\/portaltela.pt\/s.01k8rhncp4jt1\/2026\/01\/WhatsApp-Image-2026-01-31-at-20.57.29.jpg","contentUrl":"https:\/\/portaltela.pt\/s.01k8rhncp4jt1\/2026\/01\/WhatsApp-Image-2026-01-31-at-20.57.29.jpg","width":796,"height":448,"caption":"RD \u00c1gueda perde em Ovar num jogo marcado por adversidades fora das quatro linhas"},{"@type":"BreadcrumbList","@id":"https:\/\/portaltela.pt\/noticias\/2026\/01\/31\/rd-agueda-perde-em-ovar-jogo-marcado-por-adversidades-fora-de-campo\/#breadcrumb","itemListElement":[{"@type":"ListItem","position":1,"name":"In\u00edcio","item":"https:\/\/portaltela.pt\/"},{"@type":"ListItem","position":2,"name":"RD \u00c1gueda perde em Ovar: jogo marcado por adversidades fora de campo"}]},{"@type":"WebSite","@id":"https:\/\/portaltela.pt\/#website","url":"https:\/\/portaltela.pt\/","name":"Portal Tela Portugal","description":"","potentialAction":[{"@type":"SearchAction","target":{"@type":"EntryPoint","urlTemplate":"https:\/\/portaltela.pt\/?s={search_term_string}"},"query-input":{"@type":"PropertyValueSpecification","valueRequired":true,"valueName":"search_term_string"}}],"inLanguage":"pt-PT"},{"@type":"Person","@id":"https:\/\/portaltela.pt\/#\/schema\/person\/c4278d4a6028830caff9ee44b42d32ed","name":"Telinha","image":{"@type":"ImageObject","inLanguage":"pt-PT","@id":"https:\/\/portaltela.pt\/s.01k8rhncp4jt1\/2025\/11\/talking-bot-125x125.png","url":"https:\/\/portaltela.pt\/s.01k8rhncp4jt1\/2025\/11\/talking-bot-125x125.png","contentUrl":"https:\/\/portaltela.pt\/s.01k8rhncp4jt1\/2025\/11\/talking-bot-125x125.png","caption":"Telinha"},"sameAs":["https:\/\/portaltela.pt\/"],"url":"https:\/\/portaltela.pt\/por\/367410592786\/"}]}},"_links":{"self":[{"href":"https:\/\/portaltela.pt\/api\/wp\/v2\/posts\/187691","targetHints":{"allow":["GET"]}}],"collection":[{"href":"https:\/\/portaltela.pt\/api\/wp\/v2\/posts"}],"about":[{"href":"https:\/\/portaltela.pt\/api\/wp\/v2\/types\/post"}],"author":[{"embeddable":true,"href":"https:\/\/portaltela.pt\/api\/wp\/v2\/users\/2"}],"replies":[{"embeddable":true,"href":"https:\/\/portaltela.pt\/api\/wp\/v2\/comments?post=187691"}],"version-history":[{"count":0,"href":"https:\/\/portaltela.pt\/api\/wp\/v2\/posts\/187691\/revisions"}],"wp:featuredmedia":[{"embeddable":true,"href":"https:\/\/portaltela.pt\/api\/wp\/v2\/media\/187701"}],"wp:attachment":[{"href":"https:\/\/portaltela.pt\/api\/wp\/v2\/media?parent=187691"}],"wp:term":[{"taxonomy":"category","embeddable":true,"href":"https:\/\/portaltela.pt\/api\/wp\/v2\/categories?post=187691"},{"taxonomy":"post_tag","embeddable":true,"href":"https:\/\/portaltela.pt\/api\/wp\/v2\/tags?post=187691"}],"curies":[{"name":"wp","href":"https:\/\/api.w.org\/{rel}","templated":true}]}}