{"id":187689,"date":"2026-01-31T19:25:00","date_gmt":"2026-01-31T22:25:00","guid":{"rendered":"https:\/\/portaltela.pt\/noticias\/2026\/01\/31\/usfs-de-custo-baixo-impacto-nos-cuidados-de-saude-primarios\/"},"modified":"2026-01-31T19:25:00","modified_gmt":"2026-01-31T22:25:00","slug":"usfs-de-custo-baixo-impacto-nos-cuidados-de-saude-primarios","status":"publish","type":"post","link":"https:\/\/portaltela.pt\/noticias\/politica\/2026\/01\/31\/usfs-de-custo-baixo-impacto-nos-cuidados-de-saude-primarios\/","title":{"rendered":"USFs de custo baixo: impacto nos cuidados de sa\u00fade prim\u00e1rios?"},"content":{"rendered":"<p>As Unidades de Sa\u00fade Familiares de Modelo C, privadas contratualizadas com o SNS, foram apresentadas pelo Governo como uma solu\u00e7\u00e3o para reduzir utentes sem m\u00e9dico de fam\u00edlia, atrair m\u00e9dicos com maior flexibilidade de hor\u00e1rios e listas, e aliviar encargos administrativos nas ULS. O argumento tamb\u00e9m apontava para um modelo competitivo que poderia servir de refer\u00eancia em desempenho e acessibilidade.<\/p>\n<p>Cr\u00edticos e especialistas questionam a viabilidade do modelo C, especialmente pelo peso financeiro associado e pela forma de recrutamento. Parte relevante do debate recai sobre a escolha de entregar o tema \u00e0 ACSS, em vez de \u00e0 Dire\u00e7\u00e3o Executiva do SNS, numa altura de conten\u00e7\u00e3o de despesa associada ao setor p\u00fablico.<\/p>\n<p>Quest\u00f5es-chave incluem a limita\u00e7\u00e3o de recrutamento a m\u00e9dicos reformados, fora do SNS h\u00e1 mais de tr\u00eas anos ou rec\u00e9m-especialistas sem vaga no SNS, e a exig\u00eancia de contratos com cau\u00e7\u00f5es elevadas para cinco anos. Observa-se ainda que os cadernos de encargos preveem pagamento inferior aos sal\u00e1rios de in\u00edcio de carreira no SNS.<\/p>\n<p>A discuss\u00e3o envolve d\u00favidas sobre a sustentabilidade de contratos de cinco anos, com possibilidade de cessa\u00e7\u00e3o unilateral pelo Estado no primeiro ano, e sobre o investimento de instala\u00e7\u00f5es e equipamentos. As regras tamb\u00e9m imp\u00f5em metas de consultas programadas e de doen\u00e7a aguda, com penaliza\u00e7\u00f5es por incumprimento.<\/p>\n<p>Relat\u00f3rios de fontes como a ULS de Leiria confirmam que o Estado pretende pagar menos de 80% do sal\u00e1rio inicial dos m\u00e9dicos do SNS, sem atualiza\u00e7\u00f5es ao longo do contrato. Al\u00e9m disso, as propostas para concursos variam por regi\u00e3o, com o Algarve a apresentar tr\u00eas propostas, enquanto outras zonas procuram manter as regras r\u00edgidas.<\/p>\n<p>A Associa\u00e7\u00e3o Portuguesa de M\u00e9dicos de Fam\u00edlia Privados (APMF) j\u00e1 apresentou uma proposta \u00e0 Ministra da Sa\u00fade para manter a continuidade e progress\u00e3o de carreira aos m\u00e9dicos das USFs C, sem resposta at\u00e9 ao momento. Em paralelo, h\u00e1 pedidos de medidas que fortale\u00e7am o acesso aos meios complementares de diagn\u00f3stico.<\/p>\n<p>Lisboa, 31 de janeiro de 2026.<\/p>\n","protected":false},"excerpt":{"rendered":"<ul>\n<li>As USFs de Modelo C, contratualizadas com o SNS, foram apresentadas como solu\u00e7\u00e3o por quatro raz\u00f5es (redu\u00e7\u00e3o de utentes sem m\u00e9dico, atratividade para novos m\u00e9dicos, competi\u00e7\u00e3o em desempenho e redu\u00e7\u00e3o de encargos para as ULS), com alega\u00e7\u00e3o de n\u00e3o ter custos superiores \u00e0s USFs do Modelo B.<\/li>\n<li>O tema foi entregue \u00e0 Administra\u00e7\u00e3o Central do Sistema de Sa\u00fade (ACSS), que \u00e9 vista como inadequada pela cr\u00edtica, havendo acusa\u00e7\u00f5es de insuficiente foco em Cuidados de Sa\u00fade Prim\u00e1rios e de conten\u00e7\u00e3o de despesa.<\/li>\n<li>As regras de recrutamento restringem-se a m\u00e9dicos reformados, ou fora do SNS h\u00e1 mais de tr\u00eas anos, ou m\u00e9dicos-residentes que ainda n\u00e3o ocuparam vaga no SNS, o que levanta d\u00favidas sobre a capacidade de recrutamento.<\/li>\n<li>Os contratos funcionam a cinco anos, com cau\u00e7\u00e3o financeira pesada, possibilidade de cessa\u00e7\u00e3o pelo Estado no primeiro ano e exig\u00eancia de metas e quadros id\u00eanticos aos das USFs do Modelo B, o que levanta quest\u00f5es sobre sustentabilidade e investimento.<\/li>\n<li>Em Leiria, o concurso j\u00e1 foi divulgado com encargos salariais abaixo de oitenta por cento dos sal\u00e1rios de in\u00edcio de carreira no SNS, sem atualiza\u00e7\u00f5es durante o contrato; no Algarve houve tr\u00eas propostas, enquanto os concursos de Leiria e Oeste ainda n\u00e3o tiveram propostas. A Associa\u00e7\u00e3o Portuguesa de M\u00e9dicos de Fam\u00edlia Privados apresentou uma proposta de continuidade e progress\u00e3o equivalente ao Modelo B, sem resposta.<\/li>\n<\/ul>\n","protected":false},"author":2,"featured_media":187704,"comment_status":"closed","ping_status":"closed","sticky":false,"template":"","format":"standard","meta":{"footnotes":""},"categories":[1,5],"tags":[2654,733,2415,271,1775,3159],"class_list":["post-187689","post","type-post","status-publish","format-standard","has-post-thumbnail","hentry","category-noticias","category-politica","tag-cuidados-de-saude-primarios","tag-financas-publicas","tag-gestao","tag-saude-publica","tag-sns","tag-unidades-de-saude-familiar"],"yoast_head":"<!-- This site is optimized with the Yoast SEO plugin v27.2 - https:\/\/yoast.com\/product\/yoast-seo-wordpress\/ -->\n<title>USFs de custo baixo: impacto nos cuidados de sa\u00fade prim\u00e1rios? - Portal Tela Portugal<\/title>\n<meta name=\"robots\" content=\"index, follow, max-snippet:-1, max-image-preview:large, max-video-preview:-1\" \/>\n<meta property=\"og:locale\" content=\"pt_PT\" \/>\n<meta property=\"og:type\" content=\"article\" \/>\n<meta property=\"og:title\" content=\"USFs de custo baixo: impacto nos cuidados de sa\u00fade prim\u00e1rios? - Portal Tela Portugal\" \/>\n<meta property=\"og:description\" content=\"As USFs de Modelo C, contratualizadas com o SNS, foram apresentadas como solu\u00e7\u00e3o por quatro raz\u00f5es (redu\u00e7\u00e3o de utentes sem m\u00e9dico, atratividade para novos m\u00e9dicos, competi\u00e7\u00e3o em desempenho e redu\u00e7\u00e3o de encargos para as ULS), com alega\u00e7\u00e3o de n\u00e3o ter custos superiores \u00e0s USFs do Modelo B. O tema foi entregue \u00e0 Administra\u00e7\u00e3o Central do Sistema de Sa\u00fade (ACSS), que \u00e9 vista como inadequada pela cr\u00edtica, havendo acusa\u00e7\u00f5es de insuficiente foco em Cuidados de Sa\u00fade Prim\u00e1rios e de conten\u00e7\u00e3o de despesa. As regras de recrutamento restringem-se a m\u00e9dicos reformados, ou fora do SNS h\u00e1 mais de tr\u00eas anos, ou m\u00e9dicos-residentes que ainda n\u00e3o ocuparam vaga no SNS, o que levanta d\u00favidas sobre a capacidade de recrutamento. Os contratos funcionam a cinco anos, com cau\u00e7\u00e3o financeira pesada, possibilidade de cessa\u00e7\u00e3o pelo Estado no primeiro ano e exig\u00eancia de metas e quadros id\u00eanticos aos das USFs do Modelo B, o que levanta quest\u00f5es sobre sustentabilidade e investimento. Em Leiria, o concurso j\u00e1 foi divulgado com encargos salariais abaixo de oitenta por cento dos sal\u00e1rios de in\u00edcio de carreira no SNS, sem atualiza\u00e7\u00f5es durante o contrato; no Algarve houve tr\u00eas propostas, enquanto os concursos de Leiria e Oeste ainda n\u00e3o tiveram propostas. A Associa\u00e7\u00e3o Portuguesa de M\u00e9dicos de Fam\u00edlia Privados apresentou uma proposta de continuidade e progress\u00e3o equivalente ao Modelo B, sem resposta.\" \/>\n<meta property=\"og:url\" content=\"https:\/\/portaltela.pt\/noticias\/2026\/01\/31\/usfs-de-custo-baixo-impacto-nos-cuidados-de-saude-primarios\/\" \/>\n<meta property=\"og:site_name\" content=\"Portal Tela Portugal\" \/>\n<meta property=\"article:published_time\" content=\"2026-01-31T22:25:00+00:00\" \/>\n<meta name=\"author\" content=\"Telinha\" \/>\n<meta name=\"twitter:card\" content=\"summary_large_image\" \/>\n<meta name=\"twitter:label1\" content=\"Escrito por\" \/>\n\t<meta name=\"twitter:data1\" content=\"Telinha\" \/>\n\t<meta name=\"twitter:label2\" content=\"Tempo estimado de leitura\" \/>\n\t<meta name=\"twitter:data2\" content=\"2 minutos\" \/>\n<script type=\"application\/ld+json\" class=\"yoast-schema-graph\">{\"@context\":\"https:\/\/schema.org\",\"@graph\":[{\"@type\":\"Article\",\"@id\":\"https:\/\/portaltela.pt\/noticias\/2026\/01\/31\/usfs-de-custo-baixo-impacto-nos-cuidados-de-saude-primarios\/#article\",\"isPartOf\":{\"@id\":\"https:\/\/portaltela.pt\/noticias\/2026\/01\/31\/usfs-de-custo-baixo-impacto-nos-cuidados-de-saude-primarios\/\"},\"author\":{\"name\":\"Telinha\",\"@id\":\"https:\/\/portaltela.pt\/#\/schema\/person\/c4278d4a6028830caff9ee44b42d32ed\"},\"headline\":\"USFs de custo baixo: impacto nos cuidados de sa\u00fade prim\u00e1rios?\",\"datePublished\":\"2026-01-31T22:25:00+00:00\",\"mainEntityOfPage\":{\"@id\":\"https:\/\/portaltela.pt\/noticias\/2026\/01\/31\/usfs-de-custo-baixo-impacto-nos-cuidados-de-saude-primarios\/\"},\"wordCount\":369,\"image\":{\"@id\":\"https:\/\/portaltela.pt\/noticias\/2026\/01\/31\/usfs-de-custo-baixo-impacto-nos-cuidados-de-saude-primarios\/#primaryimage\"},\"thumbnailUrl\":\"https:\/\/portaltela.pt\/s.01k8rhncp4jt1\/2026\/01\/Antonio-Alvim_300.jpg\",\"keywords\":[\"Cuidados de Sa\u00fade Prim\u00e1rios\",\"finan\u00e7as p\u00fablicas\",\"gest\u00e3o\",\"sa\u00fade p\u00fablica\",\"SNS\",\"Unidades de Sa\u00fade Familiar\"],\"articleSection\":[\"Not\u00edcias\",\"Pol\u00edtica\"],\"inLanguage\":\"pt-PT\"},{\"@type\":\"WebPage\",\"@id\":\"https:\/\/portaltela.pt\/noticias\/2026\/01\/31\/usfs-de-custo-baixo-impacto-nos-cuidados-de-saude-primarios\/\",\"url\":\"https:\/\/portaltela.pt\/noticias\/2026\/01\/31\/usfs-de-custo-baixo-impacto-nos-cuidados-de-saude-primarios\/\",\"name\":\"USFs de custo baixo: impacto nos cuidados de sa\u00fade prim\u00e1rios? - Portal Tela Portugal\",\"isPartOf\":{\"@id\":\"https:\/\/portaltela.pt\/#website\"},\"primaryImageOfPage\":{\"@id\":\"https:\/\/portaltela.pt\/noticias\/2026\/01\/31\/usfs-de-custo-baixo-impacto-nos-cuidados-de-saude-primarios\/#primaryimage\"},\"image\":{\"@id\":\"https:\/\/portaltela.pt\/noticias\/2026\/01\/31\/usfs-de-custo-baixo-impacto-nos-cuidados-de-saude-primarios\/#primaryimage\"},\"thumbnailUrl\":\"https:\/\/portaltela.pt\/s.01k8rhncp4jt1\/2026\/01\/Antonio-Alvim_300.jpg\",\"datePublished\":\"2026-01-31T22:25:00+00:00\",\"author\":{\"@id\":\"https:\/\/portaltela.pt\/#\/schema\/person\/c4278d4a6028830caff9ee44b42d32ed\"},\"breadcrumb\":{\"@id\":\"https:\/\/portaltela.pt\/noticias\/2026\/01\/31\/usfs-de-custo-baixo-impacto-nos-cuidados-de-saude-primarios\/#breadcrumb\"},\"inLanguage\":\"pt-PT\",\"potentialAction\":[{\"@type\":\"ReadAction\",\"target\":[\"https:\/\/portaltela.pt\/noticias\/2026\/01\/31\/usfs-de-custo-baixo-impacto-nos-cuidados-de-saude-primarios\/\"]}]},{\"@type\":\"ImageObject\",\"inLanguage\":\"pt-PT\",\"@id\":\"https:\/\/portaltela.pt\/noticias\/2026\/01\/31\/usfs-de-custo-baixo-impacto-nos-cuidados-de-saude-primarios\/#primaryimage\",\"url\":\"https:\/\/portaltela.pt\/s.01k8rhncp4jt1\/2026\/01\/Antonio-Alvim_300.jpg\",\"contentUrl\":\"https:\/\/portaltela.pt\/s.01k8rhncp4jt1\/2026\/01\/Antonio-Alvim_300.jpg\",\"width\":796,\"height\":448,\"caption\":\"Photo\"},{\"@type\":\"BreadcrumbList\",\"@id\":\"https:\/\/portaltela.pt\/noticias\/2026\/01\/31\/usfs-de-custo-baixo-impacto-nos-cuidados-de-saude-primarios\/#breadcrumb\",\"itemListElement\":[{\"@type\":\"ListItem\",\"position\":1,\"name\":\"In\u00edcio\",\"item\":\"https:\/\/portaltela.pt\/\"},{\"@type\":\"ListItem\",\"position\":2,\"name\":\"USFs de custo baixo: impacto nos cuidados de sa\u00fade prim\u00e1rios?\"}]},{\"@type\":\"WebSite\",\"@id\":\"https:\/\/portaltela.pt\/#website\",\"url\":\"https:\/\/portaltela.pt\/\",\"name\":\"Portal Tela Portugal\",\"description\":\"\",\"potentialAction\":[{\"@type\":\"SearchAction\",\"target\":{\"@type\":\"EntryPoint\",\"urlTemplate\":\"https:\/\/portaltela.pt\/?s={search_term_string}\"},\"query-input\":{\"@type\":\"PropertyValueSpecification\",\"valueRequired\":true,\"valueName\":\"search_term_string\"}}],\"inLanguage\":\"pt-PT\"},{\"@type\":\"Person\",\"@id\":\"https:\/\/portaltela.pt\/#\/schema\/person\/c4278d4a6028830caff9ee44b42d32ed\",\"name\":\"Telinha\",\"image\":{\"@type\":\"ImageObject\",\"inLanguage\":\"pt-PT\",\"@id\":\"https:\/\/portaltela.pt\/s.01k8rhncp4jt1\/2025\/11\/talking-bot-125x125.png\",\"url\":\"https:\/\/portaltela.pt\/s.01k8rhncp4jt1\/2025\/11\/talking-bot-125x125.png\",\"contentUrl\":\"https:\/\/portaltela.pt\/s.01k8rhncp4jt1\/2025\/11\/talking-bot-125x125.png\",\"caption\":\"Telinha\"},\"sameAs\":[\"https:\/\/portaltela.pt\/\"],\"url\":\"https:\/\/portaltela.pt\/por\/367410592786\/\"}]}<\/script>\n<!-- \/ Yoast SEO plugin. -->","yoast_head_json":{"title":"USFs de custo baixo: impacto nos cuidados de sa\u00fade prim\u00e1rios? - Portal Tela Portugal","robots":{"index":"index","follow":"follow","max-snippet":"max-snippet:-1","max-image-preview":"max-image-preview:large","max-video-preview":"max-video-preview:-1"},"og_locale":"pt_PT","og_type":"article","og_title":"USFs de custo baixo: impacto nos cuidados de sa\u00fade prim\u00e1rios? - Portal Tela Portugal","og_description":"As USFs de Modelo C, contratualizadas com o SNS, foram apresentadas como solu\u00e7\u00e3o por quatro raz\u00f5es (redu\u00e7\u00e3o de utentes sem m\u00e9dico, atratividade para novos m\u00e9dicos, competi\u00e7\u00e3o em desempenho e redu\u00e7\u00e3o de encargos para as ULS), com alega\u00e7\u00e3o de n\u00e3o ter custos superiores \u00e0s USFs do Modelo B. O tema foi entregue \u00e0 Administra\u00e7\u00e3o Central do Sistema de Sa\u00fade (ACSS), que \u00e9 vista como inadequada pela cr\u00edtica, havendo acusa\u00e7\u00f5es de insuficiente foco em Cuidados de Sa\u00fade Prim\u00e1rios e de conten\u00e7\u00e3o de despesa. As regras de recrutamento restringem-se a m\u00e9dicos reformados, ou fora do SNS h\u00e1 mais de tr\u00eas anos, ou m\u00e9dicos-residentes que ainda n\u00e3o ocuparam vaga no SNS, o que levanta d\u00favidas sobre a capacidade de recrutamento. Os contratos funcionam a cinco anos, com cau\u00e7\u00e3o financeira pesada, possibilidade de cessa\u00e7\u00e3o pelo Estado no primeiro ano e exig\u00eancia de metas e quadros id\u00eanticos aos das USFs do Modelo B, o que levanta quest\u00f5es sobre sustentabilidade e investimento. Em Leiria, o concurso j\u00e1 foi divulgado com encargos salariais abaixo de oitenta por cento dos sal\u00e1rios de in\u00edcio de carreira no SNS, sem atualiza\u00e7\u00f5es durante o contrato; no Algarve houve tr\u00eas propostas, enquanto os concursos de Leiria e Oeste ainda n\u00e3o tiveram propostas. A Associa\u00e7\u00e3o Portuguesa de M\u00e9dicos de Fam\u00edlia Privados apresentou uma proposta de continuidade e progress\u00e3o equivalente ao Modelo B, sem resposta.","og_url":"https:\/\/portaltela.pt\/noticias\/2026\/01\/31\/usfs-de-custo-baixo-impacto-nos-cuidados-de-saude-primarios\/","og_site_name":"Portal Tela Portugal","article_published_time":"2026-01-31T22:25:00+00:00","author":"Telinha","twitter_card":"summary_large_image","twitter_misc":{"Escrito por":"Telinha","Tempo estimado de leitura":"2 minutos"},"schema":{"@context":"https:\/\/schema.org","@graph":[{"@type":"Article","@id":"https:\/\/portaltela.pt\/noticias\/2026\/01\/31\/usfs-de-custo-baixo-impacto-nos-cuidados-de-saude-primarios\/#article","isPartOf":{"@id":"https:\/\/portaltela.pt\/noticias\/2026\/01\/31\/usfs-de-custo-baixo-impacto-nos-cuidados-de-saude-primarios\/"},"author":{"name":"Telinha","@id":"https:\/\/portaltela.pt\/#\/schema\/person\/c4278d4a6028830caff9ee44b42d32ed"},"headline":"USFs de custo baixo: impacto nos cuidados de sa\u00fade prim\u00e1rios?","datePublished":"2026-01-31T22:25:00+00:00","mainEntityOfPage":{"@id":"https:\/\/portaltela.pt\/noticias\/2026\/01\/31\/usfs-de-custo-baixo-impacto-nos-cuidados-de-saude-primarios\/"},"wordCount":369,"image":{"@id":"https:\/\/portaltela.pt\/noticias\/2026\/01\/31\/usfs-de-custo-baixo-impacto-nos-cuidados-de-saude-primarios\/#primaryimage"},"thumbnailUrl":"https:\/\/portaltela.pt\/s.01k8rhncp4jt1\/2026\/01\/Antonio-Alvim_300.jpg","keywords":["Cuidados de Sa\u00fade Prim\u00e1rios","finan\u00e7as p\u00fablicas","gest\u00e3o","sa\u00fade p\u00fablica","SNS","Unidades de Sa\u00fade Familiar"],"articleSection":["Not\u00edcias","Pol\u00edtica"],"inLanguage":"pt-PT"},{"@type":"WebPage","@id":"https:\/\/portaltela.pt\/noticias\/2026\/01\/31\/usfs-de-custo-baixo-impacto-nos-cuidados-de-saude-primarios\/","url":"https:\/\/portaltela.pt\/noticias\/2026\/01\/31\/usfs-de-custo-baixo-impacto-nos-cuidados-de-saude-primarios\/","name":"USFs de custo baixo: impacto nos cuidados de sa\u00fade prim\u00e1rios? - Portal Tela Portugal","isPartOf":{"@id":"https:\/\/portaltela.pt\/#website"},"primaryImageOfPage":{"@id":"https:\/\/portaltela.pt\/noticias\/2026\/01\/31\/usfs-de-custo-baixo-impacto-nos-cuidados-de-saude-primarios\/#primaryimage"},"image":{"@id":"https:\/\/portaltela.pt\/noticias\/2026\/01\/31\/usfs-de-custo-baixo-impacto-nos-cuidados-de-saude-primarios\/#primaryimage"},"thumbnailUrl":"https:\/\/portaltela.pt\/s.01k8rhncp4jt1\/2026\/01\/Antonio-Alvim_300.jpg","datePublished":"2026-01-31T22:25:00+00:00","author":{"@id":"https:\/\/portaltela.pt\/#\/schema\/person\/c4278d4a6028830caff9ee44b42d32ed"},"breadcrumb":{"@id":"https:\/\/portaltela.pt\/noticias\/2026\/01\/31\/usfs-de-custo-baixo-impacto-nos-cuidados-de-saude-primarios\/#breadcrumb"},"inLanguage":"pt-PT","potentialAction":[{"@type":"ReadAction","target":["https:\/\/portaltela.pt\/noticias\/2026\/01\/31\/usfs-de-custo-baixo-impacto-nos-cuidados-de-saude-primarios\/"]}]},{"@type":"ImageObject","inLanguage":"pt-PT","@id":"https:\/\/portaltela.pt\/noticias\/2026\/01\/31\/usfs-de-custo-baixo-impacto-nos-cuidados-de-saude-primarios\/#primaryimage","url":"https:\/\/portaltela.pt\/s.01k8rhncp4jt1\/2026\/01\/Antonio-Alvim_300.jpg","contentUrl":"https:\/\/portaltela.pt\/s.01k8rhncp4jt1\/2026\/01\/Antonio-Alvim_300.jpg","width":796,"height":448,"caption":"Photo"},{"@type":"BreadcrumbList","@id":"https:\/\/portaltela.pt\/noticias\/2026\/01\/31\/usfs-de-custo-baixo-impacto-nos-cuidados-de-saude-primarios\/#breadcrumb","itemListElement":[{"@type":"ListItem","position":1,"name":"In\u00edcio","item":"https:\/\/portaltela.pt\/"},{"@type":"ListItem","position":2,"name":"USFs de custo baixo: impacto nos cuidados de sa\u00fade prim\u00e1rios?"}]},{"@type":"WebSite","@id":"https:\/\/portaltela.pt\/#website","url":"https:\/\/portaltela.pt\/","name":"Portal Tela Portugal","description":"","potentialAction":[{"@type":"SearchAction","target":{"@type":"EntryPoint","urlTemplate":"https:\/\/portaltela.pt\/?s={search_term_string}"},"query-input":{"@type":"PropertyValueSpecification","valueRequired":true,"valueName":"search_term_string"}}],"inLanguage":"pt-PT"},{"@type":"Person","@id":"https:\/\/portaltela.pt\/#\/schema\/person\/c4278d4a6028830caff9ee44b42d32ed","name":"Telinha","image":{"@type":"ImageObject","inLanguage":"pt-PT","@id":"https:\/\/portaltela.pt\/s.01k8rhncp4jt1\/2025\/11\/talking-bot-125x125.png","url":"https:\/\/portaltela.pt\/s.01k8rhncp4jt1\/2025\/11\/talking-bot-125x125.png","contentUrl":"https:\/\/portaltela.pt\/s.01k8rhncp4jt1\/2025\/11\/talking-bot-125x125.png","caption":"Telinha"},"sameAs":["https:\/\/portaltela.pt\/"],"url":"https:\/\/portaltela.pt\/por\/367410592786\/"}]}},"_links":{"self":[{"href":"https:\/\/portaltela.pt\/api\/wp\/v2\/posts\/187689","targetHints":{"allow":["GET"]}}],"collection":[{"href":"https:\/\/portaltela.pt\/api\/wp\/v2\/posts"}],"about":[{"href":"https:\/\/portaltela.pt\/api\/wp\/v2\/types\/post"}],"author":[{"embeddable":true,"href":"https:\/\/portaltela.pt\/api\/wp\/v2\/users\/2"}],"replies":[{"embeddable":true,"href":"https:\/\/portaltela.pt\/api\/wp\/v2\/comments?post=187689"}],"version-history":[{"count":0,"href":"https:\/\/portaltela.pt\/api\/wp\/v2\/posts\/187689\/revisions"}],"wp:featuredmedia":[{"embeddable":true,"href":"https:\/\/portaltela.pt\/api\/wp\/v2\/media\/187704"}],"wp:attachment":[{"href":"https:\/\/portaltela.pt\/api\/wp\/v2\/media?parent=187689"}],"wp:term":[{"taxonomy":"category","embeddable":true,"href":"https:\/\/portaltela.pt\/api\/wp\/v2\/categories?post=187689"},{"taxonomy":"post_tag","embeddable":true,"href":"https:\/\/portaltela.pt\/api\/wp\/v2\/tags?post=187689"}],"curies":[{"name":"wp","href":"https:\/\/api.w.org\/{rel}","templated":true}]}}