{"id":187669,"date":"2026-01-31T19:15:00","date_gmt":"2026-01-31T22:15:00","guid":{"rendered":"https:\/\/portaltela.pt\/noticias\/2026\/01\/31\/joao-grilo-valoriza-balanco-positivo-da-cidade-do-vinho-2025-em-alandroal\/"},"modified":"2026-01-31T19:15:00","modified_gmt":"2026-01-31T22:15:00","slug":"joao-grilo-valoriza-balanco-positivo-da-cidade-do-vinho-2025-em-alandroal","status":"publish","type":"post","link":"https:\/\/portaltela.pt\/noticias\/2026\/01\/31\/joao-grilo-valoriza-balanco-positivo-da-cidade-do-vinho-2025-em-alandroal\/","title":{"rendered":"Jo\u00e3o Grilo valoriza balan\u00e7o positivo da Cidade do Vinho 2025 em Alandroal"},"content":{"rendered":"<p>Jo\u00e3o Grilo, presidente da C\u00e2mara Municipal de Alandroal, qualificou o balan\u00e7o da iniciativa Cidade do Vinho 2025 como extremamente positivo, destacando a participa\u00e7\u00e3o de cinco concelhos ao longo do \u00faltimo ano. O objetivo foi promover o setor vitivin\u00edcola com a colabora\u00e7\u00e3o de comunidades locais, produtores e agentes comerciais.<\/p>\n<p>A iniciativa, promovida pela Associa\u00e7\u00e3o dos Munic\u00edpios Portugueses do Vinho, encerrou-se este s\u00e1bado com uma gala em Estremoz. O projeto envolveu as cinco cidades e refor\u00e7ou a coopera\u00e7\u00e3o entre elas, afirma o autarca, sublinhando uma din\u00e2mica que ultrapassou o papel das autarquias.<\/p>\n<h3>Coopera\u00e7\u00e3o entre munic\u00edpios<\/h3>\n<p>Grilo aponta que o principal resultado foi o aumento de coopera\u00e7\u00e3o entre Alandroal, Borba, Estremoz, Redondo e Vila Vi\u00e7osa. A ideia \u00e9 manter a colabora\u00e7\u00e3o no futuro e criar continuidade em a\u00e7\u00f5es conjuntas, sobretudo no turismo.<\/p>\n<p>O autarca destaca que a articula\u00e7\u00e3o j\u00e1 inspira iniciativas em \u00e1reas como a promo\u00e7\u00e3o da Serra d\u2019Ossa e novos projetos em comum entre os concelhos. A colabora\u00e7\u00e3o entre os territ\u00f3rios aproxima as regi\u00f5es em v\u00e1rias dimens\u00f5es.<\/p>\n<h3>Enoturismo e vinha em expans\u00e3o<\/h3>\n<p>Em termos de impacto local, o presidente disse que a programa\u00e7\u00e3o atraiu visitantes que n\u00e3o frequentavam Alandroal sem a marca Cidade do Vinho. O munic\u00edpio beneficia do patrim\u00f3nio hist\u00f3rico e da liga\u00e7\u00e3o ao grande lago, com a proximidade a Alqueva a acrescentar atratividade.<\/p>\n<p>Sobre a vinha, Grilo mencionou uma evolu\u00e7\u00e3o da \u00e1rea plantada, estimando entre 800 e 900 hectares, com perspetivas de crescimento. O turismo ligado ao vinho surge como uma das val\u00eancias centrais do projeto para a regi\u00e3o.<\/p>\n<h3>Perspetivas futuras<\/h3>\n<p>O autarca confirmou j\u00e1 existirem investimentos orientados para o enoturismo no concelho. S\u00e3o previstos projetos vocacionados para esta modalidade, mantendo a vinha como eixo central da oferta tur\u00edstica local.<\/p>\n<p>A Cidade do Vinho 2025 envolveu ainda projetos de promo\u00e7\u00e3o tur\u00edstica e a\u00e7\u00f5es conjuntas entre os munic\u00edpios. A iniciativa terminou com a gala em Estremoz, marcando a conclus\u00e3o do ciclo anual.<\/p>\n","protected":false},"excerpt":{"rendered":"<ul>\n<li>A iniciativa Cidade do Vinho 2025 reuniu cinco munic\u00edpios, incluindo Alandroal, ao longo do \u00faltimo ano.<\/li>\n<li>O presidente da C\u00e2mara Municipal de Alandroal, Jo\u00e3o Grilo, considerou o balan\u00e7o \u201cextremamente positivo\u201d.<\/li>\n<li>O projeto refor\u00e7ou a coopera\u00e7\u00e3o entre os munic\u00edpios participantes, com a comunica\u00e7\u00e3o de que deve haver continuidade futura.<\/li>\n<li>A programa\u00e7\u00e3o ajudou a atrair visitantes que n\u00e3o chegariam a Alandroal sem a marca agregadora.<\/li>\n<li>A vinha no concelho est\u00e1 em expans\u00e3o, com a \u00e1rea prevista entre 800 e 900 hectares, e h\u00e1 projetos de enoturismo ligados ao Alqueva.<\/li>\n<\/ul>\n","protected":false},"author":2,"featured_media":187682,"comment_status":"closed","ping_status":"closed","sticky":false,"template":"","format":"standard","meta":{"footnotes":""},"categories":[1],"tags":[4070,3727,1098,4749,169,4750],"class_list":["post-187669","post","type-post","status-publish","format-standard","has-post-thumbnail","hentry","category-noticias","tag-borba","tag-enoturismo","tag-estremoz","tag-redondo","tag-turismo","tag-vila-vicosa"],"yoast_head":"<!-- This site is optimized with the Yoast SEO plugin v27.2 - https:\/\/yoast.com\/product\/yoast-seo-wordpress\/ -->\n<title>Jo\u00e3o Grilo valoriza balan\u00e7o positivo da Cidade do Vinho 2025 em Alandroal - Portal Tela Portugal<\/title>\n<meta name=\"robots\" content=\"index, follow, max-snippet:-1, max-image-preview:large, max-video-preview:-1\" \/>\n<meta property=\"og:locale\" content=\"pt_PT\" \/>\n<meta property=\"og:type\" content=\"article\" \/>\n<meta property=\"og:title\" content=\"Jo\u00e3o Grilo valoriza balan\u00e7o positivo da Cidade do Vinho 2025 em Alandroal - Portal Tela Portugal\" \/>\n<meta property=\"og:description\" content=\"A iniciativa Cidade do Vinho 2025 reuniu cinco munic\u00edpios, incluindo Alandroal, ao longo do \u00faltimo ano. O presidente da C\u00e2mara Municipal de Alandroal, Jo\u00e3o Grilo, considerou o balan\u00e7o \u201cextremamente positivo\u201d. O projeto refor\u00e7ou a coopera\u00e7\u00e3o entre os munic\u00edpios participantes, com a comunica\u00e7\u00e3o de que deve haver continuidade futura. A programa\u00e7\u00e3o ajudou a atrair visitantes que n\u00e3o chegariam a Alandroal sem a marca agregadora. A vinha no concelho est\u00e1 em expans\u00e3o, com a \u00e1rea prevista entre 800 e 900 hectares, e h\u00e1 projetos de enoturismo ligados ao Alqueva.\" \/>\n<meta property=\"og:url\" content=\"https:\/\/portaltela.pt\/noticias\/2026\/01\/31\/joao-grilo-valoriza-balanco-positivo-da-cidade-do-vinho-2025-em-alandroal\/\" \/>\n<meta property=\"og:site_name\" content=\"Portal Tela Portugal\" \/>\n<meta property=\"article:published_time\" content=\"2026-01-31T22:15:00+00:00\" \/>\n<meta name=\"author\" content=\"Telinha\" \/>\n<meta name=\"twitter:card\" content=\"summary_large_image\" \/>\n<meta name=\"twitter:label1\" content=\"Escrito por\" \/>\n\t<meta name=\"twitter:data1\" content=\"Telinha\" \/>\n\t<meta name=\"twitter:label2\" content=\"Tempo estimado de leitura\" \/>\n\t<meta name=\"twitter:data2\" content=\"2 minutos\" \/>\n<script type=\"application\/ld+json\" class=\"yoast-schema-graph\">{\"@context\":\"https:\/\/schema.org\",\"@graph\":[{\"@type\":\"Article\",\"@id\":\"https:\/\/portaltela.pt\/noticias\/2026\/01\/31\/joao-grilo-valoriza-balanco-positivo-da-cidade-do-vinho-2025-em-alandroal\/#article\",\"isPartOf\":{\"@id\":\"https:\/\/portaltela.pt\/noticias\/2026\/01\/31\/joao-grilo-valoriza-balanco-positivo-da-cidade-do-vinho-2025-em-alandroal\/\"},\"author\":{\"name\":\"Telinha\",\"@id\":\"https:\/\/portaltela.pt\/#\/schema\/person\/c4278d4a6028830caff9ee44b42d32ed\"},\"headline\":\"Jo\u00e3o Grilo valoriza balan\u00e7o positivo da Cidade do Vinho 2025 em Alandroal\",\"datePublished\":\"2026-01-31T22:15:00+00:00\",\"mainEntityOfPage\":{\"@id\":\"https:\/\/portaltela.pt\/noticias\/2026\/01\/31\/joao-grilo-valoriza-balanco-positivo-da-cidade-do-vinho-2025-em-alandroal\/\"},\"wordCount\":362,\"image\":{\"@id\":\"https:\/\/portaltela.pt\/noticias\/2026\/01\/31\/joao-grilo-valoriza-balanco-positivo-da-cidade-do-vinho-2025-em-alandroal\/#primaryimage\"},\"thumbnailUrl\":\"https:\/\/portaltela.pt\/s.01k8rhncp4jt1\/2026\/01\/unnamed-file-6399.jpg\",\"keywords\":[\"Borba\",\"enoturismo\",\"Estremoz\",\"Redondo\",\"turismo\",\"Vila Vi\u00e7osa\"],\"articleSection\":[\"Not\u00edcias\"],\"inLanguage\":\"pt-PT\"},{\"@type\":\"WebPage\",\"@id\":\"https:\/\/portaltela.pt\/noticias\/2026\/01\/31\/joao-grilo-valoriza-balanco-positivo-da-cidade-do-vinho-2025-em-alandroal\/\",\"url\":\"https:\/\/portaltela.pt\/noticias\/2026\/01\/31\/joao-grilo-valoriza-balanco-positivo-da-cidade-do-vinho-2025-em-alandroal\/\",\"name\":\"Jo\u00e3o Grilo valoriza balan\u00e7o positivo da Cidade do Vinho 2025 em Alandroal - Portal Tela Portugal\",\"isPartOf\":{\"@id\":\"https:\/\/portaltela.pt\/#website\"},\"primaryImageOfPage\":{\"@id\":\"https:\/\/portaltela.pt\/noticias\/2026\/01\/31\/joao-grilo-valoriza-balanco-positivo-da-cidade-do-vinho-2025-em-alandroal\/#primaryimage\"},\"image\":{\"@id\":\"https:\/\/portaltela.pt\/noticias\/2026\/01\/31\/joao-grilo-valoriza-balanco-positivo-da-cidade-do-vinho-2025-em-alandroal\/#primaryimage\"},\"thumbnailUrl\":\"https:\/\/portaltela.pt\/s.01k8rhncp4jt1\/2026\/01\/unnamed-file-6399.jpg\",\"datePublished\":\"2026-01-31T22:15:00+00:00\",\"author\":{\"@id\":\"https:\/\/portaltela.pt\/#\/schema\/person\/c4278d4a6028830caff9ee44b42d32ed\"},\"breadcrumb\":{\"@id\":\"https:\/\/portaltela.pt\/noticias\/2026\/01\/31\/joao-grilo-valoriza-balanco-positivo-da-cidade-do-vinho-2025-em-alandroal\/#breadcrumb\"},\"inLanguage\":\"pt-PT\",\"potentialAction\":[{\"@type\":\"ReadAction\",\"target\":[\"https:\/\/portaltela.pt\/noticias\/2026\/01\/31\/joao-grilo-valoriza-balanco-positivo-da-cidade-do-vinho-2025-em-alandroal\/\"]}]},{\"@type\":\"ImageObject\",\"inLanguage\":\"pt-PT\",\"@id\":\"https:\/\/portaltela.pt\/noticias\/2026\/01\/31\/joao-grilo-valoriza-balanco-positivo-da-cidade-do-vinho-2025-em-alandroal\/#primaryimage\",\"url\":\"https:\/\/portaltela.pt\/s.01k8rhncp4jt1\/2026\/01\/unnamed-file-6399.jpg\",\"contentUrl\":\"https:\/\/portaltela.pt\/s.01k8rhncp4jt1\/2026\/01\/unnamed-file-6399.jpg\",\"width\":796,\"height\":448,\"caption\":\"Jo\u00e3o Grilo faz balan\u00e7o \u201cextremamente positivo\u201d da Cidade do Vinho 2025 em Alandroal\"},{\"@type\":\"BreadcrumbList\",\"@id\":\"https:\/\/portaltela.pt\/noticias\/2026\/01\/31\/joao-grilo-valoriza-balanco-positivo-da-cidade-do-vinho-2025-em-alandroal\/#breadcrumb\",\"itemListElement\":[{\"@type\":\"ListItem\",\"position\":1,\"name\":\"In\u00edcio\",\"item\":\"https:\/\/portaltela.pt\/\"},{\"@type\":\"ListItem\",\"position\":2,\"name\":\"Jo\u00e3o Grilo valoriza balan\u00e7o positivo da Cidade do Vinho 2025 em Alandroal\"}]},{\"@type\":\"WebSite\",\"@id\":\"https:\/\/portaltela.pt\/#website\",\"url\":\"https:\/\/portaltela.pt\/\",\"name\":\"Portal Tela Portugal\",\"description\":\"\",\"potentialAction\":[{\"@type\":\"SearchAction\",\"target\":{\"@type\":\"EntryPoint\",\"urlTemplate\":\"https:\/\/portaltela.pt\/?s={search_term_string}\"},\"query-input\":{\"@type\":\"PropertyValueSpecification\",\"valueRequired\":true,\"valueName\":\"search_term_string\"}}],\"inLanguage\":\"pt-PT\"},{\"@type\":\"Person\",\"@id\":\"https:\/\/portaltela.pt\/#\/schema\/person\/c4278d4a6028830caff9ee44b42d32ed\",\"name\":\"Telinha\",\"image\":{\"@type\":\"ImageObject\",\"inLanguage\":\"pt-PT\",\"@id\":\"https:\/\/portaltela.pt\/s.01k8rhncp4jt1\/2025\/11\/talking-bot-125x125.png\",\"url\":\"https:\/\/portaltela.pt\/s.01k8rhncp4jt1\/2025\/11\/talking-bot-125x125.png\",\"contentUrl\":\"https:\/\/portaltela.pt\/s.01k8rhncp4jt1\/2025\/11\/talking-bot-125x125.png\",\"caption\":\"Telinha\"},\"sameAs\":[\"https:\/\/portaltela.pt\/\"],\"url\":\"https:\/\/portaltela.pt\/por\/367410592786\/\"}]}<\/script>\n<!-- \/ Yoast SEO plugin. -->","yoast_head_json":{"title":"Jo\u00e3o Grilo valoriza balan\u00e7o positivo da Cidade do Vinho 2025 em Alandroal - Portal Tela Portugal","robots":{"index":"index","follow":"follow","max-snippet":"max-snippet:-1","max-image-preview":"max-image-preview:large","max-video-preview":"max-video-preview:-1"},"og_locale":"pt_PT","og_type":"article","og_title":"Jo\u00e3o Grilo valoriza balan\u00e7o positivo da Cidade do Vinho 2025 em Alandroal - Portal Tela Portugal","og_description":"A iniciativa Cidade do Vinho 2025 reuniu cinco munic\u00edpios, incluindo Alandroal, ao longo do \u00faltimo ano. O presidente da C\u00e2mara Municipal de Alandroal, Jo\u00e3o Grilo, considerou o balan\u00e7o \u201cextremamente positivo\u201d. O projeto refor\u00e7ou a coopera\u00e7\u00e3o entre os munic\u00edpios participantes, com a comunica\u00e7\u00e3o de que deve haver continuidade futura. A programa\u00e7\u00e3o ajudou a atrair visitantes que n\u00e3o chegariam a Alandroal sem a marca agregadora. A vinha no concelho est\u00e1 em expans\u00e3o, com a \u00e1rea prevista entre 800 e 900 hectares, e h\u00e1 projetos de enoturismo ligados ao Alqueva.","og_url":"https:\/\/portaltela.pt\/noticias\/2026\/01\/31\/joao-grilo-valoriza-balanco-positivo-da-cidade-do-vinho-2025-em-alandroal\/","og_site_name":"Portal Tela Portugal","article_published_time":"2026-01-31T22:15:00+00:00","author":"Telinha","twitter_card":"summary_large_image","twitter_misc":{"Escrito por":"Telinha","Tempo estimado de leitura":"2 minutos"},"schema":{"@context":"https:\/\/schema.org","@graph":[{"@type":"Article","@id":"https:\/\/portaltela.pt\/noticias\/2026\/01\/31\/joao-grilo-valoriza-balanco-positivo-da-cidade-do-vinho-2025-em-alandroal\/#article","isPartOf":{"@id":"https:\/\/portaltela.pt\/noticias\/2026\/01\/31\/joao-grilo-valoriza-balanco-positivo-da-cidade-do-vinho-2025-em-alandroal\/"},"author":{"name":"Telinha","@id":"https:\/\/portaltela.pt\/#\/schema\/person\/c4278d4a6028830caff9ee44b42d32ed"},"headline":"Jo\u00e3o Grilo valoriza balan\u00e7o positivo da Cidade do Vinho 2025 em Alandroal","datePublished":"2026-01-31T22:15:00+00:00","mainEntityOfPage":{"@id":"https:\/\/portaltela.pt\/noticias\/2026\/01\/31\/joao-grilo-valoriza-balanco-positivo-da-cidade-do-vinho-2025-em-alandroal\/"},"wordCount":362,"image":{"@id":"https:\/\/portaltela.pt\/noticias\/2026\/01\/31\/joao-grilo-valoriza-balanco-positivo-da-cidade-do-vinho-2025-em-alandroal\/#primaryimage"},"thumbnailUrl":"https:\/\/portaltela.pt\/s.01k8rhncp4jt1\/2026\/01\/unnamed-file-6399.jpg","keywords":["Borba","enoturismo","Estremoz","Redondo","turismo","Vila Vi\u00e7osa"],"articleSection":["Not\u00edcias"],"inLanguage":"pt-PT"},{"@type":"WebPage","@id":"https:\/\/portaltela.pt\/noticias\/2026\/01\/31\/joao-grilo-valoriza-balanco-positivo-da-cidade-do-vinho-2025-em-alandroal\/","url":"https:\/\/portaltela.pt\/noticias\/2026\/01\/31\/joao-grilo-valoriza-balanco-positivo-da-cidade-do-vinho-2025-em-alandroal\/","name":"Jo\u00e3o Grilo valoriza balan\u00e7o positivo da Cidade do Vinho 2025 em Alandroal - Portal Tela Portugal","isPartOf":{"@id":"https:\/\/portaltela.pt\/#website"},"primaryImageOfPage":{"@id":"https:\/\/portaltela.pt\/noticias\/2026\/01\/31\/joao-grilo-valoriza-balanco-positivo-da-cidade-do-vinho-2025-em-alandroal\/#primaryimage"},"image":{"@id":"https:\/\/portaltela.pt\/noticias\/2026\/01\/31\/joao-grilo-valoriza-balanco-positivo-da-cidade-do-vinho-2025-em-alandroal\/#primaryimage"},"thumbnailUrl":"https:\/\/portaltela.pt\/s.01k8rhncp4jt1\/2026\/01\/unnamed-file-6399.jpg","datePublished":"2026-01-31T22:15:00+00:00","author":{"@id":"https:\/\/portaltela.pt\/#\/schema\/person\/c4278d4a6028830caff9ee44b42d32ed"},"breadcrumb":{"@id":"https:\/\/portaltela.pt\/noticias\/2026\/01\/31\/joao-grilo-valoriza-balanco-positivo-da-cidade-do-vinho-2025-em-alandroal\/#breadcrumb"},"inLanguage":"pt-PT","potentialAction":[{"@type":"ReadAction","target":["https:\/\/portaltela.pt\/noticias\/2026\/01\/31\/joao-grilo-valoriza-balanco-positivo-da-cidade-do-vinho-2025-em-alandroal\/"]}]},{"@type":"ImageObject","inLanguage":"pt-PT","@id":"https:\/\/portaltela.pt\/noticias\/2026\/01\/31\/joao-grilo-valoriza-balanco-positivo-da-cidade-do-vinho-2025-em-alandroal\/#primaryimage","url":"https:\/\/portaltela.pt\/s.01k8rhncp4jt1\/2026\/01\/unnamed-file-6399.jpg","contentUrl":"https:\/\/portaltela.pt\/s.01k8rhncp4jt1\/2026\/01\/unnamed-file-6399.jpg","width":796,"height":448,"caption":"Jo\u00e3o Grilo faz balan\u00e7o \u201cextremamente positivo\u201d da Cidade do Vinho 2025 em Alandroal"},{"@type":"BreadcrumbList","@id":"https:\/\/portaltela.pt\/noticias\/2026\/01\/31\/joao-grilo-valoriza-balanco-positivo-da-cidade-do-vinho-2025-em-alandroal\/#breadcrumb","itemListElement":[{"@type":"ListItem","position":1,"name":"In\u00edcio","item":"https:\/\/portaltela.pt\/"},{"@type":"ListItem","position":2,"name":"Jo\u00e3o Grilo valoriza balan\u00e7o positivo da Cidade do Vinho 2025 em Alandroal"}]},{"@type":"WebSite","@id":"https:\/\/portaltela.pt\/#website","url":"https:\/\/portaltela.pt\/","name":"Portal Tela Portugal","description":"","potentialAction":[{"@type":"SearchAction","target":{"@type":"EntryPoint","urlTemplate":"https:\/\/portaltela.pt\/?s={search_term_string}"},"query-input":{"@type":"PropertyValueSpecification","valueRequired":true,"valueName":"search_term_string"}}],"inLanguage":"pt-PT"},{"@type":"Person","@id":"https:\/\/portaltela.pt\/#\/schema\/person\/c4278d4a6028830caff9ee44b42d32ed","name":"Telinha","image":{"@type":"ImageObject","inLanguage":"pt-PT","@id":"https:\/\/portaltela.pt\/s.01k8rhncp4jt1\/2025\/11\/talking-bot-125x125.png","url":"https:\/\/portaltela.pt\/s.01k8rhncp4jt1\/2025\/11\/talking-bot-125x125.png","contentUrl":"https:\/\/portaltela.pt\/s.01k8rhncp4jt1\/2025\/11\/talking-bot-125x125.png","caption":"Telinha"},"sameAs":["https:\/\/portaltela.pt\/"],"url":"https:\/\/portaltela.pt\/por\/367410592786\/"}]}},"_links":{"self":[{"href":"https:\/\/portaltela.pt\/api\/wp\/v2\/posts\/187669","targetHints":{"allow":["GET"]}}],"collection":[{"href":"https:\/\/portaltela.pt\/api\/wp\/v2\/posts"}],"about":[{"href":"https:\/\/portaltela.pt\/api\/wp\/v2\/types\/post"}],"author":[{"embeddable":true,"href":"https:\/\/portaltela.pt\/api\/wp\/v2\/users\/2"}],"replies":[{"embeddable":true,"href":"https:\/\/portaltela.pt\/api\/wp\/v2\/comments?post=187669"}],"version-history":[{"count":0,"href":"https:\/\/portaltela.pt\/api\/wp\/v2\/posts\/187669\/revisions"}],"wp:featuredmedia":[{"embeddable":true,"href":"https:\/\/portaltela.pt\/api\/wp\/v2\/media\/187682"}],"wp:attachment":[{"href":"https:\/\/portaltela.pt\/api\/wp\/v2\/media?parent=187669"}],"wp:term":[{"taxonomy":"category","embeddable":true,"href":"https:\/\/portaltela.pt\/api\/wp\/v2\/categories?post=187669"},{"taxonomy":"post_tag","embeddable":true,"href":"https:\/\/portaltela.pt\/api\/wp\/v2\/tags?post=187669"}],"curies":[{"name":"wp","href":"https:\/\/api.w.org\/{rel}","templated":true}]}}