{"id":187649,"date":"2026-01-31T18:38:00","date_gmt":"2026-01-31T21:38:00","guid":{"rendered":"https:\/\/portaltela.pt\/noticias\/2026\/01\/31\/data-das-cerimonias-funebres-de-jessica-tavares-ja-definida\/"},"modified":"2026-01-31T18:38:00","modified_gmt":"2026-01-31T21:38:00","slug":"data-das-cerimonias-funebres-de-jessica-tavares-ja-definida","status":"publish","type":"post","link":"https:\/\/portaltela.pt\/noticias\/2026\/01\/31\/data-das-cerimonias-funebres-de-jessica-tavares-ja-definida\/","title":{"rendered":"Data das cerim\u00f3nias f\u00fanebres de J\u00e9ssica Tavares j\u00e1 definida"},"content":{"rendered":"<p>J\u00e9ssica Tavares, cantora do grupo Docemania, faleceu aos 31 anos na sexta-feira. A not\u00edcia foi divulgada pela fundadora do grupo, Helena Coelho, nas redes sociais, confirmando a perda de um dos membros da forma\u00e7\u00e3o original.<\/p>\n<p>A cerim\u00f3nia de vel\u00f3rio ter\u00e1 lugar na igreja em Lisboa, Chelas, e come\u00e7a amanh\u00e3 \u00e0s 18h30. A organiza\u00e7\u00e3o informou que a participa\u00e7\u00e3o \u00e9 aberta aos familiares e amigos que queiram prestar homenagem.<\/p>\n<p>O funeral est\u00e1 marcado para segunda-feira, 2, \u00e0s 15h, com as cerim\u00f3nias religiosas a iniciarem-se \u00e0s 15h. O corpo segue, \u00e0s 15h15, para o cemit\u00e9rio do Alto de S\u00e3o Jo\u00e3o.<\/p>\n<p>Entre os detalhes partilhados, fica o registo de que, em 2025, Helena Coelho revelou que J\u00e9ssica enfrentava momentos de sa\u00fade dif\u00edceis, conforme o hist\u00f3rico divulgado pela respons\u00e1vel pelo grupo.<\/p>\n","protected":false},"excerpt":{"rendered":"<ul>\n<li>J\u00e9ssica Tavares, cantora do grupo Docemania, faleceu aos 31 anos nesta sexta-feira.<\/li>\n<li>A not\u00edcia foi avan\u00e7ada por Helena Coelho, fundadora do grupo em 2005.<\/li>\n<li>A cerim\u00f3nia de homenagem est\u00e1 aberta na igreja, amanh\u00e3, \u00e0s 18h30, em Lisboa, Chelas.<\/li>\n<li>O funeral realiza-se na segunda-feira, 2, \u00e0s 15h, com as cerim\u00f3nias religiosas a come\u00e7ar \u00e0s 15h e sa\u00edda para o cemit\u00e9rio do Alto de S\u00e3o Jo\u00e3o \u00e0s 15h15.<\/li>\n<li>Em 2025, Helena Coelho informou que J\u00e9ssica enfrentava uma fase de sa\u00fade muito dif\u00edcil.<\/li>\n<\/ul>\n","protected":false},"author":2,"featured_media":187659,"comment_status":"closed","ping_status":"closed","sticky":false,"template":"","format":"standard","meta":{"footnotes":""},"categories":[1],"tags":[762,4978,64,981,122,172],"class_list":["post-187649","post","type-post","status-publish","format-standard","has-post-thumbnail","hentry","category-noticias","tag-artistas","tag-chelas","tag-familia","tag-lisboa","tag-musica","tag-saude"],"yoast_head":"<!-- This site is optimized with the Yoast SEO plugin v27.2 - https:\/\/yoast.com\/product\/yoast-seo-wordpress\/ -->\n<title>Data das cerim\u00f3nias f\u00fanebres de J\u00e9ssica Tavares j\u00e1 definida - Portal Tela Portugal<\/title>\n<meta name=\"robots\" content=\"index, follow, max-snippet:-1, max-image-preview:large, max-video-preview:-1\" \/>\n<meta property=\"og:locale\" content=\"pt_PT\" \/>\n<meta property=\"og:type\" content=\"article\" \/>\n<meta property=\"og:title\" content=\"Data das cerim\u00f3nias f\u00fanebres de J\u00e9ssica Tavares j\u00e1 definida - Portal Tela Portugal\" \/>\n<meta property=\"og:description\" content=\"J\u00e9ssica Tavares, cantora do grupo Docemania, faleceu aos 31 anos nesta sexta-feira. A not\u00edcia foi avan\u00e7ada por Helena Coelho, fundadora do grupo em 2005. A cerim\u00f3nia de homenagem est\u00e1 aberta na igreja, amanh\u00e3, \u00e0s 18h30, em Lisboa, Chelas. O funeral realiza-se na segunda-feira, 2, \u00e0s 15h, com as cerim\u00f3nias religiosas a come\u00e7ar \u00e0s 15h e sa\u00edda para o cemit\u00e9rio do Alto de S\u00e3o Jo\u00e3o \u00e0s 15h15. Em 2025, Helena Coelho informou que J\u00e9ssica enfrentava uma fase de sa\u00fade muito dif\u00edcil.\" \/>\n<meta property=\"og:url\" content=\"https:\/\/portaltela.pt\/noticias\/2026\/01\/31\/data-das-cerimonias-funebres-de-jessica-tavares-ja-definida\/\" \/>\n<meta property=\"og:site_name\" content=\"Portal Tela Portugal\" \/>\n<meta property=\"article:published_time\" content=\"2026-01-31T21:38:00+00:00\" \/>\n<meta name=\"author\" content=\"Telinha\" \/>\n<meta name=\"twitter:card\" content=\"summary_large_image\" \/>\n<meta name=\"twitter:label1\" content=\"Escrito por\" \/>\n\t<meta name=\"twitter:data1\" content=\"Telinha\" \/>\n\t<meta name=\"twitter:label2\" content=\"Tempo estimado de leitura\" \/>\n\t<meta name=\"twitter:data2\" content=\"1 minuto\" \/>\n<script type=\"application\/ld+json\" class=\"yoast-schema-graph\">{\"@context\":\"https:\/\/schema.org\",\"@graph\":[{\"@type\":\"Article\",\"@id\":\"https:\/\/portaltela.pt\/noticias\/2026\/01\/31\/data-das-cerimonias-funebres-de-jessica-tavares-ja-definida\/#article\",\"isPartOf\":{\"@id\":\"https:\/\/portaltela.pt\/noticias\/2026\/01\/31\/data-das-cerimonias-funebres-de-jessica-tavares-ja-definida\/\"},\"author\":{\"name\":\"Telinha\",\"@id\":\"https:\/\/portaltela.pt\/#\/schema\/person\/c4278d4a6028830caff9ee44b42d32ed\"},\"headline\":\"Data das cerim\u00f3nias f\u00fanebres de J\u00e9ssica Tavares j\u00e1 definida\",\"datePublished\":\"2026-01-31T21:38:00+00:00\",\"mainEntityOfPage\":{\"@id\":\"https:\/\/portaltela.pt\/noticias\/2026\/01\/31\/data-das-cerimonias-funebres-de-jessica-tavares-ja-definida\/\"},\"wordCount\":151,\"image\":{\"@id\":\"https:\/\/portaltela.pt\/noticias\/2026\/01\/31\/data-das-cerimonias-funebres-de-jessica-tavares-ja-definida\/#primaryimage\"},\"thumbnailUrl\":\"https:\/\/portaltela.pt\/s.01k8rhncp4jt1\/2026\/01\/img_1500x1000uu2026-01-30-22-26-56-2263703-im-639054088289229397-1.jpg\",\"keywords\":[\"artistas\",\"Chelas\",\"fam\u00edlia\",\"Lisboa\",\"m\u00fasica\",\"sa\u00fade\"],\"articleSection\":[\"Not\u00edcias\"],\"inLanguage\":\"pt-PT\"},{\"@type\":\"WebPage\",\"@id\":\"https:\/\/portaltela.pt\/noticias\/2026\/01\/31\/data-das-cerimonias-funebres-de-jessica-tavares-ja-definida\/\",\"url\":\"https:\/\/portaltela.pt\/noticias\/2026\/01\/31\/data-das-cerimonias-funebres-de-jessica-tavares-ja-definida\/\",\"name\":\"Data das cerim\u00f3nias f\u00fanebres de J\u00e9ssica Tavares j\u00e1 definida - Portal Tela Portugal\",\"isPartOf\":{\"@id\":\"https:\/\/portaltela.pt\/#website\"},\"primaryImageOfPage\":{\"@id\":\"https:\/\/portaltela.pt\/noticias\/2026\/01\/31\/data-das-cerimonias-funebres-de-jessica-tavares-ja-definida\/#primaryimage\"},\"image\":{\"@id\":\"https:\/\/portaltela.pt\/noticias\/2026\/01\/31\/data-das-cerimonias-funebres-de-jessica-tavares-ja-definida\/#primaryimage\"},\"thumbnailUrl\":\"https:\/\/portaltela.pt\/s.01k8rhncp4jt1\/2026\/01\/img_1500x1000uu2026-01-30-22-26-56-2263703-im-639054088289229397-1.jpg\",\"datePublished\":\"2026-01-31T21:38:00+00:00\",\"author\":{\"@id\":\"https:\/\/portaltela.pt\/#\/schema\/person\/c4278d4a6028830caff9ee44b42d32ed\"},\"breadcrumb\":{\"@id\":\"https:\/\/portaltela.pt\/noticias\/2026\/01\/31\/data-das-cerimonias-funebres-de-jessica-tavares-ja-definida\/#breadcrumb\"},\"inLanguage\":\"pt-PT\",\"potentialAction\":[{\"@type\":\"ReadAction\",\"target\":[\"https:\/\/portaltela.pt\/noticias\/2026\/01\/31\/data-das-cerimonias-funebres-de-jessica-tavares-ja-definida\/\"]}]},{\"@type\":\"ImageObject\",\"inLanguage\":\"pt-PT\",\"@id\":\"https:\/\/portaltela.pt\/noticias\/2026\/01\/31\/data-das-cerimonias-funebres-de-jessica-tavares-ja-definida\/#primaryimage\",\"url\":\"https:\/\/portaltela.pt\/s.01k8rhncp4jt1\/2026\/01\/img_1500x1000uu2026-01-30-22-26-56-2263703-im-639054088289229397-1.jpg\",\"contentUrl\":\"https:\/\/portaltela.pt\/s.01k8rhncp4jt1\/2026\/01\/img_1500x1000uu2026-01-30-22-26-56-2263703-im-639054088289229397-1.jpg\",\"width\":796,\"height\":448,\"caption\":\"J\u00e9ssica Tavares tinha 31 anos\"},{\"@type\":\"BreadcrumbList\",\"@id\":\"https:\/\/portaltela.pt\/noticias\/2026\/01\/31\/data-das-cerimonias-funebres-de-jessica-tavares-ja-definida\/#breadcrumb\",\"itemListElement\":[{\"@type\":\"ListItem\",\"position\":1,\"name\":\"In\u00edcio\",\"item\":\"https:\/\/portaltela.pt\/\"},{\"@type\":\"ListItem\",\"position\":2,\"name\":\"Data das cerim\u00f3nias f\u00fanebres de J\u00e9ssica Tavares j\u00e1 definida\"}]},{\"@type\":\"WebSite\",\"@id\":\"https:\/\/portaltela.pt\/#website\",\"url\":\"https:\/\/portaltela.pt\/\",\"name\":\"Portal Tela Portugal\",\"description\":\"\",\"potentialAction\":[{\"@type\":\"SearchAction\",\"target\":{\"@type\":\"EntryPoint\",\"urlTemplate\":\"https:\/\/portaltela.pt\/?s={search_term_string}\"},\"query-input\":{\"@type\":\"PropertyValueSpecification\",\"valueRequired\":true,\"valueName\":\"search_term_string\"}}],\"inLanguage\":\"pt-PT\"},{\"@type\":\"Person\",\"@id\":\"https:\/\/portaltela.pt\/#\/schema\/person\/c4278d4a6028830caff9ee44b42d32ed\",\"name\":\"Telinha\",\"image\":{\"@type\":\"ImageObject\",\"inLanguage\":\"pt-PT\",\"@id\":\"https:\/\/portaltela.pt\/s.01k8rhncp4jt1\/2025\/11\/talking-bot-125x125.png\",\"url\":\"https:\/\/portaltela.pt\/s.01k8rhncp4jt1\/2025\/11\/talking-bot-125x125.png\",\"contentUrl\":\"https:\/\/portaltela.pt\/s.01k8rhncp4jt1\/2025\/11\/talking-bot-125x125.png\",\"caption\":\"Telinha\"},\"sameAs\":[\"https:\/\/portaltela.pt\/\"],\"url\":\"https:\/\/portaltela.pt\/por\/367410592786\/\"}]}<\/script>\n<!-- \/ Yoast SEO plugin. -->","yoast_head_json":{"title":"Data das cerim\u00f3nias f\u00fanebres de J\u00e9ssica Tavares j\u00e1 definida - Portal Tela Portugal","robots":{"index":"index","follow":"follow","max-snippet":"max-snippet:-1","max-image-preview":"max-image-preview:large","max-video-preview":"max-video-preview:-1"},"og_locale":"pt_PT","og_type":"article","og_title":"Data das cerim\u00f3nias f\u00fanebres de J\u00e9ssica Tavares j\u00e1 definida - Portal Tela Portugal","og_description":"J\u00e9ssica Tavares, cantora do grupo Docemania, faleceu aos 31 anos nesta sexta-feira. A not\u00edcia foi avan\u00e7ada por Helena Coelho, fundadora do grupo em 2005. A cerim\u00f3nia de homenagem est\u00e1 aberta na igreja, amanh\u00e3, \u00e0s 18h30, em Lisboa, Chelas. O funeral realiza-se na segunda-feira, 2, \u00e0s 15h, com as cerim\u00f3nias religiosas a come\u00e7ar \u00e0s 15h e sa\u00edda para o cemit\u00e9rio do Alto de S\u00e3o Jo\u00e3o \u00e0s 15h15. Em 2025, Helena Coelho informou que J\u00e9ssica enfrentava uma fase de sa\u00fade muito dif\u00edcil.","og_url":"https:\/\/portaltela.pt\/noticias\/2026\/01\/31\/data-das-cerimonias-funebres-de-jessica-tavares-ja-definida\/","og_site_name":"Portal Tela Portugal","article_published_time":"2026-01-31T21:38:00+00:00","author":"Telinha","twitter_card":"summary_large_image","twitter_misc":{"Escrito por":"Telinha","Tempo estimado de leitura":"1 minuto"},"schema":{"@context":"https:\/\/schema.org","@graph":[{"@type":"Article","@id":"https:\/\/portaltela.pt\/noticias\/2026\/01\/31\/data-das-cerimonias-funebres-de-jessica-tavares-ja-definida\/#article","isPartOf":{"@id":"https:\/\/portaltela.pt\/noticias\/2026\/01\/31\/data-das-cerimonias-funebres-de-jessica-tavares-ja-definida\/"},"author":{"name":"Telinha","@id":"https:\/\/portaltela.pt\/#\/schema\/person\/c4278d4a6028830caff9ee44b42d32ed"},"headline":"Data das cerim\u00f3nias f\u00fanebres de J\u00e9ssica Tavares j\u00e1 definida","datePublished":"2026-01-31T21:38:00+00:00","mainEntityOfPage":{"@id":"https:\/\/portaltela.pt\/noticias\/2026\/01\/31\/data-das-cerimonias-funebres-de-jessica-tavares-ja-definida\/"},"wordCount":151,"image":{"@id":"https:\/\/portaltela.pt\/noticias\/2026\/01\/31\/data-das-cerimonias-funebres-de-jessica-tavares-ja-definida\/#primaryimage"},"thumbnailUrl":"https:\/\/portaltela.pt\/s.01k8rhncp4jt1\/2026\/01\/img_1500x1000uu2026-01-30-22-26-56-2263703-im-639054088289229397-1.jpg","keywords":["artistas","Chelas","fam\u00edlia","Lisboa","m\u00fasica","sa\u00fade"],"articleSection":["Not\u00edcias"],"inLanguage":"pt-PT"},{"@type":"WebPage","@id":"https:\/\/portaltela.pt\/noticias\/2026\/01\/31\/data-das-cerimonias-funebres-de-jessica-tavares-ja-definida\/","url":"https:\/\/portaltela.pt\/noticias\/2026\/01\/31\/data-das-cerimonias-funebres-de-jessica-tavares-ja-definida\/","name":"Data das cerim\u00f3nias f\u00fanebres de J\u00e9ssica Tavares j\u00e1 definida - Portal Tela Portugal","isPartOf":{"@id":"https:\/\/portaltela.pt\/#website"},"primaryImageOfPage":{"@id":"https:\/\/portaltela.pt\/noticias\/2026\/01\/31\/data-das-cerimonias-funebres-de-jessica-tavares-ja-definida\/#primaryimage"},"image":{"@id":"https:\/\/portaltela.pt\/noticias\/2026\/01\/31\/data-das-cerimonias-funebres-de-jessica-tavares-ja-definida\/#primaryimage"},"thumbnailUrl":"https:\/\/portaltela.pt\/s.01k8rhncp4jt1\/2026\/01\/img_1500x1000uu2026-01-30-22-26-56-2263703-im-639054088289229397-1.jpg","datePublished":"2026-01-31T21:38:00+00:00","author":{"@id":"https:\/\/portaltela.pt\/#\/schema\/person\/c4278d4a6028830caff9ee44b42d32ed"},"breadcrumb":{"@id":"https:\/\/portaltela.pt\/noticias\/2026\/01\/31\/data-das-cerimonias-funebres-de-jessica-tavares-ja-definida\/#breadcrumb"},"inLanguage":"pt-PT","potentialAction":[{"@type":"ReadAction","target":["https:\/\/portaltela.pt\/noticias\/2026\/01\/31\/data-das-cerimonias-funebres-de-jessica-tavares-ja-definida\/"]}]},{"@type":"ImageObject","inLanguage":"pt-PT","@id":"https:\/\/portaltela.pt\/noticias\/2026\/01\/31\/data-das-cerimonias-funebres-de-jessica-tavares-ja-definida\/#primaryimage","url":"https:\/\/portaltela.pt\/s.01k8rhncp4jt1\/2026\/01\/img_1500x1000uu2026-01-30-22-26-56-2263703-im-639054088289229397-1.jpg","contentUrl":"https:\/\/portaltela.pt\/s.01k8rhncp4jt1\/2026\/01\/img_1500x1000uu2026-01-30-22-26-56-2263703-im-639054088289229397-1.jpg","width":796,"height":448,"caption":"J\u00e9ssica Tavares tinha 31 anos"},{"@type":"BreadcrumbList","@id":"https:\/\/portaltela.pt\/noticias\/2026\/01\/31\/data-das-cerimonias-funebres-de-jessica-tavares-ja-definida\/#breadcrumb","itemListElement":[{"@type":"ListItem","position":1,"name":"In\u00edcio","item":"https:\/\/portaltela.pt\/"},{"@type":"ListItem","position":2,"name":"Data das cerim\u00f3nias f\u00fanebres de J\u00e9ssica Tavares j\u00e1 definida"}]},{"@type":"WebSite","@id":"https:\/\/portaltela.pt\/#website","url":"https:\/\/portaltela.pt\/","name":"Portal Tela Portugal","description":"","potentialAction":[{"@type":"SearchAction","target":{"@type":"EntryPoint","urlTemplate":"https:\/\/portaltela.pt\/?s={search_term_string}"},"query-input":{"@type":"PropertyValueSpecification","valueRequired":true,"valueName":"search_term_string"}}],"inLanguage":"pt-PT"},{"@type":"Person","@id":"https:\/\/portaltela.pt\/#\/schema\/person\/c4278d4a6028830caff9ee44b42d32ed","name":"Telinha","image":{"@type":"ImageObject","inLanguage":"pt-PT","@id":"https:\/\/portaltela.pt\/s.01k8rhncp4jt1\/2025\/11\/talking-bot-125x125.png","url":"https:\/\/portaltela.pt\/s.01k8rhncp4jt1\/2025\/11\/talking-bot-125x125.png","contentUrl":"https:\/\/portaltela.pt\/s.01k8rhncp4jt1\/2025\/11\/talking-bot-125x125.png","caption":"Telinha"},"sameAs":["https:\/\/portaltela.pt\/"],"url":"https:\/\/portaltela.pt\/por\/367410592786\/"}]}},"_links":{"self":[{"href":"https:\/\/portaltela.pt\/api\/wp\/v2\/posts\/187649","targetHints":{"allow":["GET"]}}],"collection":[{"href":"https:\/\/portaltela.pt\/api\/wp\/v2\/posts"}],"about":[{"href":"https:\/\/portaltela.pt\/api\/wp\/v2\/types\/post"}],"author":[{"embeddable":true,"href":"https:\/\/portaltela.pt\/api\/wp\/v2\/users\/2"}],"replies":[{"embeddable":true,"href":"https:\/\/portaltela.pt\/api\/wp\/v2\/comments?post=187649"}],"version-history":[{"count":0,"href":"https:\/\/portaltela.pt\/api\/wp\/v2\/posts\/187649\/revisions"}],"wp:featuredmedia":[{"embeddable":true,"href":"https:\/\/portaltela.pt\/api\/wp\/v2\/media\/187659"}],"wp:attachment":[{"href":"https:\/\/portaltela.pt\/api\/wp\/v2\/media?parent=187649"}],"wp:term":[{"taxonomy":"category","embeddable":true,"href":"https:\/\/portaltela.pt\/api\/wp\/v2\/categories?post=187649"},{"taxonomy":"post_tag","embeddable":true,"href":"https:\/\/portaltela.pt\/api\/wp\/v2\/tags?post=187649"}],"curies":[{"name":"wp","href":"https:\/\/api.w.org\/{rel}","templated":true}]}}