{"id":187634,"date":"2026-01-31T16:28:00","date_gmt":"2026-01-31T19:28:00","guid":{"rendered":"https:\/\/portaltela.pt\/noticias\/2026\/01\/31\/protecao-civil-apela-ao-vale-do-mondego-para-se-preparar-para-cheias\/"},"modified":"2026-01-31T16:28:00","modified_gmt":"2026-01-31T19:28:00","slug":"protecao-civil-apela-ao-vale-do-mondego-para-se-preparar-para-cheias","status":"publish","type":"post","link":"https:\/\/portaltela.pt\/noticias\/2026\/01\/31\/protecao-civil-apela-ao-vale-do-mondego-para-se-preparar-para-cheias\/","title":{"rendered":"Prote\u00e7\u00e3o Civil apela ao Vale do Mondego para se preparar para cheias"},"content":{"rendered":"<p>A Prote\u00e7\u00e3o Civil da Regi\u00e3o de Coimbra pediu hoje \u00e0 popula\u00e7\u00e3o do vale do Mondego que se prepare para eventuais cheias. A advert\u00eancia surge na sequ\u00eancia da previs\u00e3o de fortes aguaceiros para a pr\u00f3xima semana e in\u00edcio j\u00e1 no domingo \u00e0 noite.<\/p>\n<p>Segundo o organismo, a precipita\u00e7\u00e3o pode originar inunda\u00e7\u00f5es localizadas em zonas ribeirinhas. As autoridades recomendam monitorizar os canais locais e manter\u00e1 equipamentos de prote\u00e7\u00e3o civil acess\u00edveis.<\/p>\n<p>A alerta abrange comunidades ao longo do Mondego, com especial aten\u00e7\u00e3o para \u00e1reas de risco, habita\u00e7\u00f5es e vias de acesso pr\u00f3ximas ao leito do rio. N\u00e3o houve ainda confirma\u00e7\u00e3o de danos.<\/p>\n<p>Os bombeiros e a prote\u00e7\u00e3o civil destacam a import\u00e2ncia de confirmar rotas de evacua\u00e7\u00e3o e ter itens essenciais, como lanternas, alimenta\u00e7\u00e3o e \u00e1gua, em cada resid\u00eancia.<\/p>\n<p>As autoridades ressaltam que a situa\u00e7\u00e3o pode evoluir conforme as condi\u00e7\u00f5es meteorol\u00f3gicas, e que atualizar\u00e3o a popula\u00e7\u00e3o assim que houver novas informa\u00e7\u00f5es.<\/p>\n","protected":false},"excerpt":{"rendered":"<ul>\n<li>A Prote\u00e7\u00e3o Civil da Regi\u00e3o de Coimbra pediu \u00e0s popula\u00e7\u00f5es do vale do Mondego que se preparem para eventuais cheias.<\/li>\n<li>A alerta resulta da previs\u00e3o de forte precipita\u00e7\u00e3o a partir de domingo \u00e0 noite.<\/li>\n<li>As autoridades referem que as inunda\u00e7\u00f5es s\u00e3o potenciais, podendo depender da evolu\u00e7\u00e3o do tempo.<\/li>\n<li>A comunica\u00e7\u00e3o busca orientar a popula\u00e7\u00e3o para medidas preventivas j\u00e1 na pr\u00f3xima semana.<\/li>\n<\/ul>\n","protected":false},"author":2,"featured_media":0,"comment_status":"closed","ping_status":"closed","sticky":false,"template":"","format":"standard","meta":{"footnotes":""},"categories":[1],"tags":[4917,1070,2817,2293,2410,320],"class_list":["post-187634","post","type-post","status-publish","format-standard","hentry","category-noticias","tag-aguaceiros","tag-coimbra","tag-habitacoes","tag-inundacoes","tag-mondego","tag-protecao-civil"],"yoast_head":"<!-- This site is optimized with the Yoast SEO plugin v27.2 - https:\/\/yoast.com\/product\/yoast-seo-wordpress\/ -->\n<title>Prote\u00e7\u00e3o Civil apela ao Vale do Mondego para se preparar para cheias - Portal Tela Portugal<\/title>\n<meta name=\"robots\" content=\"index, follow, max-snippet:-1, max-image-preview:large, max-video-preview:-1\" \/>\n<meta property=\"og:locale\" content=\"pt_PT\" \/>\n<meta property=\"og:type\" content=\"article\" \/>\n<meta property=\"og:title\" content=\"Prote\u00e7\u00e3o Civil apela ao Vale do Mondego para se preparar para cheias - Portal Tela Portugal\" \/>\n<meta property=\"og:description\" content=\"A Prote\u00e7\u00e3o Civil da Regi\u00e3o de Coimbra pediu \u00e0s popula\u00e7\u00f5es do vale do Mondego que se preparem para eventuais cheias. A alerta resulta da previs\u00e3o de forte precipita\u00e7\u00e3o a partir de domingo \u00e0 noite. As autoridades referem que as inunda\u00e7\u00f5es s\u00e3o potenciais, podendo depender da evolu\u00e7\u00e3o do tempo. A comunica\u00e7\u00e3o busca orientar a popula\u00e7\u00e3o para medidas preventivas j\u00e1 na pr\u00f3xima semana.\" \/>\n<meta property=\"og:url\" content=\"https:\/\/portaltela.pt\/noticias\/2026\/01\/31\/protecao-civil-apela-ao-vale-do-mondego-para-se-preparar-para-cheias\/\" \/>\n<meta property=\"og:site_name\" content=\"Portal Tela Portugal\" \/>\n<meta property=\"article:published_time\" content=\"2026-01-31T19:28:00+00:00\" \/>\n<meta name=\"author\" content=\"Telinha\" \/>\n<meta name=\"twitter:card\" content=\"summary_large_image\" \/>\n<meta name=\"twitter:label1\" content=\"Escrito por\" \/>\n\t<meta name=\"twitter:data1\" content=\"Telinha\" \/>\n\t<meta name=\"twitter:label2\" content=\"Tempo estimado de leitura\" \/>\n\t<meta name=\"twitter:data2\" content=\"1 minuto\" \/>\n<script type=\"application\/ld+json\" class=\"yoast-schema-graph\">{\"@context\":\"https:\/\/schema.org\",\"@graph\":[{\"@type\":\"Article\",\"@id\":\"https:\/\/portaltela.pt\/noticias\/2026\/01\/31\/protecao-civil-apela-ao-vale-do-mondego-para-se-preparar-para-cheias\/#article\",\"isPartOf\":{\"@id\":\"https:\/\/portaltela.pt\/noticias\/2026\/01\/31\/protecao-civil-apela-ao-vale-do-mondego-para-se-preparar-para-cheias\/\"},\"author\":{\"name\":\"Telinha\",\"@id\":\"https:\/\/portaltela.pt\/#\/schema\/person\/c4278d4a6028830caff9ee44b42d32ed\"},\"headline\":\"Prote\u00e7\u00e3o Civil apela ao Vale do Mondego para se preparar para cheias\",\"datePublished\":\"2026-01-31T19:28:00+00:00\",\"mainEntityOfPage\":{\"@id\":\"https:\/\/portaltela.pt\/noticias\/2026\/01\/31\/protecao-civil-apela-ao-vale-do-mondego-para-se-preparar-para-cheias\/\"},\"wordCount\":186,\"keywords\":[\"aguaceiros\",\"Coimbra\",\"habita\u00e7\u00f5es\",\"inunda\u00e7\u00f5es\",\"Mondego\",\"prote\u00e7\u00e3o civil\"],\"articleSection\":[\"Not\u00edcias\"],\"inLanguage\":\"pt-PT\"},{\"@type\":\"WebPage\",\"@id\":\"https:\/\/portaltela.pt\/noticias\/2026\/01\/31\/protecao-civil-apela-ao-vale-do-mondego-para-se-preparar-para-cheias\/\",\"url\":\"https:\/\/portaltela.pt\/noticias\/2026\/01\/31\/protecao-civil-apela-ao-vale-do-mondego-para-se-preparar-para-cheias\/\",\"name\":\"Prote\u00e7\u00e3o Civil apela ao Vale do Mondego para se preparar para cheias - Portal Tela Portugal\",\"isPartOf\":{\"@id\":\"https:\/\/portaltela.pt\/#website\"},\"datePublished\":\"2026-01-31T19:28:00+00:00\",\"author\":{\"@id\":\"https:\/\/portaltela.pt\/#\/schema\/person\/c4278d4a6028830caff9ee44b42d32ed\"},\"breadcrumb\":{\"@id\":\"https:\/\/portaltela.pt\/noticias\/2026\/01\/31\/protecao-civil-apela-ao-vale-do-mondego-para-se-preparar-para-cheias\/#breadcrumb\"},\"inLanguage\":\"pt-PT\",\"potentialAction\":[{\"@type\":\"ReadAction\",\"target\":[\"https:\/\/portaltela.pt\/noticias\/2026\/01\/31\/protecao-civil-apela-ao-vale-do-mondego-para-se-preparar-para-cheias\/\"]}]},{\"@type\":\"BreadcrumbList\",\"@id\":\"https:\/\/portaltela.pt\/noticias\/2026\/01\/31\/protecao-civil-apela-ao-vale-do-mondego-para-se-preparar-para-cheias\/#breadcrumb\",\"itemListElement\":[{\"@type\":\"ListItem\",\"position\":1,\"name\":\"In\u00edcio\",\"item\":\"https:\/\/portaltela.pt\/\"},{\"@type\":\"ListItem\",\"position\":2,\"name\":\"Prote\u00e7\u00e3o Civil apela ao Vale do Mondego para se preparar para cheias\"}]},{\"@type\":\"WebSite\",\"@id\":\"https:\/\/portaltela.pt\/#website\",\"url\":\"https:\/\/portaltela.pt\/\",\"name\":\"Portal Tela Portugal\",\"description\":\"\",\"potentialAction\":[{\"@type\":\"SearchAction\",\"target\":{\"@type\":\"EntryPoint\",\"urlTemplate\":\"https:\/\/portaltela.pt\/?s={search_term_string}\"},\"query-input\":{\"@type\":\"PropertyValueSpecification\",\"valueRequired\":true,\"valueName\":\"search_term_string\"}}],\"inLanguage\":\"pt-PT\"},{\"@type\":\"Person\",\"@id\":\"https:\/\/portaltela.pt\/#\/schema\/person\/c4278d4a6028830caff9ee44b42d32ed\",\"name\":\"Telinha\",\"image\":{\"@type\":\"ImageObject\",\"inLanguage\":\"pt-PT\",\"@id\":\"https:\/\/portaltela.pt\/s.01k8rhncp4jt1\/2025\/11\/talking-bot-125x125.png\",\"url\":\"https:\/\/portaltela.pt\/s.01k8rhncp4jt1\/2025\/11\/talking-bot-125x125.png\",\"contentUrl\":\"https:\/\/portaltela.pt\/s.01k8rhncp4jt1\/2025\/11\/talking-bot-125x125.png\",\"caption\":\"Telinha\"},\"sameAs\":[\"https:\/\/portaltela.pt\/\"],\"url\":\"https:\/\/portaltela.pt\/por\/367410592786\/\"}]}<\/script>\n<!-- \/ Yoast SEO plugin. -->","yoast_head_json":{"title":"Prote\u00e7\u00e3o Civil apela ao Vale do Mondego para se preparar para cheias - Portal Tela Portugal","robots":{"index":"index","follow":"follow","max-snippet":"max-snippet:-1","max-image-preview":"max-image-preview:large","max-video-preview":"max-video-preview:-1"},"og_locale":"pt_PT","og_type":"article","og_title":"Prote\u00e7\u00e3o Civil apela ao Vale do Mondego para se preparar para cheias - Portal Tela Portugal","og_description":"A Prote\u00e7\u00e3o Civil da Regi\u00e3o de Coimbra pediu \u00e0s popula\u00e7\u00f5es do vale do Mondego que se preparem para eventuais cheias. A alerta resulta da previs\u00e3o de forte precipita\u00e7\u00e3o a partir de domingo \u00e0 noite. As autoridades referem que as inunda\u00e7\u00f5es s\u00e3o potenciais, podendo depender da evolu\u00e7\u00e3o do tempo. A comunica\u00e7\u00e3o busca orientar a popula\u00e7\u00e3o para medidas preventivas j\u00e1 na pr\u00f3xima semana.","og_url":"https:\/\/portaltela.pt\/noticias\/2026\/01\/31\/protecao-civil-apela-ao-vale-do-mondego-para-se-preparar-para-cheias\/","og_site_name":"Portal Tela Portugal","article_published_time":"2026-01-31T19:28:00+00:00","author":"Telinha","twitter_card":"summary_large_image","twitter_misc":{"Escrito por":"Telinha","Tempo estimado de leitura":"1 minuto"},"schema":{"@context":"https:\/\/schema.org","@graph":[{"@type":"Article","@id":"https:\/\/portaltela.pt\/noticias\/2026\/01\/31\/protecao-civil-apela-ao-vale-do-mondego-para-se-preparar-para-cheias\/#article","isPartOf":{"@id":"https:\/\/portaltela.pt\/noticias\/2026\/01\/31\/protecao-civil-apela-ao-vale-do-mondego-para-se-preparar-para-cheias\/"},"author":{"name":"Telinha","@id":"https:\/\/portaltela.pt\/#\/schema\/person\/c4278d4a6028830caff9ee44b42d32ed"},"headline":"Prote\u00e7\u00e3o Civil apela ao Vale do Mondego para se preparar para cheias","datePublished":"2026-01-31T19:28:00+00:00","mainEntityOfPage":{"@id":"https:\/\/portaltela.pt\/noticias\/2026\/01\/31\/protecao-civil-apela-ao-vale-do-mondego-para-se-preparar-para-cheias\/"},"wordCount":186,"keywords":["aguaceiros","Coimbra","habita\u00e7\u00f5es","inunda\u00e7\u00f5es","Mondego","prote\u00e7\u00e3o civil"],"articleSection":["Not\u00edcias"],"inLanguage":"pt-PT"},{"@type":"WebPage","@id":"https:\/\/portaltela.pt\/noticias\/2026\/01\/31\/protecao-civil-apela-ao-vale-do-mondego-para-se-preparar-para-cheias\/","url":"https:\/\/portaltela.pt\/noticias\/2026\/01\/31\/protecao-civil-apela-ao-vale-do-mondego-para-se-preparar-para-cheias\/","name":"Prote\u00e7\u00e3o Civil apela ao Vale do Mondego para se preparar para cheias - Portal Tela Portugal","isPartOf":{"@id":"https:\/\/portaltela.pt\/#website"},"datePublished":"2026-01-31T19:28:00+00:00","author":{"@id":"https:\/\/portaltela.pt\/#\/schema\/person\/c4278d4a6028830caff9ee44b42d32ed"},"breadcrumb":{"@id":"https:\/\/portaltela.pt\/noticias\/2026\/01\/31\/protecao-civil-apela-ao-vale-do-mondego-para-se-preparar-para-cheias\/#breadcrumb"},"inLanguage":"pt-PT","potentialAction":[{"@type":"ReadAction","target":["https:\/\/portaltela.pt\/noticias\/2026\/01\/31\/protecao-civil-apela-ao-vale-do-mondego-para-se-preparar-para-cheias\/"]}]},{"@type":"BreadcrumbList","@id":"https:\/\/portaltela.pt\/noticias\/2026\/01\/31\/protecao-civil-apela-ao-vale-do-mondego-para-se-preparar-para-cheias\/#breadcrumb","itemListElement":[{"@type":"ListItem","position":1,"name":"In\u00edcio","item":"https:\/\/portaltela.pt\/"},{"@type":"ListItem","position":2,"name":"Prote\u00e7\u00e3o Civil apela ao Vale do Mondego para se preparar para cheias"}]},{"@type":"WebSite","@id":"https:\/\/portaltela.pt\/#website","url":"https:\/\/portaltela.pt\/","name":"Portal Tela Portugal","description":"","potentialAction":[{"@type":"SearchAction","target":{"@type":"EntryPoint","urlTemplate":"https:\/\/portaltela.pt\/?s={search_term_string}"},"query-input":{"@type":"PropertyValueSpecification","valueRequired":true,"valueName":"search_term_string"}}],"inLanguage":"pt-PT"},{"@type":"Person","@id":"https:\/\/portaltela.pt\/#\/schema\/person\/c4278d4a6028830caff9ee44b42d32ed","name":"Telinha","image":{"@type":"ImageObject","inLanguage":"pt-PT","@id":"https:\/\/portaltela.pt\/s.01k8rhncp4jt1\/2025\/11\/talking-bot-125x125.png","url":"https:\/\/portaltela.pt\/s.01k8rhncp4jt1\/2025\/11\/talking-bot-125x125.png","contentUrl":"https:\/\/portaltela.pt\/s.01k8rhncp4jt1\/2025\/11\/talking-bot-125x125.png","caption":"Telinha"},"sameAs":["https:\/\/portaltela.pt\/"],"url":"https:\/\/portaltela.pt\/por\/367410592786\/"}]}},"_links":{"self":[{"href":"https:\/\/portaltela.pt\/api\/wp\/v2\/posts\/187634","targetHints":{"allow":["GET"]}}],"collection":[{"href":"https:\/\/portaltela.pt\/api\/wp\/v2\/posts"}],"about":[{"href":"https:\/\/portaltela.pt\/api\/wp\/v2\/types\/post"}],"author":[{"embeddable":true,"href":"https:\/\/portaltela.pt\/api\/wp\/v2\/users\/2"}],"replies":[{"embeddable":true,"href":"https:\/\/portaltela.pt\/api\/wp\/v2\/comments?post=187634"}],"version-history":[{"count":0,"href":"https:\/\/portaltela.pt\/api\/wp\/v2\/posts\/187634\/revisions"}],"wp:attachment":[{"href":"https:\/\/portaltela.pt\/api\/wp\/v2\/media?parent=187634"}],"wp:term":[{"taxonomy":"category","embeddable":true,"href":"https:\/\/portaltela.pt\/api\/wp\/v2\/categories?post=187634"},{"taxonomy":"post_tag","embeddable":true,"href":"https:\/\/portaltela.pt\/api\/wp\/v2\/tags?post=187634"}],"curies":[{"name":"wp","href":"https:\/\/api.w.org\/{rel}","templated":true}]}}