{"id":187625,"date":"2026-01-31T19:02:00","date_gmt":"2026-01-31T22:02:00","guid":{"rendered":"https:\/\/portaltela.pt\/noticias\/2026\/01\/31\/sopa-da-pedra-solidaria-une-sete-cidades\/"},"modified":"2026-01-31T19:02:00","modified_gmt":"2026-01-31T22:02:00","slug":"sopa-da-pedra-solidaria-une-sete-cidades","status":"publish","type":"post","link":"https:\/\/portaltela.pt\/noticias\/2026\/01\/31\/sopa-da-pedra-solidaria-une-sete-cidades\/","title":{"rendered":"Sopa da Pedra Solid\u00e1ria une sete cidades"},"content":{"rendered":"<p>A Sopa da Pedra Solid\u00e1ria regressou este s\u00e1bado, reunindo sete cidades numa edi\u00e7\u00e3o simult\u00e2nea. Vila Nova de Gaia, Estarreja, Coimbra, Almeirim, Amadora, \u00c9vora e Portim\u00e3o receberam a iniciativa. O objetivo foi distribuir mais de 3800 refei\u00e7\u00f5es solid\u00e1rias a pessoas e institui\u00e7\u00f5es em vulnerabilidade.<\/p>\n<p>Promovida pela Confraria Gastron\u00f3mica de Almeirim, em parceria com confrarias, volunt\u00e1rios, empresas e institui\u00e7\u00f5es locais, a a\u00e7\u00e3o refor\u00e7a o papel da gastronomia na solidariedade. A orienta\u00e7\u00e3o \u00e9 coordenar esfor\u00e7os para apoiar quem mais precisa.<\/p>\n<p>A iniciativa associa uma das receitas mais emblem\u00e1ticas da cozinha portuguesa a uma interven\u00e7\u00e3o social concreta, promovendo o conv\u00edvio e o apoio comunit\u00e1rio.<\/p>\n<h3>Organiza\u00e7\u00e3o e Alcance<\/h3>\n<p>A coordena\u00e7\u00e3o ficou a cargo da Confraria de Almeirim, em rede com confrarias parceiras, volunt\u00e1rios, empresas e institui\u00e7\u00f5es locais.<\/p>\n<p>Para a edi\u00e7\u00e3o, foram mobilizados recursos de cozinha, log\u00edstica e transportes, assegurando a distribui\u00e7\u00e3o em cada cidade.<\/p>\n<p>A iniciativa envolve dezenas de volunt\u00e1rios e entidades parceiras, com o objetivo de manter e ampliar o alcance nas comunidades envolvidas.<\/p>\n","protected":false},"excerpt":{"rendered":"<ul>\n<li>A Sopa da Pedra Solid\u00e1ria regressou este s\u00e1bado, na segunda edi\u00e7\u00e3o, reunindo sete cidades: Vila Nova de Gaia, Estarreja, Coimbra, Almeirim, Amadora, \u00c9vora e Portim\u00e3o.<\/li>\n<li>O objetivo \u00e9 distribuir mais de 3 800 refei\u00e7\u00f5es solid\u00e1rias a pessoas e institui\u00e7\u00f5es em situa\u00e7\u00e3o de vulnerabilidade.<\/li>\n<li>A iniciativa \u00e9 promovida pela Confraria Gastron\u00f3mica de Almeirim, em articula\u00e7\u00e3o com confrarias parceiras, volunt\u00e1rios, empresas e institui\u00e7\u00f5es locais.<\/li>\n<li>Trata-se de uma a\u00e7\u00e3o coordenada que envolve a tradi\u00e7\u00e3o gastron\u00f3mica portuguesa como refer\u00eancia central.<\/li>\n<\/ul>\n","protected":false},"author":2,"featured_media":187631,"comment_status":"closed","ping_status":"closed","sticky":false,"template":"","format":"standard","meta":{"footnotes":""},"categories":[1],"tags":[1084,3820,3035,4975,219,3266],"class_list":["post-187625","post","type-post","status-publish","format-standard","has-post-thumbnail","hentry","category-noticias","tag-acao-social","tag-acoes-comunitarias","tag-comunidade","tag-confrarias","tag-gastronomia","tag-voluntariado-apoiado"],"yoast_head":"<!-- This site is optimized with the Yoast SEO plugin v27.2 - https:\/\/yoast.com\/product\/yoast-seo-wordpress\/ -->\n<title>Sopa da Pedra Solid\u00e1ria une sete cidades - Portal Tela Portugal<\/title>\n<meta name=\"robots\" content=\"index, follow, max-snippet:-1, max-image-preview:large, max-video-preview:-1\" \/>\n<meta property=\"og:locale\" content=\"pt_PT\" \/>\n<meta property=\"og:type\" content=\"article\" \/>\n<meta property=\"og:title\" content=\"Sopa da Pedra Solid\u00e1ria une sete cidades - Portal Tela Portugal\" \/>\n<meta property=\"og:description\" content=\"A Sopa da Pedra Solid\u00e1ria regressou este s\u00e1bado, na segunda edi\u00e7\u00e3o, reunindo sete cidades: Vila Nova de Gaia, Estarreja, Coimbra, Almeirim, Amadora, \u00c9vora e Portim\u00e3o. O objetivo \u00e9 distribuir mais de 3 800 refei\u00e7\u00f5es solid\u00e1rias a pessoas e institui\u00e7\u00f5es em situa\u00e7\u00e3o de vulnerabilidade. A iniciativa \u00e9 promovida pela Confraria Gastron\u00f3mica de Almeirim, em articula\u00e7\u00e3o com confrarias parceiras, volunt\u00e1rios, empresas e institui\u00e7\u00f5es locais. Trata-se de uma a\u00e7\u00e3o coordenada que envolve a tradi\u00e7\u00e3o gastron\u00f3mica portuguesa como refer\u00eancia central.\" \/>\n<meta property=\"og:url\" content=\"https:\/\/portaltela.pt\/noticias\/2026\/01\/31\/sopa-da-pedra-solidaria-une-sete-cidades\/\" \/>\n<meta property=\"og:site_name\" content=\"Portal Tela Portugal\" \/>\n<meta property=\"article:published_time\" content=\"2026-01-31T22:02:00+00:00\" \/>\n<meta name=\"author\" content=\"Telinha\" \/>\n<meta name=\"twitter:card\" content=\"summary_large_image\" \/>\n<meta name=\"twitter:label1\" content=\"Escrito por\" \/>\n\t<meta name=\"twitter:data1\" content=\"Telinha\" \/>\n\t<meta name=\"twitter:label2\" content=\"Tempo estimado de leitura\" \/>\n\t<meta name=\"twitter:data2\" content=\"1 minuto\" \/>\n<script type=\"application\/ld+json\" class=\"yoast-schema-graph\">{\"@context\":\"https:\/\/schema.org\",\"@graph\":[{\"@type\":\"Article\",\"@id\":\"https:\/\/portaltela.pt\/noticias\/2026\/01\/31\/sopa-da-pedra-solidaria-une-sete-cidades\/#article\",\"isPartOf\":{\"@id\":\"https:\/\/portaltela.pt\/noticias\/2026\/01\/31\/sopa-da-pedra-solidaria-une-sete-cidades\/\"},\"author\":{\"name\":\"Telinha\",\"@id\":\"https:\/\/portaltela.pt\/#\/schema\/person\/c4278d4a6028830caff9ee44b42d32ed\"},\"headline\":\"Sopa da Pedra Solid\u00e1ria une sete cidades\",\"datePublished\":\"2026-01-31T22:02:00+00:00\",\"mainEntityOfPage\":{\"@id\":\"https:\/\/portaltela.pt\/noticias\/2026\/01\/31\/sopa-da-pedra-solidaria-une-sete-cidades\/\"},\"wordCount\":193,\"image\":{\"@id\":\"https:\/\/portaltela.pt\/noticias\/2026\/01\/31\/sopa-da-pedra-solidaria-une-sete-cidades\/#primaryimage\"},\"thumbnailUrl\":\"https:\/\/portaltela.pt\/s.01k8rhncp4jt1\/2026\/01\/image-2219.jpg\",\"keywords\":[\"A\u00e7\u00e3o Social\",\"a\u00e7\u00f5es comunit\u00e1rias\",\"comunidade\",\"confrarias\",\"gastronomia\",\"Voluntariado Apoiado\"],\"articleSection\":[\"Not\u00edcias\"],\"inLanguage\":\"pt-PT\"},{\"@type\":\"WebPage\",\"@id\":\"https:\/\/portaltela.pt\/noticias\/2026\/01\/31\/sopa-da-pedra-solidaria-une-sete-cidades\/\",\"url\":\"https:\/\/portaltela.pt\/noticias\/2026\/01\/31\/sopa-da-pedra-solidaria-une-sete-cidades\/\",\"name\":\"Sopa da Pedra Solid\u00e1ria une sete cidades - Portal Tela Portugal\",\"isPartOf\":{\"@id\":\"https:\/\/portaltela.pt\/#website\"},\"primaryImageOfPage\":{\"@id\":\"https:\/\/portaltela.pt\/noticias\/2026\/01\/31\/sopa-da-pedra-solidaria-une-sete-cidades\/#primaryimage\"},\"image\":{\"@id\":\"https:\/\/portaltela.pt\/noticias\/2026\/01\/31\/sopa-da-pedra-solidaria-une-sete-cidades\/#primaryimage\"},\"thumbnailUrl\":\"https:\/\/portaltela.pt\/s.01k8rhncp4jt1\/2026\/01\/image-2219.jpg\",\"datePublished\":\"2026-01-31T22:02:00+00:00\",\"author\":{\"@id\":\"https:\/\/portaltela.pt\/#\/schema\/person\/c4278d4a6028830caff9ee44b42d32ed\"},\"breadcrumb\":{\"@id\":\"https:\/\/portaltela.pt\/noticias\/2026\/01\/31\/sopa-da-pedra-solidaria-une-sete-cidades\/#breadcrumb\"},\"inLanguage\":\"pt-PT\",\"potentialAction\":[{\"@type\":\"ReadAction\",\"target\":[\"https:\/\/portaltela.pt\/noticias\/2026\/01\/31\/sopa-da-pedra-solidaria-une-sete-cidades\/\"]}]},{\"@type\":\"ImageObject\",\"inLanguage\":\"pt-PT\",\"@id\":\"https:\/\/portaltela.pt\/noticias\/2026\/01\/31\/sopa-da-pedra-solidaria-une-sete-cidades\/#primaryimage\",\"url\":\"https:\/\/portaltela.pt\/s.01k8rhncp4jt1\/2026\/01\/image-2219.jpg\",\"contentUrl\":\"https:\/\/portaltela.pt\/s.01k8rhncp4jt1\/2026\/01\/image-2219.jpg\",\"width\":796,\"height\":448,\"caption\":\"Objetivo era distribuir 3800 refei\u00e7\u00f5es\"},{\"@type\":\"BreadcrumbList\",\"@id\":\"https:\/\/portaltela.pt\/noticias\/2026\/01\/31\/sopa-da-pedra-solidaria-une-sete-cidades\/#breadcrumb\",\"itemListElement\":[{\"@type\":\"ListItem\",\"position\":1,\"name\":\"In\u00edcio\",\"item\":\"https:\/\/portaltela.pt\/\"},{\"@type\":\"ListItem\",\"position\":2,\"name\":\"Sopa da Pedra Solid\u00e1ria une sete cidades\"}]},{\"@type\":\"WebSite\",\"@id\":\"https:\/\/portaltela.pt\/#website\",\"url\":\"https:\/\/portaltela.pt\/\",\"name\":\"Portal Tela Portugal\",\"description\":\"\",\"potentialAction\":[{\"@type\":\"SearchAction\",\"target\":{\"@type\":\"EntryPoint\",\"urlTemplate\":\"https:\/\/portaltela.pt\/?s={search_term_string}\"},\"query-input\":{\"@type\":\"PropertyValueSpecification\",\"valueRequired\":true,\"valueName\":\"search_term_string\"}}],\"inLanguage\":\"pt-PT\"},{\"@type\":\"Person\",\"@id\":\"https:\/\/portaltela.pt\/#\/schema\/person\/c4278d4a6028830caff9ee44b42d32ed\",\"name\":\"Telinha\",\"image\":{\"@type\":\"ImageObject\",\"inLanguage\":\"pt-PT\",\"@id\":\"https:\/\/portaltela.pt\/s.01k8rhncp4jt1\/2025\/11\/talking-bot-125x125.png\",\"url\":\"https:\/\/portaltela.pt\/s.01k8rhncp4jt1\/2025\/11\/talking-bot-125x125.png\",\"contentUrl\":\"https:\/\/portaltela.pt\/s.01k8rhncp4jt1\/2025\/11\/talking-bot-125x125.png\",\"caption\":\"Telinha\"},\"sameAs\":[\"https:\/\/portaltela.pt\/\"],\"url\":\"https:\/\/portaltela.pt\/por\/367410592786\/\"}]}<\/script>\n<!-- \/ Yoast SEO plugin. -->","yoast_head_json":{"title":"Sopa da Pedra Solid\u00e1ria une sete cidades - Portal Tela Portugal","robots":{"index":"index","follow":"follow","max-snippet":"max-snippet:-1","max-image-preview":"max-image-preview:large","max-video-preview":"max-video-preview:-1"},"og_locale":"pt_PT","og_type":"article","og_title":"Sopa da Pedra Solid\u00e1ria une sete cidades - Portal Tela Portugal","og_description":"A Sopa da Pedra Solid\u00e1ria regressou este s\u00e1bado, na segunda edi\u00e7\u00e3o, reunindo sete cidades: Vila Nova de Gaia, Estarreja, Coimbra, Almeirim, Amadora, \u00c9vora e Portim\u00e3o. O objetivo \u00e9 distribuir mais de 3 800 refei\u00e7\u00f5es solid\u00e1rias a pessoas e institui\u00e7\u00f5es em situa\u00e7\u00e3o de vulnerabilidade. A iniciativa \u00e9 promovida pela Confraria Gastron\u00f3mica de Almeirim, em articula\u00e7\u00e3o com confrarias parceiras, volunt\u00e1rios, empresas e institui\u00e7\u00f5es locais. Trata-se de uma a\u00e7\u00e3o coordenada que envolve a tradi\u00e7\u00e3o gastron\u00f3mica portuguesa como refer\u00eancia central.","og_url":"https:\/\/portaltela.pt\/noticias\/2026\/01\/31\/sopa-da-pedra-solidaria-une-sete-cidades\/","og_site_name":"Portal Tela Portugal","article_published_time":"2026-01-31T22:02:00+00:00","author":"Telinha","twitter_card":"summary_large_image","twitter_misc":{"Escrito por":"Telinha","Tempo estimado de leitura":"1 minuto"},"schema":{"@context":"https:\/\/schema.org","@graph":[{"@type":"Article","@id":"https:\/\/portaltela.pt\/noticias\/2026\/01\/31\/sopa-da-pedra-solidaria-une-sete-cidades\/#article","isPartOf":{"@id":"https:\/\/portaltela.pt\/noticias\/2026\/01\/31\/sopa-da-pedra-solidaria-une-sete-cidades\/"},"author":{"name":"Telinha","@id":"https:\/\/portaltela.pt\/#\/schema\/person\/c4278d4a6028830caff9ee44b42d32ed"},"headline":"Sopa da Pedra Solid\u00e1ria une sete cidades","datePublished":"2026-01-31T22:02:00+00:00","mainEntityOfPage":{"@id":"https:\/\/portaltela.pt\/noticias\/2026\/01\/31\/sopa-da-pedra-solidaria-une-sete-cidades\/"},"wordCount":193,"image":{"@id":"https:\/\/portaltela.pt\/noticias\/2026\/01\/31\/sopa-da-pedra-solidaria-une-sete-cidades\/#primaryimage"},"thumbnailUrl":"https:\/\/portaltela.pt\/s.01k8rhncp4jt1\/2026\/01\/image-2219.jpg","keywords":["A\u00e7\u00e3o Social","a\u00e7\u00f5es comunit\u00e1rias","comunidade","confrarias","gastronomia","Voluntariado Apoiado"],"articleSection":["Not\u00edcias"],"inLanguage":"pt-PT"},{"@type":"WebPage","@id":"https:\/\/portaltela.pt\/noticias\/2026\/01\/31\/sopa-da-pedra-solidaria-une-sete-cidades\/","url":"https:\/\/portaltela.pt\/noticias\/2026\/01\/31\/sopa-da-pedra-solidaria-une-sete-cidades\/","name":"Sopa da Pedra Solid\u00e1ria une sete cidades - Portal Tela Portugal","isPartOf":{"@id":"https:\/\/portaltela.pt\/#website"},"primaryImageOfPage":{"@id":"https:\/\/portaltela.pt\/noticias\/2026\/01\/31\/sopa-da-pedra-solidaria-une-sete-cidades\/#primaryimage"},"image":{"@id":"https:\/\/portaltela.pt\/noticias\/2026\/01\/31\/sopa-da-pedra-solidaria-une-sete-cidades\/#primaryimage"},"thumbnailUrl":"https:\/\/portaltela.pt\/s.01k8rhncp4jt1\/2026\/01\/image-2219.jpg","datePublished":"2026-01-31T22:02:00+00:00","author":{"@id":"https:\/\/portaltela.pt\/#\/schema\/person\/c4278d4a6028830caff9ee44b42d32ed"},"breadcrumb":{"@id":"https:\/\/portaltela.pt\/noticias\/2026\/01\/31\/sopa-da-pedra-solidaria-une-sete-cidades\/#breadcrumb"},"inLanguage":"pt-PT","potentialAction":[{"@type":"ReadAction","target":["https:\/\/portaltela.pt\/noticias\/2026\/01\/31\/sopa-da-pedra-solidaria-une-sete-cidades\/"]}]},{"@type":"ImageObject","inLanguage":"pt-PT","@id":"https:\/\/portaltela.pt\/noticias\/2026\/01\/31\/sopa-da-pedra-solidaria-une-sete-cidades\/#primaryimage","url":"https:\/\/portaltela.pt\/s.01k8rhncp4jt1\/2026\/01\/image-2219.jpg","contentUrl":"https:\/\/portaltela.pt\/s.01k8rhncp4jt1\/2026\/01\/image-2219.jpg","width":796,"height":448,"caption":"Objetivo era distribuir 3800 refei\u00e7\u00f5es"},{"@type":"BreadcrumbList","@id":"https:\/\/portaltela.pt\/noticias\/2026\/01\/31\/sopa-da-pedra-solidaria-une-sete-cidades\/#breadcrumb","itemListElement":[{"@type":"ListItem","position":1,"name":"In\u00edcio","item":"https:\/\/portaltela.pt\/"},{"@type":"ListItem","position":2,"name":"Sopa da Pedra Solid\u00e1ria une sete cidades"}]},{"@type":"WebSite","@id":"https:\/\/portaltela.pt\/#website","url":"https:\/\/portaltela.pt\/","name":"Portal Tela Portugal","description":"","potentialAction":[{"@type":"SearchAction","target":{"@type":"EntryPoint","urlTemplate":"https:\/\/portaltela.pt\/?s={search_term_string}"},"query-input":{"@type":"PropertyValueSpecification","valueRequired":true,"valueName":"search_term_string"}}],"inLanguage":"pt-PT"},{"@type":"Person","@id":"https:\/\/portaltela.pt\/#\/schema\/person\/c4278d4a6028830caff9ee44b42d32ed","name":"Telinha","image":{"@type":"ImageObject","inLanguage":"pt-PT","@id":"https:\/\/portaltela.pt\/s.01k8rhncp4jt1\/2025\/11\/talking-bot-125x125.png","url":"https:\/\/portaltela.pt\/s.01k8rhncp4jt1\/2025\/11\/talking-bot-125x125.png","contentUrl":"https:\/\/portaltela.pt\/s.01k8rhncp4jt1\/2025\/11\/talking-bot-125x125.png","caption":"Telinha"},"sameAs":["https:\/\/portaltela.pt\/"],"url":"https:\/\/portaltela.pt\/por\/367410592786\/"}]}},"_links":{"self":[{"href":"https:\/\/portaltela.pt\/api\/wp\/v2\/posts\/187625","targetHints":{"allow":["GET"]}}],"collection":[{"href":"https:\/\/portaltela.pt\/api\/wp\/v2\/posts"}],"about":[{"href":"https:\/\/portaltela.pt\/api\/wp\/v2\/types\/post"}],"author":[{"embeddable":true,"href":"https:\/\/portaltela.pt\/api\/wp\/v2\/users\/2"}],"replies":[{"embeddable":true,"href":"https:\/\/portaltela.pt\/api\/wp\/v2\/comments?post=187625"}],"version-history":[{"count":0,"href":"https:\/\/portaltela.pt\/api\/wp\/v2\/posts\/187625\/revisions"}],"wp:featuredmedia":[{"embeddable":true,"href":"https:\/\/portaltela.pt\/api\/wp\/v2\/media\/187631"}],"wp:attachment":[{"href":"https:\/\/portaltela.pt\/api\/wp\/v2\/media?parent=187625"}],"wp:term":[{"taxonomy":"category","embeddable":true,"href":"https:\/\/portaltela.pt\/api\/wp\/v2\/categories?post=187625"},{"taxonomy":"post_tag","embeddable":true,"href":"https:\/\/portaltela.pt\/api\/wp\/v2\/tags?post=187625"}],"curies":[{"name":"wp","href":"https:\/\/api.w.org\/{rel}","templated":true}]}}