{"id":187616,"date":"2026-01-31T18:44:00","date_gmt":"2026-01-31T21:44:00","guid":{"rendered":"https:\/\/portaltela.pt\/noticias\/2026\/01\/31\/detido-na-lourinha-suspeito-de-homicidio-de-agente-imobiliaria-desaparecida\/"},"modified":"2026-01-31T18:44:00","modified_gmt":"2026-01-31T21:44:00","slug":"detido-na-lourinha-suspeito-de-homicidio-de-agente-imobiliaria-desaparecida","status":"publish","type":"post","link":"https:\/\/portaltela.pt\/noticias\/2026\/01\/31\/detido-na-lourinha-suspeito-de-homicidio-de-agente-imobiliaria-desaparecida\/","title":{"rendered":"Detido na Lourinh\u00e3 suspeito de homic\u00eddio de agente imobili\u00e1ria desaparecida"},"content":{"rendered":"<p>A Pol\u00edcia Judici\u00e1ria deteve este s\u00e1bado, na Lourinh\u00e3, um homem suspeito do homic\u00eddio de uma agente imobili\u00e1ria que est\u00e1 desaparecida desde 19 de janeiro. A opera\u00e7\u00e3o foi realizada pela Unidade Nacional de Contraterrorismo, com um mandado de deten\u00e7\u00e3o fora de flagrante delito.<\/p>\n<p>Durante a busca domicili\u00e1ria, foram encontrados vest\u00edgios hem\u00e1ticos relevantes na resid\u00eancia do suspeito, que corroboram as fortes suspeitas. A investiga\u00e7\u00e3o desenvolveu-se de forma c\u00e9lere e ininterrupta para identificar o alegado autor do crime.<\/p>\n<h3>Dilig\u00eancias e pr\u00f3ximos passos<\/h3>\n<p>A PJ vai promover dilig\u00eancias com vista ao levantamento do cad\u00e1ver do local onde foi ocultado o corpo. A deten\u00e7\u00e3o ocorreu ao abrigo do mandado emitido pelo MP.<\/p>\n<p>O suspeito ser\u00e1 presente \u00e0s autoridades para o primeiro interrogat\u00f3rio judicial e eventual aplica\u00e7\u00e3o de medidas de coa\u00e7\u00e3o. A investiga\u00e7\u00e3o visa apurar plenamente as circunst\u00e2ncias do crime.<\/p>\n<h3>Continuidade da investiga\u00e7\u00e3o<\/h3>\n<p>A PJ mant\u00e9m o foco na recolha de provas e na confirma\u00e7\u00e3o de factos relevantes para o inqu\u00e9rito, sem adiantar conclus\u00f5es. A defesa de todas as partes n\u00e3o \u00e9 ainda conhecida publicamente.<\/p>\n","protected":false},"excerpt":{"rendered":"<ul>\n<li>A Pol\u00edcia Judici\u00e1ria deteve, na Lourinh\u00e3, um homem suspeito de homic\u00eddio de uma agente imobili\u00e1ria desaparecida h\u00e1 12 dias.<\/li>\n<li>A deten\u00e7\u00e3o ocorreu durante uma opera\u00e7\u00e3o da Unidade Nacional de Contratterrorismo, com busca domicili\u00e1ria na resid\u00eancia do suspeito.<\/li>\n<li>Vest\u00edgios hem\u00e1ticos encontrados na casa corroboraram as fortes suspeitas sobre o autor do crime.<\/li>\n<li>A PJ vai realizar dilig\u00eancias para levantar o cad\u00e1ver do local onde esteve esconderdo.<\/li>\n<li>O suspeito foi constitu\u00eddo arguido e dever\u00e1 ser presente a tribunal para o primeiro interrogat\u00f3rio, com a continua\u00e7\u00e3o da investiga\u00e7\u00e3o para apurar as circunst\u00e2ncias do crime.<\/li>\n<\/ul>\n","protected":false},"author":2,"featured_media":187627,"comment_status":"closed","ping_status":"closed","sticky":false,"template":"","format":"standard","meta":{"footnotes":""},"categories":[1],"tags":[147,1345,228,217,294,1802],"class_list":["post-187616","post","type-post","status-publish","format-standard","has-post-thumbnail","hentry","category-noticias","tag-crime","tag-homicidio","tag-imobiliario","tag-investigacao-criminal","tag-ocultacao-de-cadaver","tag-policia-judiciaria"],"yoast_head":"<!-- This site is optimized with the Yoast SEO plugin v27.2 - https:\/\/yoast.com\/product\/yoast-seo-wordpress\/ -->\n<title>Detido na Lourinh\u00e3 suspeito de homic\u00eddio de agente imobili\u00e1ria desaparecida - Portal Tela Portugal<\/title>\n<meta name=\"robots\" content=\"index, follow, max-snippet:-1, max-image-preview:large, max-video-preview:-1\" \/>\n<meta property=\"og:locale\" content=\"pt_PT\" \/>\n<meta property=\"og:type\" content=\"article\" \/>\n<meta property=\"og:title\" content=\"Detido na Lourinh\u00e3 suspeito de homic\u00eddio de agente imobili\u00e1ria desaparecida - Portal Tela Portugal\" \/>\n<meta property=\"og:description\" content=\"A Pol\u00edcia Judici\u00e1ria deteve, na Lourinh\u00e3, um homem suspeito de homic\u00eddio de uma agente imobili\u00e1ria desaparecida h\u00e1 12 dias. A deten\u00e7\u00e3o ocorreu durante uma opera\u00e7\u00e3o da Unidade Nacional de Contratterrorismo, com busca domicili\u00e1ria na resid\u00eancia do suspeito. Vest\u00edgios hem\u00e1ticos encontrados na casa corroboraram as fortes suspeitas sobre o autor do crime. A PJ vai realizar dilig\u00eancias para levantar o cad\u00e1ver do local onde esteve esconderdo. O suspeito foi constitu\u00eddo arguido e dever\u00e1 ser presente a tribunal para o primeiro interrogat\u00f3rio, com a continua\u00e7\u00e3o da investiga\u00e7\u00e3o para apurar as circunst\u00e2ncias do crime.\" \/>\n<meta property=\"og:url\" content=\"https:\/\/portaltela.pt\/noticias\/2026\/01\/31\/detido-na-lourinha-suspeito-de-homicidio-de-agente-imobiliaria-desaparecida\/\" \/>\n<meta property=\"og:site_name\" content=\"Portal Tela Portugal\" \/>\n<meta property=\"article:published_time\" content=\"2026-01-31T21:44:00+00:00\" \/>\n<meta name=\"author\" content=\"Telinha\" \/>\n<meta name=\"twitter:card\" content=\"summary_large_image\" \/>\n<meta name=\"twitter:label1\" content=\"Escrito por\" \/>\n\t<meta name=\"twitter:data1\" content=\"Telinha\" \/>\n\t<meta name=\"twitter:label2\" content=\"Tempo estimado de leitura\" \/>\n\t<meta name=\"twitter:data2\" content=\"1 minuto\" \/>\n<script type=\"application\/ld+json\" class=\"yoast-schema-graph\">{\"@context\":\"https:\/\/schema.org\",\"@graph\":[{\"@type\":\"Article\",\"@id\":\"https:\/\/portaltela.pt\/noticias\/2026\/01\/31\/detido-na-lourinha-suspeito-de-homicidio-de-agente-imobiliaria-desaparecida\/#article\",\"isPartOf\":{\"@id\":\"https:\/\/portaltela.pt\/noticias\/2026\/01\/31\/detido-na-lourinha-suspeito-de-homicidio-de-agente-imobiliaria-desaparecida\/\"},\"author\":{\"name\":\"Telinha\",\"@id\":\"https:\/\/portaltela.pt\/#\/schema\/person\/c4278d4a6028830caff9ee44b42d32ed\"},\"headline\":\"Detido na Lourinh\u00e3 suspeito de homic\u00eddio de agente imobili\u00e1ria desaparecida\",\"datePublished\":\"2026-01-31T21:44:00+00:00\",\"mainEntityOfPage\":{\"@id\":\"https:\/\/portaltela.pt\/noticias\/2026\/01\/31\/detido-na-lourinha-suspeito-de-homicidio-de-agente-imobiliaria-desaparecida\/\"},\"wordCount\":208,\"image\":{\"@id\":\"https:\/\/portaltela.pt\/noticias\/2026\/01\/31\/detido-na-lourinha-suspeito-de-homicidio-de-agente-imobiliaria-desaparecida\/#primaryimage\"},\"thumbnailUrl\":\"https:\/\/portaltela.pt\/s.01k8rhncp4jt1\/2026\/01\/2063374.jpg\",\"keywords\":[\"crime\",\"homic\u00eddio\",\"imobili\u00e1rio\",\"investiga\u00e7\u00e3o criminal\",\"oculta\u00e7\u00e3o de cad\u00e1ver\",\"Pol\u00edcia Judici\u00e1ria\"],\"articleSection\":[\"Not\u00edcias\"],\"inLanguage\":\"pt-PT\"},{\"@type\":\"WebPage\",\"@id\":\"https:\/\/portaltela.pt\/noticias\/2026\/01\/31\/detido-na-lourinha-suspeito-de-homicidio-de-agente-imobiliaria-desaparecida\/\",\"url\":\"https:\/\/portaltela.pt\/noticias\/2026\/01\/31\/detido-na-lourinha-suspeito-de-homicidio-de-agente-imobiliaria-desaparecida\/\",\"name\":\"Detido na Lourinh\u00e3 suspeito de homic\u00eddio de agente imobili\u00e1ria desaparecida - Portal Tela Portugal\",\"isPartOf\":{\"@id\":\"https:\/\/portaltela.pt\/#website\"},\"primaryImageOfPage\":{\"@id\":\"https:\/\/portaltela.pt\/noticias\/2026\/01\/31\/detido-na-lourinha-suspeito-de-homicidio-de-agente-imobiliaria-desaparecida\/#primaryimage\"},\"image\":{\"@id\":\"https:\/\/portaltela.pt\/noticias\/2026\/01\/31\/detido-na-lourinha-suspeito-de-homicidio-de-agente-imobiliaria-desaparecida\/#primaryimage\"},\"thumbnailUrl\":\"https:\/\/portaltela.pt\/s.01k8rhncp4jt1\/2026\/01\/2063374.jpg\",\"datePublished\":\"2026-01-31T21:44:00+00:00\",\"author\":{\"@id\":\"https:\/\/portaltela.pt\/#\/schema\/person\/c4278d4a6028830caff9ee44b42d32ed\"},\"breadcrumb\":{\"@id\":\"https:\/\/portaltela.pt\/noticias\/2026\/01\/31\/detido-na-lourinha-suspeito-de-homicidio-de-agente-imobiliaria-desaparecida\/#breadcrumb\"},\"inLanguage\":\"pt-PT\",\"potentialAction\":[{\"@type\":\"ReadAction\",\"target\":[\"https:\/\/portaltela.pt\/noticias\/2026\/01\/31\/detido-na-lourinha-suspeito-de-homicidio-de-agente-imobiliaria-desaparecida\/\"]}]},{\"@type\":\"ImageObject\",\"inLanguage\":\"pt-PT\",\"@id\":\"https:\/\/portaltela.pt\/noticias\/2026\/01\/31\/detido-na-lourinha-suspeito-de-homicidio-de-agente-imobiliaria-desaparecida\/#primaryimage\",\"url\":\"https:\/\/portaltela.pt\/s.01k8rhncp4jt1\/2026\/01\/2063374.jpg\",\"contentUrl\":\"https:\/\/portaltela.pt\/s.01k8rhncp4jt1\/2026\/01\/2063374.jpg\",\"width\":796,\"height\":448,\"caption\":\"Investiga\u00e7\u00e3o ir\u00e1 prosseguir com vista ao cabal apuramento das circunst\u00e2ncias em que o crime ocorreu\"},{\"@type\":\"BreadcrumbList\",\"@id\":\"https:\/\/portaltela.pt\/noticias\/2026\/01\/31\/detido-na-lourinha-suspeito-de-homicidio-de-agente-imobiliaria-desaparecida\/#breadcrumb\",\"itemListElement\":[{\"@type\":\"ListItem\",\"position\":1,\"name\":\"In\u00edcio\",\"item\":\"https:\/\/portaltela.pt\/\"},{\"@type\":\"ListItem\",\"position\":2,\"name\":\"Detido na Lourinh\u00e3 suspeito de homic\u00eddio de agente imobili\u00e1ria desaparecida\"}]},{\"@type\":\"WebSite\",\"@id\":\"https:\/\/portaltela.pt\/#website\",\"url\":\"https:\/\/portaltela.pt\/\",\"name\":\"Portal Tela Portugal\",\"description\":\"\",\"potentialAction\":[{\"@type\":\"SearchAction\",\"target\":{\"@type\":\"EntryPoint\",\"urlTemplate\":\"https:\/\/portaltela.pt\/?s={search_term_string}\"},\"query-input\":{\"@type\":\"PropertyValueSpecification\",\"valueRequired\":true,\"valueName\":\"search_term_string\"}}],\"inLanguage\":\"pt-PT\"},{\"@type\":\"Person\",\"@id\":\"https:\/\/portaltela.pt\/#\/schema\/person\/c4278d4a6028830caff9ee44b42d32ed\",\"name\":\"Telinha\",\"image\":{\"@type\":\"ImageObject\",\"inLanguage\":\"pt-PT\",\"@id\":\"https:\/\/portaltela.pt\/s.01k8rhncp4jt1\/2025\/11\/talking-bot-125x125.png\",\"url\":\"https:\/\/portaltela.pt\/s.01k8rhncp4jt1\/2025\/11\/talking-bot-125x125.png\",\"contentUrl\":\"https:\/\/portaltela.pt\/s.01k8rhncp4jt1\/2025\/11\/talking-bot-125x125.png\",\"caption\":\"Telinha\"},\"sameAs\":[\"https:\/\/portaltela.pt\/\"],\"url\":\"https:\/\/portaltela.pt\/por\/367410592786\/\"}]}<\/script>\n<!-- \/ Yoast SEO plugin. -->","yoast_head_json":{"title":"Detido na Lourinh\u00e3 suspeito de homic\u00eddio de agente imobili\u00e1ria desaparecida - Portal Tela Portugal","robots":{"index":"index","follow":"follow","max-snippet":"max-snippet:-1","max-image-preview":"max-image-preview:large","max-video-preview":"max-video-preview:-1"},"og_locale":"pt_PT","og_type":"article","og_title":"Detido na Lourinh\u00e3 suspeito de homic\u00eddio de agente imobili\u00e1ria desaparecida - Portal Tela Portugal","og_description":"A Pol\u00edcia Judici\u00e1ria deteve, na Lourinh\u00e3, um homem suspeito de homic\u00eddio de uma agente imobili\u00e1ria desaparecida h\u00e1 12 dias. A deten\u00e7\u00e3o ocorreu durante uma opera\u00e7\u00e3o da Unidade Nacional de Contratterrorismo, com busca domicili\u00e1ria na resid\u00eancia do suspeito. Vest\u00edgios hem\u00e1ticos encontrados na casa corroboraram as fortes suspeitas sobre o autor do crime. A PJ vai realizar dilig\u00eancias para levantar o cad\u00e1ver do local onde esteve esconderdo. O suspeito foi constitu\u00eddo arguido e dever\u00e1 ser presente a tribunal para o primeiro interrogat\u00f3rio, com a continua\u00e7\u00e3o da investiga\u00e7\u00e3o para apurar as circunst\u00e2ncias do crime.","og_url":"https:\/\/portaltela.pt\/noticias\/2026\/01\/31\/detido-na-lourinha-suspeito-de-homicidio-de-agente-imobiliaria-desaparecida\/","og_site_name":"Portal Tela Portugal","article_published_time":"2026-01-31T21:44:00+00:00","author":"Telinha","twitter_card":"summary_large_image","twitter_misc":{"Escrito por":"Telinha","Tempo estimado de leitura":"1 minuto"},"schema":{"@context":"https:\/\/schema.org","@graph":[{"@type":"Article","@id":"https:\/\/portaltela.pt\/noticias\/2026\/01\/31\/detido-na-lourinha-suspeito-de-homicidio-de-agente-imobiliaria-desaparecida\/#article","isPartOf":{"@id":"https:\/\/portaltela.pt\/noticias\/2026\/01\/31\/detido-na-lourinha-suspeito-de-homicidio-de-agente-imobiliaria-desaparecida\/"},"author":{"name":"Telinha","@id":"https:\/\/portaltela.pt\/#\/schema\/person\/c4278d4a6028830caff9ee44b42d32ed"},"headline":"Detido na Lourinh\u00e3 suspeito de homic\u00eddio de agente imobili\u00e1ria desaparecida","datePublished":"2026-01-31T21:44:00+00:00","mainEntityOfPage":{"@id":"https:\/\/portaltela.pt\/noticias\/2026\/01\/31\/detido-na-lourinha-suspeito-de-homicidio-de-agente-imobiliaria-desaparecida\/"},"wordCount":208,"image":{"@id":"https:\/\/portaltela.pt\/noticias\/2026\/01\/31\/detido-na-lourinha-suspeito-de-homicidio-de-agente-imobiliaria-desaparecida\/#primaryimage"},"thumbnailUrl":"https:\/\/portaltela.pt\/s.01k8rhncp4jt1\/2026\/01\/2063374.jpg","keywords":["crime","homic\u00eddio","imobili\u00e1rio","investiga\u00e7\u00e3o criminal","oculta\u00e7\u00e3o de cad\u00e1ver","Pol\u00edcia Judici\u00e1ria"],"articleSection":["Not\u00edcias"],"inLanguage":"pt-PT"},{"@type":"WebPage","@id":"https:\/\/portaltela.pt\/noticias\/2026\/01\/31\/detido-na-lourinha-suspeito-de-homicidio-de-agente-imobiliaria-desaparecida\/","url":"https:\/\/portaltela.pt\/noticias\/2026\/01\/31\/detido-na-lourinha-suspeito-de-homicidio-de-agente-imobiliaria-desaparecida\/","name":"Detido na Lourinh\u00e3 suspeito de homic\u00eddio de agente imobili\u00e1ria desaparecida - Portal Tela Portugal","isPartOf":{"@id":"https:\/\/portaltela.pt\/#website"},"primaryImageOfPage":{"@id":"https:\/\/portaltela.pt\/noticias\/2026\/01\/31\/detido-na-lourinha-suspeito-de-homicidio-de-agente-imobiliaria-desaparecida\/#primaryimage"},"image":{"@id":"https:\/\/portaltela.pt\/noticias\/2026\/01\/31\/detido-na-lourinha-suspeito-de-homicidio-de-agente-imobiliaria-desaparecida\/#primaryimage"},"thumbnailUrl":"https:\/\/portaltela.pt\/s.01k8rhncp4jt1\/2026\/01\/2063374.jpg","datePublished":"2026-01-31T21:44:00+00:00","author":{"@id":"https:\/\/portaltela.pt\/#\/schema\/person\/c4278d4a6028830caff9ee44b42d32ed"},"breadcrumb":{"@id":"https:\/\/portaltela.pt\/noticias\/2026\/01\/31\/detido-na-lourinha-suspeito-de-homicidio-de-agente-imobiliaria-desaparecida\/#breadcrumb"},"inLanguage":"pt-PT","potentialAction":[{"@type":"ReadAction","target":["https:\/\/portaltela.pt\/noticias\/2026\/01\/31\/detido-na-lourinha-suspeito-de-homicidio-de-agente-imobiliaria-desaparecida\/"]}]},{"@type":"ImageObject","inLanguage":"pt-PT","@id":"https:\/\/portaltela.pt\/noticias\/2026\/01\/31\/detido-na-lourinha-suspeito-de-homicidio-de-agente-imobiliaria-desaparecida\/#primaryimage","url":"https:\/\/portaltela.pt\/s.01k8rhncp4jt1\/2026\/01\/2063374.jpg","contentUrl":"https:\/\/portaltela.pt\/s.01k8rhncp4jt1\/2026\/01\/2063374.jpg","width":796,"height":448,"caption":"Investiga\u00e7\u00e3o ir\u00e1 prosseguir com vista ao cabal apuramento das circunst\u00e2ncias em que o crime ocorreu"},{"@type":"BreadcrumbList","@id":"https:\/\/portaltela.pt\/noticias\/2026\/01\/31\/detido-na-lourinha-suspeito-de-homicidio-de-agente-imobiliaria-desaparecida\/#breadcrumb","itemListElement":[{"@type":"ListItem","position":1,"name":"In\u00edcio","item":"https:\/\/portaltela.pt\/"},{"@type":"ListItem","position":2,"name":"Detido na Lourinh\u00e3 suspeito de homic\u00eddio de agente imobili\u00e1ria desaparecida"}]},{"@type":"WebSite","@id":"https:\/\/portaltela.pt\/#website","url":"https:\/\/portaltela.pt\/","name":"Portal Tela Portugal","description":"","potentialAction":[{"@type":"SearchAction","target":{"@type":"EntryPoint","urlTemplate":"https:\/\/portaltela.pt\/?s={search_term_string}"},"query-input":{"@type":"PropertyValueSpecification","valueRequired":true,"valueName":"search_term_string"}}],"inLanguage":"pt-PT"},{"@type":"Person","@id":"https:\/\/portaltela.pt\/#\/schema\/person\/c4278d4a6028830caff9ee44b42d32ed","name":"Telinha","image":{"@type":"ImageObject","inLanguage":"pt-PT","@id":"https:\/\/portaltela.pt\/s.01k8rhncp4jt1\/2025\/11\/talking-bot-125x125.png","url":"https:\/\/portaltela.pt\/s.01k8rhncp4jt1\/2025\/11\/talking-bot-125x125.png","contentUrl":"https:\/\/portaltela.pt\/s.01k8rhncp4jt1\/2025\/11\/talking-bot-125x125.png","caption":"Telinha"},"sameAs":["https:\/\/portaltela.pt\/"],"url":"https:\/\/portaltela.pt\/por\/367410592786\/"}]}},"_links":{"self":[{"href":"https:\/\/portaltela.pt\/api\/wp\/v2\/posts\/187616","targetHints":{"allow":["GET"]}}],"collection":[{"href":"https:\/\/portaltela.pt\/api\/wp\/v2\/posts"}],"about":[{"href":"https:\/\/portaltela.pt\/api\/wp\/v2\/types\/post"}],"author":[{"embeddable":true,"href":"https:\/\/portaltela.pt\/api\/wp\/v2\/users\/2"}],"replies":[{"embeddable":true,"href":"https:\/\/portaltela.pt\/api\/wp\/v2\/comments?post=187616"}],"version-history":[{"count":0,"href":"https:\/\/portaltela.pt\/api\/wp\/v2\/posts\/187616\/revisions"}],"wp:featuredmedia":[{"embeddable":true,"href":"https:\/\/portaltela.pt\/api\/wp\/v2\/media\/187627"}],"wp:attachment":[{"href":"https:\/\/portaltela.pt\/api\/wp\/v2\/media?parent=187616"}],"wp:term":[{"taxonomy":"category","embeddable":true,"href":"https:\/\/portaltela.pt\/api\/wp\/v2\/categories?post=187616"},{"taxonomy":"post_tag","embeddable":true,"href":"https:\/\/portaltela.pt\/api\/wp\/v2\/tags?post=187616"}],"curies":[{"name":"wp","href":"https:\/\/api.w.org\/{rel}","templated":true}]}}