{"id":187560,"date":"2026-01-31T18:14:36","date_gmt":"2026-01-31T21:14:36","guid":{"rendered":"https:\/\/portaltela.pt\/noticias\/2026\/01\/31\/policia-judiciaria-detem-homicida-de-agente-imobiliaria-desaparecida-na-lourinha\/"},"modified":"2026-01-31T18:14:36","modified_gmt":"2026-01-31T21:14:36","slug":"policia-judiciaria-detem-homicida-de-agente-imobiliaria-desaparecida-na-lourinha","status":"publish","type":"post","link":"https:\/\/portaltela.pt\/noticias\/2026\/01\/31\/policia-judiciaria-detem-homicida-de-agente-imobiliaria-desaparecida-na-lourinha\/","title":{"rendered":"Pol\u00edcia Judici\u00e1ria det\u00e9m homicida de agente imobili\u00e1ria desaparecida na Lourinh\u00e3"},"content":{"rendered":"<p>A Pol\u00edcia Judici\u00e1ria (PJ), atrav\u00e9s da Unidade Nacional de Contraterrorismo, deteve o presum\u00edvel homicida de Maria Amaral, agente imobili\u00e1ria desaparecida desde 19 de janeiro, na Lourinh\u00e3. A deten\u00e7\u00e3o foi realizada mediante mandado do Minist\u00e9rio P\u00fablico, n\u00e3o sendo em flagrante. A investiga\u00e7\u00e3o segue com os recursos legais.<\/p>\n<p>Segundo a PJ, o inqu\u00e9rito desenvolveu-se de forma c\u00e9lere, com um conjunto robusto de ind\u00edcios que identificaram o suspeito. Durante a a\u00e7\u00e3o, houve uma busca \u00e0 resid\u00eancia do detido, onde foram recolhidos vest\u00edgios hem\u00e1ticos que sustentam as suspeitas.<\/p>\n<p>A pol\u00edcia vai prosseguir com dilig\u00eancias para o levantamento do cad\u00e1ver no local onde poder\u00e1 ter sido ocultado, dando andamento aos procedimentos para esclarecer as circunst\u00e2ncias do crime.<\/p>\n<p>O detido ser\u00e1 apresentado \u00e0 autoridade judici\u00e1ria competente para primeiro interrogat\u00f3rio, devendo ser realizada a avalia\u00e7\u00e3o de medidas de coa\u00e7\u00e3o, conforme a lei. A investiga\u00e7\u00e3o continua para esclarecer todas as circunst\u00e2ncias do caso.<\/p>\n","protected":false},"excerpt":{"rendered":"<ul>\n<li>A Pol\u00edcia Judici\u00e1ria deteve o presum\u00edvel homicida de Maria Amaral, desaparecida desde 19 de janeiro, numa opera\u00e7\u00e3o na Lourinh\u00e3.<\/li>\n<li>A deten\u00e7\u00e3o ocorreu com um mandado do Minist\u00e9rio P\u00fablico e n\u00e3o foi em flagrante.<\/li>\n<li>Na resid\u00eancia do detido foram encontrados vest\u00edgios hem\u00e1ticos que sustentam as suspeitas.<\/li>\n<li>A PJ vai realizar dilig\u00eancias para levantamento do cad\u00e1ver no local onde ter\u00e1 sido ocultado.<\/li>\n<li>A investiga\u00e7\u00e3o continua para esclarecer as circunst\u00e2ncias do crime.<\/li>\n<\/ul>\n","protected":false},"author":2,"featured_media":187566,"comment_status":"closed","ping_status":"closed","sticky":false,"template":"","format":"standard","meta":{"footnotes":""},"categories":[1],"tags":[1345,215,217,294,1802,4035],"class_list":["post-187560","post","type-post","status-publish","format-standard","has-post-thumbnail","hentry","category-noticias","tag-homicidio","tag-investigacao","tag-investigacao-criminal","tag-ocultacao-de-cadaver","tag-policia-judiciaria","tag-unidade-nacional-de-contratterrorismo"],"yoast_head":"<!-- This site is optimized with the Yoast SEO plugin v27.2 - https:\/\/yoast.com\/product\/yoast-seo-wordpress\/ -->\n<title>Pol\u00edcia Judici\u00e1ria det\u00e9m homicida de agente imobili\u00e1ria desaparecida na Lourinh\u00e3 - Portal Tela Portugal<\/title>\n<meta name=\"robots\" content=\"index, follow, max-snippet:-1, max-image-preview:large, max-video-preview:-1\" \/>\n<meta property=\"og:locale\" content=\"pt_PT\" \/>\n<meta property=\"og:type\" content=\"article\" \/>\n<meta property=\"og:title\" content=\"Pol\u00edcia Judici\u00e1ria det\u00e9m homicida de agente imobili\u00e1ria desaparecida na Lourinh\u00e3 - Portal Tela Portugal\" \/>\n<meta property=\"og:description\" content=\"A Pol\u00edcia Judici\u00e1ria deteve o presum\u00edvel homicida de Maria Amaral, desaparecida desde 19 de janeiro, numa opera\u00e7\u00e3o na Lourinh\u00e3. A deten\u00e7\u00e3o ocorreu com um mandado do Minist\u00e9rio P\u00fablico e n\u00e3o foi em flagrante. Na resid\u00eancia do detido foram encontrados vest\u00edgios hem\u00e1ticos que sustentam as suspeitas. A PJ vai realizar dilig\u00eancias para levantamento do cad\u00e1ver no local onde ter\u00e1 sido ocultado. A investiga\u00e7\u00e3o continua para esclarecer as circunst\u00e2ncias do crime.\" \/>\n<meta property=\"og:url\" content=\"https:\/\/portaltela.pt\/noticias\/2026\/01\/31\/policia-judiciaria-detem-homicida-de-agente-imobiliaria-desaparecida-na-lourinha\/\" \/>\n<meta property=\"og:site_name\" content=\"Portal Tela Portugal\" \/>\n<meta property=\"article:published_time\" content=\"2026-01-31T21:14:36+00:00\" \/>\n<meta name=\"author\" content=\"Telinha\" \/>\n<meta name=\"twitter:card\" content=\"summary_large_image\" \/>\n<meta name=\"twitter:label1\" content=\"Escrito por\" \/>\n\t<meta name=\"twitter:data1\" content=\"Telinha\" \/>\n\t<meta name=\"twitter:label2\" content=\"Tempo estimado de leitura\" \/>\n\t<meta name=\"twitter:data2\" content=\"1 minuto\" \/>\n<script type=\"application\/ld+json\" class=\"yoast-schema-graph\">{\"@context\":\"https:\/\/schema.org\",\"@graph\":[{\"@type\":\"Article\",\"@id\":\"https:\/\/portaltela.pt\/noticias\/2026\/01\/31\/policia-judiciaria-detem-homicida-de-agente-imobiliaria-desaparecida-na-lourinha\/#article\",\"isPartOf\":{\"@id\":\"https:\/\/portaltela.pt\/noticias\/2026\/01\/31\/policia-judiciaria-detem-homicida-de-agente-imobiliaria-desaparecida-na-lourinha\/\"},\"author\":{\"name\":\"Telinha\",\"@id\":\"https:\/\/portaltela.pt\/#\/schema\/person\/c4278d4a6028830caff9ee44b42d32ed\"},\"headline\":\"Pol\u00edcia Judici\u00e1ria det\u00e9m homicida de agente imobili\u00e1ria desaparecida na Lourinh\u00e3\",\"datePublished\":\"2026-01-31T21:14:36+00:00\",\"mainEntityOfPage\":{\"@id\":\"https:\/\/portaltela.pt\/noticias\/2026\/01\/31\/policia-judiciaria-detem-homicida-de-agente-imobiliaria-desaparecida-na-lourinha\/\"},\"wordCount\":183,\"image\":{\"@id\":\"https:\/\/portaltela.pt\/noticias\/2026\/01\/31\/policia-judiciaria-detem-homicida-de-agente-imobiliaria-desaparecida-na-lourinha\/#primaryimage\"},\"thumbnailUrl\":\"https:\/\/portaltela.pt\/s.01k8rhncp4jt1\/2026\/01\/Edificio-da-PJ-1.jpg\",\"keywords\":[\"homic\u00eddio\",\"investiga\u00e7\u00e3o\",\"investiga\u00e7\u00e3o criminal\",\"oculta\u00e7\u00e3o de cad\u00e1ver\",\"Pol\u00edcia Judici\u00e1ria\",\"Unidade Nacional de Contratterrorismo\"],\"articleSection\":[\"Not\u00edcias\"],\"inLanguage\":\"pt-PT\"},{\"@type\":\"WebPage\",\"@id\":\"https:\/\/portaltela.pt\/noticias\/2026\/01\/31\/policia-judiciaria-detem-homicida-de-agente-imobiliaria-desaparecida-na-lourinha\/\",\"url\":\"https:\/\/portaltela.pt\/noticias\/2026\/01\/31\/policia-judiciaria-detem-homicida-de-agente-imobiliaria-desaparecida-na-lourinha\/\",\"name\":\"Pol\u00edcia Judici\u00e1ria det\u00e9m homicida de agente imobili\u00e1ria desaparecida na Lourinh\u00e3 - Portal Tela Portugal\",\"isPartOf\":{\"@id\":\"https:\/\/portaltela.pt\/#website\"},\"primaryImageOfPage\":{\"@id\":\"https:\/\/portaltela.pt\/noticias\/2026\/01\/31\/policia-judiciaria-detem-homicida-de-agente-imobiliaria-desaparecida-na-lourinha\/#primaryimage\"},\"image\":{\"@id\":\"https:\/\/portaltela.pt\/noticias\/2026\/01\/31\/policia-judiciaria-detem-homicida-de-agente-imobiliaria-desaparecida-na-lourinha\/#primaryimage\"},\"thumbnailUrl\":\"https:\/\/portaltela.pt\/s.01k8rhncp4jt1\/2026\/01\/Edificio-da-PJ-1.jpg\",\"datePublished\":\"2026-01-31T21:14:36+00:00\",\"author\":{\"@id\":\"https:\/\/portaltela.pt\/#\/schema\/person\/c4278d4a6028830caff9ee44b42d32ed\"},\"breadcrumb\":{\"@id\":\"https:\/\/portaltela.pt\/noticias\/2026\/01\/31\/policia-judiciaria-detem-homicida-de-agente-imobiliaria-desaparecida-na-lourinha\/#breadcrumb\"},\"inLanguage\":\"pt-PT\",\"potentialAction\":[{\"@type\":\"ReadAction\",\"target\":[\"https:\/\/portaltela.pt\/noticias\/2026\/01\/31\/policia-judiciaria-detem-homicida-de-agente-imobiliaria-desaparecida-na-lourinha\/\"]}]},{\"@type\":\"ImageObject\",\"inLanguage\":\"pt-PT\",\"@id\":\"https:\/\/portaltela.pt\/noticias\/2026\/01\/31\/policia-judiciaria-detem-homicida-de-agente-imobiliaria-desaparecida-na-lourinha\/#primaryimage\",\"url\":\"https:\/\/portaltela.pt\/s.01k8rhncp4jt1\/2026\/01\/Edificio-da-PJ-1.jpg\",\"contentUrl\":\"https:\/\/portaltela.pt\/s.01k8rhncp4jt1\/2026\/01\/Edificio-da-PJ-1.jpg\",\"width\":796,\"height\":448,\"caption\":\"Morte a tiro em Odivelas investigada como ajuste de contas ligado a droga\"},{\"@type\":\"BreadcrumbList\",\"@id\":\"https:\/\/portaltela.pt\/noticias\/2026\/01\/31\/policia-judiciaria-detem-homicida-de-agente-imobiliaria-desaparecida-na-lourinha\/#breadcrumb\",\"itemListElement\":[{\"@type\":\"ListItem\",\"position\":1,\"name\":\"In\u00edcio\",\"item\":\"https:\/\/portaltela.pt\/\"},{\"@type\":\"ListItem\",\"position\":2,\"name\":\"Pol\u00edcia Judici\u00e1ria det\u00e9m homicida de agente imobili\u00e1ria desaparecida na Lourinh\u00e3\"}]},{\"@type\":\"WebSite\",\"@id\":\"https:\/\/portaltela.pt\/#website\",\"url\":\"https:\/\/portaltela.pt\/\",\"name\":\"Portal Tela Portugal\",\"description\":\"\",\"potentialAction\":[{\"@type\":\"SearchAction\",\"target\":{\"@type\":\"EntryPoint\",\"urlTemplate\":\"https:\/\/portaltela.pt\/?s={search_term_string}\"},\"query-input\":{\"@type\":\"PropertyValueSpecification\",\"valueRequired\":true,\"valueName\":\"search_term_string\"}}],\"inLanguage\":\"pt-PT\"},{\"@type\":\"Person\",\"@id\":\"https:\/\/portaltela.pt\/#\/schema\/person\/c4278d4a6028830caff9ee44b42d32ed\",\"name\":\"Telinha\",\"image\":{\"@type\":\"ImageObject\",\"inLanguage\":\"pt-PT\",\"@id\":\"https:\/\/portaltela.pt\/s.01k8rhncp4jt1\/2025\/11\/talking-bot-125x125.png\",\"url\":\"https:\/\/portaltela.pt\/s.01k8rhncp4jt1\/2025\/11\/talking-bot-125x125.png\",\"contentUrl\":\"https:\/\/portaltela.pt\/s.01k8rhncp4jt1\/2025\/11\/talking-bot-125x125.png\",\"caption\":\"Telinha\"},\"sameAs\":[\"https:\/\/portaltela.pt\/\"],\"url\":\"https:\/\/portaltela.pt\/por\/367410592786\/\"}]}<\/script>\n<!-- \/ Yoast SEO plugin. -->","yoast_head_json":{"title":"Pol\u00edcia Judici\u00e1ria det\u00e9m homicida de agente imobili\u00e1ria desaparecida na Lourinh\u00e3 - Portal Tela Portugal","robots":{"index":"index","follow":"follow","max-snippet":"max-snippet:-1","max-image-preview":"max-image-preview:large","max-video-preview":"max-video-preview:-1"},"og_locale":"pt_PT","og_type":"article","og_title":"Pol\u00edcia Judici\u00e1ria det\u00e9m homicida de agente imobili\u00e1ria desaparecida na Lourinh\u00e3 - Portal Tela Portugal","og_description":"A Pol\u00edcia Judici\u00e1ria deteve o presum\u00edvel homicida de Maria Amaral, desaparecida desde 19 de janeiro, numa opera\u00e7\u00e3o na Lourinh\u00e3. A deten\u00e7\u00e3o ocorreu com um mandado do Minist\u00e9rio P\u00fablico e n\u00e3o foi em flagrante. Na resid\u00eancia do detido foram encontrados vest\u00edgios hem\u00e1ticos que sustentam as suspeitas. A PJ vai realizar dilig\u00eancias para levantamento do cad\u00e1ver no local onde ter\u00e1 sido ocultado. A investiga\u00e7\u00e3o continua para esclarecer as circunst\u00e2ncias do crime.","og_url":"https:\/\/portaltela.pt\/noticias\/2026\/01\/31\/policia-judiciaria-detem-homicida-de-agente-imobiliaria-desaparecida-na-lourinha\/","og_site_name":"Portal Tela Portugal","article_published_time":"2026-01-31T21:14:36+00:00","author":"Telinha","twitter_card":"summary_large_image","twitter_misc":{"Escrito por":"Telinha","Tempo estimado de leitura":"1 minuto"},"schema":{"@context":"https:\/\/schema.org","@graph":[{"@type":"Article","@id":"https:\/\/portaltela.pt\/noticias\/2026\/01\/31\/policia-judiciaria-detem-homicida-de-agente-imobiliaria-desaparecida-na-lourinha\/#article","isPartOf":{"@id":"https:\/\/portaltela.pt\/noticias\/2026\/01\/31\/policia-judiciaria-detem-homicida-de-agente-imobiliaria-desaparecida-na-lourinha\/"},"author":{"name":"Telinha","@id":"https:\/\/portaltela.pt\/#\/schema\/person\/c4278d4a6028830caff9ee44b42d32ed"},"headline":"Pol\u00edcia Judici\u00e1ria det\u00e9m homicida de agente imobili\u00e1ria desaparecida na Lourinh\u00e3","datePublished":"2026-01-31T21:14:36+00:00","mainEntityOfPage":{"@id":"https:\/\/portaltela.pt\/noticias\/2026\/01\/31\/policia-judiciaria-detem-homicida-de-agente-imobiliaria-desaparecida-na-lourinha\/"},"wordCount":183,"image":{"@id":"https:\/\/portaltela.pt\/noticias\/2026\/01\/31\/policia-judiciaria-detem-homicida-de-agente-imobiliaria-desaparecida-na-lourinha\/#primaryimage"},"thumbnailUrl":"https:\/\/portaltela.pt\/s.01k8rhncp4jt1\/2026\/01\/Edificio-da-PJ-1.jpg","keywords":["homic\u00eddio","investiga\u00e7\u00e3o","investiga\u00e7\u00e3o criminal","oculta\u00e7\u00e3o de cad\u00e1ver","Pol\u00edcia Judici\u00e1ria","Unidade Nacional de Contratterrorismo"],"articleSection":["Not\u00edcias"],"inLanguage":"pt-PT"},{"@type":"WebPage","@id":"https:\/\/portaltela.pt\/noticias\/2026\/01\/31\/policia-judiciaria-detem-homicida-de-agente-imobiliaria-desaparecida-na-lourinha\/","url":"https:\/\/portaltela.pt\/noticias\/2026\/01\/31\/policia-judiciaria-detem-homicida-de-agente-imobiliaria-desaparecida-na-lourinha\/","name":"Pol\u00edcia Judici\u00e1ria det\u00e9m homicida de agente imobili\u00e1ria desaparecida na Lourinh\u00e3 - Portal Tela Portugal","isPartOf":{"@id":"https:\/\/portaltela.pt\/#website"},"primaryImageOfPage":{"@id":"https:\/\/portaltela.pt\/noticias\/2026\/01\/31\/policia-judiciaria-detem-homicida-de-agente-imobiliaria-desaparecida-na-lourinha\/#primaryimage"},"image":{"@id":"https:\/\/portaltela.pt\/noticias\/2026\/01\/31\/policia-judiciaria-detem-homicida-de-agente-imobiliaria-desaparecida-na-lourinha\/#primaryimage"},"thumbnailUrl":"https:\/\/portaltela.pt\/s.01k8rhncp4jt1\/2026\/01\/Edificio-da-PJ-1.jpg","datePublished":"2026-01-31T21:14:36+00:00","author":{"@id":"https:\/\/portaltela.pt\/#\/schema\/person\/c4278d4a6028830caff9ee44b42d32ed"},"breadcrumb":{"@id":"https:\/\/portaltela.pt\/noticias\/2026\/01\/31\/policia-judiciaria-detem-homicida-de-agente-imobiliaria-desaparecida-na-lourinha\/#breadcrumb"},"inLanguage":"pt-PT","potentialAction":[{"@type":"ReadAction","target":["https:\/\/portaltela.pt\/noticias\/2026\/01\/31\/policia-judiciaria-detem-homicida-de-agente-imobiliaria-desaparecida-na-lourinha\/"]}]},{"@type":"ImageObject","inLanguage":"pt-PT","@id":"https:\/\/portaltela.pt\/noticias\/2026\/01\/31\/policia-judiciaria-detem-homicida-de-agente-imobiliaria-desaparecida-na-lourinha\/#primaryimage","url":"https:\/\/portaltela.pt\/s.01k8rhncp4jt1\/2026\/01\/Edificio-da-PJ-1.jpg","contentUrl":"https:\/\/portaltela.pt\/s.01k8rhncp4jt1\/2026\/01\/Edificio-da-PJ-1.jpg","width":796,"height":448,"caption":"Morte a tiro em Odivelas investigada como ajuste de contas ligado a droga"},{"@type":"BreadcrumbList","@id":"https:\/\/portaltela.pt\/noticias\/2026\/01\/31\/policia-judiciaria-detem-homicida-de-agente-imobiliaria-desaparecida-na-lourinha\/#breadcrumb","itemListElement":[{"@type":"ListItem","position":1,"name":"In\u00edcio","item":"https:\/\/portaltela.pt\/"},{"@type":"ListItem","position":2,"name":"Pol\u00edcia Judici\u00e1ria det\u00e9m homicida de agente imobili\u00e1ria desaparecida na Lourinh\u00e3"}]},{"@type":"WebSite","@id":"https:\/\/portaltela.pt\/#website","url":"https:\/\/portaltela.pt\/","name":"Portal Tela Portugal","description":"","potentialAction":[{"@type":"SearchAction","target":{"@type":"EntryPoint","urlTemplate":"https:\/\/portaltela.pt\/?s={search_term_string}"},"query-input":{"@type":"PropertyValueSpecification","valueRequired":true,"valueName":"search_term_string"}}],"inLanguage":"pt-PT"},{"@type":"Person","@id":"https:\/\/portaltela.pt\/#\/schema\/person\/c4278d4a6028830caff9ee44b42d32ed","name":"Telinha","image":{"@type":"ImageObject","inLanguage":"pt-PT","@id":"https:\/\/portaltela.pt\/s.01k8rhncp4jt1\/2025\/11\/talking-bot-125x125.png","url":"https:\/\/portaltela.pt\/s.01k8rhncp4jt1\/2025\/11\/talking-bot-125x125.png","contentUrl":"https:\/\/portaltela.pt\/s.01k8rhncp4jt1\/2025\/11\/talking-bot-125x125.png","caption":"Telinha"},"sameAs":["https:\/\/portaltela.pt\/"],"url":"https:\/\/portaltela.pt\/por\/367410592786\/"}]}},"_links":{"self":[{"href":"https:\/\/portaltela.pt\/api\/wp\/v2\/posts\/187560","targetHints":{"allow":["GET"]}}],"collection":[{"href":"https:\/\/portaltela.pt\/api\/wp\/v2\/posts"}],"about":[{"href":"https:\/\/portaltela.pt\/api\/wp\/v2\/types\/post"}],"author":[{"embeddable":true,"href":"https:\/\/portaltela.pt\/api\/wp\/v2\/users\/2"}],"replies":[{"embeddable":true,"href":"https:\/\/portaltela.pt\/api\/wp\/v2\/comments?post=187560"}],"version-history":[{"count":0,"href":"https:\/\/portaltela.pt\/api\/wp\/v2\/posts\/187560\/revisions"}],"wp:featuredmedia":[{"embeddable":true,"href":"https:\/\/portaltela.pt\/api\/wp\/v2\/media\/187566"}],"wp:attachment":[{"href":"https:\/\/portaltela.pt\/api\/wp\/v2\/media?parent=187560"}],"wp:term":[{"taxonomy":"category","embeddable":true,"href":"https:\/\/portaltela.pt\/api\/wp\/v2\/categories?post=187560"},{"taxonomy":"post_tag","embeddable":true,"href":"https:\/\/portaltela.pt\/api\/wp\/v2\/tags?post=187560"}],"curies":[{"name":"wp","href":"https:\/\/api.w.org\/{rel}","templated":true}]}}