{"id":187556,"date":"2026-01-31T18:24:00","date_gmt":"2026-01-31T21:24:00","guid":{"rendered":"https:\/\/portaltela.pt\/noticias\/2026\/01\/31\/transmissao-ao-vivo-oc-barcelos-vs-fc-porto-em-hoquei-em-patins\/"},"modified":"2026-01-31T18:24:00","modified_gmt":"2026-01-31T21:24:00","slug":"transmissao-ao-vivo-oc-barcelos-vs-fc-porto-em-hoquei-em-patins","status":"publish","type":"post","link":"https:\/\/portaltela.pt\/desporto\/2026\/01\/31\/transmissao-ao-vivo-oc-barcelos-vs-fc-porto-em-hoquei-em-patins\/","title":{"rendered":"Transmiss\u00e3o ao vivo: OC Barcelos vs FC Porto em h\u00f3quei em patins"},"content":{"rendered":"<p>A 14.\u00aa jornada do Campeonato Placard de h\u00f3quei em patins reserva a transmiss\u00e3o em direto do duelo OC Barcelos-FC Porto. O jogo realiza-se esta noite, \u00e0s 21h30, e poder\u00e1 ser acompanhado no site do Record. Os \u0443\u0434\u0430\u043b\u0451\u043d? (corrige) o jogo come\u00e7a \u00e0s 21h30 e tem transmiss\u00e3o em direto pela plataforma da Record.<\/p>\n<h3>Transmiss\u00e3o em direto: OC Barcelos vs FC Porto<\/h3>\n<p>A partida envolve o OC Barcelos e o FC Porto, dois clubes da I Divis\u00e3o nacional. A grava\u00e7\u00e3o e a cobertura em direto visam informar os f\u00e3s sobre o desenrolar do encontro, com atualiza\u00e7\u00f5es ao longo dos 60 minutos de competi\u00e7\u00e3o. Detalhes adicionais sobre hor\u00e1rios ou altera\u00e7\u00f5es s\u00e3o comunicados pela organiza\u00e7\u00e3o.<\/p>\n<h3>Marinhense faz 87 anos com o pavilh\u00e3o destru\u00eddo<\/h3>\n<p>O Marinhense completou 87 anos de exist\u00eancia num cen\u00e1rio marcado pela destrui\u00e7\u00e3o do pavilh\u00e3o. O presidente do clube, Miguel Bataglia, descreve o estado como devastador e assinala que j\u00e1 foram salvaguardadas algumas infraestruturas e mem\u00f3rias associadas ao hist\u00f3rico da institui\u00e7\u00e3o.<\/p>\n<h3>Lu\u00eds S\u00e9nica vai ser homenageado em Espanha<\/h3>\n<p>Lu\u00eds S\u00e9nica, presidente da Federa\u00e7\u00e3o de Patinagem de Portugal, receber\u00e1 uma ins\u00edgnia de ouro em reconhecimento pela sua atua\u00e7\u00e3o. A homenagem realiza-se j\u00e1 nesta sexta-feira, numa cerim\u00f3nia realizada em territ\u00f3rio espanhol.<\/p>\n","protected":false},"excerpt":{"rendered":"<ul>\n<li>Jogo OC Barcelos versus FC Porto, da 14.\u00aa jornada do Campeonato Placard, com transmiss\u00e3o em direto no site do Record; come\u00e7a \u00e0s 21h30.<\/li>\n<li>A transmiss\u00e3o encontra-se a carregar o v\u00eddeo.<\/li>\n<li>Marinhense celebra 87 anos, mas o pavilh\u00e3o ficou destru\u00eddo; o presidente Miguel Bataglia descreve o cen\u00e1rio devastador.<\/li>\n<li>Lu\u00eds S\u00e9nica vai ser homenageado em Espanha; o presidente da Federa\u00e7\u00e3o de Patinagem de Portugal recebe ins\u00edgnia de ouro nesta sexta-feira.<\/li>\n<\/ul>\n","protected":false},"author":2,"featured_media":187568,"comment_status":"closed","ping_status":"closed","sticky":false,"template":"","format":"standard","meta":{"footnotes":""},"categories":[21],"tags":[3956,152,2028,273,3280,2780],"class_list":["post-187556","post","type-post","status-publish","format-standard","has-post-thumbnail","hentry","category-desporto","tag-1-a-divisao-serie-d","tag-desporto","tag-fc-porto","tag-hoquei","tag-oc-barcelos","tag-transmissoes-televisivas"],"yoast_head":"<!-- This site is optimized with the Yoast SEO plugin v27.2 - https:\/\/yoast.com\/product\/yoast-seo-wordpress\/ -->\n<title>Transmiss\u00e3o ao vivo: OC Barcelos vs FC Porto em h\u00f3quei em patins - Portal Tela Portugal<\/title>\n<meta name=\"robots\" content=\"index, follow, max-snippet:-1, max-image-preview:large, max-video-preview:-1\" \/>\n<meta property=\"og:locale\" content=\"pt_PT\" \/>\n<meta property=\"og:type\" content=\"article\" \/>\n<meta property=\"og:title\" content=\"Transmiss\u00e3o ao vivo: OC Barcelos vs FC Porto em h\u00f3quei em patins - Portal Tela Portugal\" \/>\n<meta property=\"og:description\" content=\"Jogo OC Barcelos versus FC Porto, da 14.\u00aa jornada do Campeonato Placard, com transmiss\u00e3o em direto no site do Record; come\u00e7a \u00e0s 21h30. A transmiss\u00e3o encontra-se a carregar o v\u00eddeo. Marinhense celebra 87 anos, mas o pavilh\u00e3o ficou destru\u00eddo; o presidente Miguel Bataglia descreve o cen\u00e1rio devastador. Lu\u00eds S\u00e9nica vai ser homenageado em Espanha; o presidente da Federa\u00e7\u00e3o de Patinagem de Portugal recebe ins\u00edgnia de ouro nesta sexta-feira.\" \/>\n<meta property=\"og:url\" content=\"https:\/\/portaltela.pt\/noticias\/2026\/01\/31\/transmissao-ao-vivo-oc-barcelos-vs-fc-porto-em-hoquei-em-patins\/\" \/>\n<meta property=\"og:site_name\" content=\"Portal Tela Portugal\" \/>\n<meta property=\"article:published_time\" content=\"2026-01-31T21:24:00+00:00\" \/>\n<meta name=\"author\" content=\"Telinha\" \/>\n<meta name=\"twitter:card\" content=\"summary_large_image\" \/>\n<meta name=\"twitter:label1\" content=\"Escrito por\" \/>\n\t<meta name=\"twitter:data1\" content=\"Telinha\" \/>\n\t<meta name=\"twitter:label2\" content=\"Tempo estimado de leitura\" \/>\n\t<meta name=\"twitter:data2\" content=\"1 minuto\" \/>\n<script type=\"application\/ld+json\" class=\"yoast-schema-graph\">{\"@context\":\"https:\/\/schema.org\",\"@graph\":[{\"@type\":\"Article\",\"@id\":\"https:\/\/portaltela.pt\/noticias\/2026\/01\/31\/transmissao-ao-vivo-oc-barcelos-vs-fc-porto-em-hoquei-em-patins\/#article\",\"isPartOf\":{\"@id\":\"https:\/\/portaltela.pt\/noticias\/2026\/01\/31\/transmissao-ao-vivo-oc-barcelos-vs-fc-porto-em-hoquei-em-patins\/\"},\"author\":{\"name\":\"Telinha\",\"@id\":\"https:\/\/portaltela.pt\/#\/schema\/person\/c4278d4a6028830caff9ee44b42d32ed\"},\"headline\":\"Transmiss\u00e3o ao vivo: OC Barcelos vs FC Porto em h\u00f3quei em patins\",\"datePublished\":\"2026-01-31T21:24:00+00:00\",\"mainEntityOfPage\":{\"@id\":\"https:\/\/portaltela.pt\/noticias\/2026\/01\/31\/transmissao-ao-vivo-oc-barcelos-vs-fc-porto-em-hoquei-em-patins\/\"},\"wordCount\":239,\"image\":{\"@id\":\"https:\/\/portaltela.pt\/noticias\/2026\/01\/31\/transmissao-ao-vivo-oc-barcelos-vs-fc-porto-em-hoquei-em-patins\/#primaryimage\"},\"thumbnailUrl\":\"https:\/\/portaltela.pt\/s.01k8rhncp4jt1\/2026\/01\/img_1200x721uu2026-01-31-21-30-23-2418742.jpg\",\"keywords\":[\"1.\u00aa Divis\u00e3o \u2014 S\u00e9rie D\",\"desporto\",\"FC Porto\",\"h\u00f3quei\",\"OC Barcelos\",\"transmiss\u00f5es televisivas\"],\"articleSection\":[\"Desporto\"],\"inLanguage\":\"pt-PT\"},{\"@type\":\"WebPage\",\"@id\":\"https:\/\/portaltela.pt\/noticias\/2026\/01\/31\/transmissao-ao-vivo-oc-barcelos-vs-fc-porto-em-hoquei-em-patins\/\",\"url\":\"https:\/\/portaltela.pt\/noticias\/2026\/01\/31\/transmissao-ao-vivo-oc-barcelos-vs-fc-porto-em-hoquei-em-patins\/\",\"name\":\"Transmiss\u00e3o ao vivo: OC Barcelos vs FC Porto em h\u00f3quei em patins - Portal Tela Portugal\",\"isPartOf\":{\"@id\":\"https:\/\/portaltela.pt\/#website\"},\"primaryImageOfPage\":{\"@id\":\"https:\/\/portaltela.pt\/noticias\/2026\/01\/31\/transmissao-ao-vivo-oc-barcelos-vs-fc-porto-em-hoquei-em-patins\/#primaryimage\"},\"image\":{\"@id\":\"https:\/\/portaltela.pt\/noticias\/2026\/01\/31\/transmissao-ao-vivo-oc-barcelos-vs-fc-porto-em-hoquei-em-patins\/#primaryimage\"},\"thumbnailUrl\":\"https:\/\/portaltela.pt\/s.01k8rhncp4jt1\/2026\/01\/img_1200x721uu2026-01-31-21-30-23-2418742.jpg\",\"datePublished\":\"2026-01-31T21:24:00+00:00\",\"author\":{\"@id\":\"https:\/\/portaltela.pt\/#\/schema\/person\/c4278d4a6028830caff9ee44b42d32ed\"},\"breadcrumb\":{\"@id\":\"https:\/\/portaltela.pt\/noticias\/2026\/01\/31\/transmissao-ao-vivo-oc-barcelos-vs-fc-porto-em-hoquei-em-patins\/#breadcrumb\"},\"inLanguage\":\"pt-PT\",\"potentialAction\":[{\"@type\":\"ReadAction\",\"target\":[\"https:\/\/portaltela.pt\/noticias\/2026\/01\/31\/transmissao-ao-vivo-oc-barcelos-vs-fc-porto-em-hoquei-em-patins\/\"]}]},{\"@type\":\"ImageObject\",\"inLanguage\":\"pt-PT\",\"@id\":\"https:\/\/portaltela.pt\/noticias\/2026\/01\/31\/transmissao-ao-vivo-oc-barcelos-vs-fc-porto-em-hoquei-em-patins\/#primaryimage\",\"url\":\"https:\/\/portaltela.pt\/s.01k8rhncp4jt1\/2026\/01\/img_1200x721uu2026-01-31-21-30-23-2418742.jpg\",\"contentUrl\":\"https:\/\/portaltela.pt\/s.01k8rhncp4jt1\/2026\/01\/img_1200x721uu2026-01-31-21-30-23-2418742.jpg\",\"width\":796,\"height\":448,\"caption\":\"H\u00f3quei em patins: transmiss\u00e3o em direto do OC Barcelos-FC Porto\"},{\"@type\":\"BreadcrumbList\",\"@id\":\"https:\/\/portaltela.pt\/noticias\/2026\/01\/31\/transmissao-ao-vivo-oc-barcelos-vs-fc-porto-em-hoquei-em-patins\/#breadcrumb\",\"itemListElement\":[{\"@type\":\"ListItem\",\"position\":1,\"name\":\"In\u00edcio\",\"item\":\"https:\/\/portaltela.pt\/\"},{\"@type\":\"ListItem\",\"position\":2,\"name\":\"Transmiss\u00e3o ao vivo: OC Barcelos vs FC Porto em h\u00f3quei em patins\"}]},{\"@type\":\"WebSite\",\"@id\":\"https:\/\/portaltela.pt\/#website\",\"url\":\"https:\/\/portaltela.pt\/\",\"name\":\"Portal Tela Portugal\",\"description\":\"\",\"potentialAction\":[{\"@type\":\"SearchAction\",\"target\":{\"@type\":\"EntryPoint\",\"urlTemplate\":\"https:\/\/portaltela.pt\/?s={search_term_string}\"},\"query-input\":{\"@type\":\"PropertyValueSpecification\",\"valueRequired\":true,\"valueName\":\"search_term_string\"}}],\"inLanguage\":\"pt-PT\"},{\"@type\":\"Person\",\"@id\":\"https:\/\/portaltela.pt\/#\/schema\/person\/c4278d4a6028830caff9ee44b42d32ed\",\"name\":\"Telinha\",\"image\":{\"@type\":\"ImageObject\",\"inLanguage\":\"pt-PT\",\"@id\":\"https:\/\/portaltela.pt\/s.01k8rhncp4jt1\/2025\/11\/talking-bot-125x125.png\",\"url\":\"https:\/\/portaltela.pt\/s.01k8rhncp4jt1\/2025\/11\/talking-bot-125x125.png\",\"contentUrl\":\"https:\/\/portaltela.pt\/s.01k8rhncp4jt1\/2025\/11\/talking-bot-125x125.png\",\"caption\":\"Telinha\"},\"sameAs\":[\"https:\/\/portaltela.pt\/\"],\"url\":\"https:\/\/portaltela.pt\/por\/367410592786\/\"}]}<\/script>\n<!-- \/ Yoast SEO plugin. -->","yoast_head_json":{"title":"Transmiss\u00e3o ao vivo: OC Barcelos vs FC Porto em h\u00f3quei em patins - Portal Tela Portugal","robots":{"index":"index","follow":"follow","max-snippet":"max-snippet:-1","max-image-preview":"max-image-preview:large","max-video-preview":"max-video-preview:-1"},"og_locale":"pt_PT","og_type":"article","og_title":"Transmiss\u00e3o ao vivo: OC Barcelos vs FC Porto em h\u00f3quei em patins - Portal Tela Portugal","og_description":"Jogo OC Barcelos versus FC Porto, da 14.\u00aa jornada do Campeonato Placard, com transmiss\u00e3o em direto no site do Record; come\u00e7a \u00e0s 21h30. A transmiss\u00e3o encontra-se a carregar o v\u00eddeo. Marinhense celebra 87 anos, mas o pavilh\u00e3o ficou destru\u00eddo; o presidente Miguel Bataglia descreve o cen\u00e1rio devastador. Lu\u00eds S\u00e9nica vai ser homenageado em Espanha; o presidente da Federa\u00e7\u00e3o de Patinagem de Portugal recebe ins\u00edgnia de ouro nesta sexta-feira.","og_url":"https:\/\/portaltela.pt\/noticias\/2026\/01\/31\/transmissao-ao-vivo-oc-barcelos-vs-fc-porto-em-hoquei-em-patins\/","og_site_name":"Portal Tela Portugal","article_published_time":"2026-01-31T21:24:00+00:00","author":"Telinha","twitter_card":"summary_large_image","twitter_misc":{"Escrito por":"Telinha","Tempo estimado de leitura":"1 minuto"},"schema":{"@context":"https:\/\/schema.org","@graph":[{"@type":"Article","@id":"https:\/\/portaltela.pt\/noticias\/2026\/01\/31\/transmissao-ao-vivo-oc-barcelos-vs-fc-porto-em-hoquei-em-patins\/#article","isPartOf":{"@id":"https:\/\/portaltela.pt\/noticias\/2026\/01\/31\/transmissao-ao-vivo-oc-barcelos-vs-fc-porto-em-hoquei-em-patins\/"},"author":{"name":"Telinha","@id":"https:\/\/portaltela.pt\/#\/schema\/person\/c4278d4a6028830caff9ee44b42d32ed"},"headline":"Transmiss\u00e3o ao vivo: OC Barcelos vs FC Porto em h\u00f3quei em patins","datePublished":"2026-01-31T21:24:00+00:00","mainEntityOfPage":{"@id":"https:\/\/portaltela.pt\/noticias\/2026\/01\/31\/transmissao-ao-vivo-oc-barcelos-vs-fc-porto-em-hoquei-em-patins\/"},"wordCount":239,"image":{"@id":"https:\/\/portaltela.pt\/noticias\/2026\/01\/31\/transmissao-ao-vivo-oc-barcelos-vs-fc-porto-em-hoquei-em-patins\/#primaryimage"},"thumbnailUrl":"https:\/\/portaltela.pt\/s.01k8rhncp4jt1\/2026\/01\/img_1200x721uu2026-01-31-21-30-23-2418742.jpg","keywords":["1.\u00aa Divis\u00e3o \u2014 S\u00e9rie D","desporto","FC Porto","h\u00f3quei","OC Barcelos","transmiss\u00f5es televisivas"],"articleSection":["Desporto"],"inLanguage":"pt-PT"},{"@type":"WebPage","@id":"https:\/\/portaltela.pt\/noticias\/2026\/01\/31\/transmissao-ao-vivo-oc-barcelos-vs-fc-porto-em-hoquei-em-patins\/","url":"https:\/\/portaltela.pt\/noticias\/2026\/01\/31\/transmissao-ao-vivo-oc-barcelos-vs-fc-porto-em-hoquei-em-patins\/","name":"Transmiss\u00e3o ao vivo: OC Barcelos vs FC Porto em h\u00f3quei em patins - Portal Tela Portugal","isPartOf":{"@id":"https:\/\/portaltela.pt\/#website"},"primaryImageOfPage":{"@id":"https:\/\/portaltela.pt\/noticias\/2026\/01\/31\/transmissao-ao-vivo-oc-barcelos-vs-fc-porto-em-hoquei-em-patins\/#primaryimage"},"image":{"@id":"https:\/\/portaltela.pt\/noticias\/2026\/01\/31\/transmissao-ao-vivo-oc-barcelos-vs-fc-porto-em-hoquei-em-patins\/#primaryimage"},"thumbnailUrl":"https:\/\/portaltela.pt\/s.01k8rhncp4jt1\/2026\/01\/img_1200x721uu2026-01-31-21-30-23-2418742.jpg","datePublished":"2026-01-31T21:24:00+00:00","author":{"@id":"https:\/\/portaltela.pt\/#\/schema\/person\/c4278d4a6028830caff9ee44b42d32ed"},"breadcrumb":{"@id":"https:\/\/portaltela.pt\/noticias\/2026\/01\/31\/transmissao-ao-vivo-oc-barcelos-vs-fc-porto-em-hoquei-em-patins\/#breadcrumb"},"inLanguage":"pt-PT","potentialAction":[{"@type":"ReadAction","target":["https:\/\/portaltela.pt\/noticias\/2026\/01\/31\/transmissao-ao-vivo-oc-barcelos-vs-fc-porto-em-hoquei-em-patins\/"]}]},{"@type":"ImageObject","inLanguage":"pt-PT","@id":"https:\/\/portaltela.pt\/noticias\/2026\/01\/31\/transmissao-ao-vivo-oc-barcelos-vs-fc-porto-em-hoquei-em-patins\/#primaryimage","url":"https:\/\/portaltela.pt\/s.01k8rhncp4jt1\/2026\/01\/img_1200x721uu2026-01-31-21-30-23-2418742.jpg","contentUrl":"https:\/\/portaltela.pt\/s.01k8rhncp4jt1\/2026\/01\/img_1200x721uu2026-01-31-21-30-23-2418742.jpg","width":796,"height":448,"caption":"H\u00f3quei em patins: transmiss\u00e3o em direto do OC Barcelos-FC Porto"},{"@type":"BreadcrumbList","@id":"https:\/\/portaltela.pt\/noticias\/2026\/01\/31\/transmissao-ao-vivo-oc-barcelos-vs-fc-porto-em-hoquei-em-patins\/#breadcrumb","itemListElement":[{"@type":"ListItem","position":1,"name":"In\u00edcio","item":"https:\/\/portaltela.pt\/"},{"@type":"ListItem","position":2,"name":"Transmiss\u00e3o ao vivo: OC Barcelos vs FC Porto em h\u00f3quei em patins"}]},{"@type":"WebSite","@id":"https:\/\/portaltela.pt\/#website","url":"https:\/\/portaltela.pt\/","name":"Portal Tela Portugal","description":"","potentialAction":[{"@type":"SearchAction","target":{"@type":"EntryPoint","urlTemplate":"https:\/\/portaltela.pt\/?s={search_term_string}"},"query-input":{"@type":"PropertyValueSpecification","valueRequired":true,"valueName":"search_term_string"}}],"inLanguage":"pt-PT"},{"@type":"Person","@id":"https:\/\/portaltela.pt\/#\/schema\/person\/c4278d4a6028830caff9ee44b42d32ed","name":"Telinha","image":{"@type":"ImageObject","inLanguage":"pt-PT","@id":"https:\/\/portaltela.pt\/s.01k8rhncp4jt1\/2025\/11\/talking-bot-125x125.png","url":"https:\/\/portaltela.pt\/s.01k8rhncp4jt1\/2025\/11\/talking-bot-125x125.png","contentUrl":"https:\/\/portaltela.pt\/s.01k8rhncp4jt1\/2025\/11\/talking-bot-125x125.png","caption":"Telinha"},"sameAs":["https:\/\/portaltela.pt\/"],"url":"https:\/\/portaltela.pt\/por\/367410592786\/"}]}},"_links":{"self":[{"href":"https:\/\/portaltela.pt\/api\/wp\/v2\/posts\/187556","targetHints":{"allow":["GET"]}}],"collection":[{"href":"https:\/\/portaltela.pt\/api\/wp\/v2\/posts"}],"about":[{"href":"https:\/\/portaltela.pt\/api\/wp\/v2\/types\/post"}],"author":[{"embeddable":true,"href":"https:\/\/portaltela.pt\/api\/wp\/v2\/users\/2"}],"replies":[{"embeddable":true,"href":"https:\/\/portaltela.pt\/api\/wp\/v2\/comments?post=187556"}],"version-history":[{"count":0,"href":"https:\/\/portaltela.pt\/api\/wp\/v2\/posts\/187556\/revisions"}],"wp:featuredmedia":[{"embeddable":true,"href":"https:\/\/portaltela.pt\/api\/wp\/v2\/media\/187568"}],"wp:attachment":[{"href":"https:\/\/portaltela.pt\/api\/wp\/v2\/media?parent=187556"}],"wp:term":[{"taxonomy":"category","embeddable":true,"href":"https:\/\/portaltela.pt\/api\/wp\/v2\/categories?post=187556"},{"taxonomy":"post_tag","embeddable":true,"href":"https:\/\/portaltela.pt\/api\/wp\/v2\/tags?post=187556"}],"curies":[{"name":"wp","href":"https:\/\/api.w.org\/{rel}","templated":true}]}}