{"id":187539,"date":"2026-01-31T18:07:00","date_gmt":"2026-01-31T21:07:00","guid":{"rendered":"https:\/\/portaltela.pt\/noticias\/2026\/01\/31\/encontrado-o-corpo-de-maria-custodia-amaral-filha-de-delfina-cruz\/"},"modified":"2026-01-31T18:07:00","modified_gmt":"2026-01-31T21:07:00","slug":"encontrado-o-corpo-de-maria-custodia-amaral-filha-de-delfina-cruz","status":"publish","type":"post","link":"https:\/\/portaltela.pt\/noticias\/2026\/01\/31\/encontrado-o-corpo-de-maria-custodia-amaral-filha-de-delfina-cruz\/","title":{"rendered":"Encontrado o corpo de Maria Cust\u00f3dia Amaral, filha de Delfina Cruz"},"content":{"rendered":"<p>O corpo de Maria Cust\u00f3dia Amaral, filha da atriz Delfina Cruz, foi encontrado pela Pol\u00edcia Judici\u00e1ria na zona da Lourinh\u00e3. Um suspeito pr\u00f3ximo da v\u00edtima foi detido. A PJ continua no local a recolher vest\u00edgios.<\/p>\n<p>O desaparecimento ocorreu no dia 19 de janeiro, data em que a agente imobili\u00e1ria saiu de casa. A deten\u00e7\u00e3o foi efetuada por inspetores da Unidade Nacional de Contratterrorismo, ap\u00f3s um mandado emitido pelo Minist\u00e9rio P\u00fablico.<\/p>\n<p>A Pol\u00edcia Judici\u00e1ria confirmou o levantamento do cad\u00e1ver no local e revelou que as investiga\u00e7\u00f5es prosseguem para esclarecer as circunst\u00e2ncias do crime. O estado atual aponta para um homic\u00eddio na data mencionada.<\/p>\n<h3>Detalhes da investiga\u00e7\u00e3o<\/h3>\n<p>A deten\u00e7\u00e3o do suspeito foi realizada no \u00e2mbito de dilig\u00eancias j\u00e1 em curso pela PJ. As buscas inclu\u00edram a casa do suspeito, em busca de evid\u00eancias adicionais para o caso.<\/p>\n<p>O suspeito dever\u00e1 ser presente a juiz para o primeiro interrogat\u00f3rio judicial, conforme o protocolo legal em vigor. A PJ pretende fechar o conjunto de dilig\u00eancias com a identifica\u00e7\u00e3o de todas as evid\u00eancias relevantes.<\/p>\n","protected":false},"excerpt":{"rendered":"<ul>\n<li>O corpo de Maria Cust\u00f3dia Amaral, filha da atriz Delfina Cruz, foi encontrado pela Pol\u00edcia Judici\u00e1ria na Lourinh\u00e3.<\/li>\n<li>Um suspeito, com rela\u00e7\u00e3o pr\u00f3xima \u00e0 v\u00edtima, foi detido pela Unidade Nacional de Contraterrorismo, e a PJ continua a recolher vest\u00edgios no local.<\/li>\n<li>O homic\u00eddio ter\u00e1 ocorrido no dia do desaparecimento, dezenove de janeiro, de acordo com a PJ.<\/li>\n<li>Foram realizadas buscas na casa do suspeito, e a PJ mant\u00e9m dilig\u00eancias para o levantamento do cad\u00e1ver.<\/li>\n<li>O detido ser\u00e1 apresentado a juiz para o primeiro interrogat\u00f3rio judicial, em cumprimento de mandado do Minist\u00e9rio P\u00fablico.<\/li>\n<\/ul>\n","protected":false},"author":2,"featured_media":187542,"comment_status":"closed","ping_status":"closed","sticky":false,"template":"","format":"standard","meta":{"footnotes":""},"categories":[1],"tags":[147,1345,215,1385,1802,4035],"class_list":["post-187539","post","type-post","status-publish","format-standard","has-post-thumbnail","hentry","category-noticias","tag-crime","tag-homicidio","tag-investigacao","tag-leiria","tag-policia-judiciaria","tag-unidade-nacional-de-contratterrorismo"],"yoast_head":"<!-- This site is optimized with the Yoast SEO plugin v27.2 - https:\/\/yoast.com\/product\/yoast-seo-wordpress\/ -->\n<title>Encontrado o corpo de Maria Cust\u00f3dia Amaral, filha de Delfina Cruz - Portal Tela Portugal<\/title>\n<meta name=\"robots\" content=\"index, follow, max-snippet:-1, max-image-preview:large, max-video-preview:-1\" \/>\n<meta property=\"og:locale\" content=\"pt_PT\" \/>\n<meta property=\"og:type\" content=\"article\" \/>\n<meta property=\"og:title\" content=\"Encontrado o corpo de Maria Cust\u00f3dia Amaral, filha de Delfina Cruz - Portal Tela Portugal\" \/>\n<meta property=\"og:description\" content=\"O corpo de Maria Cust\u00f3dia Amaral, filha da atriz Delfina Cruz, foi encontrado pela Pol\u00edcia Judici\u00e1ria na Lourinh\u00e3. Um suspeito, com rela\u00e7\u00e3o pr\u00f3xima \u00e0 v\u00edtima, foi detido pela Unidade Nacional de Contraterrorismo, e a PJ continua a recolher vest\u00edgios no local. O homic\u00eddio ter\u00e1 ocorrido no dia do desaparecimento, dezenove de janeiro, de acordo com a PJ. Foram realizadas buscas na casa do suspeito, e a PJ mant\u00e9m dilig\u00eancias para o levantamento do cad\u00e1ver. O detido ser\u00e1 apresentado a juiz para o primeiro interrogat\u00f3rio judicial, em cumprimento de mandado do Minist\u00e9rio P\u00fablico.\" \/>\n<meta property=\"og:url\" content=\"https:\/\/portaltela.pt\/noticias\/2026\/01\/31\/encontrado-o-corpo-de-maria-custodia-amaral-filha-de-delfina-cruz\/\" \/>\n<meta property=\"og:site_name\" content=\"Portal Tela Portugal\" \/>\n<meta property=\"article:published_time\" content=\"2026-01-31T21:07:00+00:00\" \/>\n<meta name=\"author\" content=\"Telinha\" \/>\n<meta name=\"twitter:card\" content=\"summary_large_image\" \/>\n<meta name=\"twitter:label1\" content=\"Escrito por\" \/>\n\t<meta name=\"twitter:data1\" content=\"Telinha\" \/>\n\t<meta name=\"twitter:label2\" content=\"Tempo estimado de leitura\" \/>\n\t<meta name=\"twitter:data2\" content=\"1 minuto\" \/>\n<script type=\"application\/ld+json\" class=\"yoast-schema-graph\">{\"@context\":\"https:\/\/schema.org\",\"@graph\":[{\"@type\":\"Article\",\"@id\":\"https:\/\/portaltela.pt\/noticias\/2026\/01\/31\/encontrado-o-corpo-de-maria-custodia-amaral-filha-de-delfina-cruz\/#article\",\"isPartOf\":{\"@id\":\"https:\/\/portaltela.pt\/noticias\/2026\/01\/31\/encontrado-o-corpo-de-maria-custodia-amaral-filha-de-delfina-cruz\/\"},\"author\":{\"name\":\"Telinha\",\"@id\":\"https:\/\/portaltela.pt\/#\/schema\/person\/c4278d4a6028830caff9ee44b42d32ed\"},\"headline\":\"Encontrado o corpo de Maria Cust\u00f3dia Amaral, filha de Delfina Cruz\",\"datePublished\":\"2026-01-31T21:07:00+00:00\",\"mainEntityOfPage\":{\"@id\":\"https:\/\/portaltela.pt\/noticias\/2026\/01\/31\/encontrado-o-corpo-de-maria-custodia-amaral-filha-de-delfina-cruz\/\"},\"wordCount\":206,\"image\":{\"@id\":\"https:\/\/portaltela.pt\/noticias\/2026\/01\/31\/encontrado-o-corpo-de-maria-custodia-amaral-filha-de-delfina-cruz\/#primaryimage\"},\"thumbnailUrl\":\"https:\/\/portaltela.pt\/s.01k8rhncp4jt1\/2026\/01\/img_1500x1000uu2026-01-22-16-59-33-2261933-im-639054902463234936.jpg\",\"keywords\":[\"crime\",\"homic\u00eddio\",\"investiga\u00e7\u00e3o\",\"Leiria\",\"Pol\u00edcia Judici\u00e1ria\",\"Unidade Nacional de Contratterrorismo\"],\"articleSection\":[\"Not\u00edcias\"],\"inLanguage\":\"pt-PT\"},{\"@type\":\"WebPage\",\"@id\":\"https:\/\/portaltela.pt\/noticias\/2026\/01\/31\/encontrado-o-corpo-de-maria-custodia-amaral-filha-de-delfina-cruz\/\",\"url\":\"https:\/\/portaltela.pt\/noticias\/2026\/01\/31\/encontrado-o-corpo-de-maria-custodia-amaral-filha-de-delfina-cruz\/\",\"name\":\"Encontrado o corpo de Maria Cust\u00f3dia Amaral, filha de Delfina Cruz - Portal Tela Portugal\",\"isPartOf\":{\"@id\":\"https:\/\/portaltela.pt\/#website\"},\"primaryImageOfPage\":{\"@id\":\"https:\/\/portaltela.pt\/noticias\/2026\/01\/31\/encontrado-o-corpo-de-maria-custodia-amaral-filha-de-delfina-cruz\/#primaryimage\"},\"image\":{\"@id\":\"https:\/\/portaltela.pt\/noticias\/2026\/01\/31\/encontrado-o-corpo-de-maria-custodia-amaral-filha-de-delfina-cruz\/#primaryimage\"},\"thumbnailUrl\":\"https:\/\/portaltela.pt\/s.01k8rhncp4jt1\/2026\/01\/img_1500x1000uu2026-01-22-16-59-33-2261933-im-639054902463234936.jpg\",\"datePublished\":\"2026-01-31T21:07:00+00:00\",\"author\":{\"@id\":\"https:\/\/portaltela.pt\/#\/schema\/person\/c4278d4a6028830caff9ee44b42d32ed\"},\"breadcrumb\":{\"@id\":\"https:\/\/portaltela.pt\/noticias\/2026\/01\/31\/encontrado-o-corpo-de-maria-custodia-amaral-filha-de-delfina-cruz\/#breadcrumb\"},\"inLanguage\":\"pt-PT\",\"potentialAction\":[{\"@type\":\"ReadAction\",\"target\":[\"https:\/\/portaltela.pt\/noticias\/2026\/01\/31\/encontrado-o-corpo-de-maria-custodia-amaral-filha-de-delfina-cruz\/\"]}]},{\"@type\":\"ImageObject\",\"inLanguage\":\"pt-PT\",\"@id\":\"https:\/\/portaltela.pt\/noticias\/2026\/01\/31\/encontrado-o-corpo-de-maria-custodia-amaral-filha-de-delfina-cruz\/#primaryimage\",\"url\":\"https:\/\/portaltela.pt\/s.01k8rhncp4jt1\/2026\/01\/img_1500x1000uu2026-01-22-16-59-33-2261933-im-639054902463234936.jpg\",\"contentUrl\":\"https:\/\/portaltela.pt\/s.01k8rhncp4jt1\/2026\/01\/img_1500x1000uu2026-01-22-16-59-33-2261933-im-639054902463234936.jpg\",\"width\":796,\"height\":448,\"caption\":\"PJ investiga sequestro de Maria Amaral. GNR comunicou \u00e0 PJ dica an\u00f3nima\"},{\"@type\":\"BreadcrumbList\",\"@id\":\"https:\/\/portaltela.pt\/noticias\/2026\/01\/31\/encontrado-o-corpo-de-maria-custodia-amaral-filha-de-delfina-cruz\/#breadcrumb\",\"itemListElement\":[{\"@type\":\"ListItem\",\"position\":1,\"name\":\"In\u00edcio\",\"item\":\"https:\/\/portaltela.pt\/\"},{\"@type\":\"ListItem\",\"position\":2,\"name\":\"Encontrado o corpo de Maria Cust\u00f3dia Amaral, filha de Delfina Cruz\"}]},{\"@type\":\"WebSite\",\"@id\":\"https:\/\/portaltela.pt\/#website\",\"url\":\"https:\/\/portaltela.pt\/\",\"name\":\"Portal Tela Portugal\",\"description\":\"\",\"potentialAction\":[{\"@type\":\"SearchAction\",\"target\":{\"@type\":\"EntryPoint\",\"urlTemplate\":\"https:\/\/portaltela.pt\/?s={search_term_string}\"},\"query-input\":{\"@type\":\"PropertyValueSpecification\",\"valueRequired\":true,\"valueName\":\"search_term_string\"}}],\"inLanguage\":\"pt-PT\"},{\"@type\":\"Person\",\"@id\":\"https:\/\/portaltela.pt\/#\/schema\/person\/c4278d4a6028830caff9ee44b42d32ed\",\"name\":\"Telinha\",\"image\":{\"@type\":\"ImageObject\",\"inLanguage\":\"pt-PT\",\"@id\":\"https:\/\/portaltela.pt\/s.01k8rhncp4jt1\/2025\/11\/talking-bot-125x125.png\",\"url\":\"https:\/\/portaltela.pt\/s.01k8rhncp4jt1\/2025\/11\/talking-bot-125x125.png\",\"contentUrl\":\"https:\/\/portaltela.pt\/s.01k8rhncp4jt1\/2025\/11\/talking-bot-125x125.png\",\"caption\":\"Telinha\"},\"sameAs\":[\"https:\/\/portaltela.pt\/\"],\"url\":\"https:\/\/portaltela.pt\/por\/367410592786\/\"}]}<\/script>\n<!-- \/ Yoast SEO plugin. -->","yoast_head_json":{"title":"Encontrado o corpo de Maria Cust\u00f3dia Amaral, filha de Delfina Cruz - Portal Tela Portugal","robots":{"index":"index","follow":"follow","max-snippet":"max-snippet:-1","max-image-preview":"max-image-preview:large","max-video-preview":"max-video-preview:-1"},"og_locale":"pt_PT","og_type":"article","og_title":"Encontrado o corpo de Maria Cust\u00f3dia Amaral, filha de Delfina Cruz - Portal Tela Portugal","og_description":"O corpo de Maria Cust\u00f3dia Amaral, filha da atriz Delfina Cruz, foi encontrado pela Pol\u00edcia Judici\u00e1ria na Lourinh\u00e3. Um suspeito, com rela\u00e7\u00e3o pr\u00f3xima \u00e0 v\u00edtima, foi detido pela Unidade Nacional de Contraterrorismo, e a PJ continua a recolher vest\u00edgios no local. O homic\u00eddio ter\u00e1 ocorrido no dia do desaparecimento, dezenove de janeiro, de acordo com a PJ. Foram realizadas buscas na casa do suspeito, e a PJ mant\u00e9m dilig\u00eancias para o levantamento do cad\u00e1ver. O detido ser\u00e1 apresentado a juiz para o primeiro interrogat\u00f3rio judicial, em cumprimento de mandado do Minist\u00e9rio P\u00fablico.","og_url":"https:\/\/portaltela.pt\/noticias\/2026\/01\/31\/encontrado-o-corpo-de-maria-custodia-amaral-filha-de-delfina-cruz\/","og_site_name":"Portal Tela Portugal","article_published_time":"2026-01-31T21:07:00+00:00","author":"Telinha","twitter_card":"summary_large_image","twitter_misc":{"Escrito por":"Telinha","Tempo estimado de leitura":"1 minuto"},"schema":{"@context":"https:\/\/schema.org","@graph":[{"@type":"Article","@id":"https:\/\/portaltela.pt\/noticias\/2026\/01\/31\/encontrado-o-corpo-de-maria-custodia-amaral-filha-de-delfina-cruz\/#article","isPartOf":{"@id":"https:\/\/portaltela.pt\/noticias\/2026\/01\/31\/encontrado-o-corpo-de-maria-custodia-amaral-filha-de-delfina-cruz\/"},"author":{"name":"Telinha","@id":"https:\/\/portaltela.pt\/#\/schema\/person\/c4278d4a6028830caff9ee44b42d32ed"},"headline":"Encontrado o corpo de Maria Cust\u00f3dia Amaral, filha de Delfina Cruz","datePublished":"2026-01-31T21:07:00+00:00","mainEntityOfPage":{"@id":"https:\/\/portaltela.pt\/noticias\/2026\/01\/31\/encontrado-o-corpo-de-maria-custodia-amaral-filha-de-delfina-cruz\/"},"wordCount":206,"image":{"@id":"https:\/\/portaltela.pt\/noticias\/2026\/01\/31\/encontrado-o-corpo-de-maria-custodia-amaral-filha-de-delfina-cruz\/#primaryimage"},"thumbnailUrl":"https:\/\/portaltela.pt\/s.01k8rhncp4jt1\/2026\/01\/img_1500x1000uu2026-01-22-16-59-33-2261933-im-639054902463234936.jpg","keywords":["crime","homic\u00eddio","investiga\u00e7\u00e3o","Leiria","Pol\u00edcia Judici\u00e1ria","Unidade Nacional de Contratterrorismo"],"articleSection":["Not\u00edcias"],"inLanguage":"pt-PT"},{"@type":"WebPage","@id":"https:\/\/portaltela.pt\/noticias\/2026\/01\/31\/encontrado-o-corpo-de-maria-custodia-amaral-filha-de-delfina-cruz\/","url":"https:\/\/portaltela.pt\/noticias\/2026\/01\/31\/encontrado-o-corpo-de-maria-custodia-amaral-filha-de-delfina-cruz\/","name":"Encontrado o corpo de Maria Cust\u00f3dia Amaral, filha de Delfina Cruz - Portal Tela Portugal","isPartOf":{"@id":"https:\/\/portaltela.pt\/#website"},"primaryImageOfPage":{"@id":"https:\/\/portaltela.pt\/noticias\/2026\/01\/31\/encontrado-o-corpo-de-maria-custodia-amaral-filha-de-delfina-cruz\/#primaryimage"},"image":{"@id":"https:\/\/portaltela.pt\/noticias\/2026\/01\/31\/encontrado-o-corpo-de-maria-custodia-amaral-filha-de-delfina-cruz\/#primaryimage"},"thumbnailUrl":"https:\/\/portaltela.pt\/s.01k8rhncp4jt1\/2026\/01\/img_1500x1000uu2026-01-22-16-59-33-2261933-im-639054902463234936.jpg","datePublished":"2026-01-31T21:07:00+00:00","author":{"@id":"https:\/\/portaltela.pt\/#\/schema\/person\/c4278d4a6028830caff9ee44b42d32ed"},"breadcrumb":{"@id":"https:\/\/portaltela.pt\/noticias\/2026\/01\/31\/encontrado-o-corpo-de-maria-custodia-amaral-filha-de-delfina-cruz\/#breadcrumb"},"inLanguage":"pt-PT","potentialAction":[{"@type":"ReadAction","target":["https:\/\/portaltela.pt\/noticias\/2026\/01\/31\/encontrado-o-corpo-de-maria-custodia-amaral-filha-de-delfina-cruz\/"]}]},{"@type":"ImageObject","inLanguage":"pt-PT","@id":"https:\/\/portaltela.pt\/noticias\/2026\/01\/31\/encontrado-o-corpo-de-maria-custodia-amaral-filha-de-delfina-cruz\/#primaryimage","url":"https:\/\/portaltela.pt\/s.01k8rhncp4jt1\/2026\/01\/img_1500x1000uu2026-01-22-16-59-33-2261933-im-639054902463234936.jpg","contentUrl":"https:\/\/portaltela.pt\/s.01k8rhncp4jt1\/2026\/01\/img_1500x1000uu2026-01-22-16-59-33-2261933-im-639054902463234936.jpg","width":796,"height":448,"caption":"PJ investiga sequestro de Maria Amaral. GNR comunicou \u00e0 PJ dica an\u00f3nima"},{"@type":"BreadcrumbList","@id":"https:\/\/portaltela.pt\/noticias\/2026\/01\/31\/encontrado-o-corpo-de-maria-custodia-amaral-filha-de-delfina-cruz\/#breadcrumb","itemListElement":[{"@type":"ListItem","position":1,"name":"In\u00edcio","item":"https:\/\/portaltela.pt\/"},{"@type":"ListItem","position":2,"name":"Encontrado o corpo de Maria Cust\u00f3dia Amaral, filha de Delfina Cruz"}]},{"@type":"WebSite","@id":"https:\/\/portaltela.pt\/#website","url":"https:\/\/portaltela.pt\/","name":"Portal Tela Portugal","description":"","potentialAction":[{"@type":"SearchAction","target":{"@type":"EntryPoint","urlTemplate":"https:\/\/portaltela.pt\/?s={search_term_string}"},"query-input":{"@type":"PropertyValueSpecification","valueRequired":true,"valueName":"search_term_string"}}],"inLanguage":"pt-PT"},{"@type":"Person","@id":"https:\/\/portaltela.pt\/#\/schema\/person\/c4278d4a6028830caff9ee44b42d32ed","name":"Telinha","image":{"@type":"ImageObject","inLanguage":"pt-PT","@id":"https:\/\/portaltela.pt\/s.01k8rhncp4jt1\/2025\/11\/talking-bot-125x125.png","url":"https:\/\/portaltela.pt\/s.01k8rhncp4jt1\/2025\/11\/talking-bot-125x125.png","contentUrl":"https:\/\/portaltela.pt\/s.01k8rhncp4jt1\/2025\/11\/talking-bot-125x125.png","caption":"Telinha"},"sameAs":["https:\/\/portaltela.pt\/"],"url":"https:\/\/portaltela.pt\/por\/367410592786\/"}]}},"_links":{"self":[{"href":"https:\/\/portaltela.pt\/api\/wp\/v2\/posts\/187539","targetHints":{"allow":["GET"]}}],"collection":[{"href":"https:\/\/portaltela.pt\/api\/wp\/v2\/posts"}],"about":[{"href":"https:\/\/portaltela.pt\/api\/wp\/v2\/types\/post"}],"author":[{"embeddable":true,"href":"https:\/\/portaltela.pt\/api\/wp\/v2\/users\/2"}],"replies":[{"embeddable":true,"href":"https:\/\/portaltela.pt\/api\/wp\/v2\/comments?post=187539"}],"version-history":[{"count":0,"href":"https:\/\/portaltela.pt\/api\/wp\/v2\/posts\/187539\/revisions"}],"wp:featuredmedia":[{"embeddable":true,"href":"https:\/\/portaltela.pt\/api\/wp\/v2\/media\/187542"}],"wp:attachment":[{"href":"https:\/\/portaltela.pt\/api\/wp\/v2\/media?parent=187539"}],"wp:term":[{"taxonomy":"category","embeddable":true,"href":"https:\/\/portaltela.pt\/api\/wp\/v2\/categories?post=187539"},{"taxonomy":"post_tag","embeddable":true,"href":"https:\/\/portaltela.pt\/api\/wp\/v2\/tags?post=187539"}],"curies":[{"name":"wp","href":"https:\/\/api.w.org\/{rel}","templated":true}]}}