{"id":187519,"date":"2026-01-31T17:35:00","date_gmt":"2026-01-31T20:35:00","guid":{"rendered":"https:\/\/portaltela.pt\/noticias\/2026\/01\/31\/tres-resgatados-em-naufragio-de-veleiro-levado-para-cabo-verde\/"},"modified":"2026-01-31T17:35:00","modified_gmt":"2026-01-31T20:35:00","slug":"tres-resgatados-em-naufragio-de-veleiro-levado-para-cabo-verde","status":"publish","type":"post","link":"https:\/\/portaltela.pt\/noticias\/2026\/01\/31\/tres-resgatados-em-naufragio-de-veleiro-levado-para-cabo-verde\/","title":{"rendered":"Tr\u00eas resgatados em naufr\u00e1gio de veleiro levado para Cabo Verde"},"content":{"rendered":"<p>O Servi\u00e7o de Salvamento Mar\u00edtimo de Espanha coordenou hoje uma opera\u00e7\u00e3o de resgate ap\u00f3s receber um pedido de socorro com a mensagem SOS Garmin. O centro, sediado em Madrid, confirmou a origem do pedido, sem fornecer detalhes sobre a embarca\u00e7\u00e3o ou a natureza do perigo.<\/p>\n<p>O alerta foi recebido a partir de uma localiza\u00e7\u00e3o a 528 quil\u00f3metros da Gran Can\u00e1ria. Os controladores de Las Palmas desviaram a embarca\u00e7\u00e3o mais pr\u00f3xima, o navio-cisterna Ouro do Brasil, para atender ao SOS.<\/p>\n<h3>Detalhes do resgate<\/h3>\n<p>A tripula\u00e7\u00e3o do Ouro do Brasil resgatou duas pessoas com queimaduras na pele, em aparente bom estado de sa\u00fade, e uma v\u00edtima j\u00e1 sem vida. Os sobreviventes disseram ter estado num veleiro que acabou por virar, sendo que eram as \u00fanicas pessoas a bordo e s\u00e3o naturais da Litu\u00e2nia.<\/p>\n<p>As duas pessoas resgatadas est\u00e3o a bordo do Ouro do Brasil, que se dirige agora a Cabo Verde, onde se prev\u00ea o desembarque. A gravidade das queimaduras ainda n\u00e3o foi detalhada pelas autoridades.<\/p>\n","protected":false},"excerpt":{"rendered":"<ul>\n<li>Um pedido de socorro com a mensagem &#8220;SOS Garmin&#8221; chegou ao Servi\u00e7o de Salvamento Mar\u00edtimo de Espanha, confirmou um porta-voz.<\/li>\n<li>O resgate come\u00e7ou a 528 quil\u00f3metros da Gran Can\u00e1ria, ainda sem informa\u00e7\u00f5es sobre a embarca\u00e7\u00e3o.<\/li>\n<li>A tripula\u00e7\u00e3o do navio-cisterna Ouro do Brasil resgatou tr\u00eas n\u00e1ufragos: duas pessoas com queimaduras e uma v\u00edtima mortal, que est\u00e3o a caminho de Cabo Verde.<\/li>\n<li>Os sobreviventes disseram que o veleiro virou e que eram tr\u00eas a bordo, todos naturais da Litu\u00e2nia.<\/li>\n<li>O navio que socorreu est\u00e1 a dirigir-se a Cabo Verde, onde devem desembarcar.<\/li>\n<\/ul>\n","protected":false},"author":2,"featured_media":187528,"comment_status":"closed","ping_status":"closed","sticky":false,"template":"","format":"standard","meta":{"footnotes":""},"categories":[1],"tags":[4524,2329,3630,4556,2734,1007],"class_list":["post-187519","post","type-post","status-publish","format-standard","has-post-thumbnail","hentry","category-noticias","tag-acidente-maritimo","tag-cabo-verde","tag-lituania","tag-navios","tag-queimaduras","tag-resgate-maritimo"],"yoast_head":"<!-- This site is optimized with the Yoast SEO plugin v27.2 - https:\/\/yoast.com\/product\/yoast-seo-wordpress\/ -->\n<title>Tr\u00eas resgatados em naufr\u00e1gio de veleiro levado para Cabo Verde - Portal Tela Portugal<\/title>\n<meta name=\"robots\" content=\"index, follow, max-snippet:-1, max-image-preview:large, max-video-preview:-1\" \/>\n<meta property=\"og:locale\" content=\"pt_PT\" \/>\n<meta property=\"og:type\" content=\"article\" \/>\n<meta property=\"og:title\" content=\"Tr\u00eas resgatados em naufr\u00e1gio de veleiro levado para Cabo Verde - Portal Tela Portugal\" \/>\n<meta property=\"og:description\" content=\"Um pedido de socorro com a mensagem &quot;SOS Garmin&quot; chegou ao Servi\u00e7o de Salvamento Mar\u00edtimo de Espanha, confirmou um porta-voz. O resgate come\u00e7ou a 528 quil\u00f3metros da Gran Can\u00e1ria, ainda sem informa\u00e7\u00f5es sobre a embarca\u00e7\u00e3o. A tripula\u00e7\u00e3o do navio-cisterna Ouro do Brasil resgatou tr\u00eas n\u00e1ufragos: duas pessoas com queimaduras e uma v\u00edtima mortal, que est\u00e3o a caminho de Cabo Verde. Os sobreviventes disseram que o veleiro virou e que eram tr\u00eas a bordo, todos naturais da Litu\u00e2nia. O navio que socorreu est\u00e1 a dirigir-se a Cabo Verde, onde devem desembarcar.\" \/>\n<meta property=\"og:url\" content=\"https:\/\/portaltela.pt\/noticias\/2026\/01\/31\/tres-resgatados-em-naufragio-de-veleiro-levado-para-cabo-verde\/\" \/>\n<meta property=\"og:site_name\" content=\"Portal Tela Portugal\" \/>\n<meta property=\"article:published_time\" content=\"2026-01-31T20:35:00+00:00\" \/>\n<meta name=\"author\" content=\"Telinha\" \/>\n<meta name=\"twitter:card\" content=\"summary_large_image\" \/>\n<meta name=\"twitter:label1\" content=\"Escrito por\" \/>\n\t<meta name=\"twitter:data1\" content=\"Telinha\" \/>\n\t<meta name=\"twitter:label2\" content=\"Tempo estimado de leitura\" \/>\n\t<meta name=\"twitter:data2\" content=\"1 minuto\" \/>\n<script type=\"application\/ld+json\" class=\"yoast-schema-graph\">{\"@context\":\"https:\/\/schema.org\",\"@graph\":[{\"@type\":\"Article\",\"@id\":\"https:\/\/portaltela.pt\/noticias\/2026\/01\/31\/tres-resgatados-em-naufragio-de-veleiro-levado-para-cabo-verde\/#article\",\"isPartOf\":{\"@id\":\"https:\/\/portaltela.pt\/noticias\/2026\/01\/31\/tres-resgatados-em-naufragio-de-veleiro-levado-para-cabo-verde\/\"},\"author\":{\"name\":\"Telinha\",\"@id\":\"https:\/\/portaltela.pt\/#\/schema\/person\/c4278d4a6028830caff9ee44b42d32ed\"},\"headline\":\"Tr\u00eas resgatados em naufr\u00e1gio de veleiro levado para Cabo Verde\",\"datePublished\":\"2026-01-31T20:35:00+00:00\",\"mainEntityOfPage\":{\"@id\":\"https:\/\/portaltela.pt\/noticias\/2026\/01\/31\/tres-resgatados-em-naufragio-de-veleiro-levado-para-cabo-verde\/\"},\"wordCount\":192,\"image\":{\"@id\":\"https:\/\/portaltela.pt\/noticias\/2026\/01\/31\/tres-resgatados-em-naufragio-de-veleiro-levado-para-cabo-verde\/#primaryimage\"},\"thumbnailUrl\":\"https:\/\/portaltela.pt\/s.01k8rhncp4jt1\/2026\/01\/unnamed-file-6385.jpg\",\"keywords\":[\"acidente mar\u00edtimo\",\"Cabo Verde\",\"Litu\u00e2nia\",\"navios\",\"queimaduras\",\"Resgate Mar\u00edtimo\"],\"articleSection\":[\"Not\u00edcias\"],\"inLanguage\":\"pt-PT\"},{\"@type\":\"WebPage\",\"@id\":\"https:\/\/portaltela.pt\/noticias\/2026\/01\/31\/tres-resgatados-em-naufragio-de-veleiro-levado-para-cabo-verde\/\",\"url\":\"https:\/\/portaltela.pt\/noticias\/2026\/01\/31\/tres-resgatados-em-naufragio-de-veleiro-levado-para-cabo-verde\/\",\"name\":\"Tr\u00eas resgatados em naufr\u00e1gio de veleiro levado para Cabo Verde - Portal Tela Portugal\",\"isPartOf\":{\"@id\":\"https:\/\/portaltela.pt\/#website\"},\"primaryImageOfPage\":{\"@id\":\"https:\/\/portaltela.pt\/noticias\/2026\/01\/31\/tres-resgatados-em-naufragio-de-veleiro-levado-para-cabo-verde\/#primaryimage\"},\"image\":{\"@id\":\"https:\/\/portaltela.pt\/noticias\/2026\/01\/31\/tres-resgatados-em-naufragio-de-veleiro-levado-para-cabo-verde\/#primaryimage\"},\"thumbnailUrl\":\"https:\/\/portaltela.pt\/s.01k8rhncp4jt1\/2026\/01\/unnamed-file-6385.jpg\",\"datePublished\":\"2026-01-31T20:35:00+00:00\",\"author\":{\"@id\":\"https:\/\/portaltela.pt\/#\/schema\/person\/c4278d4a6028830caff9ee44b42d32ed\"},\"breadcrumb\":{\"@id\":\"https:\/\/portaltela.pt\/noticias\/2026\/01\/31\/tres-resgatados-em-naufragio-de-veleiro-levado-para-cabo-verde\/#breadcrumb\"},\"inLanguage\":\"pt-PT\",\"potentialAction\":[{\"@type\":\"ReadAction\",\"target\":[\"https:\/\/portaltela.pt\/noticias\/2026\/01\/31\/tres-resgatados-em-naufragio-de-veleiro-levado-para-cabo-verde\/\"]}]},{\"@type\":\"ImageObject\",\"inLanguage\":\"pt-PT\",\"@id\":\"https:\/\/portaltela.pt\/noticias\/2026\/01\/31\/tres-resgatados-em-naufragio-de-veleiro-levado-para-cabo-verde\/#primaryimage\",\"url\":\"https:\/\/portaltela.pt\/s.01k8rhncp4jt1\/2026\/01\/unnamed-file-6385.jpg\",\"contentUrl\":\"https:\/\/portaltela.pt\/s.01k8rhncp4jt1\/2026\/01\/unnamed-file-6385.jpg\",\"width\":796,\"height\":448,\"caption\":\"Levadas para Cabo Verde tr\u00eas pessoas resgatadas em naufr\u00e1gio de veleiro\"},{\"@type\":\"BreadcrumbList\",\"@id\":\"https:\/\/portaltela.pt\/noticias\/2026\/01\/31\/tres-resgatados-em-naufragio-de-veleiro-levado-para-cabo-verde\/#breadcrumb\",\"itemListElement\":[{\"@type\":\"ListItem\",\"position\":1,\"name\":\"In\u00edcio\",\"item\":\"https:\/\/portaltela.pt\/\"},{\"@type\":\"ListItem\",\"position\":2,\"name\":\"Tr\u00eas resgatados em naufr\u00e1gio de veleiro levado para Cabo Verde\"}]},{\"@type\":\"WebSite\",\"@id\":\"https:\/\/portaltela.pt\/#website\",\"url\":\"https:\/\/portaltela.pt\/\",\"name\":\"Portal Tela Portugal\",\"description\":\"\",\"potentialAction\":[{\"@type\":\"SearchAction\",\"target\":{\"@type\":\"EntryPoint\",\"urlTemplate\":\"https:\/\/portaltela.pt\/?s={search_term_string}\"},\"query-input\":{\"@type\":\"PropertyValueSpecification\",\"valueRequired\":true,\"valueName\":\"search_term_string\"}}],\"inLanguage\":\"pt-PT\"},{\"@type\":\"Person\",\"@id\":\"https:\/\/portaltela.pt\/#\/schema\/person\/c4278d4a6028830caff9ee44b42d32ed\",\"name\":\"Telinha\",\"image\":{\"@type\":\"ImageObject\",\"inLanguage\":\"pt-PT\",\"@id\":\"https:\/\/portaltela.pt\/s.01k8rhncp4jt1\/2025\/11\/talking-bot-125x125.png\",\"url\":\"https:\/\/portaltela.pt\/s.01k8rhncp4jt1\/2025\/11\/talking-bot-125x125.png\",\"contentUrl\":\"https:\/\/portaltela.pt\/s.01k8rhncp4jt1\/2025\/11\/talking-bot-125x125.png\",\"caption\":\"Telinha\"},\"sameAs\":[\"https:\/\/portaltela.pt\/\"],\"url\":\"https:\/\/portaltela.pt\/por\/367410592786\/\"}]}<\/script>\n<!-- \/ Yoast SEO plugin. -->","yoast_head_json":{"title":"Tr\u00eas resgatados em naufr\u00e1gio de veleiro levado para Cabo Verde - Portal Tela Portugal","robots":{"index":"index","follow":"follow","max-snippet":"max-snippet:-1","max-image-preview":"max-image-preview:large","max-video-preview":"max-video-preview:-1"},"og_locale":"pt_PT","og_type":"article","og_title":"Tr\u00eas resgatados em naufr\u00e1gio de veleiro levado para Cabo Verde - Portal Tela Portugal","og_description":"Um pedido de socorro com a mensagem \"SOS Garmin\" chegou ao Servi\u00e7o de Salvamento Mar\u00edtimo de Espanha, confirmou um porta-voz. O resgate come\u00e7ou a 528 quil\u00f3metros da Gran Can\u00e1ria, ainda sem informa\u00e7\u00f5es sobre a embarca\u00e7\u00e3o. A tripula\u00e7\u00e3o do navio-cisterna Ouro do Brasil resgatou tr\u00eas n\u00e1ufragos: duas pessoas com queimaduras e uma v\u00edtima mortal, que est\u00e3o a caminho de Cabo Verde. Os sobreviventes disseram que o veleiro virou e que eram tr\u00eas a bordo, todos naturais da Litu\u00e2nia. O navio que socorreu est\u00e1 a dirigir-se a Cabo Verde, onde devem desembarcar.","og_url":"https:\/\/portaltela.pt\/noticias\/2026\/01\/31\/tres-resgatados-em-naufragio-de-veleiro-levado-para-cabo-verde\/","og_site_name":"Portal Tela Portugal","article_published_time":"2026-01-31T20:35:00+00:00","author":"Telinha","twitter_card":"summary_large_image","twitter_misc":{"Escrito por":"Telinha","Tempo estimado de leitura":"1 minuto"},"schema":{"@context":"https:\/\/schema.org","@graph":[{"@type":"Article","@id":"https:\/\/portaltela.pt\/noticias\/2026\/01\/31\/tres-resgatados-em-naufragio-de-veleiro-levado-para-cabo-verde\/#article","isPartOf":{"@id":"https:\/\/portaltela.pt\/noticias\/2026\/01\/31\/tres-resgatados-em-naufragio-de-veleiro-levado-para-cabo-verde\/"},"author":{"name":"Telinha","@id":"https:\/\/portaltela.pt\/#\/schema\/person\/c4278d4a6028830caff9ee44b42d32ed"},"headline":"Tr\u00eas resgatados em naufr\u00e1gio de veleiro levado para Cabo Verde","datePublished":"2026-01-31T20:35:00+00:00","mainEntityOfPage":{"@id":"https:\/\/portaltela.pt\/noticias\/2026\/01\/31\/tres-resgatados-em-naufragio-de-veleiro-levado-para-cabo-verde\/"},"wordCount":192,"image":{"@id":"https:\/\/portaltela.pt\/noticias\/2026\/01\/31\/tres-resgatados-em-naufragio-de-veleiro-levado-para-cabo-verde\/#primaryimage"},"thumbnailUrl":"https:\/\/portaltela.pt\/s.01k8rhncp4jt1\/2026\/01\/unnamed-file-6385.jpg","keywords":["acidente mar\u00edtimo","Cabo Verde","Litu\u00e2nia","navios","queimaduras","Resgate Mar\u00edtimo"],"articleSection":["Not\u00edcias"],"inLanguage":"pt-PT"},{"@type":"WebPage","@id":"https:\/\/portaltela.pt\/noticias\/2026\/01\/31\/tres-resgatados-em-naufragio-de-veleiro-levado-para-cabo-verde\/","url":"https:\/\/portaltela.pt\/noticias\/2026\/01\/31\/tres-resgatados-em-naufragio-de-veleiro-levado-para-cabo-verde\/","name":"Tr\u00eas resgatados em naufr\u00e1gio de veleiro levado para Cabo Verde - Portal Tela Portugal","isPartOf":{"@id":"https:\/\/portaltela.pt\/#website"},"primaryImageOfPage":{"@id":"https:\/\/portaltela.pt\/noticias\/2026\/01\/31\/tres-resgatados-em-naufragio-de-veleiro-levado-para-cabo-verde\/#primaryimage"},"image":{"@id":"https:\/\/portaltela.pt\/noticias\/2026\/01\/31\/tres-resgatados-em-naufragio-de-veleiro-levado-para-cabo-verde\/#primaryimage"},"thumbnailUrl":"https:\/\/portaltela.pt\/s.01k8rhncp4jt1\/2026\/01\/unnamed-file-6385.jpg","datePublished":"2026-01-31T20:35:00+00:00","author":{"@id":"https:\/\/portaltela.pt\/#\/schema\/person\/c4278d4a6028830caff9ee44b42d32ed"},"breadcrumb":{"@id":"https:\/\/portaltela.pt\/noticias\/2026\/01\/31\/tres-resgatados-em-naufragio-de-veleiro-levado-para-cabo-verde\/#breadcrumb"},"inLanguage":"pt-PT","potentialAction":[{"@type":"ReadAction","target":["https:\/\/portaltela.pt\/noticias\/2026\/01\/31\/tres-resgatados-em-naufragio-de-veleiro-levado-para-cabo-verde\/"]}]},{"@type":"ImageObject","inLanguage":"pt-PT","@id":"https:\/\/portaltela.pt\/noticias\/2026\/01\/31\/tres-resgatados-em-naufragio-de-veleiro-levado-para-cabo-verde\/#primaryimage","url":"https:\/\/portaltela.pt\/s.01k8rhncp4jt1\/2026\/01\/unnamed-file-6385.jpg","contentUrl":"https:\/\/portaltela.pt\/s.01k8rhncp4jt1\/2026\/01\/unnamed-file-6385.jpg","width":796,"height":448,"caption":"Levadas para Cabo Verde tr\u00eas pessoas resgatadas em naufr\u00e1gio de veleiro"},{"@type":"BreadcrumbList","@id":"https:\/\/portaltela.pt\/noticias\/2026\/01\/31\/tres-resgatados-em-naufragio-de-veleiro-levado-para-cabo-verde\/#breadcrumb","itemListElement":[{"@type":"ListItem","position":1,"name":"In\u00edcio","item":"https:\/\/portaltela.pt\/"},{"@type":"ListItem","position":2,"name":"Tr\u00eas resgatados em naufr\u00e1gio de veleiro levado para Cabo Verde"}]},{"@type":"WebSite","@id":"https:\/\/portaltela.pt\/#website","url":"https:\/\/portaltela.pt\/","name":"Portal Tela Portugal","description":"","potentialAction":[{"@type":"SearchAction","target":{"@type":"EntryPoint","urlTemplate":"https:\/\/portaltela.pt\/?s={search_term_string}"},"query-input":{"@type":"PropertyValueSpecification","valueRequired":true,"valueName":"search_term_string"}}],"inLanguage":"pt-PT"},{"@type":"Person","@id":"https:\/\/portaltela.pt\/#\/schema\/person\/c4278d4a6028830caff9ee44b42d32ed","name":"Telinha","image":{"@type":"ImageObject","inLanguage":"pt-PT","@id":"https:\/\/portaltela.pt\/s.01k8rhncp4jt1\/2025\/11\/talking-bot-125x125.png","url":"https:\/\/portaltela.pt\/s.01k8rhncp4jt1\/2025\/11\/talking-bot-125x125.png","contentUrl":"https:\/\/portaltela.pt\/s.01k8rhncp4jt1\/2025\/11\/talking-bot-125x125.png","caption":"Telinha"},"sameAs":["https:\/\/portaltela.pt\/"],"url":"https:\/\/portaltela.pt\/por\/367410592786\/"}]}},"_links":{"self":[{"href":"https:\/\/portaltela.pt\/api\/wp\/v2\/posts\/187519","targetHints":{"allow":["GET"]}}],"collection":[{"href":"https:\/\/portaltela.pt\/api\/wp\/v2\/posts"}],"about":[{"href":"https:\/\/portaltela.pt\/api\/wp\/v2\/types\/post"}],"author":[{"embeddable":true,"href":"https:\/\/portaltela.pt\/api\/wp\/v2\/users\/2"}],"replies":[{"embeddable":true,"href":"https:\/\/portaltela.pt\/api\/wp\/v2\/comments?post=187519"}],"version-history":[{"count":0,"href":"https:\/\/portaltela.pt\/api\/wp\/v2\/posts\/187519\/revisions"}],"wp:featuredmedia":[{"embeddable":true,"href":"https:\/\/portaltela.pt\/api\/wp\/v2\/media\/187528"}],"wp:attachment":[{"href":"https:\/\/portaltela.pt\/api\/wp\/v2\/media?parent=187519"}],"wp:term":[{"taxonomy":"category","embeddable":true,"href":"https:\/\/portaltela.pt\/api\/wp\/v2\/categories?post=187519"},{"taxonomy":"post_tag","embeddable":true,"href":"https:\/\/portaltela.pt\/api\/wp\/v2\/tags?post=187519"}],"curies":[{"name":"wp","href":"https:\/\/api.w.org\/{rel}","templated":true}]}}