{"id":187502,"date":"2026-01-31T17:11:14","date_gmt":"2026-01-31T20:11:14","guid":{"rendered":"https:\/\/portaltela.pt\/noticias\/2026\/01\/31\/dois-feridos-em-colisao-na-n14-cruz-famalicao\/"},"modified":"2026-01-31T17:11:14","modified_gmt":"2026-01-31T20:11:14","slug":"dois-feridos-em-colisao-na-n14-cruz-famalicao","status":"publish","type":"post","link":"https:\/\/portaltela.pt\/noticias\/2026\/01\/31\/dois-feridos-em-colisao-na-n14-cruz-famalicao\/","title":{"rendered":"Dois feridos em colis\u00e3o na N14, Cruz, Famalic\u00e3o"},"content":{"rendered":"<p>Duas pessoas ficaram feridas numa colis\u00e3o entre viaturas na N14, em Cruz, Famalic\u00e3o, ocorrida pouco depois das 19h de s\u00e1bado. O incidente chamou a aten\u00e7\u00e3o local.<\/p>\n<p>O acidente ocorreu na freguesia de Cruz e mobilizou os Bombeiros de Famalic\u00e3o, que partiram rapidamente para prestar assist\u00eancia \u00e0s v\u00edtimas.<\/p>\n<p>As pessoas feridas apresentaram ferimentos ligeiros e foram encaminhadas para o hospital local para avalia\u00e7\u00e3o e tratamento. A GNR assumiu a ocorr\u00eancia, assegurando o funcionamento da per\u00edcia inicial.<\/p>\n","protected":false},"excerpt":{"rendered":"<ul>\n<li>Duas pessoas ficaram feridas numa colis\u00e3o entre viaturas na Estrada Nacional 14, na freguesia de Cruz, no concelho de Vila Nova de Famalic\u00e3o.<\/li>\n<li>O acidente ocorreu pouco depois das 19h00 de s\u00e1bado.<\/li>\n<li>Os Bombeiros Famalicenses deslocaram-se para prestar aux\u00edlio \u00e0s v\u00edtimas.<\/li>\n<li>As pessoas feridas apresentaram ferimentos ligeiros e foram transportadas para o hospital local.<\/li>\n<li>A Guarda Nacional Republicana (GNR) ficou respons\u00e1vel pela ocorr\u00eancia.<\/li>\n<\/ul>\n","protected":false},"author":2,"featured_media":0,"comment_status":"closed","ping_status":"closed","sticky":false,"template":"","format":"standard","meta":{"footnotes":""},"categories":[1],"tags":[4169,1396,3957,1380,633],"class_list":["post-187502","post","type-post","status-publish","format-standard","hentry","category-noticias","tag-acidente-rodoviario","tag-famalicao","tag-feridos-leves","tag-gnr","tag-hospital"],"yoast_head":"<!-- This site is optimized with the Yoast SEO plugin v27.2 - https:\/\/yoast.com\/product\/yoast-seo-wordpress\/ -->\n<title>Dois feridos em colis\u00e3o na N14, Cruz, Famalic\u00e3o - Portal Tela Portugal<\/title>\n<meta name=\"robots\" content=\"index, follow, max-snippet:-1, max-image-preview:large, max-video-preview:-1\" \/>\n<meta property=\"og:locale\" content=\"pt_PT\" \/>\n<meta property=\"og:type\" content=\"article\" \/>\n<meta property=\"og:title\" content=\"Dois feridos em colis\u00e3o na N14, Cruz, Famalic\u00e3o - Portal Tela Portugal\" \/>\n<meta property=\"og:description\" content=\"Duas pessoas ficaram feridas numa colis\u00e3o entre viaturas na Estrada Nacional 14, na freguesia de Cruz, no concelho de Vila Nova de Famalic\u00e3o. O acidente ocorreu pouco depois das 19h00 de s\u00e1bado. Os Bombeiros Famalicenses deslocaram-se para prestar aux\u00edlio \u00e0s v\u00edtimas. As pessoas feridas apresentaram ferimentos ligeiros e foram transportadas para o hospital local. A Guarda Nacional Republicana (GNR) ficou respons\u00e1vel pela ocorr\u00eancia.\" \/>\n<meta property=\"og:url\" content=\"https:\/\/portaltela.pt\/noticias\/2026\/01\/31\/dois-feridos-em-colisao-na-n14-cruz-famalicao\/\" \/>\n<meta property=\"og:site_name\" content=\"Portal Tela Portugal\" \/>\n<meta property=\"article:published_time\" content=\"2026-01-31T20:11:14+00:00\" \/>\n<meta name=\"author\" content=\"Telinha\" \/>\n<meta name=\"twitter:card\" content=\"summary_large_image\" \/>\n<meta name=\"twitter:label1\" content=\"Escrito por\" \/>\n\t<meta name=\"twitter:data1\" content=\"Telinha\" \/>\n<script type=\"application\/ld+json\" class=\"yoast-schema-graph\">{\"@context\":\"https:\/\/schema.org\",\"@graph\":[{\"@type\":\"Article\",\"@id\":\"https:\/\/portaltela.pt\/noticias\/2026\/01\/31\/dois-feridos-em-colisao-na-n14-cruz-famalicao\/#article\",\"isPartOf\":{\"@id\":\"https:\/\/portaltela.pt\/noticias\/2026\/01\/31\/dois-feridos-em-colisao-na-n14-cruz-famalicao\/\"},\"author\":{\"name\":\"Telinha\",\"@id\":\"https:\/\/portaltela.pt\/#\/schema\/person\/c4278d4a6028830caff9ee44b42d32ed\"},\"headline\":\"Dois feridos em colis\u00e3o na N14, Cruz, Famalic\u00e3o\",\"datePublished\":\"2026-01-31T20:11:14+00:00\",\"mainEntityOfPage\":{\"@id\":\"https:\/\/portaltela.pt\/noticias\/2026\/01\/31\/dois-feridos-em-colisao-na-n14-cruz-famalicao\/\"},\"wordCount\":95,\"keywords\":[\"acidente rodovi\u00e1rio\",\"Famalic\u00e3o\",\"feridos leves\",\"GNR\",\"hospital\"],\"articleSection\":[\"Not\u00edcias\"],\"inLanguage\":\"pt-PT\"},{\"@type\":\"WebPage\",\"@id\":\"https:\/\/portaltela.pt\/noticias\/2026\/01\/31\/dois-feridos-em-colisao-na-n14-cruz-famalicao\/\",\"url\":\"https:\/\/portaltela.pt\/noticias\/2026\/01\/31\/dois-feridos-em-colisao-na-n14-cruz-famalicao\/\",\"name\":\"Dois feridos em colis\u00e3o na N14, Cruz, Famalic\u00e3o - Portal Tela Portugal\",\"isPartOf\":{\"@id\":\"https:\/\/portaltela.pt\/#website\"},\"datePublished\":\"2026-01-31T20:11:14+00:00\",\"author\":{\"@id\":\"https:\/\/portaltela.pt\/#\/schema\/person\/c4278d4a6028830caff9ee44b42d32ed\"},\"breadcrumb\":{\"@id\":\"https:\/\/portaltela.pt\/noticias\/2026\/01\/31\/dois-feridos-em-colisao-na-n14-cruz-famalicao\/#breadcrumb\"},\"inLanguage\":\"pt-PT\",\"potentialAction\":[{\"@type\":\"ReadAction\",\"target\":[\"https:\/\/portaltela.pt\/noticias\/2026\/01\/31\/dois-feridos-em-colisao-na-n14-cruz-famalicao\/\"]}]},{\"@type\":\"BreadcrumbList\",\"@id\":\"https:\/\/portaltela.pt\/noticias\/2026\/01\/31\/dois-feridos-em-colisao-na-n14-cruz-famalicao\/#breadcrumb\",\"itemListElement\":[{\"@type\":\"ListItem\",\"position\":1,\"name\":\"In\u00edcio\",\"item\":\"https:\/\/portaltela.pt\/\"},{\"@type\":\"ListItem\",\"position\":2,\"name\":\"Dois feridos em colis\u00e3o na N14, Cruz, Famalic\u00e3o\"}]},{\"@type\":\"WebSite\",\"@id\":\"https:\/\/portaltela.pt\/#website\",\"url\":\"https:\/\/portaltela.pt\/\",\"name\":\"Portal Tela Portugal\",\"description\":\"\",\"potentialAction\":[{\"@type\":\"SearchAction\",\"target\":{\"@type\":\"EntryPoint\",\"urlTemplate\":\"https:\/\/portaltela.pt\/?s={search_term_string}\"},\"query-input\":{\"@type\":\"PropertyValueSpecification\",\"valueRequired\":true,\"valueName\":\"search_term_string\"}}],\"inLanguage\":\"pt-PT\"},{\"@type\":\"Person\",\"@id\":\"https:\/\/portaltela.pt\/#\/schema\/person\/c4278d4a6028830caff9ee44b42d32ed\",\"name\":\"Telinha\",\"image\":{\"@type\":\"ImageObject\",\"inLanguage\":\"pt-PT\",\"@id\":\"https:\/\/portaltela.pt\/s.01k8rhncp4jt1\/2025\/11\/talking-bot-125x125.png\",\"url\":\"https:\/\/portaltela.pt\/s.01k8rhncp4jt1\/2025\/11\/talking-bot-125x125.png\",\"contentUrl\":\"https:\/\/portaltela.pt\/s.01k8rhncp4jt1\/2025\/11\/talking-bot-125x125.png\",\"caption\":\"Telinha\"},\"sameAs\":[\"https:\/\/portaltela.pt\/\"],\"url\":\"https:\/\/portaltela.pt\/por\/367410592786\/\"}]}<\/script>\n<!-- \/ Yoast SEO plugin. -->","yoast_head_json":{"title":"Dois feridos em colis\u00e3o na N14, Cruz, Famalic\u00e3o - Portal Tela Portugal","robots":{"index":"index","follow":"follow","max-snippet":"max-snippet:-1","max-image-preview":"max-image-preview:large","max-video-preview":"max-video-preview:-1"},"og_locale":"pt_PT","og_type":"article","og_title":"Dois feridos em colis\u00e3o na N14, Cruz, Famalic\u00e3o - Portal Tela Portugal","og_description":"Duas pessoas ficaram feridas numa colis\u00e3o entre viaturas na Estrada Nacional 14, na freguesia de Cruz, no concelho de Vila Nova de Famalic\u00e3o. O acidente ocorreu pouco depois das 19h00 de s\u00e1bado. Os Bombeiros Famalicenses deslocaram-se para prestar aux\u00edlio \u00e0s v\u00edtimas. As pessoas feridas apresentaram ferimentos ligeiros e foram transportadas para o hospital local. A Guarda Nacional Republicana (GNR) ficou respons\u00e1vel pela ocorr\u00eancia.","og_url":"https:\/\/portaltela.pt\/noticias\/2026\/01\/31\/dois-feridos-em-colisao-na-n14-cruz-famalicao\/","og_site_name":"Portal Tela Portugal","article_published_time":"2026-01-31T20:11:14+00:00","author":"Telinha","twitter_card":"summary_large_image","twitter_misc":{"Escrito por":"Telinha"},"schema":{"@context":"https:\/\/schema.org","@graph":[{"@type":"Article","@id":"https:\/\/portaltela.pt\/noticias\/2026\/01\/31\/dois-feridos-em-colisao-na-n14-cruz-famalicao\/#article","isPartOf":{"@id":"https:\/\/portaltela.pt\/noticias\/2026\/01\/31\/dois-feridos-em-colisao-na-n14-cruz-famalicao\/"},"author":{"name":"Telinha","@id":"https:\/\/portaltela.pt\/#\/schema\/person\/c4278d4a6028830caff9ee44b42d32ed"},"headline":"Dois feridos em colis\u00e3o na N14, Cruz, Famalic\u00e3o","datePublished":"2026-01-31T20:11:14+00:00","mainEntityOfPage":{"@id":"https:\/\/portaltela.pt\/noticias\/2026\/01\/31\/dois-feridos-em-colisao-na-n14-cruz-famalicao\/"},"wordCount":95,"keywords":["acidente rodovi\u00e1rio","Famalic\u00e3o","feridos leves","GNR","hospital"],"articleSection":["Not\u00edcias"],"inLanguage":"pt-PT"},{"@type":"WebPage","@id":"https:\/\/portaltela.pt\/noticias\/2026\/01\/31\/dois-feridos-em-colisao-na-n14-cruz-famalicao\/","url":"https:\/\/portaltela.pt\/noticias\/2026\/01\/31\/dois-feridos-em-colisao-na-n14-cruz-famalicao\/","name":"Dois feridos em colis\u00e3o na N14, Cruz, Famalic\u00e3o - Portal Tela Portugal","isPartOf":{"@id":"https:\/\/portaltela.pt\/#website"},"datePublished":"2026-01-31T20:11:14+00:00","author":{"@id":"https:\/\/portaltela.pt\/#\/schema\/person\/c4278d4a6028830caff9ee44b42d32ed"},"breadcrumb":{"@id":"https:\/\/portaltela.pt\/noticias\/2026\/01\/31\/dois-feridos-em-colisao-na-n14-cruz-famalicao\/#breadcrumb"},"inLanguage":"pt-PT","potentialAction":[{"@type":"ReadAction","target":["https:\/\/portaltela.pt\/noticias\/2026\/01\/31\/dois-feridos-em-colisao-na-n14-cruz-famalicao\/"]}]},{"@type":"BreadcrumbList","@id":"https:\/\/portaltela.pt\/noticias\/2026\/01\/31\/dois-feridos-em-colisao-na-n14-cruz-famalicao\/#breadcrumb","itemListElement":[{"@type":"ListItem","position":1,"name":"In\u00edcio","item":"https:\/\/portaltela.pt\/"},{"@type":"ListItem","position":2,"name":"Dois feridos em colis\u00e3o na N14, Cruz, Famalic\u00e3o"}]},{"@type":"WebSite","@id":"https:\/\/portaltela.pt\/#website","url":"https:\/\/portaltela.pt\/","name":"Portal Tela Portugal","description":"","potentialAction":[{"@type":"SearchAction","target":{"@type":"EntryPoint","urlTemplate":"https:\/\/portaltela.pt\/?s={search_term_string}"},"query-input":{"@type":"PropertyValueSpecification","valueRequired":true,"valueName":"search_term_string"}}],"inLanguage":"pt-PT"},{"@type":"Person","@id":"https:\/\/portaltela.pt\/#\/schema\/person\/c4278d4a6028830caff9ee44b42d32ed","name":"Telinha","image":{"@type":"ImageObject","inLanguage":"pt-PT","@id":"https:\/\/portaltela.pt\/s.01k8rhncp4jt1\/2025\/11\/talking-bot-125x125.png","url":"https:\/\/portaltela.pt\/s.01k8rhncp4jt1\/2025\/11\/talking-bot-125x125.png","contentUrl":"https:\/\/portaltela.pt\/s.01k8rhncp4jt1\/2025\/11\/talking-bot-125x125.png","caption":"Telinha"},"sameAs":["https:\/\/portaltela.pt\/"],"url":"https:\/\/portaltela.pt\/por\/367410592786\/"}]}},"_links":{"self":[{"href":"https:\/\/portaltela.pt\/api\/wp\/v2\/posts\/187502","targetHints":{"allow":["GET"]}}],"collection":[{"href":"https:\/\/portaltela.pt\/api\/wp\/v2\/posts"}],"about":[{"href":"https:\/\/portaltela.pt\/api\/wp\/v2\/types\/post"}],"author":[{"embeddable":true,"href":"https:\/\/portaltela.pt\/api\/wp\/v2\/users\/2"}],"replies":[{"embeddable":true,"href":"https:\/\/portaltela.pt\/api\/wp\/v2\/comments?post=187502"}],"version-history":[{"count":0,"href":"https:\/\/portaltela.pt\/api\/wp\/v2\/posts\/187502\/revisions"}],"wp:attachment":[{"href":"https:\/\/portaltela.pt\/api\/wp\/v2\/media?parent=187502"}],"wp:term":[{"taxonomy":"category","embeddable":true,"href":"https:\/\/portaltela.pt\/api\/wp\/v2\/categories?post=187502"},{"taxonomy":"post_tag","embeddable":true,"href":"https:\/\/portaltela.pt\/api\/wp\/v2\/tags?post=187502"}],"curies":[{"name":"wp","href":"https:\/\/api.w.org\/{rel}","templated":true}]}}