{"id":187491,"date":"2026-01-31T17:15:00","date_gmt":"2026-01-31T20:15:00","guid":{"rendered":"https:\/\/portaltela.pt\/noticias\/2026\/01\/31\/voto-antecipado-alterado-em-seis-municipios-por-causa-da-depressao-kristin\/"},"modified":"2026-01-31T17:15:00","modified_gmt":"2026-01-31T20:15:00","slug":"voto-antecipado-alterado-em-seis-municipios-por-causa-da-depressao-kristin","status":"publish","type":"post","link":"https:\/\/portaltela.pt\/noticias\/politica\/2026\/01\/31\/voto-antecipado-alterado-em-seis-municipios-por-causa-da-depressao-kristin\/","title":{"rendered":"Voto antecipado alterado em seis munic\u00edpios por causa da depress\u00e3o Kristin"},"content":{"rendered":"<p>O local de voto antecipado em mobilidade foi alterado por decis\u00e3o da administra\u00e7\u00e3o eleitoral em seis munic\u00edpios, devido aos efeitos da depress\u00e3o Kristin. A mudan\u00e7a ocorre no pr\u00f3ximo domingo, 1 de fevereiro, e foi solicitada pelas respetivas c\u00e2maras municipais por motivos de for\u00e7a maior.<\/p>\n<p>Os munic\u00edpios afetados s\u00e3o Vieira do Minho (novo local: sede da Junta de Freguesia de Vieira do Minho), Alvai\u00e1zere (quartel dos bombeiros volunt\u00e1rios) e Leiria (Escola Secund\u00e1ria Francisco Rodrigues Lobo). Em Torres Vedras o voto passa a realizar-se no edif\u00edcio da C\u00e2mara Municipal; em Alc\u00e1cer do Sal no edif\u00edcio da Junta de Freguesia (Santiago); e em Silves no edif\u00edcio das piscinas municipais.<\/p>\n<p>O voto antecipado em mobilidade destina-se a recenseados em Portugal que se inscreveram para votar nesse dia, com inscri\u00e7\u00f5es abertas entre 25 e 29 de janeiro. Os eleitores devem deslocar-se \u00e0 mesa indicada na inscri\u00e7\u00e3o, apresentar documento de identifica\u00e7\u00e3o e indicar a freguesia de recenseamento. Ap\u00f3s votar, recebem um duplicado da vinheta de seguran\u00e7a como comprovativo.<\/p>\n<p>Para quem n\u00e3o conseguir votar antecipadamente, a alternativa \u00e9 votar no dia 8 de fevereiro na mesa correspondente ao recenseamento. O voto em mobilidade n\u00e3o est\u00e1 dispon\u00edvel para recenseados no estrangeiro, sendo exclusivo para quem reside em Portugal.<\/p>\n<p>Quem n\u00e3o puder votar antecipadamente por deten\u00e7\u00e3o ou internamento pode ter a vota\u00e7\u00e3o recolhida entre 2 e 3 de fevereiro por representantes presidenciais da c\u00e2mara nos estabelecimentos onde estiverem. A segunda volta das presidenciais decorrer\u00e1 entre Ant\u00f3nio Jos\u00e9 Seguro e Andr\u00e9 Ventura, os dois candidatos mais votados na primeira volta de 18 de janeiro.<\/p>\n","protected":false},"excerpt":{"rendered":"<ul>\n<li>Local de voto antecipado em mobilidade alterado em seis munic\u00edpios no pr\u00f3ximo domingo, 1 de fevereiro, devido aos efeitos da depress\u00e3o Kristin.<\/li>\n<li>Novos locais: Vieira do Minho \u2014 Junta de Freguesia (Antiga Casa do Povo); Alvai\u00e1zere \u2014 quartel dos bombeiros volunt\u00e1rios; Leiria \u2014 Escola Secund\u00e1ria Francisco Rodrigues Lobo; Torres Vedras \u2014 edif\u00edcio da C\u00e2mara Municipal; Alc\u00e1cer do Sal \u2014 sede da Junta de Freguesia; Silves \u2014 edif\u00edcio das piscinas municipais.<\/li>\n<li>As altera\u00e7\u00f5es foram solicitadas pelas respetivas c\u00e2maras municipais, por raz\u00f5es de for\u00e7a maior, conforme divulga a Secretaria-Geral do Minist\u00e9rio da Administra\u00e7\u00e3o Interna.<\/li>\n<li>As inscri\u00e7\u00f5es, entre 25 e 29 de janeiro, d\u00e3o direito a votar em pelo menos uma mesa de voto; para votar, \u00e9 necess\u00e1rio apresentar o documento de identifica\u00e7\u00e3o e indicar a freguesia de recenseamento; ap\u00f3s votar, recebe-se um duplicado da vinheta de seguran\u00e7a.<\/li>\n<li>Quem n\u00e3o conseguir votar antecipadamente pode faz\u00ea-lo no dia 8 de fevereiro na mesa correspondente ao seu recenseamento; o voto antecipado n\u00e3o se aplica a recenseados no estrangeiro; para detidos ou internados que se inscreveram, a recolha do voto ocorre entre 2 e 3 de fevereiro.<\/li>\n<\/ul>\n","protected":false},"author":2,"featured_media":187508,"comment_status":"closed","ping_status":"closed","sticky":false,"template":"","format":"standard","meta":{"footnotes":""},"categories":[1,5],"tags":[68,1385,1014,4588,1835,4965],"class_list":["post-187491","post","type-post","status-publish","format-standard","has-post-thumbnail","hentry","category-noticias","category-politica","tag-eleicoes","tag-leiria","tag-portugal","tag-silves","tag-torres-vedras","tag-vieira-do-minho"],"yoast_head":"<!-- This site is optimized with the Yoast SEO plugin v27.2 - https:\/\/yoast.com\/product\/yoast-seo-wordpress\/ -->\n<title>Voto antecipado alterado em seis munic\u00edpios por causa da depress\u00e3o Kristin - Portal Tela Portugal<\/title>\n<meta name=\"robots\" content=\"index, follow, max-snippet:-1, max-image-preview:large, max-video-preview:-1\" \/>\n<meta property=\"og:locale\" content=\"pt_PT\" \/>\n<meta property=\"og:type\" content=\"article\" \/>\n<meta property=\"og:title\" content=\"Voto antecipado alterado em seis munic\u00edpios por causa da depress\u00e3o Kristin - Portal Tela Portugal\" \/>\n<meta property=\"og:description\" content=\"Local de voto antecipado em mobilidade alterado em seis munic\u00edpios no pr\u00f3ximo domingo, 1 de fevereiro, devido aos efeitos da depress\u00e3o Kristin. Novos locais: Vieira do Minho \u2014 Junta de Freguesia (Antiga Casa do Povo); Alvai\u00e1zere \u2014 quartel dos bombeiros volunt\u00e1rios; Leiria \u2014 Escola Secund\u00e1ria Francisco Rodrigues Lobo; Torres Vedras \u2014 edif\u00edcio da C\u00e2mara Municipal; Alc\u00e1cer do Sal \u2014 sede da Junta de Freguesia; Silves \u2014 edif\u00edcio das piscinas municipais. As altera\u00e7\u00f5es foram solicitadas pelas respetivas c\u00e2maras municipais, por raz\u00f5es de for\u00e7a maior, conforme divulga a Secretaria-Geral do Minist\u00e9rio da Administra\u00e7\u00e3o Interna. As inscri\u00e7\u00f5es, entre 25 e 29 de janeiro, d\u00e3o direito a votar em pelo menos uma mesa de voto; para votar, \u00e9 necess\u00e1rio apresentar o documento de identifica\u00e7\u00e3o e indicar a freguesia de recenseamento; ap\u00f3s votar, recebe-se um duplicado da vinheta de seguran\u00e7a. Quem n\u00e3o conseguir votar antecipadamente pode faz\u00ea-lo no dia 8 de fevereiro na mesa correspondente ao seu recenseamento; o voto antecipado n\u00e3o se aplica a recenseados no estrangeiro; para detidos ou internados que se inscreveram, a recolha do voto ocorre entre 2 e 3 de fevereiro.\" \/>\n<meta property=\"og:url\" content=\"https:\/\/portaltela.pt\/noticias\/2026\/01\/31\/voto-antecipado-alterado-em-seis-municipios-por-causa-da-depressao-kristin\/\" \/>\n<meta property=\"og:site_name\" content=\"Portal Tela Portugal\" \/>\n<meta property=\"article:published_time\" content=\"2026-01-31T20:15:00+00:00\" \/>\n<meta name=\"author\" content=\"Telinha\" \/>\n<meta name=\"twitter:card\" content=\"summary_large_image\" \/>\n<meta name=\"twitter:label1\" content=\"Escrito por\" \/>\n\t<meta name=\"twitter:data1\" content=\"Telinha\" \/>\n\t<meta name=\"twitter:label2\" content=\"Tempo estimado de leitura\" \/>\n\t<meta name=\"twitter:data2\" content=\"1 minuto\" \/>\n<script type=\"application\/ld+json\" class=\"yoast-schema-graph\">{\"@context\":\"https:\/\/schema.org\",\"@graph\":[{\"@type\":\"Article\",\"@id\":\"https:\/\/portaltela.pt\/noticias\/2026\/01\/31\/voto-antecipado-alterado-em-seis-municipios-por-causa-da-depressao-kristin\/#article\",\"isPartOf\":{\"@id\":\"https:\/\/portaltela.pt\/noticias\/2026\/01\/31\/voto-antecipado-alterado-em-seis-municipios-por-causa-da-depressao-kristin\/\"},\"author\":{\"name\":\"Telinha\",\"@id\":\"https:\/\/portaltela.pt\/#\/schema\/person\/c4278d4a6028830caff9ee44b42d32ed\"},\"headline\":\"Voto antecipado alterado em seis munic\u00edpios por causa da depress\u00e3o Kristin\",\"datePublished\":\"2026-01-31T20:15:00+00:00\",\"mainEntityOfPage\":{\"@id\":\"https:\/\/portaltela.pt\/noticias\/2026\/01\/31\/voto-antecipado-alterado-em-seis-municipios-por-causa-da-depressao-kristin\/\"},\"wordCount\":289,\"image\":{\"@id\":\"https:\/\/portaltela.pt\/noticias\/2026\/01\/31\/voto-antecipado-alterado-em-seis-municipios-por-causa-da-depressao-kristin\/#primaryimage\"},\"thumbnailUrl\":\"https:\/\/portaltela.pt\/s.01k8rhncp4jt1\/2026\/01\/mesa-de-voto.jpg\",\"keywords\":[\"elei\u00e7\u00f5es\",\"Leiria\",\"Portugal\",\"Silves\",\"Torres Vedras\",\"Vieira do Minho\"],\"articleSection\":[\"Not\u00edcias\",\"Pol\u00edtica\"],\"inLanguage\":\"pt-PT\"},{\"@type\":\"WebPage\",\"@id\":\"https:\/\/portaltela.pt\/noticias\/2026\/01\/31\/voto-antecipado-alterado-em-seis-municipios-por-causa-da-depressao-kristin\/\",\"url\":\"https:\/\/portaltela.pt\/noticias\/2026\/01\/31\/voto-antecipado-alterado-em-seis-municipios-por-causa-da-depressao-kristin\/\",\"name\":\"Voto antecipado alterado em seis munic\u00edpios por causa da depress\u00e3o Kristin - Portal Tela Portugal\",\"isPartOf\":{\"@id\":\"https:\/\/portaltela.pt\/#website\"},\"primaryImageOfPage\":{\"@id\":\"https:\/\/portaltela.pt\/noticias\/2026\/01\/31\/voto-antecipado-alterado-em-seis-municipios-por-causa-da-depressao-kristin\/#primaryimage\"},\"image\":{\"@id\":\"https:\/\/portaltela.pt\/noticias\/2026\/01\/31\/voto-antecipado-alterado-em-seis-municipios-por-causa-da-depressao-kristin\/#primaryimage\"},\"thumbnailUrl\":\"https:\/\/portaltela.pt\/s.01k8rhncp4jt1\/2026\/01\/mesa-de-voto.jpg\",\"datePublished\":\"2026-01-31T20:15:00+00:00\",\"author\":{\"@id\":\"https:\/\/portaltela.pt\/#\/schema\/person\/c4278d4a6028830caff9ee44b42d32ed\"},\"breadcrumb\":{\"@id\":\"https:\/\/portaltela.pt\/noticias\/2026\/01\/31\/voto-antecipado-alterado-em-seis-municipios-por-causa-da-depressao-kristin\/#breadcrumb\"},\"inLanguage\":\"pt-PT\",\"potentialAction\":[{\"@type\":\"ReadAction\",\"target\":[\"https:\/\/portaltela.pt\/noticias\/2026\/01\/31\/voto-antecipado-alterado-em-seis-municipios-por-causa-da-depressao-kristin\/\"]}]},{\"@type\":\"ImageObject\",\"inLanguage\":\"pt-PT\",\"@id\":\"https:\/\/portaltela.pt\/noticias\/2026\/01\/31\/voto-antecipado-alterado-em-seis-municipios-por-causa-da-depressao-kristin\/#primaryimage\",\"url\":\"https:\/\/portaltela.pt\/s.01k8rhncp4jt1\/2026\/01\/mesa-de-voto.jpg\",\"contentUrl\":\"https:\/\/portaltela.pt\/s.01k8rhncp4jt1\/2026\/01\/mesa-de-voto.jpg\",\"width\":796,\"height\":448,\"caption\":\"Almada abre inscri\u00e7\u00f5es para agentes eleitorais nas Presidenciais de 2026\"},{\"@type\":\"BreadcrumbList\",\"@id\":\"https:\/\/portaltela.pt\/noticias\/2026\/01\/31\/voto-antecipado-alterado-em-seis-municipios-por-causa-da-depressao-kristin\/#breadcrumb\",\"itemListElement\":[{\"@type\":\"ListItem\",\"position\":1,\"name\":\"In\u00edcio\",\"item\":\"https:\/\/portaltela.pt\/\"},{\"@type\":\"ListItem\",\"position\":2,\"name\":\"Voto antecipado alterado em seis munic\u00edpios por causa da depress\u00e3o Kristin\"}]},{\"@type\":\"WebSite\",\"@id\":\"https:\/\/portaltela.pt\/#website\",\"url\":\"https:\/\/portaltela.pt\/\",\"name\":\"Portal Tela Portugal\",\"description\":\"\",\"potentialAction\":[{\"@type\":\"SearchAction\",\"target\":{\"@type\":\"EntryPoint\",\"urlTemplate\":\"https:\/\/portaltela.pt\/?s={search_term_string}\"},\"query-input\":{\"@type\":\"PropertyValueSpecification\",\"valueRequired\":true,\"valueName\":\"search_term_string\"}}],\"inLanguage\":\"pt-PT\"},{\"@type\":\"Person\",\"@id\":\"https:\/\/portaltela.pt\/#\/schema\/person\/c4278d4a6028830caff9ee44b42d32ed\",\"name\":\"Telinha\",\"image\":{\"@type\":\"ImageObject\",\"inLanguage\":\"pt-PT\",\"@id\":\"https:\/\/portaltela.pt\/s.01k8rhncp4jt1\/2025\/11\/talking-bot-125x125.png\",\"url\":\"https:\/\/portaltela.pt\/s.01k8rhncp4jt1\/2025\/11\/talking-bot-125x125.png\",\"contentUrl\":\"https:\/\/portaltela.pt\/s.01k8rhncp4jt1\/2025\/11\/talking-bot-125x125.png\",\"caption\":\"Telinha\"},\"sameAs\":[\"https:\/\/portaltela.pt\/\"],\"url\":\"https:\/\/portaltela.pt\/por\/367410592786\/\"}]}<\/script>\n<!-- \/ Yoast SEO plugin. -->","yoast_head_json":{"title":"Voto antecipado alterado em seis munic\u00edpios por causa da depress\u00e3o Kristin - Portal Tela Portugal","robots":{"index":"index","follow":"follow","max-snippet":"max-snippet:-1","max-image-preview":"max-image-preview:large","max-video-preview":"max-video-preview:-1"},"og_locale":"pt_PT","og_type":"article","og_title":"Voto antecipado alterado em seis munic\u00edpios por causa da depress\u00e3o Kristin - Portal Tela Portugal","og_description":"Local de voto antecipado em mobilidade alterado em seis munic\u00edpios no pr\u00f3ximo domingo, 1 de fevereiro, devido aos efeitos da depress\u00e3o Kristin. Novos locais: Vieira do Minho \u2014 Junta de Freguesia (Antiga Casa do Povo); Alvai\u00e1zere \u2014 quartel dos bombeiros volunt\u00e1rios; Leiria \u2014 Escola Secund\u00e1ria Francisco Rodrigues Lobo; Torres Vedras \u2014 edif\u00edcio da C\u00e2mara Municipal; Alc\u00e1cer do Sal \u2014 sede da Junta de Freguesia; Silves \u2014 edif\u00edcio das piscinas municipais. As altera\u00e7\u00f5es foram solicitadas pelas respetivas c\u00e2maras municipais, por raz\u00f5es de for\u00e7a maior, conforme divulga a Secretaria-Geral do Minist\u00e9rio da Administra\u00e7\u00e3o Interna. As inscri\u00e7\u00f5es, entre 25 e 29 de janeiro, d\u00e3o direito a votar em pelo menos uma mesa de voto; para votar, \u00e9 necess\u00e1rio apresentar o documento de identifica\u00e7\u00e3o e indicar a freguesia de recenseamento; ap\u00f3s votar, recebe-se um duplicado da vinheta de seguran\u00e7a. Quem n\u00e3o conseguir votar antecipadamente pode faz\u00ea-lo no dia 8 de fevereiro na mesa correspondente ao seu recenseamento; o voto antecipado n\u00e3o se aplica a recenseados no estrangeiro; para detidos ou internados que se inscreveram, a recolha do voto ocorre entre 2 e 3 de fevereiro.","og_url":"https:\/\/portaltela.pt\/noticias\/2026\/01\/31\/voto-antecipado-alterado-em-seis-municipios-por-causa-da-depressao-kristin\/","og_site_name":"Portal Tela Portugal","article_published_time":"2026-01-31T20:15:00+00:00","author":"Telinha","twitter_card":"summary_large_image","twitter_misc":{"Escrito por":"Telinha","Tempo estimado de leitura":"1 minuto"},"schema":{"@context":"https:\/\/schema.org","@graph":[{"@type":"Article","@id":"https:\/\/portaltela.pt\/noticias\/2026\/01\/31\/voto-antecipado-alterado-em-seis-municipios-por-causa-da-depressao-kristin\/#article","isPartOf":{"@id":"https:\/\/portaltela.pt\/noticias\/2026\/01\/31\/voto-antecipado-alterado-em-seis-municipios-por-causa-da-depressao-kristin\/"},"author":{"name":"Telinha","@id":"https:\/\/portaltela.pt\/#\/schema\/person\/c4278d4a6028830caff9ee44b42d32ed"},"headline":"Voto antecipado alterado em seis munic\u00edpios por causa da depress\u00e3o Kristin","datePublished":"2026-01-31T20:15:00+00:00","mainEntityOfPage":{"@id":"https:\/\/portaltela.pt\/noticias\/2026\/01\/31\/voto-antecipado-alterado-em-seis-municipios-por-causa-da-depressao-kristin\/"},"wordCount":289,"image":{"@id":"https:\/\/portaltela.pt\/noticias\/2026\/01\/31\/voto-antecipado-alterado-em-seis-municipios-por-causa-da-depressao-kristin\/#primaryimage"},"thumbnailUrl":"https:\/\/portaltela.pt\/s.01k8rhncp4jt1\/2026\/01\/mesa-de-voto.jpg","keywords":["elei\u00e7\u00f5es","Leiria","Portugal","Silves","Torres Vedras","Vieira do Minho"],"articleSection":["Not\u00edcias","Pol\u00edtica"],"inLanguage":"pt-PT"},{"@type":"WebPage","@id":"https:\/\/portaltela.pt\/noticias\/2026\/01\/31\/voto-antecipado-alterado-em-seis-municipios-por-causa-da-depressao-kristin\/","url":"https:\/\/portaltela.pt\/noticias\/2026\/01\/31\/voto-antecipado-alterado-em-seis-municipios-por-causa-da-depressao-kristin\/","name":"Voto antecipado alterado em seis munic\u00edpios por causa da depress\u00e3o Kristin - Portal Tela Portugal","isPartOf":{"@id":"https:\/\/portaltela.pt\/#website"},"primaryImageOfPage":{"@id":"https:\/\/portaltela.pt\/noticias\/2026\/01\/31\/voto-antecipado-alterado-em-seis-municipios-por-causa-da-depressao-kristin\/#primaryimage"},"image":{"@id":"https:\/\/portaltela.pt\/noticias\/2026\/01\/31\/voto-antecipado-alterado-em-seis-municipios-por-causa-da-depressao-kristin\/#primaryimage"},"thumbnailUrl":"https:\/\/portaltela.pt\/s.01k8rhncp4jt1\/2026\/01\/mesa-de-voto.jpg","datePublished":"2026-01-31T20:15:00+00:00","author":{"@id":"https:\/\/portaltela.pt\/#\/schema\/person\/c4278d4a6028830caff9ee44b42d32ed"},"breadcrumb":{"@id":"https:\/\/portaltela.pt\/noticias\/2026\/01\/31\/voto-antecipado-alterado-em-seis-municipios-por-causa-da-depressao-kristin\/#breadcrumb"},"inLanguage":"pt-PT","potentialAction":[{"@type":"ReadAction","target":["https:\/\/portaltela.pt\/noticias\/2026\/01\/31\/voto-antecipado-alterado-em-seis-municipios-por-causa-da-depressao-kristin\/"]}]},{"@type":"ImageObject","inLanguage":"pt-PT","@id":"https:\/\/portaltela.pt\/noticias\/2026\/01\/31\/voto-antecipado-alterado-em-seis-municipios-por-causa-da-depressao-kristin\/#primaryimage","url":"https:\/\/portaltela.pt\/s.01k8rhncp4jt1\/2026\/01\/mesa-de-voto.jpg","contentUrl":"https:\/\/portaltela.pt\/s.01k8rhncp4jt1\/2026\/01\/mesa-de-voto.jpg","width":796,"height":448,"caption":"Almada abre inscri\u00e7\u00f5es para agentes eleitorais nas Presidenciais de 2026"},{"@type":"BreadcrumbList","@id":"https:\/\/portaltela.pt\/noticias\/2026\/01\/31\/voto-antecipado-alterado-em-seis-municipios-por-causa-da-depressao-kristin\/#breadcrumb","itemListElement":[{"@type":"ListItem","position":1,"name":"In\u00edcio","item":"https:\/\/portaltela.pt\/"},{"@type":"ListItem","position":2,"name":"Voto antecipado alterado em seis munic\u00edpios por causa da depress\u00e3o Kristin"}]},{"@type":"WebSite","@id":"https:\/\/portaltela.pt\/#website","url":"https:\/\/portaltela.pt\/","name":"Portal Tela Portugal","description":"","potentialAction":[{"@type":"SearchAction","target":{"@type":"EntryPoint","urlTemplate":"https:\/\/portaltela.pt\/?s={search_term_string}"},"query-input":{"@type":"PropertyValueSpecification","valueRequired":true,"valueName":"search_term_string"}}],"inLanguage":"pt-PT"},{"@type":"Person","@id":"https:\/\/portaltela.pt\/#\/schema\/person\/c4278d4a6028830caff9ee44b42d32ed","name":"Telinha","image":{"@type":"ImageObject","inLanguage":"pt-PT","@id":"https:\/\/portaltela.pt\/s.01k8rhncp4jt1\/2025\/11\/talking-bot-125x125.png","url":"https:\/\/portaltela.pt\/s.01k8rhncp4jt1\/2025\/11\/talking-bot-125x125.png","contentUrl":"https:\/\/portaltela.pt\/s.01k8rhncp4jt1\/2025\/11\/talking-bot-125x125.png","caption":"Telinha"},"sameAs":["https:\/\/portaltela.pt\/"],"url":"https:\/\/portaltela.pt\/por\/367410592786\/"}]}},"_links":{"self":[{"href":"https:\/\/portaltela.pt\/api\/wp\/v2\/posts\/187491","targetHints":{"allow":["GET"]}}],"collection":[{"href":"https:\/\/portaltela.pt\/api\/wp\/v2\/posts"}],"about":[{"href":"https:\/\/portaltela.pt\/api\/wp\/v2\/types\/post"}],"author":[{"embeddable":true,"href":"https:\/\/portaltela.pt\/api\/wp\/v2\/users\/2"}],"replies":[{"embeddable":true,"href":"https:\/\/portaltela.pt\/api\/wp\/v2\/comments?post=187491"}],"version-history":[{"count":0,"href":"https:\/\/portaltela.pt\/api\/wp\/v2\/posts\/187491\/revisions"}],"wp:featuredmedia":[{"embeddable":true,"href":"https:\/\/portaltela.pt\/api\/wp\/v2\/media\/187508"}],"wp:attachment":[{"href":"https:\/\/portaltela.pt\/api\/wp\/v2\/media?parent=187491"}],"wp:term":[{"taxonomy":"category","embeddable":true,"href":"https:\/\/portaltela.pt\/api\/wp\/v2\/categories?post=187491"},{"taxonomy":"post_tag","embeddable":true,"href":"https:\/\/portaltela.pt\/api\/wp\/v2\/tags?post=187491"}],"curies":[{"name":"wp","href":"https:\/\/api.w.org\/{rel}","templated":true}]}}