{"id":187455,"date":"2026-01-31T16:58:02","date_gmt":"2026-01-31T19:58:02","guid":{"rendered":"https:\/\/portaltela.pt\/noticias\/2026\/01\/31\/andre-pestana-apela-ao-voto-em-seguro-para-derrotar-ventura\/"},"modified":"2026-01-31T16:58:02","modified_gmt":"2026-01-31T19:58:02","slug":"andre-pestana-apela-ao-voto-em-seguro-para-derrotar-ventura","status":"publish","type":"post","link":"https:\/\/portaltela.pt\/noticias\/politica\/2026\/01\/31\/andre-pestana-apela-ao-voto-em-seguro-para-derrotar-ventura\/","title":{"rendered":"Andr\u00e9 Pestana apela ao voto em Seguro para derrotar Ventura"},"content":{"rendered":"<p>O ex-candidato presidencial Andr\u00e9 Pestana anunciou hoje, em Lisboa, que vai apelar ao voto em Ant\u00f3nio Jos\u00e9 Seguro na segunda volta das elei\u00e7\u00f5es, para derrotar Andr\u00e9 Ventura. A decis\u00e3o surge da necessidade de travar retrocessos nos direitos sociais.<\/p>\n<p>Pestana, que recolheu 0,2% dos votos na primeira volta, explicou que a decis\u00e3o foi tomada numa reuni\u00e3o da candidatura. A op\u00e7\u00e3o visa impedir o que classifica como agravamento das injusti\u00e7as.<\/p>\n<p>A aposta \u00e9 que o voto em Seguro seja o menos prejudicial, j\u00e1 que Pestana critica Ventura sem o encarar como anti-sistema, mas sim como respons\u00e1vel por desigualdades agravadas. A candidatura n\u00e3o incentiva voto nulo.<\/p>\n<h3>Perspetivas de futuro<\/h3>\n<p>Paralelamente, Pestana indicou a continuidade do projeto pol\u00edtico, com a possibilidade de cria\u00e7\u00e3o de uma nova for\u00e7a organizada. A ideia \u00e9 ouvir quem pretende Portugal com dignidade no trabalho e na vida p\u00fablica.<\/p>\n<p>A ideia \u00e9 lan\u00e7ar uma forma de organiza\u00e7\u00e3o que possa competir no Parlamento, com reuni\u00f5es previstas no Norte e outras regi\u00f5es nas pr\u00f3ximas semanas, visando futuras candidaturas, incluindo legislativas.<\/p>\n<p>Ontem, o PS, com apoio de Livre, PCP e BE, viu Seguro ganhar na primeira volta com 31%; Ventura ficou com 23%. Outros candidatos tiveram desempenhos menores, refletindo o quadro para a segunda volta a 8 de fevereiro.<\/p>\n","protected":false},"excerpt":{"rendered":"<ul>\n<li>Andr\u00e9 Pestana vai apelar ao voto em Ant\u00f3nio Jos\u00e9 Seguro na segunda volta para garantir a derrota de Andr\u00e9 Ventura, ap\u00f3s decis\u00e3o tomada em reuni\u00e3o da candidatura em Lisboa.<\/li>\n<li>O ex-candidato admite ponderar a cria\u00e7\u00e3o de um partido ou movimento pol\u00edtico para dar voz pr\u00f3pria no parlamento.<\/li>\n<li>A segunda volta \u00e9 marcada para 8 de fevereiro; na primeira volta, Ant\u00f3nio Jos\u00e9 Seguro obteve 31% dos votos e Andr\u00e9 Ventura 23%.<\/li>\n<li>Pestana afirma que n\u00e3o v\u00ea Seguro como refer\u00eancia de mudan\u00e7a, e que o voto em Seguro \u00e9 um mal menor para travar injusti\u00e7as associadas a Ventura.<\/li>\n<li>A candidatura planeia continuar o projeto pol\u00edtico com novas reuni\u00f5es no Norte do pa\u00eds e deixa em aberto a possibilidade de futuras candidaturas, incluindo legislativas; Pestana recolheu 0,2% na primeira volta.<\/li>\n<\/ul>\n","protected":false},"author":2,"featured_media":187465,"comment_status":"closed","ping_status":"closed","sticky":false,"template":"","format":"standard","meta":{"footnotes":""},"categories":[1,5],"tags":[3432,2453,68,2832,30],"class_list":["post-187455","post","type-post","status-publish","format-standard","has-post-thumbnail","hentry","category-noticias","category-politica","tag-andre-pestana","tag-andre-ventura","tag-eleicoes","tag-politica","tag-presidente"],"yoast_head":"<!-- This site is optimized with the Yoast SEO plugin v27.2 - https:\/\/yoast.com\/product\/yoast-seo-wordpress\/ -->\n<title>Andr\u00e9 Pestana apela ao voto em Seguro para derrotar Ventura - Portal Tela Portugal<\/title>\n<meta name=\"robots\" content=\"index, follow, max-snippet:-1, max-image-preview:large, max-video-preview:-1\" \/>\n<meta property=\"og:locale\" content=\"pt_PT\" \/>\n<meta property=\"og:type\" content=\"article\" \/>\n<meta property=\"og:title\" content=\"Andr\u00e9 Pestana apela ao voto em Seguro para derrotar Ventura - Portal Tela Portugal\" \/>\n<meta property=\"og:description\" content=\"Andr\u00e9 Pestana vai apelar ao voto em Ant\u00f3nio Jos\u00e9 Seguro na segunda volta para garantir a derrota de Andr\u00e9 Ventura, ap\u00f3s decis\u00e3o tomada em reuni\u00e3o da candidatura em Lisboa. O ex-candidato admite ponderar a cria\u00e7\u00e3o de um partido ou movimento pol\u00edtico para dar voz pr\u00f3pria no parlamento. A segunda volta \u00e9 marcada para 8 de fevereiro; na primeira volta, Ant\u00f3nio Jos\u00e9 Seguro obteve 31% dos votos e Andr\u00e9 Ventura 23%. Pestana afirma que n\u00e3o v\u00ea Seguro como refer\u00eancia de mudan\u00e7a, e que o voto em Seguro \u00e9 um mal menor para travar injusti\u00e7as associadas a Ventura. A candidatura planeia continuar o projeto pol\u00edtico com novas reuni\u00f5es no Norte do pa\u00eds e deixa em aberto a possibilidade de futuras candidaturas, incluindo legislativas; Pestana recolheu 0,2% na primeira volta.\" \/>\n<meta property=\"og:url\" content=\"https:\/\/portaltela.pt\/noticias\/2026\/01\/31\/andre-pestana-apela-ao-voto-em-seguro-para-derrotar-ventura\/\" \/>\n<meta property=\"og:site_name\" content=\"Portal Tela Portugal\" \/>\n<meta property=\"article:published_time\" content=\"2026-01-31T19:58:02+00:00\" \/>\n<meta name=\"author\" content=\"Telinha\" \/>\n<meta name=\"twitter:card\" content=\"summary_large_image\" \/>\n<meta name=\"twitter:label1\" content=\"Escrito por\" \/>\n\t<meta name=\"twitter:data1\" content=\"Telinha\" \/>\n\t<meta name=\"twitter:label2\" content=\"Tempo estimado de leitura\" \/>\n\t<meta name=\"twitter:data2\" content=\"1 minuto\" \/>\n<script type=\"application\/ld+json\" class=\"yoast-schema-graph\">{\"@context\":\"https:\/\/schema.org\",\"@graph\":[{\"@type\":\"Article\",\"@id\":\"https:\/\/portaltela.pt\/noticias\/2026\/01\/31\/andre-pestana-apela-ao-voto-em-seguro-para-derrotar-ventura\/#article\",\"isPartOf\":{\"@id\":\"https:\/\/portaltela.pt\/noticias\/2026\/01\/31\/andre-pestana-apela-ao-voto-em-seguro-para-derrotar-ventura\/\"},\"author\":{\"name\":\"Telinha\",\"@id\":\"https:\/\/portaltela.pt\/#\/schema\/person\/c4278d4a6028830caff9ee44b42d32ed\"},\"headline\":\"Andr\u00e9 Pestana apela ao voto em Seguro para derrotar Ventura\",\"datePublished\":\"2026-01-31T19:58:02+00:00\",\"mainEntityOfPage\":{\"@id\":\"https:\/\/portaltela.pt\/noticias\/2026\/01\/31\/andre-pestana-apela-ao-voto-em-seguro-para-derrotar-ventura\/\"},\"wordCount\":227,\"image\":{\"@id\":\"https:\/\/portaltela.pt\/noticias\/2026\/01\/31\/andre-pestana-apela-ao-voto-em-seguro-para-derrotar-ventura\/#primaryimage\"},\"thumbnailUrl\":\"https:\/\/portaltela.pt\/s.01k8rhncp4jt1\/2026\/01\/unnamed-file-6380.jpg\",\"keywords\":[\"Andr\u00e9 Pestana\",\"Andr\u00e9 Ventura\",\"elei\u00e7\u00f5es\",\"pol\u00edtica\",\"presidente\"],\"articleSection\":[\"Not\u00edcias\",\"Pol\u00edtica\"],\"inLanguage\":\"pt-PT\"},{\"@type\":\"WebPage\",\"@id\":\"https:\/\/portaltela.pt\/noticias\/2026\/01\/31\/andre-pestana-apela-ao-voto-em-seguro-para-derrotar-ventura\/\",\"url\":\"https:\/\/portaltela.pt\/noticias\/2026\/01\/31\/andre-pestana-apela-ao-voto-em-seguro-para-derrotar-ventura\/\",\"name\":\"Andr\u00e9 Pestana apela ao voto em Seguro para derrotar Ventura - Portal Tela Portugal\",\"isPartOf\":{\"@id\":\"https:\/\/portaltela.pt\/#website\"},\"primaryImageOfPage\":{\"@id\":\"https:\/\/portaltela.pt\/noticias\/2026\/01\/31\/andre-pestana-apela-ao-voto-em-seguro-para-derrotar-ventura\/#primaryimage\"},\"image\":{\"@id\":\"https:\/\/portaltela.pt\/noticias\/2026\/01\/31\/andre-pestana-apela-ao-voto-em-seguro-para-derrotar-ventura\/#primaryimage\"},\"thumbnailUrl\":\"https:\/\/portaltela.pt\/s.01k8rhncp4jt1\/2026\/01\/unnamed-file-6380.jpg\",\"datePublished\":\"2026-01-31T19:58:02+00:00\",\"author\":{\"@id\":\"https:\/\/portaltela.pt\/#\/schema\/person\/c4278d4a6028830caff9ee44b42d32ed\"},\"breadcrumb\":{\"@id\":\"https:\/\/portaltela.pt\/noticias\/2026\/01\/31\/andre-pestana-apela-ao-voto-em-seguro-para-derrotar-ventura\/#breadcrumb\"},\"inLanguage\":\"pt-PT\",\"potentialAction\":[{\"@type\":\"ReadAction\",\"target\":[\"https:\/\/portaltela.pt\/noticias\/2026\/01\/31\/andre-pestana-apela-ao-voto-em-seguro-para-derrotar-ventura\/\"]}]},{\"@type\":\"ImageObject\",\"inLanguage\":\"pt-PT\",\"@id\":\"https:\/\/portaltela.pt\/noticias\/2026\/01\/31\/andre-pestana-apela-ao-voto-em-seguro-para-derrotar-ventura\/#primaryimage\",\"url\":\"https:\/\/portaltela.pt\/s.01k8rhncp4jt1\/2026\/01\/unnamed-file-6380.jpg\",\"contentUrl\":\"https:\/\/portaltela.pt\/s.01k8rhncp4jt1\/2026\/01\/unnamed-file-6380.jpg\",\"width\":796,\"height\":448,\"caption\":\"Foto PAULO NOVAIS\/EPA\"},{\"@type\":\"BreadcrumbList\",\"@id\":\"https:\/\/portaltela.pt\/noticias\/2026\/01\/31\/andre-pestana-apela-ao-voto-em-seguro-para-derrotar-ventura\/#breadcrumb\",\"itemListElement\":[{\"@type\":\"ListItem\",\"position\":1,\"name\":\"In\u00edcio\",\"item\":\"https:\/\/portaltela.pt\/\"},{\"@type\":\"ListItem\",\"position\":2,\"name\":\"Andr\u00e9 Pestana apela ao voto em Seguro para derrotar Ventura\"}]},{\"@type\":\"WebSite\",\"@id\":\"https:\/\/portaltela.pt\/#website\",\"url\":\"https:\/\/portaltela.pt\/\",\"name\":\"Portal Tela Portugal\",\"description\":\"\",\"potentialAction\":[{\"@type\":\"SearchAction\",\"target\":{\"@type\":\"EntryPoint\",\"urlTemplate\":\"https:\/\/portaltela.pt\/?s={search_term_string}\"},\"query-input\":{\"@type\":\"PropertyValueSpecification\",\"valueRequired\":true,\"valueName\":\"search_term_string\"}}],\"inLanguage\":\"pt-PT\"},{\"@type\":\"Person\",\"@id\":\"https:\/\/portaltela.pt\/#\/schema\/person\/c4278d4a6028830caff9ee44b42d32ed\",\"name\":\"Telinha\",\"image\":{\"@type\":\"ImageObject\",\"inLanguage\":\"pt-PT\",\"@id\":\"https:\/\/portaltela.pt\/s.01k8rhncp4jt1\/2025\/11\/talking-bot-125x125.png\",\"url\":\"https:\/\/portaltela.pt\/s.01k8rhncp4jt1\/2025\/11\/talking-bot-125x125.png\",\"contentUrl\":\"https:\/\/portaltela.pt\/s.01k8rhncp4jt1\/2025\/11\/talking-bot-125x125.png\",\"caption\":\"Telinha\"},\"sameAs\":[\"https:\/\/portaltela.pt\/\"],\"url\":\"https:\/\/portaltela.pt\/por\/367410592786\/\"}]}<\/script>\n<!-- \/ Yoast SEO plugin. -->","yoast_head_json":{"title":"Andr\u00e9 Pestana apela ao voto em Seguro para derrotar Ventura - Portal Tela Portugal","robots":{"index":"index","follow":"follow","max-snippet":"max-snippet:-1","max-image-preview":"max-image-preview:large","max-video-preview":"max-video-preview:-1"},"og_locale":"pt_PT","og_type":"article","og_title":"Andr\u00e9 Pestana apela ao voto em Seguro para derrotar Ventura - Portal Tela Portugal","og_description":"Andr\u00e9 Pestana vai apelar ao voto em Ant\u00f3nio Jos\u00e9 Seguro na segunda volta para garantir a derrota de Andr\u00e9 Ventura, ap\u00f3s decis\u00e3o tomada em reuni\u00e3o da candidatura em Lisboa. O ex-candidato admite ponderar a cria\u00e7\u00e3o de um partido ou movimento pol\u00edtico para dar voz pr\u00f3pria no parlamento. A segunda volta \u00e9 marcada para 8 de fevereiro; na primeira volta, Ant\u00f3nio Jos\u00e9 Seguro obteve 31% dos votos e Andr\u00e9 Ventura 23%. Pestana afirma que n\u00e3o v\u00ea Seguro como refer\u00eancia de mudan\u00e7a, e que o voto em Seguro \u00e9 um mal menor para travar injusti\u00e7as associadas a Ventura. A candidatura planeia continuar o projeto pol\u00edtico com novas reuni\u00f5es no Norte do pa\u00eds e deixa em aberto a possibilidade de futuras candidaturas, incluindo legislativas; Pestana recolheu 0,2% na primeira volta.","og_url":"https:\/\/portaltela.pt\/noticias\/2026\/01\/31\/andre-pestana-apela-ao-voto-em-seguro-para-derrotar-ventura\/","og_site_name":"Portal Tela Portugal","article_published_time":"2026-01-31T19:58:02+00:00","author":"Telinha","twitter_card":"summary_large_image","twitter_misc":{"Escrito por":"Telinha","Tempo estimado de leitura":"1 minuto"},"schema":{"@context":"https:\/\/schema.org","@graph":[{"@type":"Article","@id":"https:\/\/portaltela.pt\/noticias\/2026\/01\/31\/andre-pestana-apela-ao-voto-em-seguro-para-derrotar-ventura\/#article","isPartOf":{"@id":"https:\/\/portaltela.pt\/noticias\/2026\/01\/31\/andre-pestana-apela-ao-voto-em-seguro-para-derrotar-ventura\/"},"author":{"name":"Telinha","@id":"https:\/\/portaltela.pt\/#\/schema\/person\/c4278d4a6028830caff9ee44b42d32ed"},"headline":"Andr\u00e9 Pestana apela ao voto em Seguro para derrotar Ventura","datePublished":"2026-01-31T19:58:02+00:00","mainEntityOfPage":{"@id":"https:\/\/portaltela.pt\/noticias\/2026\/01\/31\/andre-pestana-apela-ao-voto-em-seguro-para-derrotar-ventura\/"},"wordCount":227,"image":{"@id":"https:\/\/portaltela.pt\/noticias\/2026\/01\/31\/andre-pestana-apela-ao-voto-em-seguro-para-derrotar-ventura\/#primaryimage"},"thumbnailUrl":"https:\/\/portaltela.pt\/s.01k8rhncp4jt1\/2026\/01\/unnamed-file-6380.jpg","keywords":["Andr\u00e9 Pestana","Andr\u00e9 Ventura","elei\u00e7\u00f5es","pol\u00edtica","presidente"],"articleSection":["Not\u00edcias","Pol\u00edtica"],"inLanguage":"pt-PT"},{"@type":"WebPage","@id":"https:\/\/portaltela.pt\/noticias\/2026\/01\/31\/andre-pestana-apela-ao-voto-em-seguro-para-derrotar-ventura\/","url":"https:\/\/portaltela.pt\/noticias\/2026\/01\/31\/andre-pestana-apela-ao-voto-em-seguro-para-derrotar-ventura\/","name":"Andr\u00e9 Pestana apela ao voto em Seguro para derrotar Ventura - Portal Tela Portugal","isPartOf":{"@id":"https:\/\/portaltela.pt\/#website"},"primaryImageOfPage":{"@id":"https:\/\/portaltela.pt\/noticias\/2026\/01\/31\/andre-pestana-apela-ao-voto-em-seguro-para-derrotar-ventura\/#primaryimage"},"image":{"@id":"https:\/\/portaltela.pt\/noticias\/2026\/01\/31\/andre-pestana-apela-ao-voto-em-seguro-para-derrotar-ventura\/#primaryimage"},"thumbnailUrl":"https:\/\/portaltela.pt\/s.01k8rhncp4jt1\/2026\/01\/unnamed-file-6380.jpg","datePublished":"2026-01-31T19:58:02+00:00","author":{"@id":"https:\/\/portaltela.pt\/#\/schema\/person\/c4278d4a6028830caff9ee44b42d32ed"},"breadcrumb":{"@id":"https:\/\/portaltela.pt\/noticias\/2026\/01\/31\/andre-pestana-apela-ao-voto-em-seguro-para-derrotar-ventura\/#breadcrumb"},"inLanguage":"pt-PT","potentialAction":[{"@type":"ReadAction","target":["https:\/\/portaltela.pt\/noticias\/2026\/01\/31\/andre-pestana-apela-ao-voto-em-seguro-para-derrotar-ventura\/"]}]},{"@type":"ImageObject","inLanguage":"pt-PT","@id":"https:\/\/portaltela.pt\/noticias\/2026\/01\/31\/andre-pestana-apela-ao-voto-em-seguro-para-derrotar-ventura\/#primaryimage","url":"https:\/\/portaltela.pt\/s.01k8rhncp4jt1\/2026\/01\/unnamed-file-6380.jpg","contentUrl":"https:\/\/portaltela.pt\/s.01k8rhncp4jt1\/2026\/01\/unnamed-file-6380.jpg","width":796,"height":448,"caption":"Foto PAULO NOVAIS\/EPA"},{"@type":"BreadcrumbList","@id":"https:\/\/portaltela.pt\/noticias\/2026\/01\/31\/andre-pestana-apela-ao-voto-em-seguro-para-derrotar-ventura\/#breadcrumb","itemListElement":[{"@type":"ListItem","position":1,"name":"In\u00edcio","item":"https:\/\/portaltela.pt\/"},{"@type":"ListItem","position":2,"name":"Andr\u00e9 Pestana apela ao voto em Seguro para derrotar Ventura"}]},{"@type":"WebSite","@id":"https:\/\/portaltela.pt\/#website","url":"https:\/\/portaltela.pt\/","name":"Portal Tela Portugal","description":"","potentialAction":[{"@type":"SearchAction","target":{"@type":"EntryPoint","urlTemplate":"https:\/\/portaltela.pt\/?s={search_term_string}"},"query-input":{"@type":"PropertyValueSpecification","valueRequired":true,"valueName":"search_term_string"}}],"inLanguage":"pt-PT"},{"@type":"Person","@id":"https:\/\/portaltela.pt\/#\/schema\/person\/c4278d4a6028830caff9ee44b42d32ed","name":"Telinha","image":{"@type":"ImageObject","inLanguage":"pt-PT","@id":"https:\/\/portaltela.pt\/s.01k8rhncp4jt1\/2025\/11\/talking-bot-125x125.png","url":"https:\/\/portaltela.pt\/s.01k8rhncp4jt1\/2025\/11\/talking-bot-125x125.png","contentUrl":"https:\/\/portaltela.pt\/s.01k8rhncp4jt1\/2025\/11\/talking-bot-125x125.png","caption":"Telinha"},"sameAs":["https:\/\/portaltela.pt\/"],"url":"https:\/\/portaltela.pt\/por\/367410592786\/"}]}},"_links":{"self":[{"href":"https:\/\/portaltela.pt\/api\/wp\/v2\/posts\/187455","targetHints":{"allow":["GET"]}}],"collection":[{"href":"https:\/\/portaltela.pt\/api\/wp\/v2\/posts"}],"about":[{"href":"https:\/\/portaltela.pt\/api\/wp\/v2\/types\/post"}],"author":[{"embeddable":true,"href":"https:\/\/portaltela.pt\/api\/wp\/v2\/users\/2"}],"replies":[{"embeddable":true,"href":"https:\/\/portaltela.pt\/api\/wp\/v2\/comments?post=187455"}],"version-history":[{"count":0,"href":"https:\/\/portaltela.pt\/api\/wp\/v2\/posts\/187455\/revisions"}],"wp:featuredmedia":[{"embeddable":true,"href":"https:\/\/portaltela.pt\/api\/wp\/v2\/media\/187465"}],"wp:attachment":[{"href":"https:\/\/portaltela.pt\/api\/wp\/v2\/media?parent=187455"}],"wp:term":[{"taxonomy":"category","embeddable":true,"href":"https:\/\/portaltela.pt\/api\/wp\/v2\/categories?post=187455"},{"taxonomy":"post_tag","embeddable":true,"href":"https:\/\/portaltela.pt\/api\/wp\/v2\/tags?post=187455"}],"curies":[{"name":"wp","href":"https:\/\/api.w.org\/{rel}","templated":true}]}}