{"id":187404,"date":"2026-01-31T16:20:57","date_gmt":"2026-01-31T19:20:57","guid":{"rendered":"https:\/\/portaltela.pt\/noticias\/2026\/01\/31\/locais-de-voto-antecipado-alterados-em-varias-zonas\/"},"modified":"2026-01-31T16:20:57","modified_gmt":"2026-01-31T19:20:57","slug":"locais-de-voto-antecipado-alterados-em-varias-zonas","status":"publish","type":"post","link":"https:\/\/portaltela.pt\/noticias\/politica\/2026\/01\/31\/locais-de-voto-antecipado-alterados-em-varias-zonas\/","title":{"rendered":"Locais de voto antecipado alterados em v\u00e1rias zonas"},"content":{"rendered":"<p>A Secretaria-Geral do Minist\u00e9rio da Administra\u00e7\u00e3o Interna (SGMAI) anunciou altera\u00e7\u00f5es nos locais de voto antecipado em mobilidade em seis munic\u00edpios, devido aos efeitos da depress\u00e3o Kristin. As mudan\u00e7as ocorreram a pedido das respetivas c\u00e2maras municipais, por motivos de for\u00e7a maior.<\/p>\n<p>A vota\u00e7\u00e3o antecipada est\u00e1 marcada para domingo, 1 de fevereiro, e destina-se a eleitores recenseados em Portugal que se inscreveram previamente entre 25 e 29 de janeiro. Os novos locais de voto s\u00e3o: Vieira do Minho (sede da Junta de Freguesia), Alvai\u00e1zere (quartel dos Bombeiros), Leiria (Escola Secund\u00e1ria Francisco Rodrigues Lobo), Torres Vedras (Edif\u00edcio da C\u00e2mara Municipal), Alc\u00e1cer do Sal (sede da Junta de Freguesia de Santiago) e Silves (piscinas municipais).<\/p>\n<p>Cada munic\u00edpio continental e das Regi\u00f5es Aut\u00f3nomas ter\u00e1 pelo menos uma mesa de voto. Os eleitores devem apresentar documento de identifica\u00e7\u00e3o e indicar a freguesia de inscri\u00e7\u00e3o; receber\u00e3o o duplicado da vinheta de seguran\u00e7a como comprovativo. Quem n\u00e3o puder votar no dia 1 pode faz\u00ea-lo a 8 de fevereiro na assembleia ou sec\u00e7\u00e3o recenseada.<\/p>\n<h3>Locais alterados e datas<\/h3>\n<p>O voto antecipado em pris\u00f5es e hospitais decorrer\u00e1 entre 2 e 3 de fevereiro, com desloca\u00e7\u00e3o de representantes da C\u00e2mara ao local. A segunda volta presidencial op\u00f5e Ant\u00f3nio Jos\u00e9 Seguro e Andr\u00e9 Ventura, os dois candidatos mais votados na primeira volta de 18 de janeiro.<\/p>\n","protected":false},"excerpt":{"rendered":"<ul>\n<li>A Secretaria-Geral do Minist\u00e9rio da Administra\u00e7\u00e3o Interna alterou os locais de voto antecipado em mobilidade em seis munic\u00edpios devido \u00e0 depress\u00e3o Kristin: Vieira do Minho, Alvai\u00e1zere, Leiria, Torres Vedras, Alc\u00e1cer do Sal e Silves.<\/li>\n<li>A vota\u00e7\u00e3o decorrer\u00e1 no domingo, uma de fevereiro, para eleitores recenseados em Portugal que se inscreveram previamente entre vinte e cinco e vinte e nove de janeiro; os novos locais incluem a sede da Junta de Freguesia de Vieira do Minho, o quartel dos Bombeiros em Alvai\u00e1zere, a Escola Secund\u00e1ria Francisco Rodrigues Lobo em Leiria, o Edif\u00edcio da C\u00e2mara Municipal em Torres Vedras, a sede da Junta de Freguesia de Alc\u00e1cer do Sal (Santiago) e o edif\u00edcio das piscinas municipais em Silves.<\/li>\n<li>Cada munic\u00edpio continental e das regi\u00f5es aut\u00f3nomas ter\u00e1 pelo menos uma mesa de voto; os eleitores devem apresentar identifica\u00e7\u00e3o, indicar a freguesia de inscri\u00e7\u00e3o e receber o duplicado da vinheta de seguran\u00e7a como comprovativo.<\/li>\n<li>Quem n\u00e3o puder votar no dia um de fevereiro pode faz\u00ea-lo no dia oito de fevereiro na assembleia ou sec\u00e7\u00e3o de voto recenseada.<\/li>\n<li>O voto antecipado em pris\u00f5es e hospitais ser\u00e1 entre dois e tr\u00eas de fevereiro, com desloca\u00e7\u00e3o de representantes da C\u00e2mara ao local.<\/li>\n<\/ul>\n","protected":false},"author":2,"featured_media":187416,"comment_status":"closed","ping_status":"closed","sticky":false,"template":"","format":"standard","meta":{"footnotes":""},"categories":[1,5],"tags":[1998,4941,1385,4588,1835,4965],"class_list":["post-187404","post","type-post","status-publish","format-standard","has-post-thumbnail","hentry","category-noticias","category-politica","tag-alcacer-do-sal","tag-alvaiazere","tag-leiria","tag-silves","tag-torres-vedras","tag-vieira-do-minho"],"yoast_head":"<!-- This site is optimized with the Yoast SEO plugin v27.2 - https:\/\/yoast.com\/product\/yoast-seo-wordpress\/ -->\n<title>Locais de voto antecipado alterados em v\u00e1rias zonas - Portal Tela Portugal<\/title>\n<meta name=\"robots\" content=\"index, follow, max-snippet:-1, max-image-preview:large, max-video-preview:-1\" \/>\n<meta property=\"og:locale\" content=\"pt_PT\" \/>\n<meta property=\"og:type\" content=\"article\" \/>\n<meta property=\"og:title\" content=\"Locais de voto antecipado alterados em v\u00e1rias zonas - Portal Tela Portugal\" \/>\n<meta property=\"og:description\" content=\"A Secretaria-Geral do Minist\u00e9rio da Administra\u00e7\u00e3o Interna alterou os locais de voto antecipado em mobilidade em seis munic\u00edpios devido \u00e0 depress\u00e3o Kristin: Vieira do Minho, Alvai\u00e1zere, Leiria, Torres Vedras, Alc\u00e1cer do Sal e Silves. A vota\u00e7\u00e3o decorrer\u00e1 no domingo, uma de fevereiro, para eleitores recenseados em Portugal que se inscreveram previamente entre vinte e cinco e vinte e nove de janeiro; os novos locais incluem a sede da Junta de Freguesia de Vieira do Minho, o quartel dos Bombeiros em Alvai\u00e1zere, a Escola Secund\u00e1ria Francisco Rodrigues Lobo em Leiria, o Edif\u00edcio da C\u00e2mara Municipal em Torres Vedras, a sede da Junta de Freguesia de Alc\u00e1cer do Sal (Santiago) e o edif\u00edcio das piscinas municipais em Silves. Cada munic\u00edpio continental e das regi\u00f5es aut\u00f3nomas ter\u00e1 pelo menos uma mesa de voto; os eleitores devem apresentar identifica\u00e7\u00e3o, indicar a freguesia de inscri\u00e7\u00e3o e receber o duplicado da vinheta de seguran\u00e7a como comprovativo. Quem n\u00e3o puder votar no dia um de fevereiro pode faz\u00ea-lo no dia oito de fevereiro na assembleia ou sec\u00e7\u00e3o de voto recenseada. O voto antecipado em pris\u00f5es e hospitais ser\u00e1 entre dois e tr\u00eas de fevereiro, com desloca\u00e7\u00e3o de representantes da C\u00e2mara ao local.\" \/>\n<meta property=\"og:url\" content=\"https:\/\/portaltela.pt\/noticias\/2026\/01\/31\/locais-de-voto-antecipado-alterados-em-varias-zonas\/\" \/>\n<meta property=\"og:site_name\" content=\"Portal Tela Portugal\" \/>\n<meta property=\"article:published_time\" content=\"2026-01-31T19:20:57+00:00\" \/>\n<meta name=\"author\" content=\"Telinha\" \/>\n<meta name=\"twitter:card\" content=\"summary_large_image\" \/>\n<meta name=\"twitter:label1\" content=\"Escrito por\" \/>\n\t<meta name=\"twitter:data1\" content=\"Telinha\" \/>\n\t<meta name=\"twitter:label2\" content=\"Tempo estimado de leitura\" \/>\n\t<meta name=\"twitter:data2\" content=\"1 minuto\" \/>\n<script type=\"application\/ld+json\" class=\"yoast-schema-graph\">{\"@context\":\"https:\/\/schema.org\",\"@graph\":[{\"@type\":\"Article\",\"@id\":\"https:\/\/portaltela.pt\/noticias\/2026\/01\/31\/locais-de-voto-antecipado-alterados-em-varias-zonas\/#article\",\"isPartOf\":{\"@id\":\"https:\/\/portaltela.pt\/noticias\/2026\/01\/31\/locais-de-voto-antecipado-alterados-em-varias-zonas\/\"},\"author\":{\"name\":\"Telinha\",\"@id\":\"https:\/\/portaltela.pt\/#\/schema\/person\/c4278d4a6028830caff9ee44b42d32ed\"},\"headline\":\"Locais de voto antecipado alterados em v\u00e1rias zonas\",\"datePublished\":\"2026-01-31T19:20:57+00:00\",\"mainEntityOfPage\":{\"@id\":\"https:\/\/portaltela.pt\/noticias\/2026\/01\/31\/locais-de-voto-antecipado-alterados-em-varias-zonas\/\"},\"wordCount\":245,\"image\":{\"@id\":\"https:\/\/portaltela.pt\/noticias\/2026\/01\/31\/locais-de-voto-antecipado-alterados-em-varias-zonas\/#primaryimage\"},\"thumbnailUrl\":\"https:\/\/portaltela.pt\/s.01k8rhncp4jt1\/2026\/01\/unnamed-file-6375.jpg\",\"keywords\":[\"Alc\u00e1cer do Sal\",\"Alvai\u00e1zere\",\"Leiria\",\"Silves\",\"Torres Vedras\",\"Vieira do Minho\"],\"articleSection\":[\"Not\u00edcias\",\"Pol\u00edtica\"],\"inLanguage\":\"pt-PT\"},{\"@type\":\"WebPage\",\"@id\":\"https:\/\/portaltela.pt\/noticias\/2026\/01\/31\/locais-de-voto-antecipado-alterados-em-varias-zonas\/\",\"url\":\"https:\/\/portaltela.pt\/noticias\/2026\/01\/31\/locais-de-voto-antecipado-alterados-em-varias-zonas\/\",\"name\":\"Locais de voto antecipado alterados em v\u00e1rias zonas - Portal Tela Portugal\",\"isPartOf\":{\"@id\":\"https:\/\/portaltela.pt\/#website\"},\"primaryImageOfPage\":{\"@id\":\"https:\/\/portaltela.pt\/noticias\/2026\/01\/31\/locais-de-voto-antecipado-alterados-em-varias-zonas\/#primaryimage\"},\"image\":{\"@id\":\"https:\/\/portaltela.pt\/noticias\/2026\/01\/31\/locais-de-voto-antecipado-alterados-em-varias-zonas\/#primaryimage\"},\"thumbnailUrl\":\"https:\/\/portaltela.pt\/s.01k8rhncp4jt1\/2026\/01\/unnamed-file-6375.jpg\",\"datePublished\":\"2026-01-31T19:20:57+00:00\",\"author\":{\"@id\":\"https:\/\/portaltela.pt\/#\/schema\/person\/c4278d4a6028830caff9ee44b42d32ed\"},\"breadcrumb\":{\"@id\":\"https:\/\/portaltela.pt\/noticias\/2026\/01\/31\/locais-de-voto-antecipado-alterados-em-varias-zonas\/#breadcrumb\"},\"inLanguage\":\"pt-PT\",\"potentialAction\":[{\"@type\":\"ReadAction\",\"target\":[\"https:\/\/portaltela.pt\/noticias\/2026\/01\/31\/locais-de-voto-antecipado-alterados-em-varias-zonas\/\"]}]},{\"@type\":\"ImageObject\",\"inLanguage\":\"pt-PT\",\"@id\":\"https:\/\/portaltela.pt\/noticias\/2026\/01\/31\/locais-de-voto-antecipado-alterados-em-varias-zonas\/#primaryimage\",\"url\":\"https:\/\/portaltela.pt\/s.01k8rhncp4jt1\/2026\/01\/unnamed-file-6375.jpg\",\"contentUrl\":\"https:\/\/portaltela.pt\/s.01k8rhncp4jt1\/2026\/01\/unnamed-file-6375.jpg\",\"width\":796,\"height\":448,\"caption\":\"Estes munic\u00edpios podem mudar tudo\"},{\"@type\":\"BreadcrumbList\",\"@id\":\"https:\/\/portaltela.pt\/noticias\/2026\/01\/31\/locais-de-voto-antecipado-alterados-em-varias-zonas\/#breadcrumb\",\"itemListElement\":[{\"@type\":\"ListItem\",\"position\":1,\"name\":\"In\u00edcio\",\"item\":\"https:\/\/portaltela.pt\/\"},{\"@type\":\"ListItem\",\"position\":2,\"name\":\"Locais de voto antecipado alterados em v\u00e1rias zonas\"}]},{\"@type\":\"WebSite\",\"@id\":\"https:\/\/portaltela.pt\/#website\",\"url\":\"https:\/\/portaltela.pt\/\",\"name\":\"Portal Tela Portugal\",\"description\":\"\",\"potentialAction\":[{\"@type\":\"SearchAction\",\"target\":{\"@type\":\"EntryPoint\",\"urlTemplate\":\"https:\/\/portaltela.pt\/?s={search_term_string}\"},\"query-input\":{\"@type\":\"PropertyValueSpecification\",\"valueRequired\":true,\"valueName\":\"search_term_string\"}}],\"inLanguage\":\"pt-PT\"},{\"@type\":\"Person\",\"@id\":\"https:\/\/portaltela.pt\/#\/schema\/person\/c4278d4a6028830caff9ee44b42d32ed\",\"name\":\"Telinha\",\"image\":{\"@type\":\"ImageObject\",\"inLanguage\":\"pt-PT\",\"@id\":\"https:\/\/portaltela.pt\/s.01k8rhncp4jt1\/2025\/11\/talking-bot-125x125.png\",\"url\":\"https:\/\/portaltela.pt\/s.01k8rhncp4jt1\/2025\/11\/talking-bot-125x125.png\",\"contentUrl\":\"https:\/\/portaltela.pt\/s.01k8rhncp4jt1\/2025\/11\/talking-bot-125x125.png\",\"caption\":\"Telinha\"},\"sameAs\":[\"https:\/\/portaltela.pt\/\"],\"url\":\"https:\/\/portaltela.pt\/por\/367410592786\/\"}]}<\/script>\n<!-- \/ Yoast SEO plugin. -->","yoast_head_json":{"title":"Locais de voto antecipado alterados em v\u00e1rias zonas - Portal Tela Portugal","robots":{"index":"index","follow":"follow","max-snippet":"max-snippet:-1","max-image-preview":"max-image-preview:large","max-video-preview":"max-video-preview:-1"},"og_locale":"pt_PT","og_type":"article","og_title":"Locais de voto antecipado alterados em v\u00e1rias zonas - Portal Tela Portugal","og_description":"A Secretaria-Geral do Minist\u00e9rio da Administra\u00e7\u00e3o Interna alterou os locais de voto antecipado em mobilidade em seis munic\u00edpios devido \u00e0 depress\u00e3o Kristin: Vieira do Minho, Alvai\u00e1zere, Leiria, Torres Vedras, Alc\u00e1cer do Sal e Silves. A vota\u00e7\u00e3o decorrer\u00e1 no domingo, uma de fevereiro, para eleitores recenseados em Portugal que se inscreveram previamente entre vinte e cinco e vinte e nove de janeiro; os novos locais incluem a sede da Junta de Freguesia de Vieira do Minho, o quartel dos Bombeiros em Alvai\u00e1zere, a Escola Secund\u00e1ria Francisco Rodrigues Lobo em Leiria, o Edif\u00edcio da C\u00e2mara Municipal em Torres Vedras, a sede da Junta de Freguesia de Alc\u00e1cer do Sal (Santiago) e o edif\u00edcio das piscinas municipais em Silves. Cada munic\u00edpio continental e das regi\u00f5es aut\u00f3nomas ter\u00e1 pelo menos uma mesa de voto; os eleitores devem apresentar identifica\u00e7\u00e3o, indicar a freguesia de inscri\u00e7\u00e3o e receber o duplicado da vinheta de seguran\u00e7a como comprovativo. Quem n\u00e3o puder votar no dia um de fevereiro pode faz\u00ea-lo no dia oito de fevereiro na assembleia ou sec\u00e7\u00e3o de voto recenseada. O voto antecipado em pris\u00f5es e hospitais ser\u00e1 entre dois e tr\u00eas de fevereiro, com desloca\u00e7\u00e3o de representantes da C\u00e2mara ao local.","og_url":"https:\/\/portaltela.pt\/noticias\/2026\/01\/31\/locais-de-voto-antecipado-alterados-em-varias-zonas\/","og_site_name":"Portal Tela Portugal","article_published_time":"2026-01-31T19:20:57+00:00","author":"Telinha","twitter_card":"summary_large_image","twitter_misc":{"Escrito por":"Telinha","Tempo estimado de leitura":"1 minuto"},"schema":{"@context":"https:\/\/schema.org","@graph":[{"@type":"Article","@id":"https:\/\/portaltela.pt\/noticias\/2026\/01\/31\/locais-de-voto-antecipado-alterados-em-varias-zonas\/#article","isPartOf":{"@id":"https:\/\/portaltela.pt\/noticias\/2026\/01\/31\/locais-de-voto-antecipado-alterados-em-varias-zonas\/"},"author":{"name":"Telinha","@id":"https:\/\/portaltela.pt\/#\/schema\/person\/c4278d4a6028830caff9ee44b42d32ed"},"headline":"Locais de voto antecipado alterados em v\u00e1rias zonas","datePublished":"2026-01-31T19:20:57+00:00","mainEntityOfPage":{"@id":"https:\/\/portaltela.pt\/noticias\/2026\/01\/31\/locais-de-voto-antecipado-alterados-em-varias-zonas\/"},"wordCount":245,"image":{"@id":"https:\/\/portaltela.pt\/noticias\/2026\/01\/31\/locais-de-voto-antecipado-alterados-em-varias-zonas\/#primaryimage"},"thumbnailUrl":"https:\/\/portaltela.pt\/s.01k8rhncp4jt1\/2026\/01\/unnamed-file-6375.jpg","keywords":["Alc\u00e1cer do Sal","Alvai\u00e1zere","Leiria","Silves","Torres Vedras","Vieira do Minho"],"articleSection":["Not\u00edcias","Pol\u00edtica"],"inLanguage":"pt-PT"},{"@type":"WebPage","@id":"https:\/\/portaltela.pt\/noticias\/2026\/01\/31\/locais-de-voto-antecipado-alterados-em-varias-zonas\/","url":"https:\/\/portaltela.pt\/noticias\/2026\/01\/31\/locais-de-voto-antecipado-alterados-em-varias-zonas\/","name":"Locais de voto antecipado alterados em v\u00e1rias zonas - Portal Tela Portugal","isPartOf":{"@id":"https:\/\/portaltela.pt\/#website"},"primaryImageOfPage":{"@id":"https:\/\/portaltela.pt\/noticias\/2026\/01\/31\/locais-de-voto-antecipado-alterados-em-varias-zonas\/#primaryimage"},"image":{"@id":"https:\/\/portaltela.pt\/noticias\/2026\/01\/31\/locais-de-voto-antecipado-alterados-em-varias-zonas\/#primaryimage"},"thumbnailUrl":"https:\/\/portaltela.pt\/s.01k8rhncp4jt1\/2026\/01\/unnamed-file-6375.jpg","datePublished":"2026-01-31T19:20:57+00:00","author":{"@id":"https:\/\/portaltela.pt\/#\/schema\/person\/c4278d4a6028830caff9ee44b42d32ed"},"breadcrumb":{"@id":"https:\/\/portaltela.pt\/noticias\/2026\/01\/31\/locais-de-voto-antecipado-alterados-em-varias-zonas\/#breadcrumb"},"inLanguage":"pt-PT","potentialAction":[{"@type":"ReadAction","target":["https:\/\/portaltela.pt\/noticias\/2026\/01\/31\/locais-de-voto-antecipado-alterados-em-varias-zonas\/"]}]},{"@type":"ImageObject","inLanguage":"pt-PT","@id":"https:\/\/portaltela.pt\/noticias\/2026\/01\/31\/locais-de-voto-antecipado-alterados-em-varias-zonas\/#primaryimage","url":"https:\/\/portaltela.pt\/s.01k8rhncp4jt1\/2026\/01\/unnamed-file-6375.jpg","contentUrl":"https:\/\/portaltela.pt\/s.01k8rhncp4jt1\/2026\/01\/unnamed-file-6375.jpg","width":796,"height":448,"caption":"Estes munic\u00edpios podem mudar tudo"},{"@type":"BreadcrumbList","@id":"https:\/\/portaltela.pt\/noticias\/2026\/01\/31\/locais-de-voto-antecipado-alterados-em-varias-zonas\/#breadcrumb","itemListElement":[{"@type":"ListItem","position":1,"name":"In\u00edcio","item":"https:\/\/portaltela.pt\/"},{"@type":"ListItem","position":2,"name":"Locais de voto antecipado alterados em v\u00e1rias zonas"}]},{"@type":"WebSite","@id":"https:\/\/portaltela.pt\/#website","url":"https:\/\/portaltela.pt\/","name":"Portal Tela Portugal","description":"","potentialAction":[{"@type":"SearchAction","target":{"@type":"EntryPoint","urlTemplate":"https:\/\/portaltela.pt\/?s={search_term_string}"},"query-input":{"@type":"PropertyValueSpecification","valueRequired":true,"valueName":"search_term_string"}}],"inLanguage":"pt-PT"},{"@type":"Person","@id":"https:\/\/portaltela.pt\/#\/schema\/person\/c4278d4a6028830caff9ee44b42d32ed","name":"Telinha","image":{"@type":"ImageObject","inLanguage":"pt-PT","@id":"https:\/\/portaltela.pt\/s.01k8rhncp4jt1\/2025\/11\/talking-bot-125x125.png","url":"https:\/\/portaltela.pt\/s.01k8rhncp4jt1\/2025\/11\/talking-bot-125x125.png","contentUrl":"https:\/\/portaltela.pt\/s.01k8rhncp4jt1\/2025\/11\/talking-bot-125x125.png","caption":"Telinha"},"sameAs":["https:\/\/portaltela.pt\/"],"url":"https:\/\/portaltela.pt\/por\/367410592786\/"}]}},"_links":{"self":[{"href":"https:\/\/portaltela.pt\/api\/wp\/v2\/posts\/187404","targetHints":{"allow":["GET"]}}],"collection":[{"href":"https:\/\/portaltela.pt\/api\/wp\/v2\/posts"}],"about":[{"href":"https:\/\/portaltela.pt\/api\/wp\/v2\/types\/post"}],"author":[{"embeddable":true,"href":"https:\/\/portaltela.pt\/api\/wp\/v2\/users\/2"}],"replies":[{"embeddable":true,"href":"https:\/\/portaltela.pt\/api\/wp\/v2\/comments?post=187404"}],"version-history":[{"count":0,"href":"https:\/\/portaltela.pt\/api\/wp\/v2\/posts\/187404\/revisions"}],"wp:featuredmedia":[{"embeddable":true,"href":"https:\/\/portaltela.pt\/api\/wp\/v2\/media\/187416"}],"wp:attachment":[{"href":"https:\/\/portaltela.pt\/api\/wp\/v2\/media?parent=187404"}],"wp:term":[{"taxonomy":"category","embeddable":true,"href":"https:\/\/portaltela.pt\/api\/wp\/v2\/categories?post=187404"},{"taxonomy":"post_tag","embeddable":true,"href":"https:\/\/portaltela.pt\/api\/wp\/v2\/tags?post=187404"}],"curies":[{"name":"wp","href":"https:\/\/api.w.org\/{rel}","templated":true}]}}