{"id":187402,"date":"2026-01-31T16:43:58","date_gmt":"2026-01-31T19:43:58","guid":{"rendered":"https:\/\/portaltela.pt\/noticias\/2026\/01\/31\/levante-de-luis-castro-anula-atletico-de-madrid\/"},"modified":"2026-01-31T16:43:58","modified_gmt":"2026-01-31T19:43:58","slug":"levante-de-luis-castro-anula-atletico-de-madrid","status":"publish","type":"post","link":"https:\/\/portaltela.pt\/desporto\/futebol\/2026\/01\/31\/levante-de-luis-castro-anula-atletico-de-madrid\/","title":{"rendered":"Levante de Lu\u00eds Castro anula Atl\u00e9tico de Madrid"},"content":{"rendered":"<p>O Levante empatou 0-0 com o Atl\u00e9tico de Madrid, em jogo da 22.\u00aa jornada da Liga espanhola, disputado em Val\u00e8ncia. O resultado mant\u00e9m o clube de Lu\u00eds Castro em posi\u00e7\u00e3o de luta pela manuten\u00e7\u00e3o, com quatro jogos sem perder frente aos colchoneros.<\/p>\n<p>A partida teve poucas ocasi\u00f5es claras. O valor estar\u00e1 nos detalhes defensivos, com o l\u00edder do Levante a segurar o 0-0 perante um Atl\u00e9tico que soma seis jogos sem perder.<\/p>\n<p>Um dos momentos marcantes aconteceu com a substitui\u00e7\u00e3o do avan\u00e7ado noruegu\u00eas Sorloth, aos 27 minutos, ap\u00f3s choque de cabe\u00e7as com Mat\u00edas Moreno. O jogador foi levado ao hospital para avalia\u00e7\u00e3o.<\/p>\n<h3>Desempenho e classifica\u00e7\u00e3o<\/h3>\n<p>O Atl\u00e9tico de Madrid soma agora 45 pontos, mantendo dist\u00e2ncia para Barcelona e Real Madrid, mas a luta pela lideran\u00e7a continua aberta. O Villarreal, quarto, tem 42 pontos depois de empatar 2-2 em Pamplona.<\/p>\n<p>No mesmo dia, o Villarreal abriu o marcador com Gerard Moreno, aos 17 minutos de grande penalidade, e aos 70 repetiu, mas Osasuna respondeu com dois golos de Mu\u00f1oz, aos 20, e de Budimir, aos 45+2, garantindo o empate.<\/p>\n<h3>Outros resultados<\/h3>\n<p>No in\u00edcio da jornada, o Oviedo, lanterna-vermelha, venceu em casa o Girona por 1-0, com golo de Ilyas Chaira aos 74 minutos. O Girona mant\u00e9m-se no 11.\u00ba lugar, com 25 pontos.<\/p>\n","protected":false},"excerpt":{"rendered":"<ul>\n<li>O Levante empatou a zero com o Atl\u00e9tico de Madrid, na 22.\u00aa jornada da Liga espanhola, sob o comando de Lu\u00eds Castro.<\/li>\n<li>O jogo teve poucas ocasi\u00f5es claras e ficou marcado pela substitui\u00e7\u00e3o do avan\u00e7ado Sorloth na primeira parte, aos 27 minutos, devido a um choque de cabe\u00e7as, sendo encaminhado ao hospital.<\/li>\n<li>O Atl\u00e9tico soma agora seis jogos sem perder (quatro vit\u00f3rias e dois empates) e continua com 45 pontos.<\/li>\n<li>O Villarreal empatou 2-2 em Pamplona contra o Osasuna, com dois golos de Gerard Moreno aos 17 e 70 minutos; Mu\u00f1oz e Budimir marcaram para Osasuna.<\/li>\n<li>No primeiro jogo do dia, o Oviedo venceu o Girona por 1-0, com golo de Ilyas Chaira aos 74 minutos, mantendo o Girona no 11.\u00ba lugar.<\/li>\n<\/ul>\n","protected":false},"author":2,"featured_media":187410,"comment_status":"closed","ping_status":"closed","sticky":false,"template":"","format":"standard","meta":{"footnotes":""},"categories":[21,24],"tags":[1109,152,2619,32,2657,1789],"class_list":["post-187402","post","type-post","status-publish","format-standard","has-post-thumbnail","hentry","category-desporto","category-futebol","tag-atletico-de-madrid","tag-desporto","tag-desportos-internacionais","tag-futebol","tag-girona","tag-la-liga"],"yoast_head":"<!-- This site is optimized with the Yoast SEO plugin v27.2 - https:\/\/yoast.com\/product\/yoast-seo-wordpress\/ -->\n<title>Levante de Lu\u00eds Castro anula Atl\u00e9tico de Madrid - Portal Tela Portugal<\/title>\n<meta name=\"robots\" content=\"index, follow, max-snippet:-1, max-image-preview:large, max-video-preview:-1\" \/>\n<meta property=\"og:locale\" content=\"pt_PT\" \/>\n<meta property=\"og:type\" content=\"article\" \/>\n<meta property=\"og:title\" content=\"Levante de Lu\u00eds Castro anula Atl\u00e9tico de Madrid - Portal Tela Portugal\" \/>\n<meta property=\"og:description\" content=\"O Levante empatou a zero com o Atl\u00e9tico de Madrid, na 22.\u00aa jornada da Liga espanhola, sob o comando de Lu\u00eds Castro. O jogo teve poucas ocasi\u00f5es claras e ficou marcado pela substitui\u00e7\u00e3o do avan\u00e7ado Sorloth na primeira parte, aos 27 minutos, devido a um choque de cabe\u00e7as, sendo encaminhado ao hospital. O Atl\u00e9tico soma agora seis jogos sem perder (quatro vit\u00f3rias e dois empates) e continua com 45 pontos. O Villarreal empatou 2-2 em Pamplona contra o Osasuna, com dois golos de Gerard Moreno aos 17 e 70 minutos; Mu\u00f1oz e Budimir marcaram para Osasuna. No primeiro jogo do dia, o Oviedo venceu o Girona por 1-0, com golo de Ilyas Chaira aos 74 minutos, mantendo o Girona no 11.\u00ba lugar.\" \/>\n<meta property=\"og:url\" content=\"https:\/\/portaltela.pt\/noticias\/2026\/01\/31\/levante-de-luis-castro-anula-atletico-de-madrid\/\" \/>\n<meta property=\"og:site_name\" content=\"Portal Tela Portugal\" \/>\n<meta property=\"article:published_time\" content=\"2026-01-31T19:43:58+00:00\" \/>\n<meta name=\"author\" content=\"Telinha\" \/>\n<meta name=\"twitter:card\" content=\"summary_large_image\" \/>\n<meta name=\"twitter:label1\" content=\"Escrito por\" \/>\n\t<meta name=\"twitter:data1\" content=\"Telinha\" \/>\n\t<meta name=\"twitter:label2\" content=\"Tempo estimado de leitura\" \/>\n\t<meta name=\"twitter:data2\" content=\"1 minuto\" \/>\n<script type=\"application\/ld+json\" class=\"yoast-schema-graph\">{\"@context\":\"https:\/\/schema.org\",\"@graph\":[{\"@type\":\"Article\",\"@id\":\"https:\/\/portaltela.pt\/noticias\/2026\/01\/31\/levante-de-luis-castro-anula-atletico-de-madrid\/#article\",\"isPartOf\":{\"@id\":\"https:\/\/portaltela.pt\/noticias\/2026\/01\/31\/levante-de-luis-castro-anula-atletico-de-madrid\/\"},\"author\":{\"name\":\"Telinha\",\"@id\":\"https:\/\/portaltela.pt\/#\/schema\/person\/c4278d4a6028830caff9ee44b42d32ed\"},\"headline\":\"Levante de Lu\u00eds Castro anula Atl\u00e9tico de Madrid\",\"datePublished\":\"2026-01-31T19:43:58+00:00\",\"mainEntityOfPage\":{\"@id\":\"https:\/\/portaltela.pt\/noticias\/2026\/01\/31\/levante-de-luis-castro-anula-atletico-de-madrid\/\"},\"wordCount\":233,\"image\":{\"@id\":\"https:\/\/portaltela.pt\/noticias\/2026\/01\/31\/levante-de-luis-castro-anula-atletico-de-madrid\/#primaryimage\"},\"thumbnailUrl\":\"https:\/\/portaltela.pt\/s.01k8rhncp4jt1\/2026\/01\/img_920x518uu2026-01-31-19-42-47-2418719-im-639054853896179737.jpg\",\"keywords\":[\"Atl\u00e9tico de Madrid\",\"desporto\",\"desportos internacionais\",\"futebol\",\"Girona\",\"La Liga\"],\"articleSection\":[\"Desporto\",\"Futebol\"],\"inLanguage\":\"pt-PT\"},{\"@type\":\"WebPage\",\"@id\":\"https:\/\/portaltela.pt\/noticias\/2026\/01\/31\/levante-de-luis-castro-anula-atletico-de-madrid\/\",\"url\":\"https:\/\/portaltela.pt\/noticias\/2026\/01\/31\/levante-de-luis-castro-anula-atletico-de-madrid\/\",\"name\":\"Levante de Lu\u00eds Castro anula Atl\u00e9tico de Madrid - Portal Tela Portugal\",\"isPartOf\":{\"@id\":\"https:\/\/portaltela.pt\/#website\"},\"primaryImageOfPage\":{\"@id\":\"https:\/\/portaltela.pt\/noticias\/2026\/01\/31\/levante-de-luis-castro-anula-atletico-de-madrid\/#primaryimage\"},\"image\":{\"@id\":\"https:\/\/portaltela.pt\/noticias\/2026\/01\/31\/levante-de-luis-castro-anula-atletico-de-madrid\/#primaryimage\"},\"thumbnailUrl\":\"https:\/\/portaltela.pt\/s.01k8rhncp4jt1\/2026\/01\/img_920x518uu2026-01-31-19-42-47-2418719-im-639054853896179737.jpg\",\"datePublished\":\"2026-01-31T19:43:58+00:00\",\"author\":{\"@id\":\"https:\/\/portaltela.pt\/#\/schema\/person\/c4278d4a6028830caff9ee44b42d32ed\"},\"breadcrumb\":{\"@id\":\"https:\/\/portaltela.pt\/noticias\/2026\/01\/31\/levante-de-luis-castro-anula-atletico-de-madrid\/#breadcrumb\"},\"inLanguage\":\"pt-PT\",\"potentialAction\":[{\"@type\":\"ReadAction\",\"target\":[\"https:\/\/portaltela.pt\/noticias\/2026\/01\/31\/levante-de-luis-castro-anula-atletico-de-madrid\/\"]}]},{\"@type\":\"ImageObject\",\"inLanguage\":\"pt-PT\",\"@id\":\"https:\/\/portaltela.pt\/noticias\/2026\/01\/31\/levante-de-luis-castro-anula-atletico-de-madrid\/#primaryimage\",\"url\":\"https:\/\/portaltela.pt\/s.01k8rhncp4jt1\/2026\/01\/img_920x518uu2026-01-31-19-42-47-2418719-im-639054853896179737.jpg\",\"contentUrl\":\"https:\/\/portaltela.pt\/s.01k8rhncp4jt1\/2026\/01\/img_920x518uu2026-01-31-19-42-47-2418719-im-639054853896179737.jpg\",\"width\":796,\"height\":448,\"caption\":\"Lu\u00eds Castro, treinador do Levante\"},{\"@type\":\"BreadcrumbList\",\"@id\":\"https:\/\/portaltela.pt\/noticias\/2026\/01\/31\/levante-de-luis-castro-anula-atletico-de-madrid\/#breadcrumb\",\"itemListElement\":[{\"@type\":\"ListItem\",\"position\":1,\"name\":\"In\u00edcio\",\"item\":\"https:\/\/portaltela.pt\/\"},{\"@type\":\"ListItem\",\"position\":2,\"name\":\"Levante de Lu\u00eds Castro anula Atl\u00e9tico de Madrid\"}]},{\"@type\":\"WebSite\",\"@id\":\"https:\/\/portaltela.pt\/#website\",\"url\":\"https:\/\/portaltela.pt\/\",\"name\":\"Portal Tela Portugal\",\"description\":\"\",\"potentialAction\":[{\"@type\":\"SearchAction\",\"target\":{\"@type\":\"EntryPoint\",\"urlTemplate\":\"https:\/\/portaltela.pt\/?s={search_term_string}\"},\"query-input\":{\"@type\":\"PropertyValueSpecification\",\"valueRequired\":true,\"valueName\":\"search_term_string\"}}],\"inLanguage\":\"pt-PT\"},{\"@type\":\"Person\",\"@id\":\"https:\/\/portaltela.pt\/#\/schema\/person\/c4278d4a6028830caff9ee44b42d32ed\",\"name\":\"Telinha\",\"image\":{\"@type\":\"ImageObject\",\"inLanguage\":\"pt-PT\",\"@id\":\"https:\/\/portaltela.pt\/s.01k8rhncp4jt1\/2025\/11\/talking-bot-125x125.png\",\"url\":\"https:\/\/portaltela.pt\/s.01k8rhncp4jt1\/2025\/11\/talking-bot-125x125.png\",\"contentUrl\":\"https:\/\/portaltela.pt\/s.01k8rhncp4jt1\/2025\/11\/talking-bot-125x125.png\",\"caption\":\"Telinha\"},\"sameAs\":[\"https:\/\/portaltela.pt\/\"],\"url\":\"https:\/\/portaltela.pt\/por\/367410592786\/\"}]}<\/script>\n<!-- \/ Yoast SEO plugin. -->","yoast_head_json":{"title":"Levante de Lu\u00eds Castro anula Atl\u00e9tico de Madrid - Portal Tela Portugal","robots":{"index":"index","follow":"follow","max-snippet":"max-snippet:-1","max-image-preview":"max-image-preview:large","max-video-preview":"max-video-preview:-1"},"og_locale":"pt_PT","og_type":"article","og_title":"Levante de Lu\u00eds Castro anula Atl\u00e9tico de Madrid - Portal Tela Portugal","og_description":"O Levante empatou a zero com o Atl\u00e9tico de Madrid, na 22.\u00aa jornada da Liga espanhola, sob o comando de Lu\u00eds Castro. O jogo teve poucas ocasi\u00f5es claras e ficou marcado pela substitui\u00e7\u00e3o do avan\u00e7ado Sorloth na primeira parte, aos 27 minutos, devido a um choque de cabe\u00e7as, sendo encaminhado ao hospital. O Atl\u00e9tico soma agora seis jogos sem perder (quatro vit\u00f3rias e dois empates) e continua com 45 pontos. O Villarreal empatou 2-2 em Pamplona contra o Osasuna, com dois golos de Gerard Moreno aos 17 e 70 minutos; Mu\u00f1oz e Budimir marcaram para Osasuna. No primeiro jogo do dia, o Oviedo venceu o Girona por 1-0, com golo de Ilyas Chaira aos 74 minutos, mantendo o Girona no 11.\u00ba lugar.","og_url":"https:\/\/portaltela.pt\/noticias\/2026\/01\/31\/levante-de-luis-castro-anula-atletico-de-madrid\/","og_site_name":"Portal Tela Portugal","article_published_time":"2026-01-31T19:43:58+00:00","author":"Telinha","twitter_card":"summary_large_image","twitter_misc":{"Escrito por":"Telinha","Tempo estimado de leitura":"1 minuto"},"schema":{"@context":"https:\/\/schema.org","@graph":[{"@type":"Article","@id":"https:\/\/portaltela.pt\/noticias\/2026\/01\/31\/levante-de-luis-castro-anula-atletico-de-madrid\/#article","isPartOf":{"@id":"https:\/\/portaltela.pt\/noticias\/2026\/01\/31\/levante-de-luis-castro-anula-atletico-de-madrid\/"},"author":{"name":"Telinha","@id":"https:\/\/portaltela.pt\/#\/schema\/person\/c4278d4a6028830caff9ee44b42d32ed"},"headline":"Levante de Lu\u00eds Castro anula Atl\u00e9tico de Madrid","datePublished":"2026-01-31T19:43:58+00:00","mainEntityOfPage":{"@id":"https:\/\/portaltela.pt\/noticias\/2026\/01\/31\/levante-de-luis-castro-anula-atletico-de-madrid\/"},"wordCount":233,"image":{"@id":"https:\/\/portaltela.pt\/noticias\/2026\/01\/31\/levante-de-luis-castro-anula-atletico-de-madrid\/#primaryimage"},"thumbnailUrl":"https:\/\/portaltela.pt\/s.01k8rhncp4jt1\/2026\/01\/img_920x518uu2026-01-31-19-42-47-2418719-im-639054853896179737.jpg","keywords":["Atl\u00e9tico de Madrid","desporto","desportos internacionais","futebol","Girona","La Liga"],"articleSection":["Desporto","Futebol"],"inLanguage":"pt-PT"},{"@type":"WebPage","@id":"https:\/\/portaltela.pt\/noticias\/2026\/01\/31\/levante-de-luis-castro-anula-atletico-de-madrid\/","url":"https:\/\/portaltela.pt\/noticias\/2026\/01\/31\/levante-de-luis-castro-anula-atletico-de-madrid\/","name":"Levante de Lu\u00eds Castro anula Atl\u00e9tico de Madrid - Portal Tela Portugal","isPartOf":{"@id":"https:\/\/portaltela.pt\/#website"},"primaryImageOfPage":{"@id":"https:\/\/portaltela.pt\/noticias\/2026\/01\/31\/levante-de-luis-castro-anula-atletico-de-madrid\/#primaryimage"},"image":{"@id":"https:\/\/portaltela.pt\/noticias\/2026\/01\/31\/levante-de-luis-castro-anula-atletico-de-madrid\/#primaryimage"},"thumbnailUrl":"https:\/\/portaltela.pt\/s.01k8rhncp4jt1\/2026\/01\/img_920x518uu2026-01-31-19-42-47-2418719-im-639054853896179737.jpg","datePublished":"2026-01-31T19:43:58+00:00","author":{"@id":"https:\/\/portaltela.pt\/#\/schema\/person\/c4278d4a6028830caff9ee44b42d32ed"},"breadcrumb":{"@id":"https:\/\/portaltela.pt\/noticias\/2026\/01\/31\/levante-de-luis-castro-anula-atletico-de-madrid\/#breadcrumb"},"inLanguage":"pt-PT","potentialAction":[{"@type":"ReadAction","target":["https:\/\/portaltela.pt\/noticias\/2026\/01\/31\/levante-de-luis-castro-anula-atletico-de-madrid\/"]}]},{"@type":"ImageObject","inLanguage":"pt-PT","@id":"https:\/\/portaltela.pt\/noticias\/2026\/01\/31\/levante-de-luis-castro-anula-atletico-de-madrid\/#primaryimage","url":"https:\/\/portaltela.pt\/s.01k8rhncp4jt1\/2026\/01\/img_920x518uu2026-01-31-19-42-47-2418719-im-639054853896179737.jpg","contentUrl":"https:\/\/portaltela.pt\/s.01k8rhncp4jt1\/2026\/01\/img_920x518uu2026-01-31-19-42-47-2418719-im-639054853896179737.jpg","width":796,"height":448,"caption":"Lu\u00eds Castro, treinador do Levante"},{"@type":"BreadcrumbList","@id":"https:\/\/portaltela.pt\/noticias\/2026\/01\/31\/levante-de-luis-castro-anula-atletico-de-madrid\/#breadcrumb","itemListElement":[{"@type":"ListItem","position":1,"name":"In\u00edcio","item":"https:\/\/portaltela.pt\/"},{"@type":"ListItem","position":2,"name":"Levante de Lu\u00eds Castro anula Atl\u00e9tico de Madrid"}]},{"@type":"WebSite","@id":"https:\/\/portaltela.pt\/#website","url":"https:\/\/portaltela.pt\/","name":"Portal Tela Portugal","description":"","potentialAction":[{"@type":"SearchAction","target":{"@type":"EntryPoint","urlTemplate":"https:\/\/portaltela.pt\/?s={search_term_string}"},"query-input":{"@type":"PropertyValueSpecification","valueRequired":true,"valueName":"search_term_string"}}],"inLanguage":"pt-PT"},{"@type":"Person","@id":"https:\/\/portaltela.pt\/#\/schema\/person\/c4278d4a6028830caff9ee44b42d32ed","name":"Telinha","image":{"@type":"ImageObject","inLanguage":"pt-PT","@id":"https:\/\/portaltela.pt\/s.01k8rhncp4jt1\/2025\/11\/talking-bot-125x125.png","url":"https:\/\/portaltela.pt\/s.01k8rhncp4jt1\/2025\/11\/talking-bot-125x125.png","contentUrl":"https:\/\/portaltela.pt\/s.01k8rhncp4jt1\/2025\/11\/talking-bot-125x125.png","caption":"Telinha"},"sameAs":["https:\/\/portaltela.pt\/"],"url":"https:\/\/portaltela.pt\/por\/367410592786\/"}]}},"_links":{"self":[{"href":"https:\/\/portaltela.pt\/api\/wp\/v2\/posts\/187402","targetHints":{"allow":["GET"]}}],"collection":[{"href":"https:\/\/portaltela.pt\/api\/wp\/v2\/posts"}],"about":[{"href":"https:\/\/portaltela.pt\/api\/wp\/v2\/types\/post"}],"author":[{"embeddable":true,"href":"https:\/\/portaltela.pt\/api\/wp\/v2\/users\/2"}],"replies":[{"embeddable":true,"href":"https:\/\/portaltela.pt\/api\/wp\/v2\/comments?post=187402"}],"version-history":[{"count":0,"href":"https:\/\/portaltela.pt\/api\/wp\/v2\/posts\/187402\/revisions"}],"wp:featuredmedia":[{"embeddable":true,"href":"https:\/\/portaltela.pt\/api\/wp\/v2\/media\/187410"}],"wp:attachment":[{"href":"https:\/\/portaltela.pt\/api\/wp\/v2\/media?parent=187402"}],"wp:term":[{"taxonomy":"category","embeddable":true,"href":"https:\/\/portaltela.pt\/api\/wp\/v2\/categories?post=187402"},{"taxonomy":"post_tag","embeddable":true,"href":"https:\/\/portaltela.pt\/api\/wp\/v2\/tags?post=187402"}],"curies":[{"name":"wp","href":"https:\/\/api.w.org\/{rel}","templated":true}]}}