{"id":187375,"date":"2026-01-31T16:32:21","date_gmt":"2026-01-31T19:32:21","guid":{"rendered":"https:\/\/portaltela.pt\/noticias\/2026\/01\/31\/realidade-virtual-avancos-e-aplicacoes-na-educacao-e-na-industria\/"},"modified":"2026-01-31T16:32:21","modified_gmt":"2026-01-31T19:32:21","slug":"realidade-virtual-avancos-e-aplicacoes-na-educacao-e-na-industria","status":"publish","type":"post","link":"https:\/\/portaltela.pt\/noticias\/2026\/01\/31\/realidade-virtual-avancos-e-aplicacoes-na-educacao-e-na-industria\/","title":{"rendered":"Realidade virtual: avan\u00e7os e aplica\u00e7\u00f5es na educa\u00e7\u00e3o e na ind\u00fastria"},"content":{"rendered":"<p>Meta avan\u00e7a com ajuste estrat\u00e9gico na realidade virtual, deixando de lado o foco exclusivo no metaverso. A empresa confirmou que vai reduzir investimentos no conceito de metaverso para dedicar esfor\u00e7os a tecnologias de RV e MR j\u00e1 consolidadas. A mensagem foi transmitida por fontes internas e anunciada ap\u00f3s avalia\u00e7\u00f5es de desempenho de lan\u00e7amentos recentes.<\/p>\n<p>O movimento envolve mudan\u00e7as na vis\u00e3o estrat\u00e9gica da empresa, com foco em produtos de realidade virtual que podem ser lan\u00e7ados ou atualizados com maior rapidez. A transi\u00e7\u00e3o visa manter a posi\u00e7\u00e3o da empresa no setor, sem abandonar por completo as plataformas de imers\u00e3o.<\/p>\n<p>Em termos pr\u00e1ticos, a Meta dever\u00e1 priorizar aplica\u00e7\u00f5es empresariais e de consumo, com utilizadores a interagir em ambientes virtuais de forma mais direta. A decis\u00e3o surge num contexto de press\u00e3o competitiva e de exig\u00eancias regulatorias que dificultam a expans\u00e3o do metaverso tradicional.<\/p>\n<h3>Mercados e investimentos<\/h3>\n<p>Analistas indicam que a redu\u00e7\u00e3o de ambi\u00e7\u00e3o no metaverso pode abrir espa\u00e7o para maior investimento em hardware de RV, software de simula\u00e7\u00e3o e ferramentas de criadores. A Meta ter\u00e1 de equilibrar custo de desenvolvimento com retorno financeiro, mantendo a inova\u00e7\u00e3o sem comprometer a rentabilidade.<\/p>\n<h3>Caso de uso e servi\u00e7os<\/h3>\n<p>Casos pr\u00e1ticos de RV e MR, como visitas virtuais a museus, simula\u00e7\u00f5es de ambientes urbanos e treino profissional remoto, ganham relev\u00e2ncia. A empresa pretende explorar parcerias com criadores e institui\u00e7\u00f5es para ampliar a oferta de conte\u00fados imersivos.<\/p>\n<h3>Contexto competitivo<\/h3>\n<p>Competidores como Apple, com o Vision Pro, continuam a ampliar a presen\u00e7a na realidade mista e atraem aten\u00e7\u00e3o do mercado. A corrida pela experi\u00eancia imersiva exige solu\u00e7\u00f5es integradas de hardware, software e conte\u00fados.<\/p>\n<h3>Pr\u00f3ximos passos<\/h3>\n<p>A estrat\u00e9gia dever\u00e1 avan\u00e7ar com atualiza\u00e7\u00f5es de dispositivos existentes e novos ecossistemas que facilitem a cria\u00e7\u00e3o e partilha de experi\u00eancias em RV. A Meta n\u00e3o indicou datas espec\u00edficas, limitando-se a sublinhar o foco em efici\u00eancia operacional e inova\u00e7\u00e3o cont\u00ednua.<\/p>\n","protected":false},"excerpt":{"rendered":"<ul>\n<li>A Meta anunciou abandonar o metaverso e vai direcionar os seus esfor\u00e7os para a realidade virtual.<\/li>\n<li>A Apple est\u00e1 na corrida da realidade mista com o Vision Pro.<\/li>\n<li>Dubai pretende tornar-se num hub do metaverso.<\/li>\n<li>Gr\u00e9cia assinala a ado\u00e7\u00e3o da realidade virtual na Orquestra Sinf\u00f4nica Juvenil.<\/li>\n<li>Dinamarca est\u00e1 a testar passadeiras em 3D como aplica\u00e7\u00e3o tecnol\u00f3gica.<\/li>\n<\/ul>\n","protected":false},"author":2,"featured_media":187379,"comment_status":"closed","ping_status":"closed","sticky":false,"template":"","format":"standard","meta":{"footnotes":""},"categories":[1],"tags":[163,33,1677,153],"class_list":["post-187375","post","type-post","status-publish","format-standard","has-post-thumbnail","hentry","category-noticias","tag-educacao","tag-inovacao","tag-realidade-virtual","tag-tecnologia"],"yoast_head":"<!-- This site is optimized with the Yoast SEO plugin v27.2 - https:\/\/yoast.com\/product\/yoast-seo-wordpress\/ -->\n<title>Realidade virtual: avan\u00e7os e aplica\u00e7\u00f5es na educa\u00e7\u00e3o e na ind\u00fastria - Portal Tela Portugal<\/title>\n<meta name=\"robots\" content=\"index, follow, max-snippet:-1, max-image-preview:large, max-video-preview:-1\" \/>\n<meta property=\"og:locale\" content=\"pt_PT\" \/>\n<meta property=\"og:type\" content=\"article\" \/>\n<meta property=\"og:title\" content=\"Realidade virtual: avan\u00e7os e aplica\u00e7\u00f5es na educa\u00e7\u00e3o e na ind\u00fastria - Portal Tela Portugal\" \/>\n<meta property=\"og:description\" content=\"A Meta anunciou abandonar o metaverso e vai direcionar os seus esfor\u00e7os para a realidade virtual. A Apple est\u00e1 na corrida da realidade mista com o Vision Pro. Dubai pretende tornar-se num hub do metaverso. Gr\u00e9cia assinala a ado\u00e7\u00e3o da realidade virtual na Orquestra Sinf\u00f4nica Juvenil. Dinamarca est\u00e1 a testar passadeiras em 3D como aplica\u00e7\u00e3o tecnol\u00f3gica.\" \/>\n<meta property=\"og:url\" content=\"https:\/\/portaltela.pt\/noticias\/2026\/01\/31\/realidade-virtual-avancos-e-aplicacoes-na-educacao-e-na-industria\/\" \/>\n<meta property=\"og:site_name\" content=\"Portal Tela Portugal\" \/>\n<meta property=\"article:published_time\" content=\"2026-01-31T19:32:21+00:00\" \/>\n<meta name=\"author\" content=\"Telinha\" \/>\n<meta name=\"twitter:card\" content=\"summary_large_image\" \/>\n<meta name=\"twitter:label1\" content=\"Escrito por\" \/>\n\t<meta name=\"twitter:data1\" content=\"Telinha\" \/>\n\t<meta name=\"twitter:label2\" content=\"Tempo estimado de leitura\" \/>\n\t<meta name=\"twitter:data2\" content=\"2 minutos\" \/>\n<script type=\"application\/ld+json\" class=\"yoast-schema-graph\">{\"@context\":\"https:\/\/schema.org\",\"@graph\":[{\"@type\":\"Article\",\"@id\":\"https:\/\/portaltela.pt\/noticias\/2026\/01\/31\/realidade-virtual-avancos-e-aplicacoes-na-educacao-e-na-industria\/#article\",\"isPartOf\":{\"@id\":\"https:\/\/portaltela.pt\/noticias\/2026\/01\/31\/realidade-virtual-avancos-e-aplicacoes-na-educacao-e-na-industria\/\"},\"author\":{\"name\":\"Telinha\",\"@id\":\"https:\/\/portaltela.pt\/#\/schema\/person\/c4278d4a6028830caff9ee44b42d32ed\"},\"headline\":\"Realidade virtual: avan\u00e7os e aplica\u00e7\u00f5es na educa\u00e7\u00e3o e na ind\u00fastria\",\"datePublished\":\"2026-01-31T19:32:21+00:00\",\"mainEntityOfPage\":{\"@id\":\"https:\/\/portaltela.pt\/noticias\/2026\/01\/31\/realidade-virtual-avancos-e-aplicacoes-na-educacao-e-na-industria\/\"},\"wordCount\":364,\"image\":{\"@id\":\"https:\/\/portaltela.pt\/noticias\/2026\/01\/31\/realidade-virtual-avancos-e-aplicacoes-na-educacao-e-na-industria\/#primaryimage\"},\"thumbnailUrl\":\"https:\/\/portaltela.pt\/s.01k8rhncp4jt1\/2026\/01\/320x180_cmsv2_b231bba5-b48b-5b29-b3d0-7ddb1b958bbb-9633357-1.jpg\",\"keywords\":[\"educa\u00e7\u00e3o\",\"inova\u00e7\u00e3o\",\"Realidade Virtual\",\"tecnologia\"],\"articleSection\":[\"Not\u00edcias\"],\"inLanguage\":\"pt-PT\"},{\"@type\":\"WebPage\",\"@id\":\"https:\/\/portaltela.pt\/noticias\/2026\/01\/31\/realidade-virtual-avancos-e-aplicacoes-na-educacao-e-na-industria\/\",\"url\":\"https:\/\/portaltela.pt\/noticias\/2026\/01\/31\/realidade-virtual-avancos-e-aplicacoes-na-educacao-e-na-industria\/\",\"name\":\"Realidade virtual: avan\u00e7os e aplica\u00e7\u00f5es na educa\u00e7\u00e3o e na ind\u00fastria - Portal Tela Portugal\",\"isPartOf\":{\"@id\":\"https:\/\/portaltela.pt\/#website\"},\"primaryImageOfPage\":{\"@id\":\"https:\/\/portaltela.pt\/noticias\/2026\/01\/31\/realidade-virtual-avancos-e-aplicacoes-na-educacao-e-na-industria\/#primaryimage\"},\"image\":{\"@id\":\"https:\/\/portaltela.pt\/noticias\/2026\/01\/31\/realidade-virtual-avancos-e-aplicacoes-na-educacao-e-na-industria\/#primaryimage\"},\"thumbnailUrl\":\"https:\/\/portaltela.pt\/s.01k8rhncp4jt1\/2026\/01\/320x180_cmsv2_b231bba5-b48b-5b29-b3d0-7ddb1b958bbb-9633357-1.jpg\",\"datePublished\":\"2026-01-31T19:32:21+00:00\",\"author\":{\"@id\":\"https:\/\/portaltela.pt\/#\/schema\/person\/c4278d4a6028830caff9ee44b42d32ed\"},\"breadcrumb\":{\"@id\":\"https:\/\/portaltela.pt\/noticias\/2026\/01\/31\/realidade-virtual-avancos-e-aplicacoes-na-educacao-e-na-industria\/#breadcrumb\"},\"inLanguage\":\"pt-PT\",\"potentialAction\":[{\"@type\":\"ReadAction\",\"target\":[\"https:\/\/portaltela.pt\/noticias\/2026\/01\/31\/realidade-virtual-avancos-e-aplicacoes-na-educacao-e-na-industria\/\"]}]},{\"@type\":\"ImageObject\",\"inLanguage\":\"pt-PT\",\"@id\":\"https:\/\/portaltela.pt\/noticias\/2026\/01\/31\/realidade-virtual-avancos-e-aplicacoes-na-educacao-e-na-industria\/#primaryimage\",\"url\":\"https:\/\/portaltela.pt\/s.01k8rhncp4jt1\/2026\/01\/320x180_cmsv2_b231bba5-b48b-5b29-b3d0-7ddb1b958bbb-9633357-1.jpg\",\"contentUrl\":\"https:\/\/portaltela.pt\/s.01k8rhncp4jt1\/2026\/01\/320x180_cmsv2_b231bba5-b48b-5b29-b3d0-7ddb1b958bbb-9633357-1.jpg\",\"width\":796,\"height\":448,\"caption\":\"No ecr\u00e3 de um dispositivo em Sausalito, Calif\u00f3rnia, Mark Zuckerberg, CEO do Facebook, anuncia o novo nome da empresa, Meta, durante um evento virtual a 28 de outubro de 2021\"},{\"@type\":\"BreadcrumbList\",\"@id\":\"https:\/\/portaltela.pt\/noticias\/2026\/01\/31\/realidade-virtual-avancos-e-aplicacoes-na-educacao-e-na-industria\/#breadcrumb\",\"itemListElement\":[{\"@type\":\"ListItem\",\"position\":1,\"name\":\"In\u00edcio\",\"item\":\"https:\/\/portaltela.pt\/\"},{\"@type\":\"ListItem\",\"position\":2,\"name\":\"Realidade virtual: avan\u00e7os e aplica\u00e7\u00f5es na educa\u00e7\u00e3o e na ind\u00fastria\"}]},{\"@type\":\"WebSite\",\"@id\":\"https:\/\/portaltela.pt\/#website\",\"url\":\"https:\/\/portaltela.pt\/\",\"name\":\"Portal Tela Portugal\",\"description\":\"\",\"potentialAction\":[{\"@type\":\"SearchAction\",\"target\":{\"@type\":\"EntryPoint\",\"urlTemplate\":\"https:\/\/portaltela.pt\/?s={search_term_string}\"},\"query-input\":{\"@type\":\"PropertyValueSpecification\",\"valueRequired\":true,\"valueName\":\"search_term_string\"}}],\"inLanguage\":\"pt-PT\"},{\"@type\":\"Person\",\"@id\":\"https:\/\/portaltela.pt\/#\/schema\/person\/c4278d4a6028830caff9ee44b42d32ed\",\"name\":\"Telinha\",\"image\":{\"@type\":\"ImageObject\",\"inLanguage\":\"pt-PT\",\"@id\":\"https:\/\/portaltela.pt\/s.01k8rhncp4jt1\/2025\/11\/talking-bot-125x125.png\",\"url\":\"https:\/\/portaltela.pt\/s.01k8rhncp4jt1\/2025\/11\/talking-bot-125x125.png\",\"contentUrl\":\"https:\/\/portaltela.pt\/s.01k8rhncp4jt1\/2025\/11\/talking-bot-125x125.png\",\"caption\":\"Telinha\"},\"sameAs\":[\"https:\/\/portaltela.pt\/\"],\"url\":\"https:\/\/portaltela.pt\/por\/367410592786\/\"}]}<\/script>\n<!-- \/ Yoast SEO plugin. -->","yoast_head_json":{"title":"Realidade virtual: avan\u00e7os e aplica\u00e7\u00f5es na educa\u00e7\u00e3o e na ind\u00fastria - Portal Tela Portugal","robots":{"index":"index","follow":"follow","max-snippet":"max-snippet:-1","max-image-preview":"max-image-preview:large","max-video-preview":"max-video-preview:-1"},"og_locale":"pt_PT","og_type":"article","og_title":"Realidade virtual: avan\u00e7os e aplica\u00e7\u00f5es na educa\u00e7\u00e3o e na ind\u00fastria - Portal Tela Portugal","og_description":"A Meta anunciou abandonar o metaverso e vai direcionar os seus esfor\u00e7os para a realidade virtual. A Apple est\u00e1 na corrida da realidade mista com o Vision Pro. Dubai pretende tornar-se num hub do metaverso. Gr\u00e9cia assinala a ado\u00e7\u00e3o da realidade virtual na Orquestra Sinf\u00f4nica Juvenil. Dinamarca est\u00e1 a testar passadeiras em 3D como aplica\u00e7\u00e3o tecnol\u00f3gica.","og_url":"https:\/\/portaltela.pt\/noticias\/2026\/01\/31\/realidade-virtual-avancos-e-aplicacoes-na-educacao-e-na-industria\/","og_site_name":"Portal Tela Portugal","article_published_time":"2026-01-31T19:32:21+00:00","author":"Telinha","twitter_card":"summary_large_image","twitter_misc":{"Escrito por":"Telinha","Tempo estimado de leitura":"2 minutos"},"schema":{"@context":"https:\/\/schema.org","@graph":[{"@type":"Article","@id":"https:\/\/portaltela.pt\/noticias\/2026\/01\/31\/realidade-virtual-avancos-e-aplicacoes-na-educacao-e-na-industria\/#article","isPartOf":{"@id":"https:\/\/portaltela.pt\/noticias\/2026\/01\/31\/realidade-virtual-avancos-e-aplicacoes-na-educacao-e-na-industria\/"},"author":{"name":"Telinha","@id":"https:\/\/portaltela.pt\/#\/schema\/person\/c4278d4a6028830caff9ee44b42d32ed"},"headline":"Realidade virtual: avan\u00e7os e aplica\u00e7\u00f5es na educa\u00e7\u00e3o e na ind\u00fastria","datePublished":"2026-01-31T19:32:21+00:00","mainEntityOfPage":{"@id":"https:\/\/portaltela.pt\/noticias\/2026\/01\/31\/realidade-virtual-avancos-e-aplicacoes-na-educacao-e-na-industria\/"},"wordCount":364,"image":{"@id":"https:\/\/portaltela.pt\/noticias\/2026\/01\/31\/realidade-virtual-avancos-e-aplicacoes-na-educacao-e-na-industria\/#primaryimage"},"thumbnailUrl":"https:\/\/portaltela.pt\/s.01k8rhncp4jt1\/2026\/01\/320x180_cmsv2_b231bba5-b48b-5b29-b3d0-7ddb1b958bbb-9633357-1.jpg","keywords":["educa\u00e7\u00e3o","inova\u00e7\u00e3o","Realidade Virtual","tecnologia"],"articleSection":["Not\u00edcias"],"inLanguage":"pt-PT"},{"@type":"WebPage","@id":"https:\/\/portaltela.pt\/noticias\/2026\/01\/31\/realidade-virtual-avancos-e-aplicacoes-na-educacao-e-na-industria\/","url":"https:\/\/portaltela.pt\/noticias\/2026\/01\/31\/realidade-virtual-avancos-e-aplicacoes-na-educacao-e-na-industria\/","name":"Realidade virtual: avan\u00e7os e aplica\u00e7\u00f5es na educa\u00e7\u00e3o e na ind\u00fastria - Portal Tela Portugal","isPartOf":{"@id":"https:\/\/portaltela.pt\/#website"},"primaryImageOfPage":{"@id":"https:\/\/portaltela.pt\/noticias\/2026\/01\/31\/realidade-virtual-avancos-e-aplicacoes-na-educacao-e-na-industria\/#primaryimage"},"image":{"@id":"https:\/\/portaltela.pt\/noticias\/2026\/01\/31\/realidade-virtual-avancos-e-aplicacoes-na-educacao-e-na-industria\/#primaryimage"},"thumbnailUrl":"https:\/\/portaltela.pt\/s.01k8rhncp4jt1\/2026\/01\/320x180_cmsv2_b231bba5-b48b-5b29-b3d0-7ddb1b958bbb-9633357-1.jpg","datePublished":"2026-01-31T19:32:21+00:00","author":{"@id":"https:\/\/portaltela.pt\/#\/schema\/person\/c4278d4a6028830caff9ee44b42d32ed"},"breadcrumb":{"@id":"https:\/\/portaltela.pt\/noticias\/2026\/01\/31\/realidade-virtual-avancos-e-aplicacoes-na-educacao-e-na-industria\/#breadcrumb"},"inLanguage":"pt-PT","potentialAction":[{"@type":"ReadAction","target":["https:\/\/portaltela.pt\/noticias\/2026\/01\/31\/realidade-virtual-avancos-e-aplicacoes-na-educacao-e-na-industria\/"]}]},{"@type":"ImageObject","inLanguage":"pt-PT","@id":"https:\/\/portaltela.pt\/noticias\/2026\/01\/31\/realidade-virtual-avancos-e-aplicacoes-na-educacao-e-na-industria\/#primaryimage","url":"https:\/\/portaltela.pt\/s.01k8rhncp4jt1\/2026\/01\/320x180_cmsv2_b231bba5-b48b-5b29-b3d0-7ddb1b958bbb-9633357-1.jpg","contentUrl":"https:\/\/portaltela.pt\/s.01k8rhncp4jt1\/2026\/01\/320x180_cmsv2_b231bba5-b48b-5b29-b3d0-7ddb1b958bbb-9633357-1.jpg","width":796,"height":448,"caption":"No ecr\u00e3 de um dispositivo em Sausalito, Calif\u00f3rnia, Mark Zuckerberg, CEO do Facebook, anuncia o novo nome da empresa, Meta, durante um evento virtual a 28 de outubro de 2021"},{"@type":"BreadcrumbList","@id":"https:\/\/portaltela.pt\/noticias\/2026\/01\/31\/realidade-virtual-avancos-e-aplicacoes-na-educacao-e-na-industria\/#breadcrumb","itemListElement":[{"@type":"ListItem","position":1,"name":"In\u00edcio","item":"https:\/\/portaltela.pt\/"},{"@type":"ListItem","position":2,"name":"Realidade virtual: avan\u00e7os e aplica\u00e7\u00f5es na educa\u00e7\u00e3o e na ind\u00fastria"}]},{"@type":"WebSite","@id":"https:\/\/portaltela.pt\/#website","url":"https:\/\/portaltela.pt\/","name":"Portal Tela Portugal","description":"","potentialAction":[{"@type":"SearchAction","target":{"@type":"EntryPoint","urlTemplate":"https:\/\/portaltela.pt\/?s={search_term_string}"},"query-input":{"@type":"PropertyValueSpecification","valueRequired":true,"valueName":"search_term_string"}}],"inLanguage":"pt-PT"},{"@type":"Person","@id":"https:\/\/portaltela.pt\/#\/schema\/person\/c4278d4a6028830caff9ee44b42d32ed","name":"Telinha","image":{"@type":"ImageObject","inLanguage":"pt-PT","@id":"https:\/\/portaltela.pt\/s.01k8rhncp4jt1\/2025\/11\/talking-bot-125x125.png","url":"https:\/\/portaltela.pt\/s.01k8rhncp4jt1\/2025\/11\/talking-bot-125x125.png","contentUrl":"https:\/\/portaltela.pt\/s.01k8rhncp4jt1\/2025\/11\/talking-bot-125x125.png","caption":"Telinha"},"sameAs":["https:\/\/portaltela.pt\/"],"url":"https:\/\/portaltela.pt\/por\/367410592786\/"}]}},"_links":{"self":[{"href":"https:\/\/portaltela.pt\/api\/wp\/v2\/posts\/187375","targetHints":{"allow":["GET"]}}],"collection":[{"href":"https:\/\/portaltela.pt\/api\/wp\/v2\/posts"}],"about":[{"href":"https:\/\/portaltela.pt\/api\/wp\/v2\/types\/post"}],"author":[{"embeddable":true,"href":"https:\/\/portaltela.pt\/api\/wp\/v2\/users\/2"}],"replies":[{"embeddable":true,"href":"https:\/\/portaltela.pt\/api\/wp\/v2\/comments?post=187375"}],"version-history":[{"count":0,"href":"https:\/\/portaltela.pt\/api\/wp\/v2\/posts\/187375\/revisions"}],"wp:featuredmedia":[{"embeddable":true,"href":"https:\/\/portaltela.pt\/api\/wp\/v2\/media\/187379"}],"wp:attachment":[{"href":"https:\/\/portaltela.pt\/api\/wp\/v2\/media?parent=187375"}],"wp:term":[{"taxonomy":"category","embeddable":true,"href":"https:\/\/portaltela.pt\/api\/wp\/v2\/categories?post=187375"},{"taxonomy":"post_tag","embeddable":true,"href":"https:\/\/portaltela.pt\/api\/wp\/v2\/tags?post=187375"}],"curies":[{"name":"wp","href":"https:\/\/api.w.org\/{rel}","templated":true}]}}