{"id":187367,"date":"2026-01-31T15:51:18","date_gmt":"2026-01-31T18:51:18","guid":{"rendered":"https:\/\/portaltela.pt\/noticias\/2026\/01\/31\/voto-antecipado-alterado-em-seis-municipios-devido-a-tempestade\/"},"modified":"2026-01-31T15:51:18","modified_gmt":"2026-01-31T18:51:18","slug":"voto-antecipado-alterado-em-seis-municipios-devido-a-tempestade","status":"publish","type":"post","link":"https:\/\/portaltela.pt\/noticias\/politica\/2026\/01\/31\/voto-antecipado-alterado-em-seis-municipios-devido-a-tempestade\/","title":{"rendered":"Voto antecipado alterado em seis munic\u00edpios devido \u00e0 tempestade"},"content":{"rendered":"<p>O local de voto antecipado em mobilidade de domingo foi alterado em seis munic\u00edpios devido aos efeitos da depress\u00e3o Kristin. A decis\u00e3o foi tomada pela Secretaria-Geral do Minist\u00e9rio da Administra\u00e7\u00e3o Interna a pedido das respetivas c\u00e2maras municipais.<\/p>\n<p>No Vieira do Minho, o novo local \u00e9 a sede da Junta de Freguesia (Antiga Casa do Povo). Em Alvai\u00e1zere, a vota\u00e7\u00e3o decorrer\u00e1 no quartel dos bombeiros volunt\u00e1rios. Leiria passa a realizar-se na Escola Secund\u00e1ria Francisco Rodrigues Lobo.<\/p>\n<h3>Locais de voto alterados<\/h3>\n<p>Em Torres Vedras, o voto ser\u00e1 no Edif\u00edcio da C\u00e2mara Municipal. Em Alc\u00e1cer do Sal, na sede da junta de freguesia (Santiago). Em Silves, o voto ter\u00e1 lugar no edif\u00edcio das piscinas municipais. A mudan\u00e7a ocorre a 01 de fevereiro.<\/p>\n<p>Quem n\u00e3o conseguir votar pode faz\u00ea-lo a 08 de fevereiro na mesa onde est\u00e1 recenseado. As inscri\u00e7\u00f5es ocorreram entre 25 e 29 de janeiro, com pelo menos uma mesa em cada munic\u00edpio continental e nas regi\u00f5es aut\u00f3nomas.<\/p>\n<p>Os eleitores recenseados em Portugal que se inscreveram podem votar apenas no territ\u00f3rio nacional. Vota\u00e7\u00e3o para doentes hospitalizados e pessoas presas acontece entre 02 e 03 de fevereiro, com a desloca\u00e7\u00e3o do presidente da C\u00e2mara ou representante ao local. A vota\u00e7\u00e3o de segunda volta ficar\u00e1 entre Ant\u00f3nio Jos\u00e9 Seguro e Andr\u00e9 Ventura.<\/p>\n","protected":false},"excerpt":{"rendered":"<ul>\n<li>A administra\u00e7\u00e3o eleitoral mudou o local de voto antecipado em mobilidade para o segundo sufr\u00e1gio das presidenciais em seis munic\u00edpios, devido aos efeitos da depress\u00e3o Kristin: Vieira do Minho, Alvai\u00e1zere, Leiria, Torres Vedras, Alc\u00e1cer do Sal e Silves.<\/li>\n<li>Locais alterados: Vieira do Minho (sede da Junta de Freguesia), Alvai\u00e1zere (quartel dos bombeiros volunt\u00e1rios), Leiria (Escola Secund\u00e1ria Francisco Rodrigues Lobo), Torres Vedras (Edif\u00edcio da C\u00e2mara Municipal), Alc\u00e1cer do Sal (sede da Junta de Freguesia) e Silves (edif\u00edcio das piscinas municipais).<\/li>\n<li>A vota\u00e7\u00e3o decorre no domingo, 01 de fevereiro; inscri\u00e7\u00f5es aconteceram entre 25 e 29 de janeiro; h\u00e1 pelo menos uma mesa em cada munic\u00edpio continental e nas regi\u00f5es aut\u00f3nomas dos A\u00e7ores e da Madeira.<\/li>\n<li>Se um eleitor recenseado n\u00e3o puder votar, pode faz\u00ea-lo a 08 de fevereiro na assembleia ou sec\u00e7\u00e3o de voto onde est\u00e1 recenseado; cidad\u00e3os residentes no estrangeiro n\u00e3o podem votar antecipadamente.<\/li>\n<li>Para eleitores presos ou internados que se inscreveram, o voto ocorre entre 02 e 03 de fevereiro, com o presidente da c\u00e2mara ou enviado a recolher o voto no estabelecimento.<\/li>\n<\/ul>\n","protected":false},"author":2,"featured_media":187391,"comment_status":"closed","ping_status":"closed","sticky":false,"template":"","format":"standard","meta":{"footnotes":""},"categories":[1,5],"tags":[1998,4941,1385,4588,1835,4965],"class_list":["post-187367","post","type-post","status-publish","format-standard","has-post-thumbnail","hentry","category-noticias","category-politica","tag-alcacer-do-sal","tag-alvaiazere","tag-leiria","tag-silves","tag-torres-vedras","tag-vieira-do-minho"],"yoast_head":"<!-- This site is optimized with the Yoast SEO plugin v27.2 - https:\/\/yoast.com\/product\/yoast-seo-wordpress\/ -->\n<title>Voto antecipado alterado em seis munic\u00edpios devido \u00e0 tempestade - Portal Tela Portugal<\/title>\n<meta name=\"robots\" content=\"index, follow, max-snippet:-1, max-image-preview:large, max-video-preview:-1\" \/>\n<meta property=\"og:locale\" content=\"pt_PT\" \/>\n<meta property=\"og:type\" content=\"article\" \/>\n<meta property=\"og:title\" content=\"Voto antecipado alterado em seis munic\u00edpios devido \u00e0 tempestade - Portal Tela Portugal\" \/>\n<meta property=\"og:description\" content=\"A administra\u00e7\u00e3o eleitoral mudou o local de voto antecipado em mobilidade para o segundo sufr\u00e1gio das presidenciais em seis munic\u00edpios, devido aos efeitos da depress\u00e3o Kristin: Vieira do Minho, Alvai\u00e1zere, Leiria, Torres Vedras, Alc\u00e1cer do Sal e Silves. Locais alterados: Vieira do Minho (sede da Junta de Freguesia), Alvai\u00e1zere (quartel dos bombeiros volunt\u00e1rios), Leiria (Escola Secund\u00e1ria Francisco Rodrigues Lobo), Torres Vedras (Edif\u00edcio da C\u00e2mara Municipal), Alc\u00e1cer do Sal (sede da Junta de Freguesia) e Silves (edif\u00edcio das piscinas municipais). A vota\u00e7\u00e3o decorre no domingo, 01 de fevereiro; inscri\u00e7\u00f5es aconteceram entre 25 e 29 de janeiro; h\u00e1 pelo menos uma mesa em cada munic\u00edpio continental e nas regi\u00f5es aut\u00f3nomas dos A\u00e7ores e da Madeira. Se um eleitor recenseado n\u00e3o puder votar, pode faz\u00ea-lo a 08 de fevereiro na assembleia ou sec\u00e7\u00e3o de voto onde est\u00e1 recenseado; cidad\u00e3os residentes no estrangeiro n\u00e3o podem votar antecipadamente. Para eleitores presos ou internados que se inscreveram, o voto ocorre entre 02 e 03 de fevereiro, com o presidente da c\u00e2mara ou enviado a recolher o voto no estabelecimento.\" \/>\n<meta property=\"og:url\" content=\"https:\/\/portaltela.pt\/noticias\/2026\/01\/31\/voto-antecipado-alterado-em-seis-municipios-devido-a-tempestade\/\" \/>\n<meta property=\"og:site_name\" content=\"Portal Tela Portugal\" \/>\n<meta property=\"article:published_time\" content=\"2026-01-31T18:51:18+00:00\" \/>\n<meta name=\"author\" content=\"Telinha\" \/>\n<meta name=\"twitter:card\" content=\"summary_large_image\" \/>\n<meta name=\"twitter:label1\" content=\"Escrito por\" \/>\n\t<meta name=\"twitter:data1\" content=\"Telinha\" \/>\n\t<meta name=\"twitter:label2\" content=\"Tempo estimado de leitura\" \/>\n\t<meta name=\"twitter:data2\" content=\"1 minuto\" \/>\n<script type=\"application\/ld+json\" class=\"yoast-schema-graph\">{\"@context\":\"https:\/\/schema.org\",\"@graph\":[{\"@type\":\"Article\",\"@id\":\"https:\/\/portaltela.pt\/noticias\/2026\/01\/31\/voto-antecipado-alterado-em-seis-municipios-devido-a-tempestade\/#article\",\"isPartOf\":{\"@id\":\"https:\/\/portaltela.pt\/noticias\/2026\/01\/31\/voto-antecipado-alterado-em-seis-municipios-devido-a-tempestade\/\"},\"author\":{\"name\":\"Telinha\",\"@id\":\"https:\/\/portaltela.pt\/#\/schema\/person\/c4278d4a6028830caff9ee44b42d32ed\"},\"headline\":\"Voto antecipado alterado em seis munic\u00edpios devido \u00e0 tempestade\",\"datePublished\":\"2026-01-31T18:51:18+00:00\",\"mainEntityOfPage\":{\"@id\":\"https:\/\/portaltela.pt\/noticias\/2026\/01\/31\/voto-antecipado-alterado-em-seis-municipios-devido-a-tempestade\/\"},\"wordCount\":237,\"image\":{\"@id\":\"https:\/\/portaltela.pt\/noticias\/2026\/01\/31\/voto-antecipado-alterado-em-seis-municipios-devido-a-tempestade\/#primaryimage\"},\"thumbnailUrl\":\"https:\/\/portaltela.pt\/s.01k8rhncp4jt1\/2026\/01\/unnamed-file-6373.jpg\",\"keywords\":[\"Alc\u00e1cer do Sal\",\"Alvai\u00e1zere\",\"Leiria\",\"Silves\",\"Torres Vedras\",\"Vieira do Minho\"],\"articleSection\":[\"Not\u00edcias\",\"Pol\u00edtica\"],\"inLanguage\":\"pt-PT\"},{\"@type\":\"WebPage\",\"@id\":\"https:\/\/portaltela.pt\/noticias\/2026\/01\/31\/voto-antecipado-alterado-em-seis-municipios-devido-a-tempestade\/\",\"url\":\"https:\/\/portaltela.pt\/noticias\/2026\/01\/31\/voto-antecipado-alterado-em-seis-municipios-devido-a-tempestade\/\",\"name\":\"Voto antecipado alterado em seis munic\u00edpios devido \u00e0 tempestade - Portal Tela Portugal\",\"isPartOf\":{\"@id\":\"https:\/\/portaltela.pt\/#website\"},\"primaryImageOfPage\":{\"@id\":\"https:\/\/portaltela.pt\/noticias\/2026\/01\/31\/voto-antecipado-alterado-em-seis-municipios-devido-a-tempestade\/#primaryimage\"},\"image\":{\"@id\":\"https:\/\/portaltela.pt\/noticias\/2026\/01\/31\/voto-antecipado-alterado-em-seis-municipios-devido-a-tempestade\/#primaryimage\"},\"thumbnailUrl\":\"https:\/\/portaltela.pt\/s.01k8rhncp4jt1\/2026\/01\/unnamed-file-6373.jpg\",\"datePublished\":\"2026-01-31T18:51:18+00:00\",\"author\":{\"@id\":\"https:\/\/portaltela.pt\/#\/schema\/person\/c4278d4a6028830caff9ee44b42d32ed\"},\"breadcrumb\":{\"@id\":\"https:\/\/portaltela.pt\/noticias\/2026\/01\/31\/voto-antecipado-alterado-em-seis-municipios-devido-a-tempestade\/#breadcrumb\"},\"inLanguage\":\"pt-PT\",\"potentialAction\":[{\"@type\":\"ReadAction\",\"target\":[\"https:\/\/portaltela.pt\/noticias\/2026\/01\/31\/voto-antecipado-alterado-em-seis-municipios-devido-a-tempestade\/\"]}]},{\"@type\":\"ImageObject\",\"inLanguage\":\"pt-PT\",\"@id\":\"https:\/\/portaltela.pt\/noticias\/2026\/01\/31\/voto-antecipado-alterado-em-seis-municipios-devido-a-tempestade\/#primaryimage\",\"url\":\"https:\/\/portaltela.pt\/s.01k8rhncp4jt1\/2026\/01\/unnamed-file-6373.jpg\",\"contentUrl\":\"https:\/\/portaltela.pt\/s.01k8rhncp4jt1\/2026\/01\/unnamed-file-6373.jpg\",\"width\":796,\"height\":448,\"caption\":\"Tempestade: Local de voto antecipado foi alterado em seis munic\u00edpios\"},{\"@type\":\"BreadcrumbList\",\"@id\":\"https:\/\/portaltela.pt\/noticias\/2026\/01\/31\/voto-antecipado-alterado-em-seis-municipios-devido-a-tempestade\/#breadcrumb\",\"itemListElement\":[{\"@type\":\"ListItem\",\"position\":1,\"name\":\"In\u00edcio\",\"item\":\"https:\/\/portaltela.pt\/\"},{\"@type\":\"ListItem\",\"position\":2,\"name\":\"Voto antecipado alterado em seis munic\u00edpios devido \u00e0 tempestade\"}]},{\"@type\":\"WebSite\",\"@id\":\"https:\/\/portaltela.pt\/#website\",\"url\":\"https:\/\/portaltela.pt\/\",\"name\":\"Portal Tela Portugal\",\"description\":\"\",\"potentialAction\":[{\"@type\":\"SearchAction\",\"target\":{\"@type\":\"EntryPoint\",\"urlTemplate\":\"https:\/\/portaltela.pt\/?s={search_term_string}\"},\"query-input\":{\"@type\":\"PropertyValueSpecification\",\"valueRequired\":true,\"valueName\":\"search_term_string\"}}],\"inLanguage\":\"pt-PT\"},{\"@type\":\"Person\",\"@id\":\"https:\/\/portaltela.pt\/#\/schema\/person\/c4278d4a6028830caff9ee44b42d32ed\",\"name\":\"Telinha\",\"image\":{\"@type\":\"ImageObject\",\"inLanguage\":\"pt-PT\",\"@id\":\"https:\/\/portaltela.pt\/s.01k8rhncp4jt1\/2025\/11\/talking-bot-125x125.png\",\"url\":\"https:\/\/portaltela.pt\/s.01k8rhncp4jt1\/2025\/11\/talking-bot-125x125.png\",\"contentUrl\":\"https:\/\/portaltela.pt\/s.01k8rhncp4jt1\/2025\/11\/talking-bot-125x125.png\",\"caption\":\"Telinha\"},\"sameAs\":[\"https:\/\/portaltela.pt\/\"],\"url\":\"https:\/\/portaltela.pt\/por\/367410592786\/\"}]}<\/script>\n<!-- \/ Yoast SEO plugin. -->","yoast_head_json":{"title":"Voto antecipado alterado em seis munic\u00edpios devido \u00e0 tempestade - Portal Tela Portugal","robots":{"index":"index","follow":"follow","max-snippet":"max-snippet:-1","max-image-preview":"max-image-preview:large","max-video-preview":"max-video-preview:-1"},"og_locale":"pt_PT","og_type":"article","og_title":"Voto antecipado alterado em seis munic\u00edpios devido \u00e0 tempestade - Portal Tela Portugal","og_description":"A administra\u00e7\u00e3o eleitoral mudou o local de voto antecipado em mobilidade para o segundo sufr\u00e1gio das presidenciais em seis munic\u00edpios, devido aos efeitos da depress\u00e3o Kristin: Vieira do Minho, Alvai\u00e1zere, Leiria, Torres Vedras, Alc\u00e1cer do Sal e Silves. Locais alterados: Vieira do Minho (sede da Junta de Freguesia), Alvai\u00e1zere (quartel dos bombeiros volunt\u00e1rios), Leiria (Escola Secund\u00e1ria Francisco Rodrigues Lobo), Torres Vedras (Edif\u00edcio da C\u00e2mara Municipal), Alc\u00e1cer do Sal (sede da Junta de Freguesia) e Silves (edif\u00edcio das piscinas municipais). A vota\u00e7\u00e3o decorre no domingo, 01 de fevereiro; inscri\u00e7\u00f5es aconteceram entre 25 e 29 de janeiro; h\u00e1 pelo menos uma mesa em cada munic\u00edpio continental e nas regi\u00f5es aut\u00f3nomas dos A\u00e7ores e da Madeira. Se um eleitor recenseado n\u00e3o puder votar, pode faz\u00ea-lo a 08 de fevereiro na assembleia ou sec\u00e7\u00e3o de voto onde est\u00e1 recenseado; cidad\u00e3os residentes no estrangeiro n\u00e3o podem votar antecipadamente. Para eleitores presos ou internados que se inscreveram, o voto ocorre entre 02 e 03 de fevereiro, com o presidente da c\u00e2mara ou enviado a recolher o voto no estabelecimento.","og_url":"https:\/\/portaltela.pt\/noticias\/2026\/01\/31\/voto-antecipado-alterado-em-seis-municipios-devido-a-tempestade\/","og_site_name":"Portal Tela Portugal","article_published_time":"2026-01-31T18:51:18+00:00","author":"Telinha","twitter_card":"summary_large_image","twitter_misc":{"Escrito por":"Telinha","Tempo estimado de leitura":"1 minuto"},"schema":{"@context":"https:\/\/schema.org","@graph":[{"@type":"Article","@id":"https:\/\/portaltela.pt\/noticias\/2026\/01\/31\/voto-antecipado-alterado-em-seis-municipios-devido-a-tempestade\/#article","isPartOf":{"@id":"https:\/\/portaltela.pt\/noticias\/2026\/01\/31\/voto-antecipado-alterado-em-seis-municipios-devido-a-tempestade\/"},"author":{"name":"Telinha","@id":"https:\/\/portaltela.pt\/#\/schema\/person\/c4278d4a6028830caff9ee44b42d32ed"},"headline":"Voto antecipado alterado em seis munic\u00edpios devido \u00e0 tempestade","datePublished":"2026-01-31T18:51:18+00:00","mainEntityOfPage":{"@id":"https:\/\/portaltela.pt\/noticias\/2026\/01\/31\/voto-antecipado-alterado-em-seis-municipios-devido-a-tempestade\/"},"wordCount":237,"image":{"@id":"https:\/\/portaltela.pt\/noticias\/2026\/01\/31\/voto-antecipado-alterado-em-seis-municipios-devido-a-tempestade\/#primaryimage"},"thumbnailUrl":"https:\/\/portaltela.pt\/s.01k8rhncp4jt1\/2026\/01\/unnamed-file-6373.jpg","keywords":["Alc\u00e1cer do Sal","Alvai\u00e1zere","Leiria","Silves","Torres Vedras","Vieira do Minho"],"articleSection":["Not\u00edcias","Pol\u00edtica"],"inLanguage":"pt-PT"},{"@type":"WebPage","@id":"https:\/\/portaltela.pt\/noticias\/2026\/01\/31\/voto-antecipado-alterado-em-seis-municipios-devido-a-tempestade\/","url":"https:\/\/portaltela.pt\/noticias\/2026\/01\/31\/voto-antecipado-alterado-em-seis-municipios-devido-a-tempestade\/","name":"Voto antecipado alterado em seis munic\u00edpios devido \u00e0 tempestade - Portal Tela Portugal","isPartOf":{"@id":"https:\/\/portaltela.pt\/#website"},"primaryImageOfPage":{"@id":"https:\/\/portaltela.pt\/noticias\/2026\/01\/31\/voto-antecipado-alterado-em-seis-municipios-devido-a-tempestade\/#primaryimage"},"image":{"@id":"https:\/\/portaltela.pt\/noticias\/2026\/01\/31\/voto-antecipado-alterado-em-seis-municipios-devido-a-tempestade\/#primaryimage"},"thumbnailUrl":"https:\/\/portaltela.pt\/s.01k8rhncp4jt1\/2026\/01\/unnamed-file-6373.jpg","datePublished":"2026-01-31T18:51:18+00:00","author":{"@id":"https:\/\/portaltela.pt\/#\/schema\/person\/c4278d4a6028830caff9ee44b42d32ed"},"breadcrumb":{"@id":"https:\/\/portaltela.pt\/noticias\/2026\/01\/31\/voto-antecipado-alterado-em-seis-municipios-devido-a-tempestade\/#breadcrumb"},"inLanguage":"pt-PT","potentialAction":[{"@type":"ReadAction","target":["https:\/\/portaltela.pt\/noticias\/2026\/01\/31\/voto-antecipado-alterado-em-seis-municipios-devido-a-tempestade\/"]}]},{"@type":"ImageObject","inLanguage":"pt-PT","@id":"https:\/\/portaltela.pt\/noticias\/2026\/01\/31\/voto-antecipado-alterado-em-seis-municipios-devido-a-tempestade\/#primaryimage","url":"https:\/\/portaltela.pt\/s.01k8rhncp4jt1\/2026\/01\/unnamed-file-6373.jpg","contentUrl":"https:\/\/portaltela.pt\/s.01k8rhncp4jt1\/2026\/01\/unnamed-file-6373.jpg","width":796,"height":448,"caption":"Tempestade: Local de voto antecipado foi alterado em seis munic\u00edpios"},{"@type":"BreadcrumbList","@id":"https:\/\/portaltela.pt\/noticias\/2026\/01\/31\/voto-antecipado-alterado-em-seis-municipios-devido-a-tempestade\/#breadcrumb","itemListElement":[{"@type":"ListItem","position":1,"name":"In\u00edcio","item":"https:\/\/portaltela.pt\/"},{"@type":"ListItem","position":2,"name":"Voto antecipado alterado em seis munic\u00edpios devido \u00e0 tempestade"}]},{"@type":"WebSite","@id":"https:\/\/portaltela.pt\/#website","url":"https:\/\/portaltela.pt\/","name":"Portal Tela Portugal","description":"","potentialAction":[{"@type":"SearchAction","target":{"@type":"EntryPoint","urlTemplate":"https:\/\/portaltela.pt\/?s={search_term_string}"},"query-input":{"@type":"PropertyValueSpecification","valueRequired":true,"valueName":"search_term_string"}}],"inLanguage":"pt-PT"},{"@type":"Person","@id":"https:\/\/portaltela.pt\/#\/schema\/person\/c4278d4a6028830caff9ee44b42d32ed","name":"Telinha","image":{"@type":"ImageObject","inLanguage":"pt-PT","@id":"https:\/\/portaltela.pt\/s.01k8rhncp4jt1\/2025\/11\/talking-bot-125x125.png","url":"https:\/\/portaltela.pt\/s.01k8rhncp4jt1\/2025\/11\/talking-bot-125x125.png","contentUrl":"https:\/\/portaltela.pt\/s.01k8rhncp4jt1\/2025\/11\/talking-bot-125x125.png","caption":"Telinha"},"sameAs":["https:\/\/portaltela.pt\/"],"url":"https:\/\/portaltela.pt\/por\/367410592786\/"}]}},"_links":{"self":[{"href":"https:\/\/portaltela.pt\/api\/wp\/v2\/posts\/187367","targetHints":{"allow":["GET"]}}],"collection":[{"href":"https:\/\/portaltela.pt\/api\/wp\/v2\/posts"}],"about":[{"href":"https:\/\/portaltela.pt\/api\/wp\/v2\/types\/post"}],"author":[{"embeddable":true,"href":"https:\/\/portaltela.pt\/api\/wp\/v2\/users\/2"}],"replies":[{"embeddable":true,"href":"https:\/\/portaltela.pt\/api\/wp\/v2\/comments?post=187367"}],"version-history":[{"count":0,"href":"https:\/\/portaltela.pt\/api\/wp\/v2\/posts\/187367\/revisions"}],"wp:featuredmedia":[{"embeddable":true,"href":"https:\/\/portaltela.pt\/api\/wp\/v2\/media\/187391"}],"wp:attachment":[{"href":"https:\/\/portaltela.pt\/api\/wp\/v2\/media?parent=187367"}],"wp:term":[{"taxonomy":"category","embeddable":true,"href":"https:\/\/portaltela.pt\/api\/wp\/v2\/categories?post=187367"},{"taxonomy":"post_tag","embeddable":true,"href":"https:\/\/portaltela.pt\/api\/wp\/v2\/tags?post=187367"}],"curies":[{"name":"wp","href":"https:\/\/api.w.org\/{rel}","templated":true}]}}